{"id":191282,"date":"2025-12-01T12:53:00","date_gmt":"2025-12-01T18:53:00","guid":{"rendered":"https:\/\/kuali.com.mx\/web\/?p=191282"},"modified":"2025-12-01T19:06:59","modified_gmt":"2025-12-02T01:06:59","slug":"llevaran-programa-cultural-a-los-46-municipios","status":"publish","type":"post","link":"https:\/\/kuali.com.mx\/web\/2025\/12\/01\/llevaran-programa-cultural-a-los-46-municipios\/","title":{"rendered":"LLEVAR\u00c1N PROGRAMA CULTURAL A LOS 46 MUNICIPIOS"},"content":{"rendered":"\n<p><strong><em>Kuali\/Guanajuato., Gto.-<\/em><\/strong>A trav\u00e9s del Programa Estatal de Cultura 2025-2030 ser\u00e1 llevada  la cultura a los ciudadanos de los 46 municipios del estado, anunci\u00f3 la gobernadora de la Gente, Libia Dennise Garc\u00eda Mu\u00f1oz Ledo, en la emisi\u00f3nde \u201cConectando con la Gente\u201d.<\/p>\n\n\n\n<p>En \u201cConectando con la Gente\u201d se cont\u00f3 con la participaci\u00f3n de Lizeth Galv\u00e1n Cort\u00e9s, Secretaria de Cultura; Marcela Chagoya Casillas, Directora de Planeaci\u00f3n, de la Secretar\u00eda de Cultura; adem\u00e1s de Ira\u00eds Monserrat Reyes Toledo, Licenciada en Desarrollo y Gesti\u00f3n Interculturales por la ENES-UNAM Le\u00f3n y Cronista Municipal en Pur\u00edsima del Rinc\u00f3n.<\/p>\n\n\n\n<p>La Gobernadora record\u00f3 que al inici\u00f3 del Gobierno de la Gente, se le dio la mayor importancia al tema de la cultura, por ello se decidi\u00f3 tener un Instituto Estatal a una Secretar\u00eda. Con este cambio, tambi\u00e9n se reconoci\u00f3 el trabajo del personal de esta dependencia, porque su labor ya se ha dignificado.<\/p>\n\n\n\n<p>Al elevar a nivel de una Secretar\u00eda el tema de la cultura, una de nuestras primeras acciones que se ten\u00edan que realizar era elaborar un Programa Estatal de Cultura, el cual fuera un esfuerzo colectivo, donde se escucharon diversas opiniones de la gente de los 46 municipios del estado, resalt\u00f3.<\/p>\n\n\n\n<p>Por eso, este Programa Estatal que se present\u00f3 y se public\u00f3 hace un mes, marca el inicio de una nueva etapa para la pol\u00edtica cultural en nuestro estado, porque es precisamente un Programa construido con la voz de la gente, y aqu\u00ed estamos hablando de agentes culturales, ciudadan\u00eda, instituciones y municipios, coment\u00f3 Libia Dennise quien resalt\u00f3 que la cultura es un motor de desarrollo social, de paz, de identidad y de cohesi\u00f3n.<\/p>\n\n\n\n<p>La secretaria de Cultura explic\u00f3 que para lograr este Programa, se hizo toda una planeaci\u00f3n, por lo que se tuvieron m\u00e1s de 2 mil 200 participantes, de todo el estado.<\/p>\n\n\n\n<p>La Gobernadora agreg\u00f3 que se escucharon a 1 mil 615 ciudadanos de los 46 municipios; se tuvieron 516 participantes en 10 foros regionales; m\u00e1s de 80 respuestas de personal SCUL; 35 participantes en mesa estatal SCUL; Un grupo focal y una mesa interinstitucional.<\/p>\n\n\n\n<p>Al final, dijo Lizeth, en el documento se presentaron 5 L\u00edneas Estrat\u00e9gicas que son: Participaci\u00f3n y mediaci\u00f3n cultural; Educaci\u00f3n art\u00edstica y profesionalizaci\u00f3n; Fomento a la creaci\u00f3n y circulaci\u00f3n cultural; Patrimonio, memoria y espacios culturales; y Empleo cultural y econom\u00eda creativa.<\/p>\n\n\n\n<p>La Gobernadora destac\u00f3 que por primera vez se cuenta con un Fondo Estatal para la Cultura y las Artes, que tiene como finalidad impulsar la producci\u00f3n y apoyar a las y los artistas en todo el estado, este a\u00f1o se cuenta con un recurso de 5.5 millones de pesos; son apoyos econ\u00f3micos para fortalecer la cultura y sus distintos protagonistas, incluyendo a las y los independientes, generando una igualdad de oportunidades.<\/p>\n\n\n\n<p>La Secretaria de Cultura coment\u00f3 los resultados que se tuvieron este a\u00f1o con el Fondo, se recibieron 225 proyectos. 127 fueron descartados en la fase administrativa. 98 pasaron a evaluaci\u00f3n t\u00e9cnica y art\u00edstica. Un total de 39 proyectos fueron seleccionados para realizarse en 23 municipios del estado, que se llevar\u00e1n a cabo en lo que resta del a\u00f1o hasta el primer trimestre de 2026.<\/p>\n\n\n\n<p>En este Programa hay Tres Ejes Transversales, que son: Equidad, diversidad e inclusi\u00f3n; Juventudes e Infancias; Cooperaci\u00f3n y Sostenibilidad. Estos Ejes garantizan que cada acci\u00f3n llegue a m\u00e1s personas, con justicia cultural y visi\u00f3n de futuro, dijo Marcela Chagoya Casillas, Directora de Planeaci\u00f3n, de la Secretar\u00eda de Cultura.<\/p>\n\n\n\n<p>Para el Gobierno de la Gente la cultura es uno de los temas m\u00e1s importantes, por eso la vamos a seguir fortaleciendo, puntualiz\u00f3 Libia Dennise.<\/p>\n\n\n\n<p>\u201cDi\u00e1logos por Guanajuato\u201d<\/p>\n\n\n\n<p>Durante esta emisi\u00f3n, la Gobernadora de la Gente anunci\u00f3 que inicia una serie de espacios de participaci\u00f3n ciudadana llamado \u201cDI\u00c1LOGOS POR GUANAJUATO\u201d, con la finalidad de escuchar las inquietudes y propuestas de la gente sobre diversos temas.<\/p>\n\n\n\n<p>El primero que se va a abordar es: \u201cBienestar Animal\u201d. A partir de este d\u00eda ya se puede entrar al sitio oficial: forodialogos.guanajuato.gob.mx, donde podr\u00e1n registrarse, subir sus propuestas y conocer todos los detalles. En los pr\u00f3ximos d\u00edas se estar\u00e1n informando las fechas, sedes y horarios del foro. <\/p>\n","protected":false},"excerpt":{"rendered":"Kuali\/Guanajuato., Gto.-A trav\u00e9s del Programa Estatal de Cultura 2025-2030 ser\u00e1 llevada la cultura a los ciudadanos de los 46 municipios del estado, anunci\u00f3 la gobernadora de la Gente, Libia Dennise Garc\u00eda Mu\u00f1oz Ledo, en la emisi\u00f3nde \u201cConectando con la Gente\u201d. En \u201cConectando con la Gente\u201d se cont\u00f3 con la participaci\u00f3n de Lizeth Galv\u00e1n Cort\u00e9s, Secretaria [&hellip;]","protected":false},"author":2,"featured_media":191285,"comment_status":"open","ping_status":"open","sticky":false,"template":"","format":"standard","meta":{"_seopress_robots_primary_cat":"none","_seopress_titles_title":"","_seopress_titles_desc":"","_seopress_robots_index":"","_monsterinsights_skip_tracking":false,"_monsterinsights_sitenote_active":false,"_monsterinsights_sitenote_note":"","_monsterinsights_sitenote_category":0,"footnotes":""},"categories":[8],"tags":[],"class_list":["post-191282","post","type-post","status-publish","format-standard","has-post-thumbnail","hentry","category-espectaculos"],"yoast_head":"<!-- This site is optimized with the Yoast SEO plugin v27.4 - https:\/\/yoast.com\/product\/yoast-seo-wordpress\/ -->\n<title>LLEVAR\u00c1N PROGRAMA CULTURAL A LOS 46 MUNICIPIOS - Kuali<\/title>\n<meta name=\"robots\" content=\"index, follow, max-snippet:-1, max-image-preview:large, max-video-preview:-1\" \/>\n<link rel=\"canonical\" href=\"https:\/\/kuali.com.mx\/web\/2025\/12\/01\/llevaran-programa-cultural-a-los-46-municipios\/\" \/>\n<meta property=\"og:locale\" content=\"es_MX\" \/>\n<meta property=\"og:type\" content=\"article\" \/>\n<meta property=\"og:title\" content=\"LLEVAR\u00c1N PROGRAMA CULTURAL A LOS 46 MUNICIPIOS - Kuali\" \/>\n<meta property=\"og:description\" content=\"Kuali\/Guanajuato., Gto.-A trav\u00e9s del Programa Estatal de Cultura 2025-2030 ser\u00e1 llevada la cultura a los ciudadanos de los 46 municipios del estado, anunci\u00f3 la gobernadora de la Gente, Libia Dennise Garc\u00eda Mu\u00f1oz Ledo, en la emisi\u00f3nde \u201cConectando con la Gente\u201d. En \u201cConectando con la Gente\u201d se cont\u00f3 con la participaci\u00f3n de Lizeth Galv\u00e1n Cort\u00e9s, Secretaria [&hellip;]\" \/>\n<meta property=\"og:url\" content=\"https:\/\/kuali.com.mx\/web\/2025\/12\/01\/llevaran-programa-cultural-a-los-46-municipios\/\" \/>\n<meta property=\"og:site_name\" content=\"Kuali\" \/>\n<meta property=\"article:publisher\" content=\"https:\/\/kuali.com.mx\/web\/wp-content\/uploads\/2018\/04\/cropped-kuali_logo-1-1.png\" \/>\n<meta property=\"article:published_time\" content=\"2025-12-01T18:53:00+00:00\" \/>\n<meta property=\"article:modified_time\" content=\"2025-12-02T01:06:59+00:00\" \/>\n<meta property=\"og:image\" content=\"https:\/\/kuali.com.mx\/web\/wp-content\/uploads\/2025\/12\/Conectando-con-la-Gente-scaled.jpg\" \/>\n\t<meta property=\"og:image:width\" content=\"2560\" \/>\n\t<meta property=\"og:image:height\" content=\"1877\" \/>\n\t<meta property=\"og:image:type\" content=\"image\/jpeg\" \/>\n<meta name=\"author\" content=\"Kuali Staff\" \/>\n<meta name=\"twitter:card\" content=\"summary_large_image\" \/>\n<meta name=\"twitter:creator\" content=\"@kuali_noticias\" \/>\n<meta name=\"twitter:site\" content=\"@kuali_noticias\" \/>\n<meta name=\"twitter:label1\" content=\"Escrito por\" \/>\n\t<meta name=\"twitter:data1\" content=\"Kuali Staff\" \/>\n\t<meta name=\"twitter:label2\" content=\"Tiempo de lectura\" \/>\n\t<meta name=\"twitter:data2\" content=\"4 minutos\" \/>\n<script type=\"application\/ld+json\" class=\"yoast-schema-graph\">{\"@context\":\"https:\\\/\\\/schema.org\",\"@graph\":[{\"@type\":\"Article\",\"@id\":\"https:\\\/\\\/kuali.com.mx\\\/web\\\/2025\\\/12\\\/01\\\/llevaran-programa-cultural-a-los-46-municipios\\\/#article\",\"isPartOf\":{\"@id\":\"https:\\\/\\\/kuali.com.mx\\\/web\\\/2025\\\/12\\\/01\\\/llevaran-programa-cultural-a-los-46-municipios\\\/\"},\"author\":{\"name\":\"Kuali Staff\",\"@id\":\"https:\\\/\\\/kuali.com.mx\\\/web\\\/#\\\/schema\\\/person\\\/6f89ffa8ecba9dae50662357923c5289\"},\"headline\":\"LLEVAR\u00c1N PROGRAMA CULTURAL A LOS 46 MUNICIPIOS\",\"datePublished\":\"2025-12-01T18:53:00+00:00\",\"dateModified\":\"2025-12-02T01:06:59+00:00\",\"mainEntityOfPage\":{\"@id\":\"https:\\\/\\\/kuali.com.mx\\\/web\\\/2025\\\/12\\\/01\\\/llevaran-programa-cultural-a-los-46-municipios\\\/\"},\"wordCount\":730,\"commentCount\":0,\"image\":{\"@id\":\"https:\\\/\\\/kuali.com.mx\\\/web\\\/2025\\\/12\\\/01\\\/llevaran-programa-cultural-a-los-46-municipios\\\/#primaryimage\"},\"thumbnailUrl\":\"https:\\\/\\\/kuali.com.mx\\\/web\\\/wp-content\\\/uploads\\\/2025\\\/12\\\/Conectando-con-la-Gente-scaled.jpg\",\"articleSection\":[\"Cultura\"],\"inLanguage\":\"es\",\"potentialAction\":[{\"@type\":\"CommentAction\",\"name\":\"Comment\",\"target\":[\"https:\\\/\\\/kuali.com.mx\\\/web\\\/2025\\\/12\\\/01\\\/llevaran-programa-cultural-a-los-46-municipios\\\/#respond\"]}]},{\"@type\":\"WebPage\",\"@id\":\"https:\\\/\\\/kuali.com.mx\\\/web\\\/2025\\\/12\\\/01\\\/llevaran-programa-cultural-a-los-46-municipios\\\/\",\"url\":\"https:\\\/\\\/kuali.com.mx\\\/web\\\/2025\\\/12\\\/01\\\/llevaran-programa-cultural-a-los-46-municipios\\\/\",\"name\":\"LLEVAR\u00c1N PROGRAMA CULTURAL A LOS 46 MUNICIPIOS - Kuali\",\"isPartOf\":{\"@id\":\"https:\\\/\\\/kuali.com.mx\\\/web\\\/#website\"},\"primaryImageOfPage\":{\"@id\":\"https:\\\/\\\/kuali.com.mx\\\/web\\\/2025\\\/12\\\/01\\\/llevaran-programa-cultural-a-los-46-municipios\\\/#primaryimage\"},\"image\":{\"@id\":\"https:\\\/\\\/kuali.com.mx\\\/web\\\/2025\\\/12\\\/01\\\/llevaran-programa-cultural-a-los-46-municipios\\\/#primaryimage\"},\"thumbnailUrl\":\"https:\\\/\\\/kuali.com.mx\\\/web\\\/wp-content\\\/uploads\\\/2025\\\/12\\\/Conectando-con-la-Gente-scaled.jpg\",\"datePublished\":\"2025-12-01T18:53:00+00:00\",\"dateModified\":\"2025-12-02T01:06:59+00:00\",\"author\":{\"@id\":\"https:\\\/\\\/kuali.com.mx\\\/web\\\/#\\\/schema\\\/person\\\/6f89ffa8ecba9dae50662357923c5289\"},\"breadcrumb\":{\"@id\":\"https:\\\/\\\/kuali.com.mx\\\/web\\\/2025\\\/12\\\/01\\\/llevaran-programa-cultural-a-los-46-municipios\\\/#breadcrumb\"},\"inLanguage\":\"es\",\"potentialAction\":[{\"@type\":\"ReadAction\",\"target\":[\"https:\\\/\\\/kuali.com.mx\\\/web\\\/2025\\\/12\\\/01\\\/llevaran-programa-cultural-a-los-46-municipios\\\/\"]}]},{\"@type\":\"ImageObject\",\"inLanguage\":\"es\",\"@id\":\"https:\\\/\\\/kuali.com.mx\\\/web\\\/2025\\\/12\\\/01\\\/llevaran-programa-cultural-a-los-46-municipios\\\/#primaryimage\",\"url\":\"https:\\\/\\\/kuali.com.mx\\\/web\\\/wp-content\\\/uploads\\\/2025\\\/12\\\/Conectando-con-la-Gente-scaled.jpg\",\"contentUrl\":\"https:\\\/\\\/kuali.com.mx\\\/web\\\/wp-content\\\/uploads\\\/2025\\\/12\\\/Conectando-con-la-Gente-scaled.jpg\",\"width\":2560,\"height\":1877},{\"@type\":\"BreadcrumbList\",\"@id\":\"https:\\\/\\\/kuali.com.mx\\\/web\\\/2025\\\/12\\\/01\\\/llevaran-programa-cultural-a-los-46-municipios\\\/#breadcrumb\",\"itemListElement\":[{\"@type\":\"ListItem\",\"position\":1,\"name\":\"Inicio\",\"item\":\"https:\\\/\\\/kuali.com.mx\\\/web\\\/\"},{\"@type\":\"ListItem\",\"position\":2,\"name\":\"LLEVAR\u00c1N PROGRAMA CULTURAL A LOS 46 MUNICIPIOS\"}]},{\"@type\":\"WebSite\",\"@id\":\"https:\\\/\\\/kuali.com.mx\\\/web\\\/#website\",\"url\":\"https:\\\/\\\/kuali.com.mx\\\/web\\\/\",\"name\":\"Kuali\",\"description\":\"\",\"potentialAction\":[{\"@type\":\"SearchAction\",\"target\":{\"@type\":\"EntryPoint\",\"urlTemplate\":\"https:\\\/\\\/kuali.com.mx\\\/web\\\/?s={search_term_string}\"},\"query-input\":{\"@type\":\"PropertyValueSpecification\",\"valueRequired\":true,\"valueName\":\"search_term_string\"}}],\"inLanguage\":\"es\"},{\"@type\":\"Person\",\"@id\":\"https:\\\/\\\/kuali.com.mx\\\/web\\\/#\\\/schema\\\/person\\\/6f89ffa8ecba9dae50662357923c5289\",\"name\":\"Kuali Staff\",\"image\":{\"@type\":\"ImageObject\",\"inLanguage\":\"es\",\"@id\":\"https:\\\/\\\/secure.gravatar.com\\\/avatar\\\/f917ad82e5ab71227a733c78b6e60715476f69ee6be59feee4eb5d9920c89e0f?s=96&d=mm&r=g\",\"url\":\"https:\\\/\\\/secure.gravatar.com\\\/avatar\\\/f917ad82e5ab71227a733c78b6e60715476f69ee6be59feee4eb5d9920c89e0f?s=96&d=mm&r=g\",\"contentUrl\":\"https:\\\/\\\/secure.gravatar.com\\\/avatar\\\/f917ad82e5ab71227a733c78b6e60715476f69ee6be59feee4eb5d9920c89e0f?s=96&d=mm&r=g\",\"caption\":\"Kuali Staff\"},\"url\":\"https:\\\/\\\/kuali.com.mx\\\/web\\\/author\\\/lagarto\\\/\"}]}<\/script>\n<!-- \/ Yoast SEO plugin. -->","yoast_head_json":{"title":"LLEVAR\u00c1N PROGRAMA CULTURAL A LOS 46 MUNICIPIOS - Kuali","robots":{"index":"index","follow":"follow","max-snippet":"max-snippet:-1","max-image-preview":"max-image-preview:large","max-video-preview":"max-video-preview:-1"},"canonical":"https:\/\/kuali.com.mx\/web\/2025\/12\/01\/llevaran-programa-cultural-a-los-46-municipios\/","og_locale":"es_MX","og_type":"article","og_title":"LLEVAR\u00c1N PROGRAMA CULTURAL A LOS 46 MUNICIPIOS - Kuali","og_description":"Kuali\/Guanajuato., Gto.-A trav\u00e9s del Programa Estatal de Cultura 2025-2030 ser\u00e1 llevada la cultura a los ciudadanos de los 46 municipios del estado, anunci\u00f3 la gobernadora de la Gente, Libia Dennise Garc\u00eda Mu\u00f1oz Ledo, en la emisi\u00f3nde \u201cConectando con la Gente\u201d. En \u201cConectando con la Gente\u201d se cont\u00f3 con la participaci\u00f3n de Lizeth Galv\u00e1n Cort\u00e9s, Secretaria [&hellip;]","og_url":"https:\/\/kuali.com.mx\/web\/2025\/12\/01\/llevaran-programa-cultural-a-los-46-municipios\/","og_site_name":"Kuali","article_publisher":"https:\/\/kuali.com.mx\/web\/wp-content\/uploads\/2018\/04\/cropped-kuali_logo-1-1.png","article_published_time":"2025-12-01T18:53:00+00:00","article_modified_time":"2025-12-02T01:06:59+00:00","og_image":[{"width":2560,"height":1877,"url":"https:\/\/kuali.com.mx\/web\/wp-content\/uploads\/2025\/12\/Conectando-con-la-Gente-scaled.jpg","type":"image\/jpeg"}],"author":"Kuali Staff","twitter_card":"summary_large_image","twitter_creator":"@kuali_noticias","twitter_site":"@kuali_noticias","twitter_misc":{"Escrito por":"Kuali Staff","Tiempo de lectura":"4 minutos"},"schema":{"@context":"https:\/\/schema.org","@graph":[{"@type":"Article","@id":"https:\/\/kuali.com.mx\/web\/2025\/12\/01\/llevaran-programa-cultural-a-los-46-municipios\/#article","isPartOf":{"@id":"https:\/\/kuali.com.mx\/web\/2025\/12\/01\/llevaran-programa-cultural-a-los-46-municipios\/"},"author":{"name":"Kuali Staff","@id":"https:\/\/kuali.com.mx\/web\/#\/schema\/person\/6f89ffa8ecba9dae50662357923c5289"},"headline":"LLEVAR\u00c1N PROGRAMA CULTURAL A LOS 46 MUNICIPIOS","datePublished":"2025-12-01T18:53:00+00:00","dateModified":"2025-12-02T01:06:59+00:00","mainEntityOfPage":{"@id":"https:\/\/kuali.com.mx\/web\/2025\/12\/01\/llevaran-programa-cultural-a-los-46-municipios\/"},"wordCount":730,"commentCount":0,"image":{"@id":"https:\/\/kuali.com.mx\/web\/2025\/12\/01\/llevaran-programa-cultural-a-los-46-municipios\/#primaryimage"},"thumbnailUrl":"https:\/\/kuali.com.mx\/web\/wp-content\/uploads\/2025\/12\/Conectando-con-la-Gente-scaled.jpg","articleSection":["Cultura"],"inLanguage":"es","potentialAction":[{"@type":"CommentAction","name":"Comment","target":["https:\/\/kuali.com.mx\/web\/2025\/12\/01\/llevaran-programa-cultural-a-los-46-municipios\/#respond"]}]},{"@type":"WebPage","@id":"https:\/\/kuali.com.mx\/web\/2025\/12\/01\/llevaran-programa-cultural-a-los-46-municipios\/","url":"https:\/\/kuali.com.mx\/web\/2025\/12\/01\/llevaran-programa-cultural-a-los-46-municipios\/","name":"LLEVAR\u00c1N PROGRAMA CULTURAL A LOS 46 MUNICIPIOS - Kuali","isPartOf":{"@id":"https:\/\/kuali.com.mx\/web\/#website"},"primaryImageOfPage":{"@id":"https:\/\/kuali.com.mx\/web\/2025\/12\/01\/llevaran-programa-cultural-a-los-46-municipios\/#primaryimage"},"image":{"@id":"https:\/\/kuali.com.mx\/web\/2025\/12\/01\/llevaran-programa-cultural-a-los-46-municipios\/#primaryimage"},"thumbnailUrl":"https:\/\/kuali.com.mx\/web\/wp-content\/uploads\/2025\/12\/Conectando-con-la-Gente-scaled.jpg","datePublished":"2025-12-01T18:53:00+00:00","dateModified":"2025-12-02T01:06:59+00:00","author":{"@id":"https:\/\/kuali.com.mx\/web\/#\/schema\/person\/6f89ffa8ecba9dae50662357923c5289"},"breadcrumb":{"@id":"https:\/\/kuali.com.mx\/web\/2025\/12\/01\/llevaran-programa-cultural-a-los-46-municipios\/#breadcrumb"},"inLanguage":"es","potentialAction":[{"@type":"ReadAction","target":["https:\/\/kuali.com.mx\/web\/2025\/12\/01\/llevaran-programa-cultural-a-los-46-municipios\/"]}]},{"@type":"ImageObject","inLanguage":"es","@id":"https:\/\/kuali.com.mx\/web\/2025\/12\/01\/llevaran-programa-cultural-a-los-46-municipios\/#primaryimage","url":"https:\/\/kuali.com.mx\/web\/wp-content\/uploads\/2025\/12\/Conectando-con-la-Gente-scaled.jpg","contentUrl":"https:\/\/kuali.com.mx\/web\/wp-content\/uploads\/2025\/12\/Conectando-con-la-Gente-scaled.jpg","width":2560,"height":1877},{"@type":"BreadcrumbList","@id":"https:\/\/kuali.com.mx\/web\/2025\/12\/01\/llevaran-programa-cultural-a-los-46-municipios\/#breadcrumb","itemListElement":[{"@type":"ListItem","position":1,"name":"Inicio","item":"https:\/\/kuali.com.mx\/web\/"},{"@type":"ListItem","position":2,"name":"LLEVAR\u00c1N PROGRAMA CULTURAL A LOS 46 MUNICIPIOS"}]},{"@type":"WebSite","@id":"https:\/\/kuali.com.mx\/web\/#website","url":"https:\/\/kuali.com.mx\/web\/","name":"Kuali","description":"","potentialAction":[{"@type":"SearchAction","target":{"@type":"EntryPoint","urlTemplate":"https:\/\/kuali.com.mx\/web\/?s={search_term_string}"},"query-input":{"@type":"PropertyValueSpecification","valueRequired":true,"valueName":"search_term_string"}}],"inLanguage":"es"},{"@type":"Person","@id":"https:\/\/kuali.com.mx\/web\/#\/schema\/person\/6f89ffa8ecba9dae50662357923c5289","name":"Kuali Staff","image":{"@type":"ImageObject","inLanguage":"es","@id":"https:\/\/secure.gravatar.com\/avatar\/f917ad82e5ab71227a733c78b6e60715476f69ee6be59feee4eb5d9920c89e0f?s=96&d=mm&r=g","url":"https:\/\/secure.gravatar.com\/avatar\/f917ad82e5ab71227a733c78b6e60715476f69ee6be59feee4eb5d9920c89e0f?s=96&d=mm&r=g","contentUrl":"https:\/\/secure.gravatar.com\/avatar\/f917ad82e5ab71227a733c78b6e60715476f69ee6be59feee4eb5d9920c89e0f?s=96&d=mm&r=g","caption":"Kuali Staff"},"url":"https:\/\/kuali.com.mx\/web\/author\/lagarto\/"}]}},"_links":{"self":[{"href":"https:\/\/kuali.com.mx\/web\/wp-json\/wp\/v2\/posts\/191282","targetHints":{"allow":["GET"]}}],"collection":[{"href":"https:\/\/kuali.com.mx\/web\/wp-json\/wp\/v2\/posts"}],"about":[{"href":"https:\/\/kuali.com.mx\/web\/wp-json\/wp\/v2\/types\/post"}],"author":[{"embeddable":true,"href":"https:\/\/kuali.com.mx\/web\/wp-json\/wp\/v2\/users\/2"}],"replies":[{"embeddable":true,"href":"https:\/\/kuali.com.mx\/web\/wp-json\/wp\/v2\/comments?post=191282"}],"version-history":[{"count":2,"href":"https:\/\/kuali.com.mx\/web\/wp-json\/wp\/v2\/posts\/191282\/revisions"}],"predecessor-version":[{"id":191288,"href":"https:\/\/kuali.com.mx\/web\/wp-json\/wp\/v2\/posts\/191282\/revisions\/191288"}],"wp:featuredmedia":[{"embeddable":true,"href":"https:\/\/kuali.com.mx\/web\/wp-json\/wp\/v2\/media\/191285"}],"wp:attachment":[{"href":"https:\/\/kuali.com.mx\/web\/wp-json\/wp\/v2\/media?parent=191282"}],"wp:term":[{"taxonomy":"category","embeddable":true,"href":"https:\/\/kuali.com.mx\/web\/wp-json\/wp\/v2\/categories?post=191282"},{"taxonomy":"post_tag","embeddable":true,"href":"https:\/\/kuali.com.mx\/web\/wp-json\/wp\/v2\/tags?post=191282"}],"curies":[{"name":"wp","href":"https:\/\/api.w.org\/{rel}","templated":true}]}}