{"id":191273,"date":"2025-12-01T15:58:55","date_gmt":"2025-12-01T21:58:55","guid":{"rendered":"https:\/\/kuali.com.mx\/web\/?p=191273"},"modified":"2025-12-01T18:38:29","modified_gmt":"2025-12-02T00:38:29","slug":"despide-sapal-a-funcionario-acusado-de-acoso-sexual","status":"publish","type":"post","link":"https:\/\/kuali.com.mx\/web\/2025\/12\/01\/despide-sapal-a-funcionario-acusado-de-acoso-sexual\/","title":{"rendered":"DESPIDE SAPAL A FUNCIONARIO ACUSADO DE ACOSO SEXUAL"},"content":{"rendered":"\n<p><strong><em>Carlos Garc\u00eda\/Le\u00f3n, Gto.-<\/em><\/strong> El jefe de Comunicaci\u00f3n Social del Sistema de Agua Potable y Alcantarillado de Le\u00f3n (SAPAL), Luis Arturo Hern\u00e1ndez Olmos, fue separado del cargo por acosar sexualmente a una subordinada, inform\u00f3 un funcionario de alto nivel en el gobierno municipal.<\/p>\n\n\n\n<p>El funcionario ser\u00e1 liquidado conforme a la ley a ra\u00edz de que la Procuradur\u00eda de los Derechos Humanos del Estado de Guanajuato (Prodheg) comprob\u00f3 que acos\u00f3 sexual y laboralmente a una subordinada, precis\u00f3 la fuente.<\/p>\n\n\n\n<p>La procuradora de los Derechos Humanos, Karla Alcaraz Olvera, en el expediente de queja 0648\/2024 \u201cacredit\u00f3 que Luis Arturo Hern\u00e1ndez Olmos, jefe de Comunicaci\u00f3n, omiti\u00f3 salvaguardar el derecho humano de la quejosa a una vida libre de violencia en el entorno laboral, pues tuvo conductas en su contra, con el objetivo de intimidarla, amedrentarla o consumirla emocionalmente\u201d.<\/p>\n\n\n\n<p>\u201cTodo comenz\u00f3 desde antes de que fuera su jefe directo, pues fuera del horario laboral, le envi\u00f3 mensajes invit\u00e1ndola a salir, neg\u00e1ndose a ello; y le hizo comentarios relativos a su cuerpo por mensajes privados de redes sociales\u201d, se\u00f1ala el expediente.<\/p>\n\n\n\n<p>Luis Arturo Hern\u00e1ndez Olmos declar\u00f3 ante Derechos Humanos que \u201ctodas las conversaciones que sostuvieron por medios electr\u00f3nicos fueron en un contexto de la relaci\u00f3n de amistad, y sus expresiones fueron bromeando\u201d.<\/p>\n\n\n\n<p>La alcaldesa de Le\u00f3n, Alejandra Guti\u00e9rrez Campos; la presidenta de la Comisi\u00f3n para la Igualdad de G\u00e9nero del Congreso, Susana Berm\u00fadez Cano; las regidoras del PVEM y de MC, Norma Z\u00fa\u00f1iga y Dessire \u00c1ngel, se han manifestado en contra del acoso sexual en SAPAL.<\/p>\n\n\n\n<p>El jueves pasado, el Congreso de Guanajuato reform\u00f3 la Ley de Responsabilidades para que el acoso sexual cometido por funcionarios sea una falta grave que se castigue con el despido y la inhabilitaci\u00f3n para ocupar cargos p\u00fablicos.<\/p>\n","protected":false},"excerpt":{"rendered":"Carlos Garc\u00eda\/Le\u00f3n, Gto.- El jefe de Comunicaci\u00f3n Social del Sistema de Agua Potable y Alcantarillado de Le\u00f3n (SAPAL), Luis Arturo Hern\u00e1ndez Olmos, fue separado del cargo por acosar sexualmente a una subordinada, inform\u00f3 un funcionario de alto nivel en el gobierno municipal. El funcionario ser\u00e1 liquidado conforme a la ley a ra\u00edz de que la [&hellip;]","protected":false},"author":2,"featured_media":106198,"comment_status":"open","ping_status":"open","sticky":false,"template":"","format":"standard","meta":{"_seopress_robots_primary_cat":"none","_seopress_titles_title":"","_seopress_titles_desc":"","_seopress_robots_index":"","_monsterinsights_skip_tracking":false,"_monsterinsights_sitenote_active":false,"_monsterinsights_sitenote_note":"","_monsterinsights_sitenote_category":0,"footnotes":""},"categories":[14,69],"tags":[],"class_list":["post-191273","post","type-post","status-publish","format-standard","has-post-thumbnail","hentry","category-derechos","category-slider"],"yoast_head":"<!-- This site is optimized with the Yoast SEO plugin v27.4 - https:\/\/yoast.com\/product\/yoast-seo-wordpress\/ -->\n<title>DESPIDE SAPAL A FUNCIONARIO ACUSADO DE ACOSO SEXUAL - Kuali<\/title>\n<meta name=\"robots\" content=\"index, follow, max-snippet:-1, max-image-preview:large, max-video-preview:-1\" \/>\n<link rel=\"canonical\" href=\"https:\/\/kuali.com.mx\/web\/2025\/12\/01\/despide-sapal-a-funcionario-acusado-de-acoso-sexual\/\" \/>\n<meta property=\"og:locale\" content=\"es_MX\" \/>\n<meta property=\"og:type\" content=\"article\" \/>\n<meta property=\"og:title\" content=\"DESPIDE SAPAL A FUNCIONARIO ACUSADO DE ACOSO SEXUAL - Kuali\" \/>\n<meta property=\"og:description\" content=\"Carlos Garc\u00eda\/Le\u00f3n, Gto.- El jefe de Comunicaci\u00f3n Social del Sistema de Agua Potable y Alcantarillado de Le\u00f3n (SAPAL), Luis Arturo Hern\u00e1ndez Olmos, fue separado del cargo por acosar sexualmente a una subordinada, inform\u00f3 un funcionario de alto nivel en el gobierno municipal. El funcionario ser\u00e1 liquidado conforme a la ley a ra\u00edz de que la [&hellip;]\" \/>\n<meta property=\"og:url\" content=\"https:\/\/kuali.com.mx\/web\/2025\/12\/01\/despide-sapal-a-funcionario-acusado-de-acoso-sexual\/\" \/>\n<meta property=\"og:site_name\" content=\"Kuali\" \/>\n<meta property=\"article:publisher\" content=\"https:\/\/kuali.com.mx\/web\/wp-content\/uploads\/2018\/04\/cropped-kuali_logo-1-1.png\" \/>\n<meta property=\"article:published_time\" content=\"2025-12-01T21:58:55+00:00\" \/>\n<meta property=\"article:modified_time\" content=\"2025-12-02T00:38:29+00:00\" \/>\n<meta property=\"og:image\" content=\"https:\/\/kuali.com.mx\/web\/wp-content\/uploads\/2022\/10\/SAPAL-1.gif\" \/>\n\t<meta property=\"og:image:width\" content=\"1700\" \/>\n\t<meta property=\"og:image:height\" content=\"750\" \/>\n\t<meta property=\"og:image:type\" content=\"image\/gif\" \/>\n<meta name=\"author\" content=\"Kuali Staff\" \/>\n<meta name=\"twitter:card\" content=\"summary_large_image\" \/>\n<meta name=\"twitter:creator\" content=\"@kuali_noticias\" \/>\n<meta name=\"twitter:site\" content=\"@kuali_noticias\" \/>\n<meta name=\"twitter:label1\" content=\"Escrito por\" \/>\n\t<meta name=\"twitter:data1\" content=\"Kuali Staff\" \/>\n\t<meta name=\"twitter:label2\" content=\"Tiempo de lectura\" \/>\n\t<meta name=\"twitter:data2\" content=\"2 minutos\" \/>\n<script type=\"application\/ld+json\" class=\"yoast-schema-graph\">{\"@context\":\"https:\\\/\\\/schema.org\",\"@graph\":[{\"@type\":\"Article\",\"@id\":\"https:\\\/\\\/kuali.com.mx\\\/web\\\/2025\\\/12\\\/01\\\/despide-sapal-a-funcionario-acusado-de-acoso-sexual\\\/#article\",\"isPartOf\":{\"@id\":\"https:\\\/\\\/kuali.com.mx\\\/web\\\/2025\\\/12\\\/01\\\/despide-sapal-a-funcionario-acusado-de-acoso-sexual\\\/\"},\"author\":{\"name\":\"Kuali Staff\",\"@id\":\"https:\\\/\\\/kuali.com.mx\\\/web\\\/#\\\/schema\\\/person\\\/6f89ffa8ecba9dae50662357923c5289\"},\"headline\":\"DESPIDE SAPAL A FUNCIONARIO ACUSADO DE ACOSO SEXUAL\",\"datePublished\":\"2025-12-01T21:58:55+00:00\",\"dateModified\":\"2025-12-02T00:38:29+00:00\",\"mainEntityOfPage\":{\"@id\":\"https:\\\/\\\/kuali.com.mx\\\/web\\\/2025\\\/12\\\/01\\\/despide-sapal-a-funcionario-acusado-de-acoso-sexual\\\/\"},\"wordCount\":319,\"commentCount\":0,\"image\":{\"@id\":\"https:\\\/\\\/kuali.com.mx\\\/web\\\/2025\\\/12\\\/01\\\/despide-sapal-a-funcionario-acusado-de-acoso-sexual\\\/#primaryimage\"},\"thumbnailUrl\":\"https:\\\/\\\/kuali.com.mx\\\/web\\\/wp-content\\\/uploads\\\/2022\\\/10\\\/SAPAL-1.gif\",\"articleSection\":[\"Derechos Humanos\",\"slider\"],\"inLanguage\":\"es\",\"potentialAction\":[{\"@type\":\"CommentAction\",\"name\":\"Comment\",\"target\":[\"https:\\\/\\\/kuali.com.mx\\\/web\\\/2025\\\/12\\\/01\\\/despide-sapal-a-funcionario-acusado-de-acoso-sexual\\\/#respond\"]}]},{\"@type\":\"WebPage\",\"@id\":\"https:\\\/\\\/kuali.com.mx\\\/web\\\/2025\\\/12\\\/01\\\/despide-sapal-a-funcionario-acusado-de-acoso-sexual\\\/\",\"url\":\"https:\\\/\\\/kuali.com.mx\\\/web\\\/2025\\\/12\\\/01\\\/despide-sapal-a-funcionario-acusado-de-acoso-sexual\\\/\",\"name\":\"DESPIDE SAPAL A FUNCIONARIO ACUSADO DE ACOSO SEXUAL - Kuali\",\"isPartOf\":{\"@id\":\"https:\\\/\\\/kuali.com.mx\\\/web\\\/#website\"},\"primaryImageOfPage\":{\"@id\":\"https:\\\/\\\/kuali.com.mx\\\/web\\\/2025\\\/12\\\/01\\\/despide-sapal-a-funcionario-acusado-de-acoso-sexual\\\/#primaryimage\"},\"image\":{\"@id\":\"https:\\\/\\\/kuali.com.mx\\\/web\\\/2025\\\/12\\\/01\\\/despide-sapal-a-funcionario-acusado-de-acoso-sexual\\\/#primaryimage\"},\"thumbnailUrl\":\"https:\\\/\\\/kuali.com.mx\\\/web\\\/wp-content\\\/uploads\\\/2022\\\/10\\\/SAPAL-1.gif\",\"datePublished\":\"2025-12-01T21:58:55+00:00\",\"dateModified\":\"2025-12-02T00:38:29+00:00\",\"author\":{\"@id\":\"https:\\\/\\\/kuali.com.mx\\\/web\\\/#\\\/schema\\\/person\\\/6f89ffa8ecba9dae50662357923c5289\"},\"breadcrumb\":{\"@id\":\"https:\\\/\\\/kuali.com.mx\\\/web\\\/2025\\\/12\\\/01\\\/despide-sapal-a-funcionario-acusado-de-acoso-sexual\\\/#breadcrumb\"},\"inLanguage\":\"es\",\"potentialAction\":[{\"@type\":\"ReadAction\",\"target\":[\"https:\\\/\\\/kuali.com.mx\\\/web\\\/2025\\\/12\\\/01\\\/despide-sapal-a-funcionario-acusado-de-acoso-sexual\\\/\"]}]},{\"@type\":\"ImageObject\",\"inLanguage\":\"es\",\"@id\":\"https:\\\/\\\/kuali.com.mx\\\/web\\\/2025\\\/12\\\/01\\\/despide-sapal-a-funcionario-acusado-de-acoso-sexual\\\/#primaryimage\",\"url\":\"https:\\\/\\\/kuali.com.mx\\\/web\\\/wp-content\\\/uploads\\\/2022\\\/10\\\/SAPAL-1.gif\",\"contentUrl\":\"https:\\\/\\\/kuali.com.mx\\\/web\\\/wp-content\\\/uploads\\\/2022\\\/10\\\/SAPAL-1.gif\",\"width\":1700,\"height\":750},{\"@type\":\"BreadcrumbList\",\"@id\":\"https:\\\/\\\/kuali.com.mx\\\/web\\\/2025\\\/12\\\/01\\\/despide-sapal-a-funcionario-acusado-de-acoso-sexual\\\/#breadcrumb\",\"itemListElement\":[{\"@type\":\"ListItem\",\"position\":1,\"name\":\"Inicio\",\"item\":\"https:\\\/\\\/kuali.com.mx\\\/web\\\/\"},{\"@type\":\"ListItem\",\"position\":2,\"name\":\"DESPIDE SAPAL A FUNCIONARIO ACUSADO DE ACOSO SEXUAL\"}]},{\"@type\":\"WebSite\",\"@id\":\"https:\\\/\\\/kuali.com.mx\\\/web\\\/#website\",\"url\":\"https:\\\/\\\/kuali.com.mx\\\/web\\\/\",\"name\":\"Kuali\",\"description\":\"\",\"potentialAction\":[{\"@type\":\"SearchAction\",\"target\":{\"@type\":\"EntryPoint\",\"urlTemplate\":\"https:\\\/\\\/kuali.com.mx\\\/web\\\/?s={search_term_string}\"},\"query-input\":{\"@type\":\"PropertyValueSpecification\",\"valueRequired\":true,\"valueName\":\"search_term_string\"}}],\"inLanguage\":\"es\"},{\"@type\":\"Person\",\"@id\":\"https:\\\/\\\/kuali.com.mx\\\/web\\\/#\\\/schema\\\/person\\\/6f89ffa8ecba9dae50662357923c5289\",\"name\":\"Kuali Staff\",\"image\":{\"@type\":\"ImageObject\",\"inLanguage\":\"es\",\"@id\":\"https:\\\/\\\/secure.gravatar.com\\\/avatar\\\/f917ad82e5ab71227a733c78b6e60715476f69ee6be59feee4eb5d9920c89e0f?s=96&d=mm&r=g\",\"url\":\"https:\\\/\\\/secure.gravatar.com\\\/avatar\\\/f917ad82e5ab71227a733c78b6e60715476f69ee6be59feee4eb5d9920c89e0f?s=96&d=mm&r=g\",\"contentUrl\":\"https:\\\/\\\/secure.gravatar.com\\\/avatar\\\/f917ad82e5ab71227a733c78b6e60715476f69ee6be59feee4eb5d9920c89e0f?s=96&d=mm&r=g\",\"caption\":\"Kuali Staff\"},\"url\":\"https:\\\/\\\/kuali.com.mx\\\/web\\\/author\\\/lagarto\\\/\"}]}<\/script>\n<!-- \/ Yoast SEO plugin. -->","yoast_head_json":{"title":"DESPIDE SAPAL A FUNCIONARIO ACUSADO DE ACOSO SEXUAL - Kuali","robots":{"index":"index","follow":"follow","max-snippet":"max-snippet:-1","max-image-preview":"max-image-preview:large","max-video-preview":"max-video-preview:-1"},"canonical":"https:\/\/kuali.com.mx\/web\/2025\/12\/01\/despide-sapal-a-funcionario-acusado-de-acoso-sexual\/","og_locale":"es_MX","og_type":"article","og_title":"DESPIDE SAPAL A FUNCIONARIO ACUSADO DE ACOSO SEXUAL - Kuali","og_description":"Carlos Garc\u00eda\/Le\u00f3n, Gto.- El jefe de Comunicaci\u00f3n Social del Sistema de Agua Potable y Alcantarillado de Le\u00f3n (SAPAL), Luis Arturo Hern\u00e1ndez Olmos, fue separado del cargo por acosar sexualmente a una subordinada, inform\u00f3 un funcionario de alto nivel en el gobierno municipal. El funcionario ser\u00e1 liquidado conforme a la ley a ra\u00edz de que la [&hellip;]","og_url":"https:\/\/kuali.com.mx\/web\/2025\/12\/01\/despide-sapal-a-funcionario-acusado-de-acoso-sexual\/","og_site_name":"Kuali","article_publisher":"https:\/\/kuali.com.mx\/web\/wp-content\/uploads\/2018\/04\/cropped-kuali_logo-1-1.png","article_published_time":"2025-12-01T21:58:55+00:00","article_modified_time":"2025-12-02T00:38:29+00:00","og_image":[{"width":1700,"height":750,"url":"https:\/\/kuali.com.mx\/web\/wp-content\/uploads\/2022\/10\/SAPAL-1.gif","type":"image\/gif"}],"author":"Kuali Staff","twitter_card":"summary_large_image","twitter_creator":"@kuali_noticias","twitter_site":"@kuali_noticias","twitter_misc":{"Escrito por":"Kuali Staff","Tiempo de lectura":"2 minutos"},"schema":{"@context":"https:\/\/schema.org","@graph":[{"@type":"Article","@id":"https:\/\/kuali.com.mx\/web\/2025\/12\/01\/despide-sapal-a-funcionario-acusado-de-acoso-sexual\/#article","isPartOf":{"@id":"https:\/\/kuali.com.mx\/web\/2025\/12\/01\/despide-sapal-a-funcionario-acusado-de-acoso-sexual\/"},"author":{"name":"Kuali Staff","@id":"https:\/\/kuali.com.mx\/web\/#\/schema\/person\/6f89ffa8ecba9dae50662357923c5289"},"headline":"DESPIDE SAPAL A FUNCIONARIO ACUSADO DE ACOSO SEXUAL","datePublished":"2025-12-01T21:58:55+00:00","dateModified":"2025-12-02T00:38:29+00:00","mainEntityOfPage":{"@id":"https:\/\/kuali.com.mx\/web\/2025\/12\/01\/despide-sapal-a-funcionario-acusado-de-acoso-sexual\/"},"wordCount":319,"commentCount":0,"image":{"@id":"https:\/\/kuali.com.mx\/web\/2025\/12\/01\/despide-sapal-a-funcionario-acusado-de-acoso-sexual\/#primaryimage"},"thumbnailUrl":"https:\/\/kuali.com.mx\/web\/wp-content\/uploads\/2022\/10\/SAPAL-1.gif","articleSection":["Derechos Humanos","slider"],"inLanguage":"es","potentialAction":[{"@type":"CommentAction","name":"Comment","target":["https:\/\/kuali.com.mx\/web\/2025\/12\/01\/despide-sapal-a-funcionario-acusado-de-acoso-sexual\/#respond"]}]},{"@type":"WebPage","@id":"https:\/\/kuali.com.mx\/web\/2025\/12\/01\/despide-sapal-a-funcionario-acusado-de-acoso-sexual\/","url":"https:\/\/kuali.com.mx\/web\/2025\/12\/01\/despide-sapal-a-funcionario-acusado-de-acoso-sexual\/","name":"DESPIDE SAPAL A FUNCIONARIO ACUSADO DE ACOSO SEXUAL - Kuali","isPartOf":{"@id":"https:\/\/kuali.com.mx\/web\/#website"},"primaryImageOfPage":{"@id":"https:\/\/kuali.com.mx\/web\/2025\/12\/01\/despide-sapal-a-funcionario-acusado-de-acoso-sexual\/#primaryimage"},"image":{"@id":"https:\/\/kuali.com.mx\/web\/2025\/12\/01\/despide-sapal-a-funcionario-acusado-de-acoso-sexual\/#primaryimage"},"thumbnailUrl":"https:\/\/kuali.com.mx\/web\/wp-content\/uploads\/2022\/10\/SAPAL-1.gif","datePublished":"2025-12-01T21:58:55+00:00","dateModified":"2025-12-02T00:38:29+00:00","author":{"@id":"https:\/\/kuali.com.mx\/web\/#\/schema\/person\/6f89ffa8ecba9dae50662357923c5289"},"breadcrumb":{"@id":"https:\/\/kuali.com.mx\/web\/2025\/12\/01\/despide-sapal-a-funcionario-acusado-de-acoso-sexual\/#breadcrumb"},"inLanguage":"es","potentialAction":[{"@type":"ReadAction","target":["https:\/\/kuali.com.mx\/web\/2025\/12\/01\/despide-sapal-a-funcionario-acusado-de-acoso-sexual\/"]}]},{"@type":"ImageObject","inLanguage":"es","@id":"https:\/\/kuali.com.mx\/web\/2025\/12\/01\/despide-sapal-a-funcionario-acusado-de-acoso-sexual\/#primaryimage","url":"https:\/\/kuali.com.mx\/web\/wp-content\/uploads\/2022\/10\/SAPAL-1.gif","contentUrl":"https:\/\/kuali.com.mx\/web\/wp-content\/uploads\/2022\/10\/SAPAL-1.gif","width":1700,"height":750},{"@type":"BreadcrumbList","@id":"https:\/\/kuali.com.mx\/web\/2025\/12\/01\/despide-sapal-a-funcionario-acusado-de-acoso-sexual\/#breadcrumb","itemListElement":[{"@type":"ListItem","position":1,"name":"Inicio","item":"https:\/\/kuali.com.mx\/web\/"},{"@type":"ListItem","position":2,"name":"DESPIDE SAPAL A FUNCIONARIO ACUSADO DE ACOSO SEXUAL"}]},{"@type":"WebSite","@id":"https:\/\/kuali.com.mx\/web\/#website","url":"https:\/\/kuali.com.mx\/web\/","name":"Kuali","description":"","potentialAction":[{"@type":"SearchAction","target":{"@type":"EntryPoint","urlTemplate":"https:\/\/kuali.com.mx\/web\/?s={search_term_string}"},"query-input":{"@type":"PropertyValueSpecification","valueRequired":true,"valueName":"search_term_string"}}],"inLanguage":"es"},{"@type":"Person","@id":"https:\/\/kuali.com.mx\/web\/#\/schema\/person\/6f89ffa8ecba9dae50662357923c5289","name":"Kuali Staff","image":{"@type":"ImageObject","inLanguage":"es","@id":"https:\/\/secure.gravatar.com\/avatar\/f917ad82e5ab71227a733c78b6e60715476f69ee6be59feee4eb5d9920c89e0f?s=96&d=mm&r=g","url":"https:\/\/secure.gravatar.com\/avatar\/f917ad82e5ab71227a733c78b6e60715476f69ee6be59feee4eb5d9920c89e0f?s=96&d=mm&r=g","contentUrl":"https:\/\/secure.gravatar.com\/avatar\/f917ad82e5ab71227a733c78b6e60715476f69ee6be59feee4eb5d9920c89e0f?s=96&d=mm&r=g","caption":"Kuali Staff"},"url":"https:\/\/kuali.com.mx\/web\/author\/lagarto\/"}]}},"_links":{"self":[{"href":"https:\/\/kuali.com.mx\/web\/wp-json\/wp\/v2\/posts\/191273","targetHints":{"allow":["GET"]}}],"collection":[{"href":"https:\/\/kuali.com.mx\/web\/wp-json\/wp\/v2\/posts"}],"about":[{"href":"https:\/\/kuali.com.mx\/web\/wp-json\/wp\/v2\/types\/post"}],"author":[{"embeddable":true,"href":"https:\/\/kuali.com.mx\/web\/wp-json\/wp\/v2\/users\/2"}],"replies":[{"embeddable":true,"href":"https:\/\/kuali.com.mx\/web\/wp-json\/wp\/v2\/comments?post=191273"}],"version-history":[{"count":1,"href":"https:\/\/kuali.com.mx\/web\/wp-json\/wp\/v2\/posts\/191273\/revisions"}],"predecessor-version":[{"id":191276,"href":"https:\/\/kuali.com.mx\/web\/wp-json\/wp\/v2\/posts\/191273\/revisions\/191276"}],"wp:featuredmedia":[{"embeddable":true,"href":"https:\/\/kuali.com.mx\/web\/wp-json\/wp\/v2\/media\/106198"}],"wp:attachment":[{"href":"https:\/\/kuali.com.mx\/web\/wp-json\/wp\/v2\/media?parent=191273"}],"wp:term":[{"taxonomy":"category","embeddable":true,"href":"https:\/\/kuali.com.mx\/web\/wp-json\/wp\/v2\/categories?post=191273"},{"taxonomy":"post_tag","embeddable":true,"href":"https:\/\/kuali.com.mx\/web\/wp-json\/wp\/v2\/tags?post=191273"}],"curies":[{"name":"wp","href":"https:\/\/api.w.org\/{rel}","templated":true}]}}