{"id":191249,"date":"2025-12-01T15:56:48","date_gmt":"2025-12-01T21:56:48","guid":{"rendered":"https:\/\/kuali.com.mx\/web\/?p=191249"},"modified":"2025-12-01T21:01:43","modified_gmt":"2025-12-02T03:01:43","slug":"el-pan-no-sera-tapadera-del-acoso-sexual-aldo-marquez","status":"publish","type":"post","link":"https:\/\/kuali.com.mx\/web\/2025\/12\/01\/el-pan-no-sera-tapadera-del-acoso-sexual-aldo-marquez\/","title":{"rendered":"EL PAN NO SER\u00c1 \u201cTAPADERA\u201d DEL ACOSO SEXUAL: ALDO M\u00c1RQUEZ"},"content":{"rendered":"\n<p><strong>Alicia Arias\/Le\u00f3n, Gto.- <\/strong>&nbsp;\u201cNosotros, en el PAN, no somos tapadera de nadie\u201d advirti\u00f3 el dirigente estatal panista, Aldo Iv\u00e1n M\u00e1rquez Becerra, quien pidi\u00f3 que se investigue el acoso sexual que sufri\u00f3 una trabajadora del Sistema de Agua Potable y Alcantarillado de Le\u00f3n (SAPAL).<\/p>\n\n\n\n<p>La Procuradur\u00eda de los Derechos Humanos del Estado de Guanajuato (Prodheg), a cargo de Karla Alcaraz Olvera, emiti\u00f3 seis resolutivos de recomendaci\u00f3n al director del SAPAL, Enrique De Haro Maldonado, porque su jefe del \u00e1rea de Comunicaci\u00f3n Social acos\u00f3 sexual y laboralmente a de sus subordinadas.<\/p>\n\n\n\n<p>Cuestionado al respecto, el presidente del Comit\u00e9 Directivo Estatal (CDE) del Partido Acci\u00f3n Nacional (PAN), Aldo M\u00e1rquez, dijo que no son tapadera de nadie y pidi\u00f3 que, si existen los elementos, \u201cse investigue y se castigue porque \u201cnunca vamos a estar a favor de que exista un tipo de acoso\u201d.<\/p>\n\n\n\n<figure class=\"wp-block-embed is-type-wp-embed is-provider-kuali wp-block-embed-kuali\"><div class=\"wp-block-embed__wrapper\">\n<blockquote class=\"wp-embedded-content\" data-secret=\"7vtNOE6lFR\"><a href=\"https:\/\/kuali.com.mx\/web\/2025\/11\/26\/funcionario-de-sapal-acoso-sexualmente-a-subordinada-prodheg\/\">FUNCIONARIO DE SAPAL ACOS\u00d3 SEXUALMENTE A SUBORDINADA: PRODHEG<\/a><\/blockquote><iframe loading=\"lazy\" class=\"wp-embedded-content\" sandbox=\"allow-scripts\" security=\"restricted\" style=\"position: absolute; visibility: hidden;\" title=\"&#8220;FUNCIONARIO DE SAPAL ACOS\u00d3 SEXUALMENTE A SUBORDINADA: PRODHEG&#8221; &#8212; Kuali\" src=\"https:\/\/kuali.com.mx\/web\/2025\/11\/26\/funcionario-de-sapal-acoso-sexualmente-a-subordinada-prodheg\/embed\/#?secret=zlwtvNTNdL#?secret=7vtNOE6lFR\" data-secret=\"7vtNOE6lFR\" width=\"600\" height=\"338\" frameborder=\"0\" marginwidth=\"0\" marginheight=\"0\" scrolling=\"no\"><\/iframe>\n<\/div><\/figure>\n\n\n\n<p>El diputado local panista, Jorge Arturo Espadas Galv\u00e1n, dijo que la Contralor\u00eda Municipal de Le\u00f3n es autoridad para investigar la responsabilidad en la que incurri\u00f3 el jefe de comunicaci\u00f3n de SAPAL.<\/p>\n\n\n\n<p>La Presidencia Municipal de Le\u00f3n cuenta con un Comit\u00e9 Intersectorial para la prevenci\u00f3n, atenci\u00f3n y seguimiento a casos de violencia laboral, acoso y hostigamiento sexual, y existe el \"procedimiento para Prevenir y Atender la Violencia Laboral, el Acoso y el Hostigamiento Sexual en la Administraci\u00f3n P\u00fablica Municipal de Le\u00f3n, Gto.\".<\/p>\n\n\n\n<p>El primer contacto es la Contralor\u00eda Municipal para recibir la queja o denuncia y darle seguimiento realizando la investigaci\u00f3n correspondiente y, en su caso, aplicar las sanciones administrativas pertinentes.<\/p>\n\n\n\n<p>En caso de que se encuentren causales de responsabilidad penal, el comit\u00e9, en coordinaci\u00f3n con el \u00e1rea jur\u00eddica, asesora y apoya a la persona denunciante para presentar la denuncia ante el Ministerio P\u00fablico.<\/p>\n\n\n\n<figure class=\"wp-block-embed is-type-wp-embed is-provider-kuali wp-block-embed-kuali\"><div class=\"wp-block-embed__wrapper\">\n<blockquote class=\"wp-embedded-content\" data-secret=\"vjmfDo4LTA\"><a href=\"https:\/\/kuali.com.mx\/web\/2025\/11\/28\/castigaran-administrativamente-el-acoso-sexual\/\">CASTIGAR\u00c1N ADMINISTRATIVAMENTE EL ACOSO SEXUAL<\/a><\/blockquote><iframe loading=\"lazy\" class=\"wp-embedded-content\" sandbox=\"allow-scripts\" security=\"restricted\" style=\"position: absolute; visibility: hidden;\" title=\"&#8220;CASTIGAR\u00c1N ADMINISTRATIVAMENTE EL ACOSO SEXUAL&#8221; &#8212; Kuali\" src=\"https:\/\/kuali.com.mx\/web\/2025\/11\/28\/castigaran-administrativamente-el-acoso-sexual\/embed\/#?secret=JfIVyzSG8v#?secret=vjmfDo4LTA\" data-secret=\"vjmfDo4LTA\" width=\"600\" height=\"338\" frameborder=\"0\" marginwidth=\"0\" marginheight=\"0\" scrolling=\"no\"><\/iframe>\n<\/div><\/figure>\n\n\n\n<p>\u201cReprobando todo hecho de acoso\u201d el legislador Jorge Espadas destac\u00f3 que la semana pasada la gobernadora Libia Dennise Garc\u00eda Mu\u00f1oz Ledo, present\u00f3 una propuesta de reforma a la Ley de Responsabilidades Administrativas para el Estado de Guanajuato para que el acoso sexual cometido por funcionarios sea una falta administrativa grave que se castigue con la separaci\u00f3n del cargo o la inhabilitaci\u00f3n.<\/p>\n\n\n\n<p>Mientras entra vigor la reforma, lo que podr\u00eda ser esta semana, las entidades de la administraci\u00f3n p\u00fablica descentralizada, como SAPAL, \u201cpueden despedir a una persona por una resoluci\u00f3n de Derechos Humanos pero con responsabilidad para el patr\u00f3n, es decir, que se pagar\u00eda la indemnizaci\u00f3n del jefe de comunicaci\u00f3n con recursos p\u00fablicos.<\/p>\n\n\n\n<figure class=\"wp-block-image size-large\"><img loading=\"lazy\" decoding=\"async\" width=\"1024\" height=\"432\" src=\"https:\/\/kuali.com.mx\/web\/wp-content\/uploads\/2025\/12\/Jorge-Espadas-1024x432.gif\" alt=\"\" class=\"wp-image-191253\" srcset=\"https:\/\/kuali.com.mx\/web\/wp-content\/uploads\/2025\/12\/Jorge-Espadas-1024x432.gif 1024w, https:\/\/kuali.com.mx\/web\/wp-content\/uploads\/2025\/12\/Jorge-Espadas-300x127.gif 300w, https:\/\/kuali.com.mx\/web\/wp-content\/uploads\/2025\/12\/Jorge-Espadas-768x324.gif 768w, https:\/\/kuali.com.mx\/web\/wp-content\/uploads\/2025\/12\/Jorge-Espadas-1536x648.gif 1536w, https:\/\/kuali.com.mx\/web\/wp-content\/uploads\/2025\/12\/Jorge-Espadas-228x96.gif 228w\" sizes=\"auto, (max-width: 1024px) 100vw, 1024px\" \/><figcaption class=\"wp-element-caption\">Jorge Arturo Espadas Galv\u00e1n, diputado loca por e PAN en Guanajuato. FOTO: ALICIA ARIAS.<\/figcaption><\/figure>\n\n\n\n<p>\u201cPor eso es relevante la iniciativa de la gobernadora en materia de responsabilidades administrativas porque, entonces, tendr\u00e1n herramientas para que realicen el proceso sancionador en la v\u00eda administrativa, que puede terminar en una destituci\u00f3n o inhabilitaci\u00f3n para que no le cueste a los ciudadanos\u201d, explic\u00f3 el diputado.<\/p>\n\n\n\n<p>Agreg\u00f3 que el acoso sexual y laboral son conductas que \u201cdeben ser claramente sancionadas\u201d.<\/p>\n\n\n\n<p>El caso de SAPAL no podr\u00e1 juzgarse con la nueva ley porque la conducta del jefe de comunicaci\u00f3n ocurri\u00f3 antes y las leyes no pueden ser retroactivas en este pa\u00eds. Ser\u00e1 la Contralor\u00eda de Le\u00f3n quien determine la responsabilidad del funcionario de SAPAL.<\/p>\n\n\n\n<p><strong>El caso SAPAL<\/strong><\/p>\n\n\n\n<p>Derechos Humanos comprob\u00f3 que el jefe de Comunicaci\u00f3n Social del organismo, Luis Arturo Hern\u00e1ndez Olmos, \u201comiti\u00f3 salvaguardar el derecho humano de las mujeres a una vida libre de violencia\u201d al acosar laboral y sexualmente a una subordinada.<\/p>\n\n\n\n<p>El caso fue documentado en el expediente de queja 0648\/2024, en el que la funcionaria acus\u00f3 a su jefe de hacerle comentarios referentes a su cuerpo e invitarla a salir; aunque Luis Arturo Hern\u00e1ndez, asegur\u00f3 ante Derechos Humanos que \u201ctodas las conversaciones que sostuvieron por medios electr\u00f3nicos fueron en un contexto de la relaci\u00f3n de amistad, y sus expresiones fueron bromeando\u201d.<\/p>\n\n\n\n<p>El 27 de noviembre en sesi\u00f3n del Ayuntamiento de Le\u00f3n, regidoras del Partido Verde Ecologista de M\u00e9xico (PVEM) y Movimiento Ciudadano (MC) pidieron la destituci\u00f3n del comunicador, a quien mantiene en el cargo el director general de SAPAL, Enrique De Haro Maldonado.<\/p>\n\n\n\n<figure class=\"wp-block-embed is-type-wp-embed is-provider-kuali wp-block-embed-kuali\"><div class=\"wp-block-embed__wrapper\">\n<blockquote class=\"wp-embedded-content\" data-secret=\"OHtt71OuXM\"><a href=\"https:\/\/kuali.com.mx\/web\/2025\/11\/29\/pide-alcaldesa-a-sapal-aceptar-recomedaciones-de-prodheg\/\">SOLICITAN A SAPAL ACEPTAR RECOMEDACIONES DE PRODHEG<\/a><\/blockquote><iframe loading=\"lazy\" class=\"wp-embedded-content\" sandbox=\"allow-scripts\" security=\"restricted\" style=\"position: absolute; visibility: hidden;\" title=\"&#8220;SOLICITAN A SAPAL ACEPTAR RECOMEDACIONES DE PRODHEG&#8221; &#8212; Kuali\" src=\"https:\/\/kuali.com.mx\/web\/2025\/11\/29\/pide-alcaldesa-a-sapal-aceptar-recomedaciones-de-prodheg\/embed\/#?secret=RdisAGSChs#?secret=OHtt71OuXM\" data-secret=\"OHtt71OuXM\" width=\"600\" height=\"338\" frameborder=\"0\" marginwidth=\"0\" marginheight=\"0\" scrolling=\"no\"><\/iframe>\n<\/div><\/figure>\n","protected":false},"excerpt":{"rendered":"Alicia Arias\/Le\u00f3n, Gto.- &nbsp;\u201cNosotros, en el PAN, no somos tapadera de nadie\u201d advirti\u00f3 el dirigente estatal panista, Aldo Iv\u00e1n M\u00e1rquez Becerra, quien pidi\u00f3 que se investigue el acoso sexual que sufri\u00f3 una trabajadora del Sistema de Agua Potable y Alcantarillado de Le\u00f3n (SAPAL). La Procuradur\u00eda de los Derechos Humanos del Estado de Guanajuato (Prodheg), a [&hellip;]","protected":false},"author":2,"featured_media":191252,"comment_status":"open","ping_status":"open","sticky":false,"template":"","format":"standard","meta":{"_seopress_robots_primary_cat":"none","_seopress_titles_title":"","_seopress_titles_desc":"","_seopress_robots_index":"","_monsterinsights_skip_tracking":false,"_monsterinsights_sitenote_active":false,"_monsterinsights_sitenote_note":"","_monsterinsights_sitenote_category":0,"footnotes":""},"categories":[3],"tags":[5832,108,5751,10,91,129],"class_list":["post-191249","post","type-post","status-publish","format-standard","has-post-thumbnail","hentry","category-politica","tag-acoso-laboral","tag-acoso-sexual","tag-aldo-marquez-becerra","tag-leon","tag-pan","tag-sapal"],"yoast_head":"<!-- This site is optimized with the Yoast SEO plugin v27.4 - https:\/\/yoast.com\/product\/yoast-seo-wordpress\/ -->\n<title>EL PAN NO SER\u00c1 \u201cTAPADERA\u201d DEL ACOSO SEXUAL: ALDO M\u00c1RQUEZ - Kuali<\/title>\n<meta name=\"robots\" content=\"index, follow, max-snippet:-1, max-image-preview:large, max-video-preview:-1\" \/>\n<link rel=\"canonical\" href=\"https:\/\/kuali.com.mx\/web\/2025\/12\/01\/el-pan-no-sera-tapadera-del-acoso-sexual-aldo-marquez\/\" \/>\n<meta property=\"og:locale\" content=\"es_MX\" \/>\n<meta property=\"og:type\" content=\"article\" \/>\n<meta property=\"og:title\" content=\"EL PAN NO SER\u00c1 \u201cTAPADERA\u201d DEL ACOSO SEXUAL: ALDO M\u00c1RQUEZ - Kuali\" \/>\n<meta property=\"og:description\" content=\"Alicia Arias\/Le\u00f3n, Gto.- &nbsp;\u201cNosotros, en el PAN, no somos tapadera de nadie\u201d advirti\u00f3 el dirigente estatal panista, Aldo Iv\u00e1n M\u00e1rquez Becerra, quien pidi\u00f3 que se investigue el acoso sexual que sufri\u00f3 una trabajadora del Sistema de Agua Potable y Alcantarillado de Le\u00f3n (SAPAL). La Procuradur\u00eda de los Derechos Humanos del Estado de Guanajuato (Prodheg), a [&hellip;]\" \/>\n<meta property=\"og:url\" content=\"https:\/\/kuali.com.mx\/web\/2025\/12\/01\/el-pan-no-sera-tapadera-del-acoso-sexual-aldo-marquez\/\" \/>\n<meta property=\"og:site_name\" content=\"Kuali\" \/>\n<meta property=\"article:publisher\" content=\"https:\/\/kuali.com.mx\/web\/wp-content\/uploads\/2018\/04\/cropped-kuali_logo-1-1.png\" \/>\n<meta property=\"article:published_time\" content=\"2025-12-01T21:56:48+00:00\" \/>\n<meta property=\"article:modified_time\" content=\"2025-12-02T03:01:43+00:00\" \/>\n<meta property=\"og:image\" content=\"https:\/\/kuali.com.mx\/web\/wp-content\/uploads\/2025\/12\/Aldo-Marquez.gif\" \/>\n\t<meta property=\"og:image:width\" content=\"1700\" \/>\n\t<meta property=\"og:image:height\" content=\"750\" \/>\n\t<meta property=\"og:image:type\" content=\"image\/gif\" \/>\n<meta name=\"author\" content=\"Kuali Staff\" \/>\n<meta name=\"twitter:card\" content=\"summary_large_image\" \/>\n<meta name=\"twitter:creator\" content=\"@kuali_noticias\" \/>\n<meta name=\"twitter:site\" content=\"@kuali_noticias\" \/>\n<meta name=\"twitter:label1\" content=\"Escrito por\" \/>\n\t<meta name=\"twitter:data1\" content=\"Kuali Staff\" \/>\n\t<meta name=\"twitter:label2\" content=\"Tiempo de lectura\" \/>\n\t<meta name=\"twitter:data2\" content=\"4 minutos\" \/>\n<script type=\"application\/ld+json\" class=\"yoast-schema-graph\">{\"@context\":\"https:\\\/\\\/schema.org\",\"@graph\":[{\"@type\":\"Article\",\"@id\":\"https:\\\/\\\/kuali.com.mx\\\/web\\\/2025\\\/12\\\/01\\\/el-pan-no-sera-tapadera-del-acoso-sexual-aldo-marquez\\\/#article\",\"isPartOf\":{\"@id\":\"https:\\\/\\\/kuali.com.mx\\\/web\\\/2025\\\/12\\\/01\\\/el-pan-no-sera-tapadera-del-acoso-sexual-aldo-marquez\\\/\"},\"author\":{\"name\":\"Kuali Staff\",\"@id\":\"https:\\\/\\\/kuali.com.mx\\\/web\\\/#\\\/schema\\\/person\\\/6f89ffa8ecba9dae50662357923c5289\"},\"headline\":\"EL PAN NO SER\u00c1 \u201cTAPADERA\u201d DEL ACOSO SEXUAL: ALDO M\u00c1RQUEZ\",\"datePublished\":\"2025-12-01T21:56:48+00:00\",\"dateModified\":\"2025-12-02T03:01:43+00:00\",\"mainEntityOfPage\":{\"@id\":\"https:\\\/\\\/kuali.com.mx\\\/web\\\/2025\\\/12\\\/01\\\/el-pan-no-sera-tapadera-del-acoso-sexual-aldo-marquez\\\/\"},\"wordCount\":740,\"commentCount\":0,\"image\":{\"@id\":\"https:\\\/\\\/kuali.com.mx\\\/web\\\/2025\\\/12\\\/01\\\/el-pan-no-sera-tapadera-del-acoso-sexual-aldo-marquez\\\/#primaryimage\"},\"thumbnailUrl\":\"https:\\\/\\\/kuali.com.mx\\\/web\\\/wp-content\\\/uploads\\\/2025\\\/12\\\/Aldo-Marquez.gif\",\"keywords\":[\"Acoso laboral\",\"Acoso sexual\",\"Aldo M\u00e1rquez Becerra\",\"Le\u00f3n\",\"PAN\",\"SAPAL\"],\"articleSection\":[\"Pol\u00edtica\"],\"inLanguage\":\"es\",\"potentialAction\":[{\"@type\":\"CommentAction\",\"name\":\"Comment\",\"target\":[\"https:\\\/\\\/kuali.com.mx\\\/web\\\/2025\\\/12\\\/01\\\/el-pan-no-sera-tapadera-del-acoso-sexual-aldo-marquez\\\/#respond\"]}]},{\"@type\":\"WebPage\",\"@id\":\"https:\\\/\\\/kuali.com.mx\\\/web\\\/2025\\\/12\\\/01\\\/el-pan-no-sera-tapadera-del-acoso-sexual-aldo-marquez\\\/\",\"url\":\"https:\\\/\\\/kuali.com.mx\\\/web\\\/2025\\\/12\\\/01\\\/el-pan-no-sera-tapadera-del-acoso-sexual-aldo-marquez\\\/\",\"name\":\"EL PAN NO SER\u00c1 \u201cTAPADERA\u201d DEL ACOSO SEXUAL: ALDO M\u00c1RQUEZ - Kuali\",\"isPartOf\":{\"@id\":\"https:\\\/\\\/kuali.com.mx\\\/web\\\/#website\"},\"primaryImageOfPage\":{\"@id\":\"https:\\\/\\\/kuali.com.mx\\\/web\\\/2025\\\/12\\\/01\\\/el-pan-no-sera-tapadera-del-acoso-sexual-aldo-marquez\\\/#primaryimage\"},\"image\":{\"@id\":\"https:\\\/\\\/kuali.com.mx\\\/web\\\/2025\\\/12\\\/01\\\/el-pan-no-sera-tapadera-del-acoso-sexual-aldo-marquez\\\/#primaryimage\"},\"thumbnailUrl\":\"https:\\\/\\\/kuali.com.mx\\\/web\\\/wp-content\\\/uploads\\\/2025\\\/12\\\/Aldo-Marquez.gif\",\"datePublished\":\"2025-12-01T21:56:48+00:00\",\"dateModified\":\"2025-12-02T03:01:43+00:00\",\"author\":{\"@id\":\"https:\\\/\\\/kuali.com.mx\\\/web\\\/#\\\/schema\\\/person\\\/6f89ffa8ecba9dae50662357923c5289\"},\"breadcrumb\":{\"@id\":\"https:\\\/\\\/kuali.com.mx\\\/web\\\/2025\\\/12\\\/01\\\/el-pan-no-sera-tapadera-del-acoso-sexual-aldo-marquez\\\/#breadcrumb\"},\"inLanguage\":\"es\",\"potentialAction\":[{\"@type\":\"ReadAction\",\"target\":[\"https:\\\/\\\/kuali.com.mx\\\/web\\\/2025\\\/12\\\/01\\\/el-pan-no-sera-tapadera-del-acoso-sexual-aldo-marquez\\\/\"]}]},{\"@type\":\"ImageObject\",\"inLanguage\":\"es\",\"@id\":\"https:\\\/\\\/kuali.com.mx\\\/web\\\/2025\\\/12\\\/01\\\/el-pan-no-sera-tapadera-del-acoso-sexual-aldo-marquez\\\/#primaryimage\",\"url\":\"https:\\\/\\\/kuali.com.mx\\\/web\\\/wp-content\\\/uploads\\\/2025\\\/12\\\/Aldo-Marquez.gif\",\"contentUrl\":\"https:\\\/\\\/kuali.com.mx\\\/web\\\/wp-content\\\/uploads\\\/2025\\\/12\\\/Aldo-Marquez.gif\",\"width\":1700,\"height\":750},{\"@type\":\"BreadcrumbList\",\"@id\":\"https:\\\/\\\/kuali.com.mx\\\/web\\\/2025\\\/12\\\/01\\\/el-pan-no-sera-tapadera-del-acoso-sexual-aldo-marquez\\\/#breadcrumb\",\"itemListElement\":[{\"@type\":\"ListItem\",\"position\":1,\"name\":\"Inicio\",\"item\":\"https:\\\/\\\/kuali.com.mx\\\/web\\\/\"},{\"@type\":\"ListItem\",\"position\":2,\"name\":\"EL PAN NO SER\u00c1 \u201cTAPADERA\u201d DEL ACOSO SEXUAL: ALDO M\u00c1RQUEZ\"}]},{\"@type\":\"WebSite\",\"@id\":\"https:\\\/\\\/kuali.com.mx\\\/web\\\/#website\",\"url\":\"https:\\\/\\\/kuali.com.mx\\\/web\\\/\",\"name\":\"Kuali\",\"description\":\"\",\"potentialAction\":[{\"@type\":\"SearchAction\",\"target\":{\"@type\":\"EntryPoint\",\"urlTemplate\":\"https:\\\/\\\/kuali.com.mx\\\/web\\\/?s={search_term_string}\"},\"query-input\":{\"@type\":\"PropertyValueSpecification\",\"valueRequired\":true,\"valueName\":\"search_term_string\"}}],\"inLanguage\":\"es\"},{\"@type\":\"Person\",\"@id\":\"https:\\\/\\\/kuali.com.mx\\\/web\\\/#\\\/schema\\\/person\\\/6f89ffa8ecba9dae50662357923c5289\",\"name\":\"Kuali Staff\",\"image\":{\"@type\":\"ImageObject\",\"inLanguage\":\"es\",\"@id\":\"https:\\\/\\\/secure.gravatar.com\\\/avatar\\\/f917ad82e5ab71227a733c78b6e60715476f69ee6be59feee4eb5d9920c89e0f?s=96&d=mm&r=g\",\"url\":\"https:\\\/\\\/secure.gravatar.com\\\/avatar\\\/f917ad82e5ab71227a733c78b6e60715476f69ee6be59feee4eb5d9920c89e0f?s=96&d=mm&r=g\",\"contentUrl\":\"https:\\\/\\\/secure.gravatar.com\\\/avatar\\\/f917ad82e5ab71227a733c78b6e60715476f69ee6be59feee4eb5d9920c89e0f?s=96&d=mm&r=g\",\"caption\":\"Kuali Staff\"},\"url\":\"https:\\\/\\\/kuali.com.mx\\\/web\\\/author\\\/lagarto\\\/\"}]}<\/script>\n<!-- \/ Yoast SEO plugin. -->","yoast_head_json":{"title":"EL PAN NO SER\u00c1 \u201cTAPADERA\u201d DEL ACOSO SEXUAL: ALDO M\u00c1RQUEZ - Kuali","robots":{"index":"index","follow":"follow","max-snippet":"max-snippet:-1","max-image-preview":"max-image-preview:large","max-video-preview":"max-video-preview:-1"},"canonical":"https:\/\/kuali.com.mx\/web\/2025\/12\/01\/el-pan-no-sera-tapadera-del-acoso-sexual-aldo-marquez\/","og_locale":"es_MX","og_type":"article","og_title":"EL PAN NO SER\u00c1 \u201cTAPADERA\u201d DEL ACOSO SEXUAL: ALDO M\u00c1RQUEZ - Kuali","og_description":"Alicia Arias\/Le\u00f3n, Gto.- &nbsp;\u201cNosotros, en el PAN, no somos tapadera de nadie\u201d advirti\u00f3 el dirigente estatal panista, Aldo Iv\u00e1n M\u00e1rquez Becerra, quien pidi\u00f3 que se investigue el acoso sexual que sufri\u00f3 una trabajadora del Sistema de Agua Potable y Alcantarillado de Le\u00f3n (SAPAL). La Procuradur\u00eda de los Derechos Humanos del Estado de Guanajuato (Prodheg), a [&hellip;]","og_url":"https:\/\/kuali.com.mx\/web\/2025\/12\/01\/el-pan-no-sera-tapadera-del-acoso-sexual-aldo-marquez\/","og_site_name":"Kuali","article_publisher":"https:\/\/kuali.com.mx\/web\/wp-content\/uploads\/2018\/04\/cropped-kuali_logo-1-1.png","article_published_time":"2025-12-01T21:56:48+00:00","article_modified_time":"2025-12-02T03:01:43+00:00","og_image":[{"width":1700,"height":750,"url":"https:\/\/kuali.com.mx\/web\/wp-content\/uploads\/2025\/12\/Aldo-Marquez.gif","type":"image\/gif"}],"author":"Kuali Staff","twitter_card":"summary_large_image","twitter_creator":"@kuali_noticias","twitter_site":"@kuali_noticias","twitter_misc":{"Escrito por":"Kuali Staff","Tiempo de lectura":"4 minutos"},"schema":{"@context":"https:\/\/schema.org","@graph":[{"@type":"Article","@id":"https:\/\/kuali.com.mx\/web\/2025\/12\/01\/el-pan-no-sera-tapadera-del-acoso-sexual-aldo-marquez\/#article","isPartOf":{"@id":"https:\/\/kuali.com.mx\/web\/2025\/12\/01\/el-pan-no-sera-tapadera-del-acoso-sexual-aldo-marquez\/"},"author":{"name":"Kuali Staff","@id":"https:\/\/kuali.com.mx\/web\/#\/schema\/person\/6f89ffa8ecba9dae50662357923c5289"},"headline":"EL PAN NO SER\u00c1 \u201cTAPADERA\u201d DEL ACOSO SEXUAL: ALDO M\u00c1RQUEZ","datePublished":"2025-12-01T21:56:48+00:00","dateModified":"2025-12-02T03:01:43+00:00","mainEntityOfPage":{"@id":"https:\/\/kuali.com.mx\/web\/2025\/12\/01\/el-pan-no-sera-tapadera-del-acoso-sexual-aldo-marquez\/"},"wordCount":740,"commentCount":0,"image":{"@id":"https:\/\/kuali.com.mx\/web\/2025\/12\/01\/el-pan-no-sera-tapadera-del-acoso-sexual-aldo-marquez\/#primaryimage"},"thumbnailUrl":"https:\/\/kuali.com.mx\/web\/wp-content\/uploads\/2025\/12\/Aldo-Marquez.gif","keywords":["Acoso laboral","Acoso sexual","Aldo M\u00e1rquez Becerra","Le\u00f3n","PAN","SAPAL"],"articleSection":["Pol\u00edtica"],"inLanguage":"es","potentialAction":[{"@type":"CommentAction","name":"Comment","target":["https:\/\/kuali.com.mx\/web\/2025\/12\/01\/el-pan-no-sera-tapadera-del-acoso-sexual-aldo-marquez\/#respond"]}]},{"@type":"WebPage","@id":"https:\/\/kuali.com.mx\/web\/2025\/12\/01\/el-pan-no-sera-tapadera-del-acoso-sexual-aldo-marquez\/","url":"https:\/\/kuali.com.mx\/web\/2025\/12\/01\/el-pan-no-sera-tapadera-del-acoso-sexual-aldo-marquez\/","name":"EL PAN NO SER\u00c1 \u201cTAPADERA\u201d DEL ACOSO SEXUAL: ALDO M\u00c1RQUEZ - Kuali","isPartOf":{"@id":"https:\/\/kuali.com.mx\/web\/#website"},"primaryImageOfPage":{"@id":"https:\/\/kuali.com.mx\/web\/2025\/12\/01\/el-pan-no-sera-tapadera-del-acoso-sexual-aldo-marquez\/#primaryimage"},"image":{"@id":"https:\/\/kuali.com.mx\/web\/2025\/12\/01\/el-pan-no-sera-tapadera-del-acoso-sexual-aldo-marquez\/#primaryimage"},"thumbnailUrl":"https:\/\/kuali.com.mx\/web\/wp-content\/uploads\/2025\/12\/Aldo-Marquez.gif","datePublished":"2025-12-01T21:56:48+00:00","dateModified":"2025-12-02T03:01:43+00:00","author":{"@id":"https:\/\/kuali.com.mx\/web\/#\/schema\/person\/6f89ffa8ecba9dae50662357923c5289"},"breadcrumb":{"@id":"https:\/\/kuali.com.mx\/web\/2025\/12\/01\/el-pan-no-sera-tapadera-del-acoso-sexual-aldo-marquez\/#breadcrumb"},"inLanguage":"es","potentialAction":[{"@type":"ReadAction","target":["https:\/\/kuali.com.mx\/web\/2025\/12\/01\/el-pan-no-sera-tapadera-del-acoso-sexual-aldo-marquez\/"]}]},{"@type":"ImageObject","inLanguage":"es","@id":"https:\/\/kuali.com.mx\/web\/2025\/12\/01\/el-pan-no-sera-tapadera-del-acoso-sexual-aldo-marquez\/#primaryimage","url":"https:\/\/kuali.com.mx\/web\/wp-content\/uploads\/2025\/12\/Aldo-Marquez.gif","contentUrl":"https:\/\/kuali.com.mx\/web\/wp-content\/uploads\/2025\/12\/Aldo-Marquez.gif","width":1700,"height":750},{"@type":"BreadcrumbList","@id":"https:\/\/kuali.com.mx\/web\/2025\/12\/01\/el-pan-no-sera-tapadera-del-acoso-sexual-aldo-marquez\/#breadcrumb","itemListElement":[{"@type":"ListItem","position":1,"name":"Inicio","item":"https:\/\/kuali.com.mx\/web\/"},{"@type":"ListItem","position":2,"name":"EL PAN NO SER\u00c1 \u201cTAPADERA\u201d DEL ACOSO SEXUAL: ALDO M\u00c1RQUEZ"}]},{"@type":"WebSite","@id":"https:\/\/kuali.com.mx\/web\/#website","url":"https:\/\/kuali.com.mx\/web\/","name":"Kuali","description":"","potentialAction":[{"@type":"SearchAction","target":{"@type":"EntryPoint","urlTemplate":"https:\/\/kuali.com.mx\/web\/?s={search_term_string}"},"query-input":{"@type":"PropertyValueSpecification","valueRequired":true,"valueName":"search_term_string"}}],"inLanguage":"es"},{"@type":"Person","@id":"https:\/\/kuali.com.mx\/web\/#\/schema\/person\/6f89ffa8ecba9dae50662357923c5289","name":"Kuali Staff","image":{"@type":"ImageObject","inLanguage":"es","@id":"https:\/\/secure.gravatar.com\/avatar\/f917ad82e5ab71227a733c78b6e60715476f69ee6be59feee4eb5d9920c89e0f?s=96&d=mm&r=g","url":"https:\/\/secure.gravatar.com\/avatar\/f917ad82e5ab71227a733c78b6e60715476f69ee6be59feee4eb5d9920c89e0f?s=96&d=mm&r=g","contentUrl":"https:\/\/secure.gravatar.com\/avatar\/f917ad82e5ab71227a733c78b6e60715476f69ee6be59feee4eb5d9920c89e0f?s=96&d=mm&r=g","caption":"Kuali Staff"},"url":"https:\/\/kuali.com.mx\/web\/author\/lagarto\/"}]}},"_links":{"self":[{"href":"https:\/\/kuali.com.mx\/web\/wp-json\/wp\/v2\/posts\/191249","targetHints":{"allow":["GET"]}}],"collection":[{"href":"https:\/\/kuali.com.mx\/web\/wp-json\/wp\/v2\/posts"}],"about":[{"href":"https:\/\/kuali.com.mx\/web\/wp-json\/wp\/v2\/types\/post"}],"author":[{"embeddable":true,"href":"https:\/\/kuali.com.mx\/web\/wp-json\/wp\/v2\/users\/2"}],"replies":[{"embeddable":true,"href":"https:\/\/kuali.com.mx\/web\/wp-json\/wp\/v2\/comments?post=191249"}],"version-history":[{"count":1,"href":"https:\/\/kuali.com.mx\/web\/wp-json\/wp\/v2\/posts\/191249\/revisions"}],"predecessor-version":[{"id":191254,"href":"https:\/\/kuali.com.mx\/web\/wp-json\/wp\/v2\/posts\/191249\/revisions\/191254"}],"wp:featuredmedia":[{"embeddable":true,"href":"https:\/\/kuali.com.mx\/web\/wp-json\/wp\/v2\/media\/191252"}],"wp:attachment":[{"href":"https:\/\/kuali.com.mx\/web\/wp-json\/wp\/v2\/media?parent=191249"}],"wp:term":[{"taxonomy":"category","embeddable":true,"href":"https:\/\/kuali.com.mx\/web\/wp-json\/wp\/v2\/categories?post=191249"},{"taxonomy":"post_tag","embeddable":true,"href":"https:\/\/kuali.com.mx\/web\/wp-json\/wp\/v2\/tags?post=191249"}],"curies":[{"name":"wp","href":"https:\/\/api.w.org\/{rel}","templated":true}]}}