{"id":191143,"date":"2025-11-29T13:00:41","date_gmt":"2025-11-29T19:00:41","guid":{"rendered":"https:\/\/kuali.com.mx\/web\/?p=191143"},"modified":"2025-11-29T13:00:46","modified_gmt":"2025-11-29T19:00:46","slug":"baja-en-41-uso-del-transporte-publico","status":"publish","type":"post","link":"https:\/\/kuali.com.mx\/web\/2025\/11\/29\/baja-en-41-uso-del-transporte-publico\/","title":{"rendered":"BAJA EN 41% USO DEL TRANSPORTE P\u00daBLICO"},"content":{"rendered":"\n<p><strong>Milagros\u00a0Tadeo\/Le\u00f3n, Gto.-\u00a0<\/strong>El director de\u00a0Movilidad de Le\u00f3n,\u00a0Rodolfo Lugo Pacheco, se\u00f1al\u00f3 que la demanda del servicio de transporte p\u00fablico ha bajado en un 41% en el municipio, derivado de la inclusi\u00f3n de nuevos esquemas de movilidad.<\/p>\n\n\n\n<p>Se\u00f1al\u00f3 que desde que inici\u00f3 la pandemia por coronavirus en 2020 se dio el descenso en los traslados en el transporte p\u00fablico, baja que ha sido sostenida durante los \u00faltimos a\u00f1os.<\/p>\n\n\n\n<p>El director de Movilidad explic\u00f3 que tan s\u00f3lo antes de la pandemia, diariamente se daba servicio a 800 mil usuarios y ahora solo se atiende a 465 mil personas.<\/p>\n\n\n\n<p>Audio: Audio: 0:18 \u201cDespu\u00e9s de la pandemia aunque suene reiterativo, pero la gente comenz\u00f3 a encontrar medios alternativos de transporte, de nuestra parte seguimos trabajando en t\u00e9rminos infraestructura, tenemos mesas de trabajo con los concesionarios para tratar de encontrar mejores opciones de servicio, este, en realidad tambi\u00e9n hemos buscado encontrar las oportunidades de mejora del servicio y en general seguimos aplicando el reglamento, seguimos infraccionando cuando los automovilistas utilizan las zonas de ascensos y descensos de pasajeros\u201d, declar\u00f3.<\/p>\n\n\n\n<p>Coment\u00f3 que el aumento en el uso de las motos, scooters el\u00e9ctricos, patines y bicis el\u00e9ctricas es un factor que ha propiciado que los ciudadanos dejen de utilizar el transporte p\u00fablico.<\/p>\n\n\n\n<p>Expres\u00f3 que ante esto se busca generar acciones para identificar las \u00e1reas de oportunidad dentro del Sistema Integrado de Transporte y mejorar el servicio, para poder atraer de nueva cuenta a los usuarios.<\/p>\n","protected":false},"excerpt":{"rendered":"Milagros\u00a0Tadeo\/Le\u00f3n, Gto.-\u00a0El director de\u00a0Movilidad de Le\u00f3n,\u00a0Rodolfo Lugo Pacheco, se\u00f1al\u00f3 que la demanda del servicio de transporte p\u00fablico ha bajado en un 41% en el municipio, derivado de la inclusi\u00f3n de nuevos esquemas de movilidad. Se\u00f1al\u00f3 que desde que inici\u00f3 la pandemia por coronavirus en 2020 se dio el descenso en los traslados en el transporte [&hellip;]","protected":false},"author":2,"featured_media":57538,"comment_status":"open","ping_status":"open","sticky":false,"template":"","format":"standard","meta":{"_seopress_robots_primary_cat":"none","_seopress_titles_title":"","_seopress_titles_desc":"","_seopress_robots_index":"","_monsterinsights_skip_tracking":false,"_monsterinsights_sitenote_active":false,"_monsterinsights_sitenote_note":"","_monsterinsights_sitenote_category":0,"footnotes":""},"categories":[3,69],"tags":[],"class_list":["post-191143","post","type-post","status-publish","format-standard","has-post-thumbnail","hentry","category-politica","category-slider"],"yoast_head":"<!-- This site is optimized with the Yoast SEO plugin v27.4 - https:\/\/yoast.com\/product\/yoast-seo-wordpress\/ -->\n<title>BAJA EN 41% USO DEL TRANSPORTE P\u00daBLICO - Kuali<\/title>\n<meta name=\"robots\" content=\"index, follow, max-snippet:-1, max-image-preview:large, max-video-preview:-1\" \/>\n<link rel=\"canonical\" href=\"https:\/\/kuali.com.mx\/web\/2025\/11\/29\/baja-en-41-uso-del-transporte-publico\/\" \/>\n<meta property=\"og:locale\" content=\"es_MX\" \/>\n<meta property=\"og:type\" content=\"article\" \/>\n<meta property=\"og:title\" content=\"BAJA EN 41% USO DEL TRANSPORTE P\u00daBLICO - Kuali\" \/>\n<meta property=\"og:description\" content=\"Milagros\u00a0Tadeo\/Le\u00f3n, Gto.-\u00a0El director de\u00a0Movilidad de Le\u00f3n,\u00a0Rodolfo Lugo Pacheco, se\u00f1al\u00f3 que la demanda del servicio de transporte p\u00fablico ha bajado en un 41% en el municipio, derivado de la inclusi\u00f3n de nuevos esquemas de movilidad. Se\u00f1al\u00f3 que desde que inici\u00f3 la pandemia por coronavirus en 2020 se dio el descenso en los traslados en el transporte [&hellip;]\" \/>\n<meta property=\"og:url\" content=\"https:\/\/kuali.com.mx\/web\/2025\/11\/29\/baja-en-41-uso-del-transporte-publico\/\" \/>\n<meta property=\"og:site_name\" content=\"Kuali\" \/>\n<meta property=\"article:publisher\" content=\"https:\/\/kuali.com.mx\/web\/wp-content\/uploads\/2018\/04\/cropped-kuali_logo-1-1.png\" \/>\n<meta property=\"article:published_time\" content=\"2025-11-29T19:00:41+00:00\" \/>\n<meta property=\"article:modified_time\" content=\"2025-11-29T19:00:46+00:00\" \/>\n<meta property=\"og:image\" content=\"https:\/\/kuali.com.mx\/web\/wp-content\/uploads\/2019\/07\/Cami\u00f3n-Oruga-SIT.jpg\" \/>\n\t<meta property=\"og:image:width\" content=\"1846\" \/>\n\t<meta property=\"og:image:height\" content=\"750\" \/>\n\t<meta property=\"og:image:type\" content=\"image\/jpeg\" \/>\n<meta name=\"author\" content=\"Kuali Staff\" \/>\n<meta name=\"twitter:card\" content=\"summary_large_image\" \/>\n<meta name=\"twitter:creator\" content=\"@kuali_noticias\" \/>\n<meta name=\"twitter:site\" content=\"@kuali_noticias\" \/>\n<meta name=\"twitter:label1\" content=\"Escrito por\" \/>\n\t<meta name=\"twitter:data1\" content=\"Kuali Staff\" \/>\n\t<meta name=\"twitter:label2\" content=\"Tiempo de lectura\" \/>\n\t<meta name=\"twitter:data2\" content=\"1 minuto\" \/>\n<script type=\"application\/ld+json\" class=\"yoast-schema-graph\">{\"@context\":\"https:\\\/\\\/schema.org\",\"@graph\":[{\"@type\":\"Article\",\"@id\":\"https:\\\/\\\/kuali.com.mx\\\/web\\\/2025\\\/11\\\/29\\\/baja-en-41-uso-del-transporte-publico\\\/#article\",\"isPartOf\":{\"@id\":\"https:\\\/\\\/kuali.com.mx\\\/web\\\/2025\\\/11\\\/29\\\/baja-en-41-uso-del-transporte-publico\\\/\"},\"author\":{\"name\":\"Kuali Staff\",\"@id\":\"https:\\\/\\\/kuali.com.mx\\\/web\\\/#\\\/schema\\\/person\\\/6f89ffa8ecba9dae50662357923c5289\"},\"headline\":\"BAJA EN 41% USO DEL TRANSPORTE P\u00daBLICO\",\"datePublished\":\"2025-11-29T19:00:41+00:00\",\"dateModified\":\"2025-11-29T19:00:46+00:00\",\"mainEntityOfPage\":{\"@id\":\"https:\\\/\\\/kuali.com.mx\\\/web\\\/2025\\\/11\\\/29\\\/baja-en-41-uso-del-transporte-publico\\\/\"},\"wordCount\":259,\"commentCount\":0,\"image\":{\"@id\":\"https:\\\/\\\/kuali.com.mx\\\/web\\\/2025\\\/11\\\/29\\\/baja-en-41-uso-del-transporte-publico\\\/#primaryimage\"},\"thumbnailUrl\":\"https:\\\/\\\/kuali.com.mx\\\/web\\\/wp-content\\\/uploads\\\/2019\\\/07\\\/Cami\u00f3n-Oruga-SIT.jpg\",\"articleSection\":[\"Pol\u00edtica\",\"slider\"],\"inLanguage\":\"es\",\"potentialAction\":[{\"@type\":\"CommentAction\",\"name\":\"Comment\",\"target\":[\"https:\\\/\\\/kuali.com.mx\\\/web\\\/2025\\\/11\\\/29\\\/baja-en-41-uso-del-transporte-publico\\\/#respond\"]}]},{\"@type\":\"WebPage\",\"@id\":\"https:\\\/\\\/kuali.com.mx\\\/web\\\/2025\\\/11\\\/29\\\/baja-en-41-uso-del-transporte-publico\\\/\",\"url\":\"https:\\\/\\\/kuali.com.mx\\\/web\\\/2025\\\/11\\\/29\\\/baja-en-41-uso-del-transporte-publico\\\/\",\"name\":\"BAJA EN 41% USO DEL TRANSPORTE P\u00daBLICO - Kuali\",\"isPartOf\":{\"@id\":\"https:\\\/\\\/kuali.com.mx\\\/web\\\/#website\"},\"primaryImageOfPage\":{\"@id\":\"https:\\\/\\\/kuali.com.mx\\\/web\\\/2025\\\/11\\\/29\\\/baja-en-41-uso-del-transporte-publico\\\/#primaryimage\"},\"image\":{\"@id\":\"https:\\\/\\\/kuali.com.mx\\\/web\\\/2025\\\/11\\\/29\\\/baja-en-41-uso-del-transporte-publico\\\/#primaryimage\"},\"thumbnailUrl\":\"https:\\\/\\\/kuali.com.mx\\\/web\\\/wp-content\\\/uploads\\\/2019\\\/07\\\/Cami\u00f3n-Oruga-SIT.jpg\",\"datePublished\":\"2025-11-29T19:00:41+00:00\",\"dateModified\":\"2025-11-29T19:00:46+00:00\",\"author\":{\"@id\":\"https:\\\/\\\/kuali.com.mx\\\/web\\\/#\\\/schema\\\/person\\\/6f89ffa8ecba9dae50662357923c5289\"},\"breadcrumb\":{\"@id\":\"https:\\\/\\\/kuali.com.mx\\\/web\\\/2025\\\/11\\\/29\\\/baja-en-41-uso-del-transporte-publico\\\/#breadcrumb\"},\"inLanguage\":\"es\",\"potentialAction\":[{\"@type\":\"ReadAction\",\"target\":[\"https:\\\/\\\/kuali.com.mx\\\/web\\\/2025\\\/11\\\/29\\\/baja-en-41-uso-del-transporte-publico\\\/\"]}]},{\"@type\":\"ImageObject\",\"inLanguage\":\"es\",\"@id\":\"https:\\\/\\\/kuali.com.mx\\\/web\\\/2025\\\/11\\\/29\\\/baja-en-41-uso-del-transporte-publico\\\/#primaryimage\",\"url\":\"https:\\\/\\\/kuali.com.mx\\\/web\\\/wp-content\\\/uploads\\\/2019\\\/07\\\/Cami\u00f3n-Oruga-SIT.jpg\",\"contentUrl\":\"https:\\\/\\\/kuali.com.mx\\\/web\\\/wp-content\\\/uploads\\\/2019\\\/07\\\/Cami\u00f3n-Oruga-SIT.jpg\",\"width\":1846,\"height\":750},{\"@type\":\"BreadcrumbList\",\"@id\":\"https:\\\/\\\/kuali.com.mx\\\/web\\\/2025\\\/11\\\/29\\\/baja-en-41-uso-del-transporte-publico\\\/#breadcrumb\",\"itemListElement\":[{\"@type\":\"ListItem\",\"position\":1,\"name\":\"Inicio\",\"item\":\"https:\\\/\\\/kuali.com.mx\\\/web\\\/\"},{\"@type\":\"ListItem\",\"position\":2,\"name\":\"BAJA EN 41% USO DEL TRANSPORTE P\u00daBLICO\"}]},{\"@type\":\"WebSite\",\"@id\":\"https:\\\/\\\/kuali.com.mx\\\/web\\\/#website\",\"url\":\"https:\\\/\\\/kuali.com.mx\\\/web\\\/\",\"name\":\"Kuali\",\"description\":\"\",\"potentialAction\":[{\"@type\":\"SearchAction\",\"target\":{\"@type\":\"EntryPoint\",\"urlTemplate\":\"https:\\\/\\\/kuali.com.mx\\\/web\\\/?s={search_term_string}\"},\"query-input\":{\"@type\":\"PropertyValueSpecification\",\"valueRequired\":true,\"valueName\":\"search_term_string\"}}],\"inLanguage\":\"es\"},{\"@type\":\"Person\",\"@id\":\"https:\\\/\\\/kuali.com.mx\\\/web\\\/#\\\/schema\\\/person\\\/6f89ffa8ecba9dae50662357923c5289\",\"name\":\"Kuali Staff\",\"image\":{\"@type\":\"ImageObject\",\"inLanguage\":\"es\",\"@id\":\"https:\\\/\\\/secure.gravatar.com\\\/avatar\\\/f917ad82e5ab71227a733c78b6e60715476f69ee6be59feee4eb5d9920c89e0f?s=96&d=mm&r=g\",\"url\":\"https:\\\/\\\/secure.gravatar.com\\\/avatar\\\/f917ad82e5ab71227a733c78b6e60715476f69ee6be59feee4eb5d9920c89e0f?s=96&d=mm&r=g\",\"contentUrl\":\"https:\\\/\\\/secure.gravatar.com\\\/avatar\\\/f917ad82e5ab71227a733c78b6e60715476f69ee6be59feee4eb5d9920c89e0f?s=96&d=mm&r=g\",\"caption\":\"Kuali Staff\"},\"url\":\"https:\\\/\\\/kuali.com.mx\\\/web\\\/author\\\/lagarto\\\/\"}]}<\/script>\n<!-- \/ Yoast SEO plugin. -->","yoast_head_json":{"title":"BAJA EN 41% USO DEL TRANSPORTE P\u00daBLICO - Kuali","robots":{"index":"index","follow":"follow","max-snippet":"max-snippet:-1","max-image-preview":"max-image-preview:large","max-video-preview":"max-video-preview:-1"},"canonical":"https:\/\/kuali.com.mx\/web\/2025\/11\/29\/baja-en-41-uso-del-transporte-publico\/","og_locale":"es_MX","og_type":"article","og_title":"BAJA EN 41% USO DEL TRANSPORTE P\u00daBLICO - Kuali","og_description":"Milagros\u00a0Tadeo\/Le\u00f3n, Gto.-\u00a0El director de\u00a0Movilidad de Le\u00f3n,\u00a0Rodolfo Lugo Pacheco, se\u00f1al\u00f3 que la demanda del servicio de transporte p\u00fablico ha bajado en un 41% en el municipio, derivado de la inclusi\u00f3n de nuevos esquemas de movilidad. Se\u00f1al\u00f3 que desde que inici\u00f3 la pandemia por coronavirus en 2020 se dio el descenso en los traslados en el transporte [&hellip;]","og_url":"https:\/\/kuali.com.mx\/web\/2025\/11\/29\/baja-en-41-uso-del-transporte-publico\/","og_site_name":"Kuali","article_publisher":"https:\/\/kuali.com.mx\/web\/wp-content\/uploads\/2018\/04\/cropped-kuali_logo-1-1.png","article_published_time":"2025-11-29T19:00:41+00:00","article_modified_time":"2025-11-29T19:00:46+00:00","og_image":[{"width":1846,"height":750,"url":"https:\/\/kuali.com.mx\/web\/wp-content\/uploads\/2019\/07\/Cami\u00f3n-Oruga-SIT.jpg","type":"image\/jpeg"}],"author":"Kuali Staff","twitter_card":"summary_large_image","twitter_creator":"@kuali_noticias","twitter_site":"@kuali_noticias","twitter_misc":{"Escrito por":"Kuali Staff","Tiempo de lectura":"1 minuto"},"schema":{"@context":"https:\/\/schema.org","@graph":[{"@type":"Article","@id":"https:\/\/kuali.com.mx\/web\/2025\/11\/29\/baja-en-41-uso-del-transporte-publico\/#article","isPartOf":{"@id":"https:\/\/kuali.com.mx\/web\/2025\/11\/29\/baja-en-41-uso-del-transporte-publico\/"},"author":{"name":"Kuali Staff","@id":"https:\/\/kuali.com.mx\/web\/#\/schema\/person\/6f89ffa8ecba9dae50662357923c5289"},"headline":"BAJA EN 41% USO DEL TRANSPORTE P\u00daBLICO","datePublished":"2025-11-29T19:00:41+00:00","dateModified":"2025-11-29T19:00:46+00:00","mainEntityOfPage":{"@id":"https:\/\/kuali.com.mx\/web\/2025\/11\/29\/baja-en-41-uso-del-transporte-publico\/"},"wordCount":259,"commentCount":0,"image":{"@id":"https:\/\/kuali.com.mx\/web\/2025\/11\/29\/baja-en-41-uso-del-transporte-publico\/#primaryimage"},"thumbnailUrl":"https:\/\/kuali.com.mx\/web\/wp-content\/uploads\/2019\/07\/Cami\u00f3n-Oruga-SIT.jpg","articleSection":["Pol\u00edtica","slider"],"inLanguage":"es","potentialAction":[{"@type":"CommentAction","name":"Comment","target":["https:\/\/kuali.com.mx\/web\/2025\/11\/29\/baja-en-41-uso-del-transporte-publico\/#respond"]}]},{"@type":"WebPage","@id":"https:\/\/kuali.com.mx\/web\/2025\/11\/29\/baja-en-41-uso-del-transporte-publico\/","url":"https:\/\/kuali.com.mx\/web\/2025\/11\/29\/baja-en-41-uso-del-transporte-publico\/","name":"BAJA EN 41% USO DEL TRANSPORTE P\u00daBLICO - Kuali","isPartOf":{"@id":"https:\/\/kuali.com.mx\/web\/#website"},"primaryImageOfPage":{"@id":"https:\/\/kuali.com.mx\/web\/2025\/11\/29\/baja-en-41-uso-del-transporte-publico\/#primaryimage"},"image":{"@id":"https:\/\/kuali.com.mx\/web\/2025\/11\/29\/baja-en-41-uso-del-transporte-publico\/#primaryimage"},"thumbnailUrl":"https:\/\/kuali.com.mx\/web\/wp-content\/uploads\/2019\/07\/Cami\u00f3n-Oruga-SIT.jpg","datePublished":"2025-11-29T19:00:41+00:00","dateModified":"2025-11-29T19:00:46+00:00","author":{"@id":"https:\/\/kuali.com.mx\/web\/#\/schema\/person\/6f89ffa8ecba9dae50662357923c5289"},"breadcrumb":{"@id":"https:\/\/kuali.com.mx\/web\/2025\/11\/29\/baja-en-41-uso-del-transporte-publico\/#breadcrumb"},"inLanguage":"es","potentialAction":[{"@type":"ReadAction","target":["https:\/\/kuali.com.mx\/web\/2025\/11\/29\/baja-en-41-uso-del-transporte-publico\/"]}]},{"@type":"ImageObject","inLanguage":"es","@id":"https:\/\/kuali.com.mx\/web\/2025\/11\/29\/baja-en-41-uso-del-transporte-publico\/#primaryimage","url":"https:\/\/kuali.com.mx\/web\/wp-content\/uploads\/2019\/07\/Cami\u00f3n-Oruga-SIT.jpg","contentUrl":"https:\/\/kuali.com.mx\/web\/wp-content\/uploads\/2019\/07\/Cami\u00f3n-Oruga-SIT.jpg","width":1846,"height":750},{"@type":"BreadcrumbList","@id":"https:\/\/kuali.com.mx\/web\/2025\/11\/29\/baja-en-41-uso-del-transporte-publico\/#breadcrumb","itemListElement":[{"@type":"ListItem","position":1,"name":"Inicio","item":"https:\/\/kuali.com.mx\/web\/"},{"@type":"ListItem","position":2,"name":"BAJA EN 41% USO DEL TRANSPORTE P\u00daBLICO"}]},{"@type":"WebSite","@id":"https:\/\/kuali.com.mx\/web\/#website","url":"https:\/\/kuali.com.mx\/web\/","name":"Kuali","description":"","potentialAction":[{"@type":"SearchAction","target":{"@type":"EntryPoint","urlTemplate":"https:\/\/kuali.com.mx\/web\/?s={search_term_string}"},"query-input":{"@type":"PropertyValueSpecification","valueRequired":true,"valueName":"search_term_string"}}],"inLanguage":"es"},{"@type":"Person","@id":"https:\/\/kuali.com.mx\/web\/#\/schema\/person\/6f89ffa8ecba9dae50662357923c5289","name":"Kuali Staff","image":{"@type":"ImageObject","inLanguage":"es","@id":"https:\/\/secure.gravatar.com\/avatar\/f917ad82e5ab71227a733c78b6e60715476f69ee6be59feee4eb5d9920c89e0f?s=96&d=mm&r=g","url":"https:\/\/secure.gravatar.com\/avatar\/f917ad82e5ab71227a733c78b6e60715476f69ee6be59feee4eb5d9920c89e0f?s=96&d=mm&r=g","contentUrl":"https:\/\/secure.gravatar.com\/avatar\/f917ad82e5ab71227a733c78b6e60715476f69ee6be59feee4eb5d9920c89e0f?s=96&d=mm&r=g","caption":"Kuali Staff"},"url":"https:\/\/kuali.com.mx\/web\/author\/lagarto\/"}]}},"_links":{"self":[{"href":"https:\/\/kuali.com.mx\/web\/wp-json\/wp\/v2\/posts\/191143","targetHints":{"allow":["GET"]}}],"collection":[{"href":"https:\/\/kuali.com.mx\/web\/wp-json\/wp\/v2\/posts"}],"about":[{"href":"https:\/\/kuali.com.mx\/web\/wp-json\/wp\/v2\/types\/post"}],"author":[{"embeddable":true,"href":"https:\/\/kuali.com.mx\/web\/wp-json\/wp\/v2\/users\/2"}],"replies":[{"embeddable":true,"href":"https:\/\/kuali.com.mx\/web\/wp-json\/wp\/v2\/comments?post=191143"}],"version-history":[{"count":1,"href":"https:\/\/kuali.com.mx\/web\/wp-json\/wp\/v2\/posts\/191143\/revisions"}],"predecessor-version":[{"id":191146,"href":"https:\/\/kuali.com.mx\/web\/wp-json\/wp\/v2\/posts\/191143\/revisions\/191146"}],"wp:featuredmedia":[{"embeddable":true,"href":"https:\/\/kuali.com.mx\/web\/wp-json\/wp\/v2\/media\/57538"}],"wp:attachment":[{"href":"https:\/\/kuali.com.mx\/web\/wp-json\/wp\/v2\/media?parent=191143"}],"wp:term":[{"taxonomy":"category","embeddable":true,"href":"https:\/\/kuali.com.mx\/web\/wp-json\/wp\/v2\/categories?post=191143"},{"taxonomy":"post_tag","embeddable":true,"href":"https:\/\/kuali.com.mx\/web\/wp-json\/wp\/v2\/tags?post=191143"}],"curies":[{"name":"wp","href":"https:\/\/api.w.org\/{rel}","templated":true}]}}