{"id":191114,"date":"2025-11-29T12:19:13","date_gmt":"2025-11-29T18:19:13","guid":{"rendered":"https:\/\/kuali.com.mx\/web\/?p=191114"},"modified":"2025-11-29T12:19:17","modified_gmt":"2025-11-29T18:19:17","slug":"clausuran-a-ladrilleras-de-san-jose-iturbide","status":"publish","type":"post","link":"https:\/\/kuali.com.mx\/web\/2025\/11\/29\/clausuran-a-ladrilleras-de-san-jose-iturbide\/","title":{"rendered":"CLAUSURAN A LADRILLERAS DE SAN JOS\u00c9 ITURBIDE"},"content":{"rendered":"\n<p><strong>Jeshael Rivera Villal\u00f3nSan Jos\u00e9 de Iturbide, Gto.<\/strong> - Al menos cinco tabiqueras de Villa de El Capul\u00edn en el municipio de San Jos\u00e9 de Iturbide han sido clausuradas. El gobierno local aprob\u00f3 mandar un posicionamiento a las autoridades ambientales del estado para que otorguen cierto tiempo a las familias afectadas para regularizarse, pues los est\u00e1n dejando sin ingresos econ\u00f3micos.<\/p>\n\n\n\n<p>El punto fue abordado por el alcalde Edgar Manuel Montes en sesi\u00f3n ordinaria de Ayuntamiento. Ah\u00ed pidi\u00f3 el respaldo del resto de ediles para pedir a la Procuradur\u00eda del Medio Ambiente y Ordenamiento Territorial que se informen los motivos de la clausura y se d\u00e9 cierto tiempo de \u201cpr\u00f3rroga\u201d a los afectados para regularizarse.<\/p>\n\n\n\n<p>Agreg\u00f3 que las clausuras se han dado principalmente en Villa de El Capul\u00edn.<\/p>\n\n\n\n<p>\u201cEsto es buscando que las autoridades sean sensibles en ese sentido; hoy a todas las familias que tienen ese giro de trabajo y que se mantienen en base a ese tipo de negocios, est\u00e1n siendo afectadas en su econom\u00eda\u201d, expuso.<\/p>\n\n\n\n<p>La cantidad de personas afectadas no se ha cuantificado, pues, aunque algunos de los negocios clausurados son familiares, otros tambi\u00e9n generan empleos y por eso es que se har\u00e1 un censo para saber con precisi\u00f3n cu\u00e1ntas personas viven de ese tipo de trabajo.<\/p>\n\n\n\n<p>Montes De La Vega dijo a los medios de comunicaci\u00f3n que los afectados se acercaron a cuestionar al gobierno local por qu\u00e9 los clausuraban, pero ah\u00ed se aclar\u00f3 que no era una acci\u00f3n municipal.<\/p>\n\n\n\n<p>No obstante, remarco que es evidente que este tipo de trabajos deben hacerse en apego a las normas ambientales.<\/p>\n\n\n\n<p>\u201cEl diagn\u00f3stico que tenemos en la direcci\u00f3n de ecolog\u00eda es que han sido 5; lo que estamos solicitando es que la autoridad sea un poco m\u00e1s sensible; entendemos que estos tambi\u00e9n son t\u00e9rminos de ley y tenemos que apegarnos al estado de derecho\u201d, refiri\u00f3.<\/p>\n\n\n\n<p>Con tal contexto, adelant\u00f3 que el gobierno local buscar\u00e1 apoyar a los afectados el pr\u00f3ximo a\u00f1o con la compra de algunas m\u00e1quinas que les permitan seguir fabricando tabiques y ladrillos en forma \u201cseca\u201d, sin que tengan procesos que afecten al medio ambiente.<\/p>\n\n\n\n<p>\u2014De momento \u2014expuso\u2014 se les ha comentado que son clausuras temporales, pero ya se est\u00e1 teniendo un impacto econ\u00f3mico y por eso se pide tiempo para que se regularicen y no vean suspendida su fuente de ingresos.<\/p>\n\n\n\n<p>Aunque no se tiene un censo de cu\u00e1ntas ladrilleras hay en el municipio, s\u00ed reconoci\u00f3 que tambi\u00e9n podr\u00edan ser clausuradas.<\/p>\n\n\n\n<p>\u201cEst\u00e1n en riesgo, la verdad, pues ahora la SMAOT est\u00e1 obviamente y la PAOT acat\u00e1ndose a lo que la normatividad establece; lo que estamos pidiendo es que den una pr\u00f3rroga para que las personas tambi\u00e9n tengan una posibilidad de apegarse a lo que conforme a derecho les corresponde\u201d, concluy\u00f3.<\/p>\n\n\n\n<p>Cabe se\u00f1alar que, d\u00edas atr\u00e1s, a trav\u00e9s de la p\u00e1gina de Facebook de la Procuradur\u00eda del Medio Ambiente y Ordenamiento Territorial (PAOT), se dio a conocer que un horno tabiquero fue clausurado \u201cpor no contar con su licencia ambiental de funcionamiento\u201d.<\/p>\n\n\n\n<p>Adem\u00e1s, se expuso que esa y otra clausura de banco de material busca prevenir \u201cda\u00f1os al entorno\u201d y prevenir \u201cemisiones contaminantes\u201d.<\/p>\n","protected":false},"excerpt":{"rendered":"Jeshael Rivera Villal\u00f3nSan Jos\u00e9 de Iturbide, Gto. - Al menos cinco tabiqueras de Villa de El Capul\u00edn en el municipio de San Jos\u00e9 de Iturbide han sido clausuradas. El gobierno local aprob\u00f3 mandar un posicionamiento a las autoridades ambientales del estado para que otorguen cierto tiempo a las familias afectadas para regularizarse, pues los est\u00e1n [&hellip;]","protected":false},"author":2,"featured_media":191117,"comment_status":"open","ping_status":"open","sticky":false,"template":"","format":"standard","meta":{"_seopress_robots_primary_cat":"none","_seopress_titles_title":"","_seopress_titles_desc":"","_seopress_robots_index":"","_monsterinsights_skip_tracking":false,"_monsterinsights_sitenote_active":false,"_monsterinsights_sitenote_note":"","_monsterinsights_sitenote_category":0,"footnotes":""},"categories":[17,69],"tags":[],"class_list":["post-191114","post","type-post","status-publish","format-standard","has-post-thumbnail","hentry","category-ecologia","category-slider"],"yoast_head":"<!-- This site is optimized with the Yoast SEO plugin v27.4 - https:\/\/yoast.com\/product\/yoast-seo-wordpress\/ -->\n<title>CLAUSURAN A LADRILLERAS DE SAN JOS\u00c9 ITURBIDE - Kuali<\/title>\n<meta name=\"robots\" content=\"index, follow, max-snippet:-1, max-image-preview:large, max-video-preview:-1\" \/>\n<link rel=\"canonical\" href=\"https:\/\/kuali.com.mx\/web\/2025\/11\/29\/clausuran-a-ladrilleras-de-san-jose-iturbide\/\" \/>\n<meta property=\"og:locale\" content=\"es_MX\" \/>\n<meta property=\"og:type\" content=\"article\" \/>\n<meta property=\"og:title\" content=\"CLAUSURAN A LADRILLERAS DE SAN JOS\u00c9 ITURBIDE - Kuali\" \/>\n<meta property=\"og:description\" content=\"Jeshael Rivera Villal\u00f3nSan Jos\u00e9 de Iturbide, Gto. - Al menos cinco tabiqueras de Villa de El Capul\u00edn en el municipio de San Jos\u00e9 de Iturbide han sido clausuradas. El gobierno local aprob\u00f3 mandar un posicionamiento a las autoridades ambientales del estado para que otorguen cierto tiempo a las familias afectadas para regularizarse, pues los est\u00e1n [&hellip;]\" \/>\n<meta property=\"og:url\" content=\"https:\/\/kuali.com.mx\/web\/2025\/11\/29\/clausuran-a-ladrilleras-de-san-jose-iturbide\/\" \/>\n<meta property=\"og:site_name\" content=\"Kuali\" \/>\n<meta property=\"article:publisher\" content=\"https:\/\/kuali.com.mx\/web\/wp-content\/uploads\/2018\/04\/cropped-kuali_logo-1-1.png\" \/>\n<meta property=\"article:published_time\" content=\"2025-11-29T18:19:13+00:00\" \/>\n<meta property=\"article:modified_time\" content=\"2025-11-29T18:19:17+00:00\" \/>\n<meta property=\"og:image\" content=\"https:\/\/kuali.com.mx\/web\/wp-content\/uploads\/2025\/11\/Clausuran-ladrilleras.jpeg\" \/>\n\t<meta property=\"og:image:width\" content=\"1824\" \/>\n\t<meta property=\"og:image:height\" content=\"750\" \/>\n\t<meta property=\"og:image:type\" content=\"image\/jpeg\" \/>\n<meta name=\"author\" content=\"Kuali Staff\" \/>\n<meta name=\"twitter:card\" content=\"summary_large_image\" \/>\n<meta name=\"twitter:creator\" content=\"@kuali_noticias\" \/>\n<meta name=\"twitter:site\" content=\"@kuali_noticias\" \/>\n<meta name=\"twitter:label1\" content=\"Escrito por\" \/>\n\t<meta name=\"twitter:data1\" content=\"Kuali Staff\" \/>\n\t<meta name=\"twitter:label2\" content=\"Tiempo de lectura\" \/>\n\t<meta name=\"twitter:data2\" content=\"3 minutos\" \/>\n<script type=\"application\/ld+json\" class=\"yoast-schema-graph\">{\"@context\":\"https:\\\/\\\/schema.org\",\"@graph\":[{\"@type\":\"Article\",\"@id\":\"https:\\\/\\\/kuali.com.mx\\\/web\\\/2025\\\/11\\\/29\\\/clausuran-a-ladrilleras-de-san-jose-iturbide\\\/#article\",\"isPartOf\":{\"@id\":\"https:\\\/\\\/kuali.com.mx\\\/web\\\/2025\\\/11\\\/29\\\/clausuran-a-ladrilleras-de-san-jose-iturbide\\\/\"},\"author\":{\"name\":\"Kuali Staff\",\"@id\":\"https:\\\/\\\/kuali.com.mx\\\/web\\\/#\\\/schema\\\/person\\\/6f89ffa8ecba9dae50662357923c5289\"},\"headline\":\"CLAUSURAN A LADRILLERAS DE SAN JOS\u00c9 ITURBIDE\",\"datePublished\":\"2025-11-29T18:19:13+00:00\",\"dateModified\":\"2025-11-29T18:19:17+00:00\",\"mainEntityOfPage\":{\"@id\":\"https:\\\/\\\/kuali.com.mx\\\/web\\\/2025\\\/11\\\/29\\\/clausuran-a-ladrilleras-de-san-jose-iturbide\\\/\"},\"wordCount\":562,\"commentCount\":0,\"image\":{\"@id\":\"https:\\\/\\\/kuali.com.mx\\\/web\\\/2025\\\/11\\\/29\\\/clausuran-a-ladrilleras-de-san-jose-iturbide\\\/#primaryimage\"},\"thumbnailUrl\":\"https:\\\/\\\/kuali.com.mx\\\/web\\\/wp-content\\\/uploads\\\/2025\\\/11\\\/Clausuran-ladrilleras.jpeg\",\"articleSection\":[\"Ecolog\u00eda\",\"slider\"],\"inLanguage\":\"es\",\"potentialAction\":[{\"@type\":\"CommentAction\",\"name\":\"Comment\",\"target\":[\"https:\\\/\\\/kuali.com.mx\\\/web\\\/2025\\\/11\\\/29\\\/clausuran-a-ladrilleras-de-san-jose-iturbide\\\/#respond\"]}]},{\"@type\":\"WebPage\",\"@id\":\"https:\\\/\\\/kuali.com.mx\\\/web\\\/2025\\\/11\\\/29\\\/clausuran-a-ladrilleras-de-san-jose-iturbide\\\/\",\"url\":\"https:\\\/\\\/kuali.com.mx\\\/web\\\/2025\\\/11\\\/29\\\/clausuran-a-ladrilleras-de-san-jose-iturbide\\\/\",\"name\":\"CLAUSURAN A LADRILLERAS DE SAN JOS\u00c9 ITURBIDE - Kuali\",\"isPartOf\":{\"@id\":\"https:\\\/\\\/kuali.com.mx\\\/web\\\/#website\"},\"primaryImageOfPage\":{\"@id\":\"https:\\\/\\\/kuali.com.mx\\\/web\\\/2025\\\/11\\\/29\\\/clausuran-a-ladrilleras-de-san-jose-iturbide\\\/#primaryimage\"},\"image\":{\"@id\":\"https:\\\/\\\/kuali.com.mx\\\/web\\\/2025\\\/11\\\/29\\\/clausuran-a-ladrilleras-de-san-jose-iturbide\\\/#primaryimage\"},\"thumbnailUrl\":\"https:\\\/\\\/kuali.com.mx\\\/web\\\/wp-content\\\/uploads\\\/2025\\\/11\\\/Clausuran-ladrilleras.jpeg\",\"datePublished\":\"2025-11-29T18:19:13+00:00\",\"dateModified\":\"2025-11-29T18:19:17+00:00\",\"author\":{\"@id\":\"https:\\\/\\\/kuali.com.mx\\\/web\\\/#\\\/schema\\\/person\\\/6f89ffa8ecba9dae50662357923c5289\"},\"breadcrumb\":{\"@id\":\"https:\\\/\\\/kuali.com.mx\\\/web\\\/2025\\\/11\\\/29\\\/clausuran-a-ladrilleras-de-san-jose-iturbide\\\/#breadcrumb\"},\"inLanguage\":\"es\",\"potentialAction\":[{\"@type\":\"ReadAction\",\"target\":[\"https:\\\/\\\/kuali.com.mx\\\/web\\\/2025\\\/11\\\/29\\\/clausuran-a-ladrilleras-de-san-jose-iturbide\\\/\"]}]},{\"@type\":\"ImageObject\",\"inLanguage\":\"es\",\"@id\":\"https:\\\/\\\/kuali.com.mx\\\/web\\\/2025\\\/11\\\/29\\\/clausuran-a-ladrilleras-de-san-jose-iturbide\\\/#primaryimage\",\"url\":\"https:\\\/\\\/kuali.com.mx\\\/web\\\/wp-content\\\/uploads\\\/2025\\\/11\\\/Clausuran-ladrilleras.jpeg\",\"contentUrl\":\"https:\\\/\\\/kuali.com.mx\\\/web\\\/wp-content\\\/uploads\\\/2025\\\/11\\\/Clausuran-ladrilleras.jpeg\",\"width\":1824,\"height\":750},{\"@type\":\"BreadcrumbList\",\"@id\":\"https:\\\/\\\/kuali.com.mx\\\/web\\\/2025\\\/11\\\/29\\\/clausuran-a-ladrilleras-de-san-jose-iturbide\\\/#breadcrumb\",\"itemListElement\":[{\"@type\":\"ListItem\",\"position\":1,\"name\":\"Inicio\",\"item\":\"https:\\\/\\\/kuali.com.mx\\\/web\\\/\"},{\"@type\":\"ListItem\",\"position\":2,\"name\":\"CLAUSURAN A LADRILLERAS DE SAN JOS\u00c9 ITURBIDE\"}]},{\"@type\":\"WebSite\",\"@id\":\"https:\\\/\\\/kuali.com.mx\\\/web\\\/#website\",\"url\":\"https:\\\/\\\/kuali.com.mx\\\/web\\\/\",\"name\":\"Kuali\",\"description\":\"\",\"potentialAction\":[{\"@type\":\"SearchAction\",\"target\":{\"@type\":\"EntryPoint\",\"urlTemplate\":\"https:\\\/\\\/kuali.com.mx\\\/web\\\/?s={search_term_string}\"},\"query-input\":{\"@type\":\"PropertyValueSpecification\",\"valueRequired\":true,\"valueName\":\"search_term_string\"}}],\"inLanguage\":\"es\"},{\"@type\":\"Person\",\"@id\":\"https:\\\/\\\/kuali.com.mx\\\/web\\\/#\\\/schema\\\/person\\\/6f89ffa8ecba9dae50662357923c5289\",\"name\":\"Kuali Staff\",\"image\":{\"@type\":\"ImageObject\",\"inLanguage\":\"es\",\"@id\":\"https:\\\/\\\/secure.gravatar.com\\\/avatar\\\/f917ad82e5ab71227a733c78b6e60715476f69ee6be59feee4eb5d9920c89e0f?s=96&d=mm&r=g\",\"url\":\"https:\\\/\\\/secure.gravatar.com\\\/avatar\\\/f917ad82e5ab71227a733c78b6e60715476f69ee6be59feee4eb5d9920c89e0f?s=96&d=mm&r=g\",\"contentUrl\":\"https:\\\/\\\/secure.gravatar.com\\\/avatar\\\/f917ad82e5ab71227a733c78b6e60715476f69ee6be59feee4eb5d9920c89e0f?s=96&d=mm&r=g\",\"caption\":\"Kuali Staff\"},\"url\":\"https:\\\/\\\/kuali.com.mx\\\/web\\\/author\\\/lagarto\\\/\"}]}<\/script>\n<!-- \/ Yoast SEO plugin. -->","yoast_head_json":{"title":"CLAUSURAN A LADRILLERAS DE SAN JOS\u00c9 ITURBIDE - Kuali","robots":{"index":"index","follow":"follow","max-snippet":"max-snippet:-1","max-image-preview":"max-image-preview:large","max-video-preview":"max-video-preview:-1"},"canonical":"https:\/\/kuali.com.mx\/web\/2025\/11\/29\/clausuran-a-ladrilleras-de-san-jose-iturbide\/","og_locale":"es_MX","og_type":"article","og_title":"CLAUSURAN A LADRILLERAS DE SAN JOS\u00c9 ITURBIDE - Kuali","og_description":"Jeshael Rivera Villal\u00f3nSan Jos\u00e9 de Iturbide, Gto. - Al menos cinco tabiqueras de Villa de El Capul\u00edn en el municipio de San Jos\u00e9 de Iturbide han sido clausuradas. El gobierno local aprob\u00f3 mandar un posicionamiento a las autoridades ambientales del estado para que otorguen cierto tiempo a las familias afectadas para regularizarse, pues los est\u00e1n [&hellip;]","og_url":"https:\/\/kuali.com.mx\/web\/2025\/11\/29\/clausuran-a-ladrilleras-de-san-jose-iturbide\/","og_site_name":"Kuali","article_publisher":"https:\/\/kuali.com.mx\/web\/wp-content\/uploads\/2018\/04\/cropped-kuali_logo-1-1.png","article_published_time":"2025-11-29T18:19:13+00:00","article_modified_time":"2025-11-29T18:19:17+00:00","og_image":[{"width":1824,"height":750,"url":"https:\/\/kuali.com.mx\/web\/wp-content\/uploads\/2025\/11\/Clausuran-ladrilleras.jpeg","type":"image\/jpeg"}],"author":"Kuali Staff","twitter_card":"summary_large_image","twitter_creator":"@kuali_noticias","twitter_site":"@kuali_noticias","twitter_misc":{"Escrito por":"Kuali Staff","Tiempo de lectura":"3 minutos"},"schema":{"@context":"https:\/\/schema.org","@graph":[{"@type":"Article","@id":"https:\/\/kuali.com.mx\/web\/2025\/11\/29\/clausuran-a-ladrilleras-de-san-jose-iturbide\/#article","isPartOf":{"@id":"https:\/\/kuali.com.mx\/web\/2025\/11\/29\/clausuran-a-ladrilleras-de-san-jose-iturbide\/"},"author":{"name":"Kuali Staff","@id":"https:\/\/kuali.com.mx\/web\/#\/schema\/person\/6f89ffa8ecba9dae50662357923c5289"},"headline":"CLAUSURAN A LADRILLERAS DE SAN JOS\u00c9 ITURBIDE","datePublished":"2025-11-29T18:19:13+00:00","dateModified":"2025-11-29T18:19:17+00:00","mainEntityOfPage":{"@id":"https:\/\/kuali.com.mx\/web\/2025\/11\/29\/clausuran-a-ladrilleras-de-san-jose-iturbide\/"},"wordCount":562,"commentCount":0,"image":{"@id":"https:\/\/kuali.com.mx\/web\/2025\/11\/29\/clausuran-a-ladrilleras-de-san-jose-iturbide\/#primaryimage"},"thumbnailUrl":"https:\/\/kuali.com.mx\/web\/wp-content\/uploads\/2025\/11\/Clausuran-ladrilleras.jpeg","articleSection":["Ecolog\u00eda","slider"],"inLanguage":"es","potentialAction":[{"@type":"CommentAction","name":"Comment","target":["https:\/\/kuali.com.mx\/web\/2025\/11\/29\/clausuran-a-ladrilleras-de-san-jose-iturbide\/#respond"]}]},{"@type":"WebPage","@id":"https:\/\/kuali.com.mx\/web\/2025\/11\/29\/clausuran-a-ladrilleras-de-san-jose-iturbide\/","url":"https:\/\/kuali.com.mx\/web\/2025\/11\/29\/clausuran-a-ladrilleras-de-san-jose-iturbide\/","name":"CLAUSURAN A LADRILLERAS DE SAN JOS\u00c9 ITURBIDE - Kuali","isPartOf":{"@id":"https:\/\/kuali.com.mx\/web\/#website"},"primaryImageOfPage":{"@id":"https:\/\/kuali.com.mx\/web\/2025\/11\/29\/clausuran-a-ladrilleras-de-san-jose-iturbide\/#primaryimage"},"image":{"@id":"https:\/\/kuali.com.mx\/web\/2025\/11\/29\/clausuran-a-ladrilleras-de-san-jose-iturbide\/#primaryimage"},"thumbnailUrl":"https:\/\/kuali.com.mx\/web\/wp-content\/uploads\/2025\/11\/Clausuran-ladrilleras.jpeg","datePublished":"2025-11-29T18:19:13+00:00","dateModified":"2025-11-29T18:19:17+00:00","author":{"@id":"https:\/\/kuali.com.mx\/web\/#\/schema\/person\/6f89ffa8ecba9dae50662357923c5289"},"breadcrumb":{"@id":"https:\/\/kuali.com.mx\/web\/2025\/11\/29\/clausuran-a-ladrilleras-de-san-jose-iturbide\/#breadcrumb"},"inLanguage":"es","potentialAction":[{"@type":"ReadAction","target":["https:\/\/kuali.com.mx\/web\/2025\/11\/29\/clausuran-a-ladrilleras-de-san-jose-iturbide\/"]}]},{"@type":"ImageObject","inLanguage":"es","@id":"https:\/\/kuali.com.mx\/web\/2025\/11\/29\/clausuran-a-ladrilleras-de-san-jose-iturbide\/#primaryimage","url":"https:\/\/kuali.com.mx\/web\/wp-content\/uploads\/2025\/11\/Clausuran-ladrilleras.jpeg","contentUrl":"https:\/\/kuali.com.mx\/web\/wp-content\/uploads\/2025\/11\/Clausuran-ladrilleras.jpeg","width":1824,"height":750},{"@type":"BreadcrumbList","@id":"https:\/\/kuali.com.mx\/web\/2025\/11\/29\/clausuran-a-ladrilleras-de-san-jose-iturbide\/#breadcrumb","itemListElement":[{"@type":"ListItem","position":1,"name":"Inicio","item":"https:\/\/kuali.com.mx\/web\/"},{"@type":"ListItem","position":2,"name":"CLAUSURAN A LADRILLERAS DE SAN JOS\u00c9 ITURBIDE"}]},{"@type":"WebSite","@id":"https:\/\/kuali.com.mx\/web\/#website","url":"https:\/\/kuali.com.mx\/web\/","name":"Kuali","description":"","potentialAction":[{"@type":"SearchAction","target":{"@type":"EntryPoint","urlTemplate":"https:\/\/kuali.com.mx\/web\/?s={search_term_string}"},"query-input":{"@type":"PropertyValueSpecification","valueRequired":true,"valueName":"search_term_string"}}],"inLanguage":"es"},{"@type":"Person","@id":"https:\/\/kuali.com.mx\/web\/#\/schema\/person\/6f89ffa8ecba9dae50662357923c5289","name":"Kuali Staff","image":{"@type":"ImageObject","inLanguage":"es","@id":"https:\/\/secure.gravatar.com\/avatar\/f917ad82e5ab71227a733c78b6e60715476f69ee6be59feee4eb5d9920c89e0f?s=96&d=mm&r=g","url":"https:\/\/secure.gravatar.com\/avatar\/f917ad82e5ab71227a733c78b6e60715476f69ee6be59feee4eb5d9920c89e0f?s=96&d=mm&r=g","contentUrl":"https:\/\/secure.gravatar.com\/avatar\/f917ad82e5ab71227a733c78b6e60715476f69ee6be59feee4eb5d9920c89e0f?s=96&d=mm&r=g","caption":"Kuali Staff"},"url":"https:\/\/kuali.com.mx\/web\/author\/lagarto\/"}]}},"_links":{"self":[{"href":"https:\/\/kuali.com.mx\/web\/wp-json\/wp\/v2\/posts\/191114","targetHints":{"allow":["GET"]}}],"collection":[{"href":"https:\/\/kuali.com.mx\/web\/wp-json\/wp\/v2\/posts"}],"about":[{"href":"https:\/\/kuali.com.mx\/web\/wp-json\/wp\/v2\/types\/post"}],"author":[{"embeddable":true,"href":"https:\/\/kuali.com.mx\/web\/wp-json\/wp\/v2\/users\/2"}],"replies":[{"embeddable":true,"href":"https:\/\/kuali.com.mx\/web\/wp-json\/wp\/v2\/comments?post=191114"}],"version-history":[{"count":1,"href":"https:\/\/kuali.com.mx\/web\/wp-json\/wp\/v2\/posts\/191114\/revisions"}],"predecessor-version":[{"id":191118,"href":"https:\/\/kuali.com.mx\/web\/wp-json\/wp\/v2\/posts\/191114\/revisions\/191118"}],"wp:featuredmedia":[{"embeddable":true,"href":"https:\/\/kuali.com.mx\/web\/wp-json\/wp\/v2\/media\/191117"}],"wp:attachment":[{"href":"https:\/\/kuali.com.mx\/web\/wp-json\/wp\/v2\/media?parent=191114"}],"wp:term":[{"taxonomy":"category","embeddable":true,"href":"https:\/\/kuali.com.mx\/web\/wp-json\/wp\/v2\/categories?post=191114"},{"taxonomy":"post_tag","embeddable":true,"href":"https:\/\/kuali.com.mx\/web\/wp-json\/wp\/v2\/tags?post=191114"}],"curies":[{"name":"wp","href":"https:\/\/api.w.org\/{rel}","templated":true}]}}