{"id":191024,"date":"2025-11-28T17:22:17","date_gmt":"2025-11-28T23:22:17","guid":{"rendered":"https:\/\/kuali.com.mx\/web\/?p=191024"},"modified":"2025-11-28T17:24:00","modified_gmt":"2025-11-28T23:24:00","slug":"castigaran-administrativamente-el-acoso-sexual","status":"publish","type":"post","link":"https:\/\/kuali.com.mx\/web\/2025\/11\/28\/castigaran-administrativamente-el-acoso-sexual\/","title":{"rendered":"CASTIGAR\u00c1N ADMINISTRATIVAMENTE EL ACOSO SEXUAL"},"content":{"rendered":"\n<p><strong><em>Carlos Garc\u00eda\/Guanajuato, Gto.-<\/em><\/strong> El Congreso de Guanajuato reform\u00f3 la Ley de Responsabilidades para que el acoso sexual cometido por funcionarios sea una falta administrativa grave que se castigue con la separaci\u00f3n del cargo o la inhabilitaci\u00f3n.<\/p>\n\n\n\n<p>A propuesta de la gobernadora, Libia Garc\u00eda Mu\u00f1oz Ledo, los diputados adicionaron <a href=\"https:\/\/congreso-gto.s3.amazonaws.com\/uploads\/orden_archivo\/archivo\/40785\/Dictamen_positivo_LRA_Gobernadora_acoso_sexual_267_LXVI-I_FIRMADO.pdf\">el art\u00edculo 57 bis<\/a>, que estipula que cometer\u00e1 acoso sexual el servidor p\u00fablico que con fines sexuales o lascivos asedie, produzca desventaja, indefensi\u00f3n o riesgo inminente para la persona, incluso si no existe una relaci\u00f3n de subordinaci\u00f3n.<\/p>\n\n\n\n<p>Agrega que se equiparan al acoso sexual los actos que impliquen violencia sexual en los t\u00e9rminos del art\u00edculo 6, fracci\u00f3n V de la Ley General de Acceso a las Mujeres a una Vida Libre de Violencia.<\/p>\n\n\n\n<p>Agrega que tambi\u00e9n comete acoso quien realice actos de violencia sexual hacia otra persona que no sea servidora p\u00fablica, vali\u00e9ndose de su empleo en el servicio p\u00fablico.<\/p>\n\n\n\n<p>Tambi\u00e9n se castigar\u00e1 a quien permita, tolere o facilite la realizaci\u00f3n de conductas de acoso sexual.<\/p>\n\n\n\n<p>Y quien grabe, reproduzca, fije, publique, ofrezca, almacene, exponga, env\u00ede, transmita, importe o exporte im\u00e1genes, textos, sonidos o la voz de una persona funcionaria p\u00fablica o no, sin consentimiento y con prop\u00f3sitos lascivos o er\u00f3ticos.<\/p>\n\n\n\n<p>Denuncias<\/p>\n\n\n\n<p>En lo que va del a\u00f1o 2025, la Procuradur\u00eda de los Derechos Humanos del Estado de Guanajuato (Prodheg) recibi\u00f3 23 denuncias por acoso sexual de mujeres que trabajan en cuatro dependencias estatales y en ocho gobiernos locales.<\/p>\n\n\n\n<p>Del total de las denuncias, 11 son de funcionarias estatales y 12 de municipales.<\/p>\n\n\n\n<p>La Prodheg investiga cinco casos denunciados en la Secretar\u00eda de Salud, cuatro en la Secretar\u00eda de Educaci\u00f3n, uno en el Instituto de Seguridad Social del Estado de Guanajuato (ISSEG) y uno en la Fiscal\u00eda General del Estado (FGE).<\/p>\n\n\n\n<p>Hay dos investigaciones contra autoridades del Ayuntamiento de Yuriria; una, en Seguridad de Irapuato; una, en el gobierno de Salvatierra; una, en Desarrollo Social de Celaya; una, en Ordenamiento Territorial de Salamanca; una, en la Comisi\u00f3n del Deporte de Yuriria y una, en Desarrollo Social de San Luis de la Paz.<\/p>\n\n\n\n<p>&nbsp;Le\u00f3n<\/p>\n\n\n\n<p>En lo que respecta al gobierno de Le\u00f3n, Derechos Humanos recibi\u00f3 una queja por acoso sexual en el Instituto de las Mujeres; una, en Protecci\u00f3n Civil; una, en Seguridad; y una, en el Patronato de la Feria.<\/p>\n\n\n\n<p>La procuradora, Karla Alcaraz Olvera, acaba de emitir seis resolutivos de recomendaci\u00f3n al director del Sistema de Agua Potable y Alcantarillado de Le\u00f3n (SAPAL), Enrique de Haro Maldonado, porque su jefe de Comunicaci\u00f3n acos\u00f3 sexualmente y laboralmente a una subordinada.<\/p>\n\n\n\n<p>Derechos Humanos comprob\u00f3 que&nbsp;el jefe de Comunicaci\u00f3n Social del SAPAL, Luis Arturo Hern\u00e1ndez Olmos, \u201comiti\u00f3 salvaguardar el derecho humano de las mujeres a una vida libre de violencia\u201d al acosar laboral y sexualmente a una subordinada.<\/p>\n\n\n\n<p>El caso fue documentado en el expediente de queja 0648\/2024, donde la funcionaria acus\u00f3 a su jefe de hacerle comentarios referentes a su cuerpo e invitaciones a salir.<\/p>\n\n\n\n<p>\u201cTodas las conversaciones que sostuvieron por medios electr\u00f3nicos fueron en un contexto de la relaci\u00f3n de amistad, y sus expresiones fueron bromeando\u201d, afirm\u00f3 Luis Arturo Hern\u00e1ndez ante Derechos Humanos.<\/p>\n\n\n\n<p>En sesi\u00f3n de Ayuntamiento, regidoras del PVEM y de MC solicitaron que sea destituido el jefe de Comunicaci\u00f3n, pero Enrique de Haro lo mantiene en el cargo.<\/p>\n","protected":false},"excerpt":{"rendered":"Carlos Garc\u00eda\/Guanajuato, Gto.- El Congreso de Guanajuato reform\u00f3 la Ley de Responsabilidades para que el acoso sexual cometido por funcionarios sea una falta administrativa grave que se castigue con la separaci\u00f3n del cargo o la inhabilitaci\u00f3n. A propuesta de la gobernadora, Libia Garc\u00eda Mu\u00f1oz Ledo, los diputados adicionaron el art\u00edculo 57 bis, que estipula que [&hellip;]","protected":false},"author":2,"featured_media":55570,"comment_status":"open","ping_status":"open","sticky":false,"template":"","format":"standard","meta":{"_seopress_robots_primary_cat":"none","_seopress_titles_title":"","_seopress_titles_desc":"","_seopress_robots_index":"","_monsterinsights_skip_tracking":false,"_monsterinsights_sitenote_active":false,"_monsterinsights_sitenote_note":"","_monsterinsights_sitenote_category":0,"footnotes":""},"categories":[14,69],"tags":[],"class_list":["post-191024","post","type-post","status-publish","format-standard","has-post-thumbnail","hentry","category-derechos","category-slider"],"yoast_head":"<!-- This site is optimized with the Yoast SEO plugin v27.4 - https:\/\/yoast.com\/product\/yoast-seo-wordpress\/ -->\n<title>CASTIGAR\u00c1N ADMINISTRATIVAMENTE EL ACOSO SEXUAL - Kuali<\/title>\n<meta name=\"robots\" content=\"index, follow, max-snippet:-1, max-image-preview:large, max-video-preview:-1\" \/>\n<link rel=\"canonical\" href=\"https:\/\/kuali.com.mx\/web\/2025\/11\/28\/castigaran-administrativamente-el-acoso-sexual\/\" \/>\n<meta property=\"og:locale\" content=\"es_MX\" \/>\n<meta property=\"og:type\" content=\"article\" \/>\n<meta property=\"og:title\" content=\"CASTIGAR\u00c1N ADMINISTRATIVAMENTE EL ACOSO SEXUAL - Kuali\" \/>\n<meta property=\"og:description\" content=\"Carlos Garc\u00eda\/Guanajuato, Gto.- El Congreso de Guanajuato reform\u00f3 la Ley de Responsabilidades para que el acoso sexual cometido por funcionarios sea una falta administrativa grave que se castigue con la separaci\u00f3n del cargo o la inhabilitaci\u00f3n. A propuesta de la gobernadora, Libia Garc\u00eda Mu\u00f1oz Ledo, los diputados adicionaron el art\u00edculo 57 bis, que estipula que [&hellip;]\" \/>\n<meta property=\"og:url\" content=\"https:\/\/kuali.com.mx\/web\/2025\/11\/28\/castigaran-administrativamente-el-acoso-sexual\/\" \/>\n<meta property=\"og:site_name\" content=\"Kuali\" \/>\n<meta property=\"article:publisher\" content=\"https:\/\/kuali.com.mx\/web\/wp-content\/uploads\/2018\/04\/cropped-kuali_logo-1-1.png\" \/>\n<meta property=\"article:published_time\" content=\"2025-11-28T23:22:17+00:00\" \/>\n<meta property=\"article:modified_time\" content=\"2025-11-28T23:24:00+00:00\" \/>\n<meta property=\"og:image\" content=\"https:\/\/kuali.com.mx\/web\/wp-content\/uploads\/2019\/05\/acoso-sexual.jpg\" \/>\n\t<meta property=\"og:image:width\" content=\"1843\" \/>\n\t<meta property=\"og:image:height\" content=\"750\" \/>\n\t<meta property=\"og:image:type\" content=\"image\/jpeg\" \/>\n<meta name=\"author\" content=\"Kuali Staff\" \/>\n<meta name=\"twitter:card\" content=\"summary_large_image\" \/>\n<meta name=\"twitter:creator\" content=\"@kuali_noticias\" \/>\n<meta name=\"twitter:site\" content=\"@kuali_noticias\" \/>\n<meta name=\"twitter:label1\" content=\"Escrito por\" \/>\n\t<meta name=\"twitter:data1\" content=\"Kuali Staff\" \/>\n\t<meta name=\"twitter:label2\" content=\"Tiempo de lectura\" \/>\n\t<meta name=\"twitter:data2\" content=\"3 minutos\" \/>\n<script type=\"application\/ld+json\" class=\"yoast-schema-graph\">{\"@context\":\"https:\\\/\\\/schema.org\",\"@graph\":[{\"@type\":\"Article\",\"@id\":\"https:\\\/\\\/kuali.com.mx\\\/web\\\/2025\\\/11\\\/28\\\/castigaran-administrativamente-el-acoso-sexual\\\/#article\",\"isPartOf\":{\"@id\":\"https:\\\/\\\/kuali.com.mx\\\/web\\\/2025\\\/11\\\/28\\\/castigaran-administrativamente-el-acoso-sexual\\\/\"},\"author\":{\"name\":\"Kuali Staff\",\"@id\":\"https:\\\/\\\/kuali.com.mx\\\/web\\\/#\\\/schema\\\/person\\\/6f89ffa8ecba9dae50662357923c5289\"},\"headline\":\"CASTIGAR\u00c1N ADMINISTRATIVAMENTE EL ACOSO SEXUAL\",\"datePublished\":\"2025-11-28T23:22:17+00:00\",\"dateModified\":\"2025-11-28T23:24:00+00:00\",\"mainEntityOfPage\":{\"@id\":\"https:\\\/\\\/kuali.com.mx\\\/web\\\/2025\\\/11\\\/28\\\/castigaran-administrativamente-el-acoso-sexual\\\/\"},\"wordCount\":586,\"commentCount\":0,\"image\":{\"@id\":\"https:\\\/\\\/kuali.com.mx\\\/web\\\/2025\\\/11\\\/28\\\/castigaran-administrativamente-el-acoso-sexual\\\/#primaryimage\"},\"thumbnailUrl\":\"https:\\\/\\\/kuali.com.mx\\\/web\\\/wp-content\\\/uploads\\\/2019\\\/05\\\/acoso-sexual.jpg\",\"articleSection\":[\"Derechos Humanos\",\"slider\"],\"inLanguage\":\"es\",\"potentialAction\":[{\"@type\":\"CommentAction\",\"name\":\"Comment\",\"target\":[\"https:\\\/\\\/kuali.com.mx\\\/web\\\/2025\\\/11\\\/28\\\/castigaran-administrativamente-el-acoso-sexual\\\/#respond\"]}]},{\"@type\":\"WebPage\",\"@id\":\"https:\\\/\\\/kuali.com.mx\\\/web\\\/2025\\\/11\\\/28\\\/castigaran-administrativamente-el-acoso-sexual\\\/\",\"url\":\"https:\\\/\\\/kuali.com.mx\\\/web\\\/2025\\\/11\\\/28\\\/castigaran-administrativamente-el-acoso-sexual\\\/\",\"name\":\"CASTIGAR\u00c1N ADMINISTRATIVAMENTE EL ACOSO SEXUAL - Kuali\",\"isPartOf\":{\"@id\":\"https:\\\/\\\/kuali.com.mx\\\/web\\\/#website\"},\"primaryImageOfPage\":{\"@id\":\"https:\\\/\\\/kuali.com.mx\\\/web\\\/2025\\\/11\\\/28\\\/castigaran-administrativamente-el-acoso-sexual\\\/#primaryimage\"},\"image\":{\"@id\":\"https:\\\/\\\/kuali.com.mx\\\/web\\\/2025\\\/11\\\/28\\\/castigaran-administrativamente-el-acoso-sexual\\\/#primaryimage\"},\"thumbnailUrl\":\"https:\\\/\\\/kuali.com.mx\\\/web\\\/wp-content\\\/uploads\\\/2019\\\/05\\\/acoso-sexual.jpg\",\"datePublished\":\"2025-11-28T23:22:17+00:00\",\"dateModified\":\"2025-11-28T23:24:00+00:00\",\"author\":{\"@id\":\"https:\\\/\\\/kuali.com.mx\\\/web\\\/#\\\/schema\\\/person\\\/6f89ffa8ecba9dae50662357923c5289\"},\"breadcrumb\":{\"@id\":\"https:\\\/\\\/kuali.com.mx\\\/web\\\/2025\\\/11\\\/28\\\/castigaran-administrativamente-el-acoso-sexual\\\/#breadcrumb\"},\"inLanguage\":\"es\",\"potentialAction\":[{\"@type\":\"ReadAction\",\"target\":[\"https:\\\/\\\/kuali.com.mx\\\/web\\\/2025\\\/11\\\/28\\\/castigaran-administrativamente-el-acoso-sexual\\\/\"]}]},{\"@type\":\"ImageObject\",\"inLanguage\":\"es\",\"@id\":\"https:\\\/\\\/kuali.com.mx\\\/web\\\/2025\\\/11\\\/28\\\/castigaran-administrativamente-el-acoso-sexual\\\/#primaryimage\",\"url\":\"https:\\\/\\\/kuali.com.mx\\\/web\\\/wp-content\\\/uploads\\\/2019\\\/05\\\/acoso-sexual.jpg\",\"contentUrl\":\"https:\\\/\\\/kuali.com.mx\\\/web\\\/wp-content\\\/uploads\\\/2019\\\/05\\\/acoso-sexual.jpg\",\"width\":1843,\"height\":750},{\"@type\":\"BreadcrumbList\",\"@id\":\"https:\\\/\\\/kuali.com.mx\\\/web\\\/2025\\\/11\\\/28\\\/castigaran-administrativamente-el-acoso-sexual\\\/#breadcrumb\",\"itemListElement\":[{\"@type\":\"ListItem\",\"position\":1,\"name\":\"Inicio\",\"item\":\"https:\\\/\\\/kuali.com.mx\\\/web\\\/\"},{\"@type\":\"ListItem\",\"position\":2,\"name\":\"CASTIGAR\u00c1N ADMINISTRATIVAMENTE EL ACOSO SEXUAL\"}]},{\"@type\":\"WebSite\",\"@id\":\"https:\\\/\\\/kuali.com.mx\\\/web\\\/#website\",\"url\":\"https:\\\/\\\/kuali.com.mx\\\/web\\\/\",\"name\":\"Kuali\",\"description\":\"\",\"potentialAction\":[{\"@type\":\"SearchAction\",\"target\":{\"@type\":\"EntryPoint\",\"urlTemplate\":\"https:\\\/\\\/kuali.com.mx\\\/web\\\/?s={search_term_string}\"},\"query-input\":{\"@type\":\"PropertyValueSpecification\",\"valueRequired\":true,\"valueName\":\"search_term_string\"}}],\"inLanguage\":\"es\"},{\"@type\":\"Person\",\"@id\":\"https:\\\/\\\/kuali.com.mx\\\/web\\\/#\\\/schema\\\/person\\\/6f89ffa8ecba9dae50662357923c5289\",\"name\":\"Kuali Staff\",\"image\":{\"@type\":\"ImageObject\",\"inLanguage\":\"es\",\"@id\":\"https:\\\/\\\/secure.gravatar.com\\\/avatar\\\/f917ad82e5ab71227a733c78b6e60715476f69ee6be59feee4eb5d9920c89e0f?s=96&d=mm&r=g\",\"url\":\"https:\\\/\\\/secure.gravatar.com\\\/avatar\\\/f917ad82e5ab71227a733c78b6e60715476f69ee6be59feee4eb5d9920c89e0f?s=96&d=mm&r=g\",\"contentUrl\":\"https:\\\/\\\/secure.gravatar.com\\\/avatar\\\/f917ad82e5ab71227a733c78b6e60715476f69ee6be59feee4eb5d9920c89e0f?s=96&d=mm&r=g\",\"caption\":\"Kuali Staff\"},\"url\":\"https:\\\/\\\/kuali.com.mx\\\/web\\\/author\\\/lagarto\\\/\"}]}<\/script>\n<!-- \/ Yoast SEO plugin. -->","yoast_head_json":{"title":"CASTIGAR\u00c1N ADMINISTRATIVAMENTE EL ACOSO SEXUAL - Kuali","robots":{"index":"index","follow":"follow","max-snippet":"max-snippet:-1","max-image-preview":"max-image-preview:large","max-video-preview":"max-video-preview:-1"},"canonical":"https:\/\/kuali.com.mx\/web\/2025\/11\/28\/castigaran-administrativamente-el-acoso-sexual\/","og_locale":"es_MX","og_type":"article","og_title":"CASTIGAR\u00c1N ADMINISTRATIVAMENTE EL ACOSO SEXUAL - Kuali","og_description":"Carlos Garc\u00eda\/Guanajuato, Gto.- El Congreso de Guanajuato reform\u00f3 la Ley de Responsabilidades para que el acoso sexual cometido por funcionarios sea una falta administrativa grave que se castigue con la separaci\u00f3n del cargo o la inhabilitaci\u00f3n. A propuesta de la gobernadora, Libia Garc\u00eda Mu\u00f1oz Ledo, los diputados adicionaron el art\u00edculo 57 bis, que estipula que [&hellip;]","og_url":"https:\/\/kuali.com.mx\/web\/2025\/11\/28\/castigaran-administrativamente-el-acoso-sexual\/","og_site_name":"Kuali","article_publisher":"https:\/\/kuali.com.mx\/web\/wp-content\/uploads\/2018\/04\/cropped-kuali_logo-1-1.png","article_published_time":"2025-11-28T23:22:17+00:00","article_modified_time":"2025-11-28T23:24:00+00:00","og_image":[{"width":1843,"height":750,"url":"https:\/\/kuali.com.mx\/web\/wp-content\/uploads\/2019\/05\/acoso-sexual.jpg","type":"image\/jpeg"}],"author":"Kuali Staff","twitter_card":"summary_large_image","twitter_creator":"@kuali_noticias","twitter_site":"@kuali_noticias","twitter_misc":{"Escrito por":"Kuali Staff","Tiempo de lectura":"3 minutos"},"schema":{"@context":"https:\/\/schema.org","@graph":[{"@type":"Article","@id":"https:\/\/kuali.com.mx\/web\/2025\/11\/28\/castigaran-administrativamente-el-acoso-sexual\/#article","isPartOf":{"@id":"https:\/\/kuali.com.mx\/web\/2025\/11\/28\/castigaran-administrativamente-el-acoso-sexual\/"},"author":{"name":"Kuali Staff","@id":"https:\/\/kuali.com.mx\/web\/#\/schema\/person\/6f89ffa8ecba9dae50662357923c5289"},"headline":"CASTIGAR\u00c1N ADMINISTRATIVAMENTE EL ACOSO SEXUAL","datePublished":"2025-11-28T23:22:17+00:00","dateModified":"2025-11-28T23:24:00+00:00","mainEntityOfPage":{"@id":"https:\/\/kuali.com.mx\/web\/2025\/11\/28\/castigaran-administrativamente-el-acoso-sexual\/"},"wordCount":586,"commentCount":0,"image":{"@id":"https:\/\/kuali.com.mx\/web\/2025\/11\/28\/castigaran-administrativamente-el-acoso-sexual\/#primaryimage"},"thumbnailUrl":"https:\/\/kuali.com.mx\/web\/wp-content\/uploads\/2019\/05\/acoso-sexual.jpg","articleSection":["Derechos Humanos","slider"],"inLanguage":"es","potentialAction":[{"@type":"CommentAction","name":"Comment","target":["https:\/\/kuali.com.mx\/web\/2025\/11\/28\/castigaran-administrativamente-el-acoso-sexual\/#respond"]}]},{"@type":"WebPage","@id":"https:\/\/kuali.com.mx\/web\/2025\/11\/28\/castigaran-administrativamente-el-acoso-sexual\/","url":"https:\/\/kuali.com.mx\/web\/2025\/11\/28\/castigaran-administrativamente-el-acoso-sexual\/","name":"CASTIGAR\u00c1N ADMINISTRATIVAMENTE EL ACOSO SEXUAL - Kuali","isPartOf":{"@id":"https:\/\/kuali.com.mx\/web\/#website"},"primaryImageOfPage":{"@id":"https:\/\/kuali.com.mx\/web\/2025\/11\/28\/castigaran-administrativamente-el-acoso-sexual\/#primaryimage"},"image":{"@id":"https:\/\/kuali.com.mx\/web\/2025\/11\/28\/castigaran-administrativamente-el-acoso-sexual\/#primaryimage"},"thumbnailUrl":"https:\/\/kuali.com.mx\/web\/wp-content\/uploads\/2019\/05\/acoso-sexual.jpg","datePublished":"2025-11-28T23:22:17+00:00","dateModified":"2025-11-28T23:24:00+00:00","author":{"@id":"https:\/\/kuali.com.mx\/web\/#\/schema\/person\/6f89ffa8ecba9dae50662357923c5289"},"breadcrumb":{"@id":"https:\/\/kuali.com.mx\/web\/2025\/11\/28\/castigaran-administrativamente-el-acoso-sexual\/#breadcrumb"},"inLanguage":"es","potentialAction":[{"@type":"ReadAction","target":["https:\/\/kuali.com.mx\/web\/2025\/11\/28\/castigaran-administrativamente-el-acoso-sexual\/"]}]},{"@type":"ImageObject","inLanguage":"es","@id":"https:\/\/kuali.com.mx\/web\/2025\/11\/28\/castigaran-administrativamente-el-acoso-sexual\/#primaryimage","url":"https:\/\/kuali.com.mx\/web\/wp-content\/uploads\/2019\/05\/acoso-sexual.jpg","contentUrl":"https:\/\/kuali.com.mx\/web\/wp-content\/uploads\/2019\/05\/acoso-sexual.jpg","width":1843,"height":750},{"@type":"BreadcrumbList","@id":"https:\/\/kuali.com.mx\/web\/2025\/11\/28\/castigaran-administrativamente-el-acoso-sexual\/#breadcrumb","itemListElement":[{"@type":"ListItem","position":1,"name":"Inicio","item":"https:\/\/kuali.com.mx\/web\/"},{"@type":"ListItem","position":2,"name":"CASTIGAR\u00c1N ADMINISTRATIVAMENTE EL ACOSO SEXUAL"}]},{"@type":"WebSite","@id":"https:\/\/kuali.com.mx\/web\/#website","url":"https:\/\/kuali.com.mx\/web\/","name":"Kuali","description":"","potentialAction":[{"@type":"SearchAction","target":{"@type":"EntryPoint","urlTemplate":"https:\/\/kuali.com.mx\/web\/?s={search_term_string}"},"query-input":{"@type":"PropertyValueSpecification","valueRequired":true,"valueName":"search_term_string"}}],"inLanguage":"es"},{"@type":"Person","@id":"https:\/\/kuali.com.mx\/web\/#\/schema\/person\/6f89ffa8ecba9dae50662357923c5289","name":"Kuali Staff","image":{"@type":"ImageObject","inLanguage":"es","@id":"https:\/\/secure.gravatar.com\/avatar\/f917ad82e5ab71227a733c78b6e60715476f69ee6be59feee4eb5d9920c89e0f?s=96&d=mm&r=g","url":"https:\/\/secure.gravatar.com\/avatar\/f917ad82e5ab71227a733c78b6e60715476f69ee6be59feee4eb5d9920c89e0f?s=96&d=mm&r=g","contentUrl":"https:\/\/secure.gravatar.com\/avatar\/f917ad82e5ab71227a733c78b6e60715476f69ee6be59feee4eb5d9920c89e0f?s=96&d=mm&r=g","caption":"Kuali Staff"},"url":"https:\/\/kuali.com.mx\/web\/author\/lagarto\/"}]}},"_links":{"self":[{"href":"https:\/\/kuali.com.mx\/web\/wp-json\/wp\/v2\/posts\/191024","targetHints":{"allow":["GET"]}}],"collection":[{"href":"https:\/\/kuali.com.mx\/web\/wp-json\/wp\/v2\/posts"}],"about":[{"href":"https:\/\/kuali.com.mx\/web\/wp-json\/wp\/v2\/types\/post"}],"author":[{"embeddable":true,"href":"https:\/\/kuali.com.mx\/web\/wp-json\/wp\/v2\/users\/2"}],"replies":[{"embeddable":true,"href":"https:\/\/kuali.com.mx\/web\/wp-json\/wp\/v2\/comments?post=191024"}],"version-history":[{"count":2,"href":"https:\/\/kuali.com.mx\/web\/wp-json\/wp\/v2\/posts\/191024\/revisions"}],"predecessor-version":[{"id":191028,"href":"https:\/\/kuali.com.mx\/web\/wp-json\/wp\/v2\/posts\/191024\/revisions\/191028"}],"wp:featuredmedia":[{"embeddable":true,"href":"https:\/\/kuali.com.mx\/web\/wp-json\/wp\/v2\/media\/55570"}],"wp:attachment":[{"href":"https:\/\/kuali.com.mx\/web\/wp-json\/wp\/v2\/media?parent=191024"}],"wp:term":[{"taxonomy":"category","embeddable":true,"href":"https:\/\/kuali.com.mx\/web\/wp-json\/wp\/v2\/categories?post=191024"},{"taxonomy":"post_tag","embeddable":true,"href":"https:\/\/kuali.com.mx\/web\/wp-json\/wp\/v2\/tags?post=191024"}],"curies":[{"name":"wp","href":"https:\/\/api.w.org\/{rel}","templated":true}]}}