{"id":190935,"date":"2025-11-27T11:17:51","date_gmt":"2025-11-27T17:17:51","guid":{"rendered":"https:\/\/kuali.com.mx\/web\/?p=190935"},"modified":"2025-11-27T14:42:41","modified_gmt":"2025-11-27T20:42:41","slug":"juarez-leon-nuevo-titular-de-atencion-a-victimas","status":"publish","type":"post","link":"https:\/\/kuali.com.mx\/web\/2025\/11\/27\/juarez-leon-nuevo-titular-de-atencion-a-victimas\/","title":{"rendered":"JU\u00c1REZ LE\u00d3N, NUEVO TITULAR DE ATENCI\u00d3N A V\u00cdCTIMAS"},"content":{"rendered":"\n<p><strong><em>Kuali\/Guanajuato, Gto.-<\/em><\/strong> El Congreso de Guanajuato la designaci\u00f3n de Francisco Javier Ju\u00e1rez Le\u00f3n como presidente de la Comisi\u00f3n Estatal de Atenci\u00f3n Integral a V\u00edctimas, por un periodo de cinco a\u00f1os.<\/p>\n\n\n\n<p>La terna que se present\u00f3 ante el Pleno, compuesta por Luc\u00eda Berenice Acosta G\u00f3mez, Efra\u00edn Alcal\u00e1 Ch\u00e1vez y Francisco Javier Ju\u00e1rez Le\u00f3n, fue propuesta por la Gobernadora del Estado de Guanajuato y analizada por la Comisi\u00f3n de Gobernaci\u00f3n y Puntos Constitucionales, quienes llevaron a cabo las entrevistas a los aspirantes.<\/p>\n\n\n\n<p>Con dicho antecedente, el dictamen de cumplimiento de requisitos de los aspirantes a ocupar el citado cargo fue sometido a votaci\u00f3n durante la Sesi\u00f3n Ordinaria de este jueves 27 de noviembre, donde Francisco Javier Ju\u00e1rez Le\u00f3n recibi\u00f3 35 votos.<\/p>\n\n\n\n<p>Como autor del dictamen, el diputado Juan Carlos Romero Hicks enfatiz\u00f3 que no se trataba de un nombramiento m\u00e1s, sino de asegurar que el Estado est\u00e9 en manos de mujeres y hombres con probada capacidad t\u00e9cnica y gran compromiso, y que se rijan bajo los principios de honestidad, independencia, responsabilidad y car\u00e1cter.<\/p>\n\n\n\n<p>El legislador coment\u00f3 que este d\u00eda se tendr\u00eda una votaci\u00f3n hist\u00f3rica. Asimismo, cuestion\u00f3 cu\u00e1nto val\u00eda el dolor en este pa\u00eds, la omisi\u00f3n personal y colectiva que se ha acumulado en el camino, dijo.<\/p>\n\n\n\n<p>Agreg\u00f3 que debemos procurar y hacer lo necesario para evitar el dolor. El congresista a\u00f1adi\u00f3 que el dictamen es para determinar la procedibilidad de la terna en cuesti\u00f3n, y que \u00e9sta es una de las funciones m\u00e1s trascendentes del Poder Legislativo porque significa la colaboraci\u00f3n de Poderes.<\/p>\n\n\n\n<p>Finalmente, indic\u00f3 que presentaban al Pleno una terna id\u00f3nea, que cumple con todos los requisitos y que deb\u00edan acompa\u00f1ar el dolor que como pa\u00eds requer\u00eda una mejor respuesta.<\/p>\n\n\n\n<p>Al hacer uso de la voz, la diputada Luz Itzel Mendo Gonz\u00e1lez extern\u00f3 que los perfiles que se someten a votaci\u00f3n son s\u00f3lidos, profesionales y demuestran capacidad, junto a que la persona que asuma la titularidad de la Comisi\u00f3n Estatal de Atenci\u00f3n Integral a V\u00edctimas debe tener una gran sensibilidad y responder con empat\u00eda genuina.<\/p>\n\n\n\n<p>Agreg\u00f3 que en esta ocasi\u00f3n no se puede privilegiar un curr\u00edculum brillante por encima de las cualidades humanas, donde la capacidad de escucha, la paciencia para acompa\u00f1ar y el valor para defender a quienes han sido vulnerados, aunado a que se necesita una persona que conozca la dif\u00edcil situaci\u00f3n que atraviesa la entidad.<\/p>\n\n\n\n<p>Finalmente, la congresista asever\u00f3 que la pr\u00f3xima persona titular se enfrentar\u00e1 a un reto monumental que es atender adecuadamente a la gran cantidad de v\u00edctimas con un fondo y recursos limitados, as\u00ed como ser una pieza clave para que las autoridades cumplan con sus diferentes obligaciones en el tema.<\/p>\n","protected":false},"excerpt":{"rendered":"Kuali\/Guanajuato, Gto.- El Congreso de Guanajuato la designaci\u00f3n de Francisco Javier Ju\u00e1rez Le\u00f3n como presidente de la Comisi\u00f3n Estatal de Atenci\u00f3n Integral a V\u00edctimas, por un periodo de cinco a\u00f1os. La terna que se present\u00f3 ante el Pleno, compuesta por Luc\u00eda Berenice Acosta G\u00f3mez, Efra\u00edn Alcal\u00e1 Ch\u00e1vez y Francisco Javier Ju\u00e1rez Le\u00f3n, fue propuesta por [&hellip;]","protected":false},"author":2,"featured_media":190938,"comment_status":"open","ping_status":"open","sticky":false,"template":"","format":"standard","meta":{"_seopress_robots_primary_cat":"none","_seopress_titles_title":"","_seopress_titles_desc":"","_seopress_robots_index":"","_monsterinsights_skip_tracking":false,"_monsterinsights_sitenote_active":false,"_monsterinsights_sitenote_note":"","_monsterinsights_sitenote_category":0,"footnotes":""},"categories":[3],"tags":[],"class_list":["post-190935","post","type-post","status-publish","format-standard","has-post-thumbnail","hentry","category-politica"],"yoast_head":"<!-- This site is optimized with the Yoast SEO plugin v27.4 - https:\/\/yoast.com\/product\/yoast-seo-wordpress\/ -->\n<title>JU\u00c1REZ LE\u00d3N, NUEVO TITULAR DE ATENCI\u00d3N A V\u00cdCTIMAS - Kuali<\/title>\n<meta name=\"robots\" content=\"index, follow, max-snippet:-1, max-image-preview:large, max-video-preview:-1\" \/>\n<link rel=\"canonical\" href=\"https:\/\/kuali.com.mx\/web\/2025\/11\/27\/juarez-leon-nuevo-titular-de-atencion-a-victimas\/\" \/>\n<meta property=\"og:locale\" content=\"es_MX\" \/>\n<meta property=\"og:type\" content=\"article\" \/>\n<meta property=\"og:title\" content=\"JU\u00c1REZ LE\u00d3N, NUEVO TITULAR DE ATENCI\u00d3N A V\u00cdCTIMAS - Kuali\" \/>\n<meta property=\"og:description\" content=\"Kuali\/Guanajuato, Gto.- El Congreso de Guanajuato la designaci\u00f3n de Francisco Javier Ju\u00e1rez Le\u00f3n como presidente de la Comisi\u00f3n Estatal de Atenci\u00f3n Integral a V\u00edctimas, por un periodo de cinco a\u00f1os. La terna que se present\u00f3 ante el Pleno, compuesta por Luc\u00eda Berenice Acosta G\u00f3mez, Efra\u00edn Alcal\u00e1 Ch\u00e1vez y Francisco Javier Ju\u00e1rez Le\u00f3n, fue propuesta por [&hellip;]\" \/>\n<meta property=\"og:url\" content=\"https:\/\/kuali.com.mx\/web\/2025\/11\/27\/juarez-leon-nuevo-titular-de-atencion-a-victimas\/\" \/>\n<meta property=\"og:site_name\" content=\"Kuali\" \/>\n<meta property=\"article:publisher\" content=\"https:\/\/kuali.com.mx\/web\/wp-content\/uploads\/2018\/04\/cropped-kuali_logo-1-1.png\" \/>\n<meta property=\"article:published_time\" content=\"2025-11-27T17:17:51+00:00\" \/>\n<meta property=\"article:modified_time\" content=\"2025-11-27T20:42:41+00:00\" \/>\n<meta property=\"og:image\" content=\"https:\/\/kuali.com.mx\/web\/wp-content\/uploads\/2025\/11\/Congreso-25.jpeg\" \/>\n\t<meta property=\"og:image:width\" content=\"1280\" \/>\n\t<meta property=\"og:image:height\" content=\"853\" \/>\n\t<meta property=\"og:image:type\" content=\"image\/jpeg\" \/>\n<meta name=\"author\" content=\"Kuali Staff\" \/>\n<meta name=\"twitter:card\" content=\"summary_large_image\" \/>\n<meta name=\"twitter:creator\" content=\"@kuali_noticias\" \/>\n<meta name=\"twitter:site\" content=\"@kuali_noticias\" \/>\n<meta name=\"twitter:label1\" content=\"Escrito por\" \/>\n\t<meta name=\"twitter:data1\" content=\"Kuali Staff\" \/>\n\t<meta name=\"twitter:label2\" content=\"Tiempo de lectura\" \/>\n\t<meta name=\"twitter:data2\" content=\"2 minutos\" \/>\n<script type=\"application\/ld+json\" class=\"yoast-schema-graph\">{\"@context\":\"https:\\\/\\\/schema.org\",\"@graph\":[{\"@type\":\"Article\",\"@id\":\"https:\\\/\\\/kuali.com.mx\\\/web\\\/2025\\\/11\\\/27\\\/juarez-leon-nuevo-titular-de-atencion-a-victimas\\\/#article\",\"isPartOf\":{\"@id\":\"https:\\\/\\\/kuali.com.mx\\\/web\\\/2025\\\/11\\\/27\\\/juarez-leon-nuevo-titular-de-atencion-a-victimas\\\/\"},\"author\":{\"name\":\"Kuali Staff\",\"@id\":\"https:\\\/\\\/kuali.com.mx\\\/web\\\/#\\\/schema\\\/person\\\/6f89ffa8ecba9dae50662357923c5289\"},\"headline\":\"JU\u00c1REZ LE\u00d3N, NUEVO TITULAR DE ATENCI\u00d3N A V\u00cdCTIMAS\",\"datePublished\":\"2025-11-27T17:17:51+00:00\",\"dateModified\":\"2025-11-27T20:42:41+00:00\",\"mainEntityOfPage\":{\"@id\":\"https:\\\/\\\/kuali.com.mx\\\/web\\\/2025\\\/11\\\/27\\\/juarez-leon-nuevo-titular-de-atencion-a-victimas\\\/\"},\"wordCount\":501,\"commentCount\":0,\"image\":{\"@id\":\"https:\\\/\\\/kuali.com.mx\\\/web\\\/2025\\\/11\\\/27\\\/juarez-leon-nuevo-titular-de-atencion-a-victimas\\\/#primaryimage\"},\"thumbnailUrl\":\"https:\\\/\\\/kuali.com.mx\\\/web\\\/wp-content\\\/uploads\\\/2025\\\/11\\\/Congreso-25.jpeg\",\"articleSection\":[\"Pol\u00edtica\"],\"inLanguage\":\"es\",\"potentialAction\":[{\"@type\":\"CommentAction\",\"name\":\"Comment\",\"target\":[\"https:\\\/\\\/kuali.com.mx\\\/web\\\/2025\\\/11\\\/27\\\/juarez-leon-nuevo-titular-de-atencion-a-victimas\\\/#respond\"]}]},{\"@type\":\"WebPage\",\"@id\":\"https:\\\/\\\/kuali.com.mx\\\/web\\\/2025\\\/11\\\/27\\\/juarez-leon-nuevo-titular-de-atencion-a-victimas\\\/\",\"url\":\"https:\\\/\\\/kuali.com.mx\\\/web\\\/2025\\\/11\\\/27\\\/juarez-leon-nuevo-titular-de-atencion-a-victimas\\\/\",\"name\":\"JU\u00c1REZ LE\u00d3N, NUEVO TITULAR DE ATENCI\u00d3N A V\u00cdCTIMAS - Kuali\",\"isPartOf\":{\"@id\":\"https:\\\/\\\/kuali.com.mx\\\/web\\\/#website\"},\"primaryImageOfPage\":{\"@id\":\"https:\\\/\\\/kuali.com.mx\\\/web\\\/2025\\\/11\\\/27\\\/juarez-leon-nuevo-titular-de-atencion-a-victimas\\\/#primaryimage\"},\"image\":{\"@id\":\"https:\\\/\\\/kuali.com.mx\\\/web\\\/2025\\\/11\\\/27\\\/juarez-leon-nuevo-titular-de-atencion-a-victimas\\\/#primaryimage\"},\"thumbnailUrl\":\"https:\\\/\\\/kuali.com.mx\\\/web\\\/wp-content\\\/uploads\\\/2025\\\/11\\\/Congreso-25.jpeg\",\"datePublished\":\"2025-11-27T17:17:51+00:00\",\"dateModified\":\"2025-11-27T20:42:41+00:00\",\"author\":{\"@id\":\"https:\\\/\\\/kuali.com.mx\\\/web\\\/#\\\/schema\\\/person\\\/6f89ffa8ecba9dae50662357923c5289\"},\"breadcrumb\":{\"@id\":\"https:\\\/\\\/kuali.com.mx\\\/web\\\/2025\\\/11\\\/27\\\/juarez-leon-nuevo-titular-de-atencion-a-victimas\\\/#breadcrumb\"},\"inLanguage\":\"es\",\"potentialAction\":[{\"@type\":\"ReadAction\",\"target\":[\"https:\\\/\\\/kuali.com.mx\\\/web\\\/2025\\\/11\\\/27\\\/juarez-leon-nuevo-titular-de-atencion-a-victimas\\\/\"]}]},{\"@type\":\"ImageObject\",\"inLanguage\":\"es\",\"@id\":\"https:\\\/\\\/kuali.com.mx\\\/web\\\/2025\\\/11\\\/27\\\/juarez-leon-nuevo-titular-de-atencion-a-victimas\\\/#primaryimage\",\"url\":\"https:\\\/\\\/kuali.com.mx\\\/web\\\/wp-content\\\/uploads\\\/2025\\\/11\\\/Congreso-25.jpeg\",\"contentUrl\":\"https:\\\/\\\/kuali.com.mx\\\/web\\\/wp-content\\\/uploads\\\/2025\\\/11\\\/Congreso-25.jpeg\",\"width\":1280,\"height\":853},{\"@type\":\"BreadcrumbList\",\"@id\":\"https:\\\/\\\/kuali.com.mx\\\/web\\\/2025\\\/11\\\/27\\\/juarez-leon-nuevo-titular-de-atencion-a-victimas\\\/#breadcrumb\",\"itemListElement\":[{\"@type\":\"ListItem\",\"position\":1,\"name\":\"Inicio\",\"item\":\"https:\\\/\\\/kuali.com.mx\\\/web\\\/\"},{\"@type\":\"ListItem\",\"position\":2,\"name\":\"JU\u00c1REZ LE\u00d3N, NUEVO TITULAR DE ATENCI\u00d3N A V\u00cdCTIMAS\"}]},{\"@type\":\"WebSite\",\"@id\":\"https:\\\/\\\/kuali.com.mx\\\/web\\\/#website\",\"url\":\"https:\\\/\\\/kuali.com.mx\\\/web\\\/\",\"name\":\"Kuali\",\"description\":\"\",\"potentialAction\":[{\"@type\":\"SearchAction\",\"target\":{\"@type\":\"EntryPoint\",\"urlTemplate\":\"https:\\\/\\\/kuali.com.mx\\\/web\\\/?s={search_term_string}\"},\"query-input\":{\"@type\":\"PropertyValueSpecification\",\"valueRequired\":true,\"valueName\":\"search_term_string\"}}],\"inLanguage\":\"es\"},{\"@type\":\"Person\",\"@id\":\"https:\\\/\\\/kuali.com.mx\\\/web\\\/#\\\/schema\\\/person\\\/6f89ffa8ecba9dae50662357923c5289\",\"name\":\"Kuali Staff\",\"image\":{\"@type\":\"ImageObject\",\"inLanguage\":\"es\",\"@id\":\"https:\\\/\\\/secure.gravatar.com\\\/avatar\\\/f917ad82e5ab71227a733c78b6e60715476f69ee6be59feee4eb5d9920c89e0f?s=96&d=mm&r=g\",\"url\":\"https:\\\/\\\/secure.gravatar.com\\\/avatar\\\/f917ad82e5ab71227a733c78b6e60715476f69ee6be59feee4eb5d9920c89e0f?s=96&d=mm&r=g\",\"contentUrl\":\"https:\\\/\\\/secure.gravatar.com\\\/avatar\\\/f917ad82e5ab71227a733c78b6e60715476f69ee6be59feee4eb5d9920c89e0f?s=96&d=mm&r=g\",\"caption\":\"Kuali Staff\"},\"url\":\"https:\\\/\\\/kuali.com.mx\\\/web\\\/author\\\/lagarto\\\/\"}]}<\/script>\n<!-- \/ Yoast SEO plugin. -->","yoast_head_json":{"title":"JU\u00c1REZ LE\u00d3N, NUEVO TITULAR DE ATENCI\u00d3N A V\u00cdCTIMAS - Kuali","robots":{"index":"index","follow":"follow","max-snippet":"max-snippet:-1","max-image-preview":"max-image-preview:large","max-video-preview":"max-video-preview:-1"},"canonical":"https:\/\/kuali.com.mx\/web\/2025\/11\/27\/juarez-leon-nuevo-titular-de-atencion-a-victimas\/","og_locale":"es_MX","og_type":"article","og_title":"JU\u00c1REZ LE\u00d3N, NUEVO TITULAR DE ATENCI\u00d3N A V\u00cdCTIMAS - Kuali","og_description":"Kuali\/Guanajuato, Gto.- El Congreso de Guanajuato la designaci\u00f3n de Francisco Javier Ju\u00e1rez Le\u00f3n como presidente de la Comisi\u00f3n Estatal de Atenci\u00f3n Integral a V\u00edctimas, por un periodo de cinco a\u00f1os. La terna que se present\u00f3 ante el Pleno, compuesta por Luc\u00eda Berenice Acosta G\u00f3mez, Efra\u00edn Alcal\u00e1 Ch\u00e1vez y Francisco Javier Ju\u00e1rez Le\u00f3n, fue propuesta por [&hellip;]","og_url":"https:\/\/kuali.com.mx\/web\/2025\/11\/27\/juarez-leon-nuevo-titular-de-atencion-a-victimas\/","og_site_name":"Kuali","article_publisher":"https:\/\/kuali.com.mx\/web\/wp-content\/uploads\/2018\/04\/cropped-kuali_logo-1-1.png","article_published_time":"2025-11-27T17:17:51+00:00","article_modified_time":"2025-11-27T20:42:41+00:00","og_image":[{"width":1280,"height":853,"url":"https:\/\/kuali.com.mx\/web\/wp-content\/uploads\/2025\/11\/Congreso-25.jpeg","type":"image\/jpeg"}],"author":"Kuali Staff","twitter_card":"summary_large_image","twitter_creator":"@kuali_noticias","twitter_site":"@kuali_noticias","twitter_misc":{"Escrito por":"Kuali Staff","Tiempo de lectura":"2 minutos"},"schema":{"@context":"https:\/\/schema.org","@graph":[{"@type":"Article","@id":"https:\/\/kuali.com.mx\/web\/2025\/11\/27\/juarez-leon-nuevo-titular-de-atencion-a-victimas\/#article","isPartOf":{"@id":"https:\/\/kuali.com.mx\/web\/2025\/11\/27\/juarez-leon-nuevo-titular-de-atencion-a-victimas\/"},"author":{"name":"Kuali Staff","@id":"https:\/\/kuali.com.mx\/web\/#\/schema\/person\/6f89ffa8ecba9dae50662357923c5289"},"headline":"JU\u00c1REZ LE\u00d3N, NUEVO TITULAR DE ATENCI\u00d3N A V\u00cdCTIMAS","datePublished":"2025-11-27T17:17:51+00:00","dateModified":"2025-11-27T20:42:41+00:00","mainEntityOfPage":{"@id":"https:\/\/kuali.com.mx\/web\/2025\/11\/27\/juarez-leon-nuevo-titular-de-atencion-a-victimas\/"},"wordCount":501,"commentCount":0,"image":{"@id":"https:\/\/kuali.com.mx\/web\/2025\/11\/27\/juarez-leon-nuevo-titular-de-atencion-a-victimas\/#primaryimage"},"thumbnailUrl":"https:\/\/kuali.com.mx\/web\/wp-content\/uploads\/2025\/11\/Congreso-25.jpeg","articleSection":["Pol\u00edtica"],"inLanguage":"es","potentialAction":[{"@type":"CommentAction","name":"Comment","target":["https:\/\/kuali.com.mx\/web\/2025\/11\/27\/juarez-leon-nuevo-titular-de-atencion-a-victimas\/#respond"]}]},{"@type":"WebPage","@id":"https:\/\/kuali.com.mx\/web\/2025\/11\/27\/juarez-leon-nuevo-titular-de-atencion-a-victimas\/","url":"https:\/\/kuali.com.mx\/web\/2025\/11\/27\/juarez-leon-nuevo-titular-de-atencion-a-victimas\/","name":"JU\u00c1REZ LE\u00d3N, NUEVO TITULAR DE ATENCI\u00d3N A V\u00cdCTIMAS - Kuali","isPartOf":{"@id":"https:\/\/kuali.com.mx\/web\/#website"},"primaryImageOfPage":{"@id":"https:\/\/kuali.com.mx\/web\/2025\/11\/27\/juarez-leon-nuevo-titular-de-atencion-a-victimas\/#primaryimage"},"image":{"@id":"https:\/\/kuali.com.mx\/web\/2025\/11\/27\/juarez-leon-nuevo-titular-de-atencion-a-victimas\/#primaryimage"},"thumbnailUrl":"https:\/\/kuali.com.mx\/web\/wp-content\/uploads\/2025\/11\/Congreso-25.jpeg","datePublished":"2025-11-27T17:17:51+00:00","dateModified":"2025-11-27T20:42:41+00:00","author":{"@id":"https:\/\/kuali.com.mx\/web\/#\/schema\/person\/6f89ffa8ecba9dae50662357923c5289"},"breadcrumb":{"@id":"https:\/\/kuali.com.mx\/web\/2025\/11\/27\/juarez-leon-nuevo-titular-de-atencion-a-victimas\/#breadcrumb"},"inLanguage":"es","potentialAction":[{"@type":"ReadAction","target":["https:\/\/kuali.com.mx\/web\/2025\/11\/27\/juarez-leon-nuevo-titular-de-atencion-a-victimas\/"]}]},{"@type":"ImageObject","inLanguage":"es","@id":"https:\/\/kuali.com.mx\/web\/2025\/11\/27\/juarez-leon-nuevo-titular-de-atencion-a-victimas\/#primaryimage","url":"https:\/\/kuali.com.mx\/web\/wp-content\/uploads\/2025\/11\/Congreso-25.jpeg","contentUrl":"https:\/\/kuali.com.mx\/web\/wp-content\/uploads\/2025\/11\/Congreso-25.jpeg","width":1280,"height":853},{"@type":"BreadcrumbList","@id":"https:\/\/kuali.com.mx\/web\/2025\/11\/27\/juarez-leon-nuevo-titular-de-atencion-a-victimas\/#breadcrumb","itemListElement":[{"@type":"ListItem","position":1,"name":"Inicio","item":"https:\/\/kuali.com.mx\/web\/"},{"@type":"ListItem","position":2,"name":"JU\u00c1REZ LE\u00d3N, NUEVO TITULAR DE ATENCI\u00d3N A V\u00cdCTIMAS"}]},{"@type":"WebSite","@id":"https:\/\/kuali.com.mx\/web\/#website","url":"https:\/\/kuali.com.mx\/web\/","name":"Kuali","description":"","potentialAction":[{"@type":"SearchAction","target":{"@type":"EntryPoint","urlTemplate":"https:\/\/kuali.com.mx\/web\/?s={search_term_string}"},"query-input":{"@type":"PropertyValueSpecification","valueRequired":true,"valueName":"search_term_string"}}],"inLanguage":"es"},{"@type":"Person","@id":"https:\/\/kuali.com.mx\/web\/#\/schema\/person\/6f89ffa8ecba9dae50662357923c5289","name":"Kuali Staff","image":{"@type":"ImageObject","inLanguage":"es","@id":"https:\/\/secure.gravatar.com\/avatar\/f917ad82e5ab71227a733c78b6e60715476f69ee6be59feee4eb5d9920c89e0f?s=96&d=mm&r=g","url":"https:\/\/secure.gravatar.com\/avatar\/f917ad82e5ab71227a733c78b6e60715476f69ee6be59feee4eb5d9920c89e0f?s=96&d=mm&r=g","contentUrl":"https:\/\/secure.gravatar.com\/avatar\/f917ad82e5ab71227a733c78b6e60715476f69ee6be59feee4eb5d9920c89e0f?s=96&d=mm&r=g","caption":"Kuali Staff"},"url":"https:\/\/kuali.com.mx\/web\/author\/lagarto\/"}]}},"_links":{"self":[{"href":"https:\/\/kuali.com.mx\/web\/wp-json\/wp\/v2\/posts\/190935","targetHints":{"allow":["GET"]}}],"collection":[{"href":"https:\/\/kuali.com.mx\/web\/wp-json\/wp\/v2\/posts"}],"about":[{"href":"https:\/\/kuali.com.mx\/web\/wp-json\/wp\/v2\/types\/post"}],"author":[{"embeddable":true,"href":"https:\/\/kuali.com.mx\/web\/wp-json\/wp\/v2\/users\/2"}],"replies":[{"embeddable":true,"href":"https:\/\/kuali.com.mx\/web\/wp-json\/wp\/v2\/comments?post=190935"}],"version-history":[{"count":1,"href":"https:\/\/kuali.com.mx\/web\/wp-json\/wp\/v2\/posts\/190935\/revisions"}],"predecessor-version":[{"id":190939,"href":"https:\/\/kuali.com.mx\/web\/wp-json\/wp\/v2\/posts\/190935\/revisions\/190939"}],"wp:featuredmedia":[{"embeddable":true,"href":"https:\/\/kuali.com.mx\/web\/wp-json\/wp\/v2\/media\/190938"}],"wp:attachment":[{"href":"https:\/\/kuali.com.mx\/web\/wp-json\/wp\/v2\/media?parent=190935"}],"wp:term":[{"taxonomy":"category","embeddable":true,"href":"https:\/\/kuali.com.mx\/web\/wp-json\/wp\/v2\/categories?post=190935"},{"taxonomy":"post_tag","embeddable":true,"href":"https:\/\/kuali.com.mx\/web\/wp-json\/wp\/v2\/tags?post=190935"}],"curies":[{"name":"wp","href":"https:\/\/api.w.org\/{rel}","templated":true}]}}