{"id":190826,"date":"2025-11-26T13:18:56","date_gmt":"2025-11-26T19:18:56","guid":{"rendered":"https:\/\/kuali.com.mx\/web\/?p=190826"},"modified":"2025-11-26T13:24:46","modified_gmt":"2025-11-26T19:24:46","slug":"funcionario-de-sapal-acoso-sexualmente-a-subordinada-prodheg","status":"publish","type":"post","link":"https:\/\/kuali.com.mx\/web\/2025\/11\/26\/funcionario-de-sapal-acoso-sexualmente-a-subordinada-prodheg\/","title":{"rendered":"FUNCIONARIO DE SAPAL ACOS\u00d3 SEXUALMENTE A SUBORDINADA: PRODHEG"},"content":{"rendered":"\n<p><strong><em>Carlos Garc\u00eda\/Le\u00f3n, Gto.-<\/em><\/strong> El jefe de Comunicaci\u00f3n Social del Sistema de Agua Potable y Alcantarillado de Le\u00f3n (SAPAL), Luis Arturo Hern\u00e1ndez Olmos, \u201comiti\u00f3 salvaguardar el derecho humano de las mujeres a una vida libre de violencia\u201d al acosar laboral y sexualmente a una subordinada, determin\u00f3 la procuradora de los Derechos Humanos del Estado Guanajuato, Karla Alcaraz Olvera.<\/p>\n\n\n\n<p>\u201cSe acredit\u00f3 que Luis Arturo Hern\u00e1ndez Olmos, jefe de Comunicaci\u00f3n, omiti\u00f3 salvaguardar el derecho humano de la quejosa a una vida libre de violencia en el entorno laboral, pues tuvo conductas en su contra, con el objetivo de intimidarla, amedrentarla o consumirla emocionalmente\u201d, se\u00f1ala el expediente de queja <a href=\"https:\/\/www.derechoshumanosgto.org.mx\/archivos\/recomendaciones\/2025\/1764012384_09a9a7e5bd47296159a7.pdf\">0648\/2024<\/a>.<\/p>\n\n\n\n<p>En el expediente, la Procuradur\u00eda de los Derechos Humanos del Estado de Guanajuato (Prodheg) se\u00f1ala que la quejosa denunci\u00f3 que su jefe directo la acos\u00f3 laboral y sexualmente.<\/p>\n\n\n\n<p>\u201cTodo comenz\u00f3 desde antes de que fuera su jefe directo, pues fuera del horario laboral, le envi\u00f3 mensajes invit\u00e1ndola a salir, neg\u00e1ndose a ello; y le hizo comentarios relativos a su cuerpo por mensajes privados de redes sociales\u201d, se\u00f1al\u00f3 la v\u00edctima.<\/p>\n\n\n\n<p>Relat\u00f3 que cuando Luis Arturo fue nombrado Jefe de Comunicaci\u00f3n, la llev\u00f3 a eventos fuera de la oficina que no eran parte de sus actividades laborales.<\/p>\n\n\n\n<p>\u201cEl Jefe de Comunicaci\u00f3n comenz\u00f3 a decirle a los compa\u00f1eros que ten\u00eda mala actitud y que, de no mejorarla, le pasar\u00eda lo mismo que a la compa\u00f1era (la cual hab\u00eda sido despedida)\u201d, narr\u00f3 la funcionaria.<\/p>\n\n\n\n<p>Agreg\u00f3 que cuando present\u00f3 una queja por acoso sexual ante la Contralor\u00eda Interna de SAPAL, fue separada de su lugar de trabajo y le quitaron sus herramientas de trabajo.<\/p>\n\n\n\n<p>\u201cEl Jefe de Comunicaci\u00f3n le restringi\u00f3 la comunicaci\u00f3n con sus compa\u00f1eros y retras\u00f3 intencionalmente la autorizaci\u00f3n de materiales, dificultando su desempe\u00f1o laboral\u201d, acus\u00f3 la funcionaria.<\/p>\n\n\n\n<p>Ante la Prodheg, Luis Arturo Hern\u00e1ndez Olmos afirm\u00f3 que las invitaciones que hizo a su subordinada tambi\u00e9n las hizo a otros funcionarios.<\/p>\n\n\n\n<p>\u201cTodas las conversaciones que sostuvieron por medios electr\u00f3nicos fueron en un contexto de la relaci\u00f3n de amistad, y sus expresiones fueron bromeando\u201d, declar\u00f3 el jefe de Comunicaci\u00f3n de SAPAL ante Derechos Humanos.<\/p>\n\n\n\n<p>Neg\u00f3 restringirle la comunicaci\u00f3n con sus compa\u00f1eros de la quejosa, o retardar la autorizaci\u00f3n de material.<\/p>\n\n\n\n<p>La dependencia se\u00f1al\u00f3 que tiene capturas de pantalla de los mensajes enviados por redes sociales y WhatsApp donde el jefe de Comunicaci\u00f3n hizo comentarios sobre el cuerpo de la quejosa y diversas invitaciones.<\/p>\n\n\n\n<p>Adem\u00e1s, obran en expediente siete testimonios de servidoras p\u00fablicas que declararon que el jefe de Comunicaci\u00f3n hizo comentarios sobre la apariencia de la quejosa, que insist\u00eda en que asistiera a eventos que no le correspond\u00edan y que limit\u00f3 la comunicaci\u00f3n con sus compa\u00f1eros.<\/p>\n\n\n\n<p>La procuradora de Derechos Humanos, Karla Alcaraz, emiti\u00f3 siete resolutivos de recomendaci\u00f3n al director general de Sapal, Enrique de Haro Maldonado.<\/p>\n\n\n\n<p>Pidi\u00f3 al funcionario que la Contralor\u00eda contin\u00fae y concluya la investigaci\u00f3n contra el jefe de Comunicaci\u00f3n para que se deslinden responsabilidades administrativas.<\/p>\n\n\n\n<p>El Sapal debe continuar con la atenci\u00f3n psicol\u00f3gica y, de ser necesario, brindar atenci\u00f3n psicosocial a la v\u00edctima.<\/p>\n\n\n\n<p>\u201cSe entregue un tanto de esta resoluci\u00f3n a la autoridad responsable y se integre una copia a su expediente personal\u201d, solicit\u00f3.<\/p>\n\n\n\n<p>Adem\u00e1s, deber\u00e1 capacitar a la autoridad responsable, adoptar medidas que eviten que la v\u00edctima contin\u00fae en contacto con su agresor y realizar una campa\u00f1a de comunicaci\u00f3n interna, orientada a prevenir, visibilizar y erradicar la violencia de g\u00e9nero en el entorno laboral.<\/p>\n\n\n\n<p>La campa\u00f1a debe promover el respeto, la igualdad y la no discriminaci\u00f3n hacia las mujeres; que incluya mensajes claros sobre la cero tolerancia a la violencia laboral, acoso u hostigamiento sexual.<\/p>\n\n\n\n<p>La estrategia debe difundir informaci\u00f3n accesible sobre los mecanismos institucionales de denuncia y atenci\u00f3n, concluy\u00f3.<\/p>\n","protected":false},"excerpt":{"rendered":"Carlos Garc\u00eda\/Le\u00f3n, Gto.- El jefe de Comunicaci\u00f3n Social del Sistema de Agua Potable y Alcantarillado de Le\u00f3n (SAPAL), Luis Arturo Hern\u00e1ndez Olmos, \u201comiti\u00f3 salvaguardar el derecho humano de las mujeres a una vida libre de violencia\u201d al acosar laboral y sexualmente a una subordinada, determin\u00f3 la procuradora de los Derechos Humanos del Estado Guanajuato, Karla [&hellip;]","protected":false},"author":2,"featured_media":106198,"comment_status":"open","ping_status":"open","sticky":false,"template":"","format":"standard","meta":{"_seopress_robots_primary_cat":"none","_seopress_titles_title":"","_seopress_titles_desc":"","_seopress_robots_index":"","_monsterinsights_skip_tracking":false,"_monsterinsights_sitenote_active":false,"_monsterinsights_sitenote_note":"","_monsterinsights_sitenote_category":0,"footnotes":""},"categories":[14,69],"tags":[],"class_list":["post-190826","post","type-post","status-publish","format-standard","has-post-thumbnail","hentry","category-derechos","category-slider"],"yoast_head":"<!-- This site is optimized with the Yoast SEO plugin v27.4 - https:\/\/yoast.com\/product\/yoast-seo-wordpress\/ -->\n<title>FUNCIONARIO DE SAPAL ACOS\u00d3 SEXUALMENTE A SUBORDINADA: PRODHEG - Kuali<\/title>\n<meta name=\"robots\" content=\"index, follow, max-snippet:-1, max-image-preview:large, max-video-preview:-1\" \/>\n<link rel=\"canonical\" href=\"https:\/\/kuali.com.mx\/web\/2025\/11\/26\/funcionario-de-sapal-acoso-sexualmente-a-subordinada-prodheg\/\" \/>\n<meta property=\"og:locale\" content=\"es_MX\" \/>\n<meta property=\"og:type\" content=\"article\" \/>\n<meta property=\"og:title\" content=\"FUNCIONARIO DE SAPAL ACOS\u00d3 SEXUALMENTE A SUBORDINADA: PRODHEG - Kuali\" \/>\n<meta property=\"og:description\" content=\"Carlos Garc\u00eda\/Le\u00f3n, Gto.- El jefe de Comunicaci\u00f3n Social del Sistema de Agua Potable y Alcantarillado de Le\u00f3n (SAPAL), Luis Arturo Hern\u00e1ndez Olmos, \u201comiti\u00f3 salvaguardar el derecho humano de las mujeres a una vida libre de violencia\u201d al acosar laboral y sexualmente a una subordinada, determin\u00f3 la procuradora de los Derechos Humanos del Estado Guanajuato, Karla [&hellip;]\" \/>\n<meta property=\"og:url\" content=\"https:\/\/kuali.com.mx\/web\/2025\/11\/26\/funcionario-de-sapal-acoso-sexualmente-a-subordinada-prodheg\/\" \/>\n<meta property=\"og:site_name\" content=\"Kuali\" \/>\n<meta property=\"article:publisher\" content=\"https:\/\/kuali.com.mx\/web\/wp-content\/uploads\/2018\/04\/cropped-kuali_logo-1-1.png\" \/>\n<meta property=\"article:published_time\" content=\"2025-11-26T19:18:56+00:00\" \/>\n<meta property=\"article:modified_time\" content=\"2025-11-26T19:24:46+00:00\" \/>\n<meta property=\"og:image\" content=\"https:\/\/kuali.com.mx\/web\/wp-content\/uploads\/2022\/10\/SAPAL-1.gif\" \/>\n\t<meta property=\"og:image:width\" content=\"1700\" \/>\n\t<meta property=\"og:image:height\" content=\"750\" \/>\n\t<meta property=\"og:image:type\" content=\"image\/gif\" \/>\n<meta name=\"author\" content=\"Kuali Staff\" \/>\n<meta name=\"twitter:card\" content=\"summary_large_image\" \/>\n<meta name=\"twitter:creator\" content=\"@kuali_noticias\" \/>\n<meta name=\"twitter:site\" content=\"@kuali_noticias\" \/>\n<meta name=\"twitter:label1\" content=\"Escrito por\" \/>\n\t<meta name=\"twitter:data1\" content=\"Kuali Staff\" \/>\n\t<meta name=\"twitter:label2\" content=\"Tiempo de lectura\" \/>\n\t<meta name=\"twitter:data2\" content=\"3 minutos\" \/>\n<script type=\"application\/ld+json\" class=\"yoast-schema-graph\">{\"@context\":\"https:\\\/\\\/schema.org\",\"@graph\":[{\"@type\":\"Article\",\"@id\":\"https:\\\/\\\/kuali.com.mx\\\/web\\\/2025\\\/11\\\/26\\\/funcionario-de-sapal-acoso-sexualmente-a-subordinada-prodheg\\\/#article\",\"isPartOf\":{\"@id\":\"https:\\\/\\\/kuali.com.mx\\\/web\\\/2025\\\/11\\\/26\\\/funcionario-de-sapal-acoso-sexualmente-a-subordinada-prodheg\\\/\"},\"author\":{\"name\":\"Kuali Staff\",\"@id\":\"https:\\\/\\\/kuali.com.mx\\\/web\\\/#\\\/schema\\\/person\\\/6f89ffa8ecba9dae50662357923c5289\"},\"headline\":\"FUNCIONARIO DE SAPAL ACOS\u00d3 SEXUALMENTE A SUBORDINADA: PRODHEG\",\"datePublished\":\"2025-11-26T19:18:56+00:00\",\"dateModified\":\"2025-11-26T19:24:46+00:00\",\"mainEntityOfPage\":{\"@id\":\"https:\\\/\\\/kuali.com.mx\\\/web\\\/2025\\\/11\\\/26\\\/funcionario-de-sapal-acoso-sexualmente-a-subordinada-prodheg\\\/\"},\"wordCount\":678,\"commentCount\":0,\"image\":{\"@id\":\"https:\\\/\\\/kuali.com.mx\\\/web\\\/2025\\\/11\\\/26\\\/funcionario-de-sapal-acoso-sexualmente-a-subordinada-prodheg\\\/#primaryimage\"},\"thumbnailUrl\":\"https:\\\/\\\/kuali.com.mx\\\/web\\\/wp-content\\\/uploads\\\/2022\\\/10\\\/SAPAL-1.gif\",\"articleSection\":[\"Derechos Humanos\",\"slider\"],\"inLanguage\":\"es\",\"potentialAction\":[{\"@type\":\"CommentAction\",\"name\":\"Comment\",\"target\":[\"https:\\\/\\\/kuali.com.mx\\\/web\\\/2025\\\/11\\\/26\\\/funcionario-de-sapal-acoso-sexualmente-a-subordinada-prodheg\\\/#respond\"]}]},{\"@type\":\"WebPage\",\"@id\":\"https:\\\/\\\/kuali.com.mx\\\/web\\\/2025\\\/11\\\/26\\\/funcionario-de-sapal-acoso-sexualmente-a-subordinada-prodheg\\\/\",\"url\":\"https:\\\/\\\/kuali.com.mx\\\/web\\\/2025\\\/11\\\/26\\\/funcionario-de-sapal-acoso-sexualmente-a-subordinada-prodheg\\\/\",\"name\":\"FUNCIONARIO DE SAPAL ACOS\u00d3 SEXUALMENTE A SUBORDINADA: PRODHEG - Kuali\",\"isPartOf\":{\"@id\":\"https:\\\/\\\/kuali.com.mx\\\/web\\\/#website\"},\"primaryImageOfPage\":{\"@id\":\"https:\\\/\\\/kuali.com.mx\\\/web\\\/2025\\\/11\\\/26\\\/funcionario-de-sapal-acoso-sexualmente-a-subordinada-prodheg\\\/#primaryimage\"},\"image\":{\"@id\":\"https:\\\/\\\/kuali.com.mx\\\/web\\\/2025\\\/11\\\/26\\\/funcionario-de-sapal-acoso-sexualmente-a-subordinada-prodheg\\\/#primaryimage\"},\"thumbnailUrl\":\"https:\\\/\\\/kuali.com.mx\\\/web\\\/wp-content\\\/uploads\\\/2022\\\/10\\\/SAPAL-1.gif\",\"datePublished\":\"2025-11-26T19:18:56+00:00\",\"dateModified\":\"2025-11-26T19:24:46+00:00\",\"author\":{\"@id\":\"https:\\\/\\\/kuali.com.mx\\\/web\\\/#\\\/schema\\\/person\\\/6f89ffa8ecba9dae50662357923c5289\"},\"breadcrumb\":{\"@id\":\"https:\\\/\\\/kuali.com.mx\\\/web\\\/2025\\\/11\\\/26\\\/funcionario-de-sapal-acoso-sexualmente-a-subordinada-prodheg\\\/#breadcrumb\"},\"inLanguage\":\"es\",\"potentialAction\":[{\"@type\":\"ReadAction\",\"target\":[\"https:\\\/\\\/kuali.com.mx\\\/web\\\/2025\\\/11\\\/26\\\/funcionario-de-sapal-acoso-sexualmente-a-subordinada-prodheg\\\/\"]}]},{\"@type\":\"ImageObject\",\"inLanguage\":\"es\",\"@id\":\"https:\\\/\\\/kuali.com.mx\\\/web\\\/2025\\\/11\\\/26\\\/funcionario-de-sapal-acoso-sexualmente-a-subordinada-prodheg\\\/#primaryimage\",\"url\":\"https:\\\/\\\/kuali.com.mx\\\/web\\\/wp-content\\\/uploads\\\/2022\\\/10\\\/SAPAL-1.gif\",\"contentUrl\":\"https:\\\/\\\/kuali.com.mx\\\/web\\\/wp-content\\\/uploads\\\/2022\\\/10\\\/SAPAL-1.gif\",\"width\":1700,\"height\":750},{\"@type\":\"BreadcrumbList\",\"@id\":\"https:\\\/\\\/kuali.com.mx\\\/web\\\/2025\\\/11\\\/26\\\/funcionario-de-sapal-acoso-sexualmente-a-subordinada-prodheg\\\/#breadcrumb\",\"itemListElement\":[{\"@type\":\"ListItem\",\"position\":1,\"name\":\"Inicio\",\"item\":\"https:\\\/\\\/kuali.com.mx\\\/web\\\/\"},{\"@type\":\"ListItem\",\"position\":2,\"name\":\"FUNCIONARIO DE SAPAL ACOS\u00d3 SEXUALMENTE A SUBORDINADA: PRODHEG\"}]},{\"@type\":\"WebSite\",\"@id\":\"https:\\\/\\\/kuali.com.mx\\\/web\\\/#website\",\"url\":\"https:\\\/\\\/kuali.com.mx\\\/web\\\/\",\"name\":\"Kuali\",\"description\":\"\",\"potentialAction\":[{\"@type\":\"SearchAction\",\"target\":{\"@type\":\"EntryPoint\",\"urlTemplate\":\"https:\\\/\\\/kuali.com.mx\\\/web\\\/?s={search_term_string}\"},\"query-input\":{\"@type\":\"PropertyValueSpecification\",\"valueRequired\":true,\"valueName\":\"search_term_string\"}}],\"inLanguage\":\"es\"},{\"@type\":\"Person\",\"@id\":\"https:\\\/\\\/kuali.com.mx\\\/web\\\/#\\\/schema\\\/person\\\/6f89ffa8ecba9dae50662357923c5289\",\"name\":\"Kuali Staff\",\"image\":{\"@type\":\"ImageObject\",\"inLanguage\":\"es\",\"@id\":\"https:\\\/\\\/secure.gravatar.com\\\/avatar\\\/f917ad82e5ab71227a733c78b6e60715476f69ee6be59feee4eb5d9920c89e0f?s=96&d=mm&r=g\",\"url\":\"https:\\\/\\\/secure.gravatar.com\\\/avatar\\\/f917ad82e5ab71227a733c78b6e60715476f69ee6be59feee4eb5d9920c89e0f?s=96&d=mm&r=g\",\"contentUrl\":\"https:\\\/\\\/secure.gravatar.com\\\/avatar\\\/f917ad82e5ab71227a733c78b6e60715476f69ee6be59feee4eb5d9920c89e0f?s=96&d=mm&r=g\",\"caption\":\"Kuali Staff\"},\"url\":\"https:\\\/\\\/kuali.com.mx\\\/web\\\/author\\\/lagarto\\\/\"}]}<\/script>\n<!-- \/ Yoast SEO plugin. -->","yoast_head_json":{"title":"FUNCIONARIO DE SAPAL ACOS\u00d3 SEXUALMENTE A SUBORDINADA: PRODHEG - Kuali","robots":{"index":"index","follow":"follow","max-snippet":"max-snippet:-1","max-image-preview":"max-image-preview:large","max-video-preview":"max-video-preview:-1"},"canonical":"https:\/\/kuali.com.mx\/web\/2025\/11\/26\/funcionario-de-sapal-acoso-sexualmente-a-subordinada-prodheg\/","og_locale":"es_MX","og_type":"article","og_title":"FUNCIONARIO DE SAPAL ACOS\u00d3 SEXUALMENTE A SUBORDINADA: PRODHEG - Kuali","og_description":"Carlos Garc\u00eda\/Le\u00f3n, Gto.- El jefe de Comunicaci\u00f3n Social del Sistema de Agua Potable y Alcantarillado de Le\u00f3n (SAPAL), Luis Arturo Hern\u00e1ndez Olmos, \u201comiti\u00f3 salvaguardar el derecho humano de las mujeres a una vida libre de violencia\u201d al acosar laboral y sexualmente a una subordinada, determin\u00f3 la procuradora de los Derechos Humanos del Estado Guanajuato, Karla [&hellip;]","og_url":"https:\/\/kuali.com.mx\/web\/2025\/11\/26\/funcionario-de-sapal-acoso-sexualmente-a-subordinada-prodheg\/","og_site_name":"Kuali","article_publisher":"https:\/\/kuali.com.mx\/web\/wp-content\/uploads\/2018\/04\/cropped-kuali_logo-1-1.png","article_published_time":"2025-11-26T19:18:56+00:00","article_modified_time":"2025-11-26T19:24:46+00:00","og_image":[{"width":1700,"height":750,"url":"https:\/\/kuali.com.mx\/web\/wp-content\/uploads\/2022\/10\/SAPAL-1.gif","type":"image\/gif"}],"author":"Kuali Staff","twitter_card":"summary_large_image","twitter_creator":"@kuali_noticias","twitter_site":"@kuali_noticias","twitter_misc":{"Escrito por":"Kuali Staff","Tiempo de lectura":"3 minutos"},"schema":{"@context":"https:\/\/schema.org","@graph":[{"@type":"Article","@id":"https:\/\/kuali.com.mx\/web\/2025\/11\/26\/funcionario-de-sapal-acoso-sexualmente-a-subordinada-prodheg\/#article","isPartOf":{"@id":"https:\/\/kuali.com.mx\/web\/2025\/11\/26\/funcionario-de-sapal-acoso-sexualmente-a-subordinada-prodheg\/"},"author":{"name":"Kuali Staff","@id":"https:\/\/kuali.com.mx\/web\/#\/schema\/person\/6f89ffa8ecba9dae50662357923c5289"},"headline":"FUNCIONARIO DE SAPAL ACOS\u00d3 SEXUALMENTE A SUBORDINADA: PRODHEG","datePublished":"2025-11-26T19:18:56+00:00","dateModified":"2025-11-26T19:24:46+00:00","mainEntityOfPage":{"@id":"https:\/\/kuali.com.mx\/web\/2025\/11\/26\/funcionario-de-sapal-acoso-sexualmente-a-subordinada-prodheg\/"},"wordCount":678,"commentCount":0,"image":{"@id":"https:\/\/kuali.com.mx\/web\/2025\/11\/26\/funcionario-de-sapal-acoso-sexualmente-a-subordinada-prodheg\/#primaryimage"},"thumbnailUrl":"https:\/\/kuali.com.mx\/web\/wp-content\/uploads\/2022\/10\/SAPAL-1.gif","articleSection":["Derechos Humanos","slider"],"inLanguage":"es","potentialAction":[{"@type":"CommentAction","name":"Comment","target":["https:\/\/kuali.com.mx\/web\/2025\/11\/26\/funcionario-de-sapal-acoso-sexualmente-a-subordinada-prodheg\/#respond"]}]},{"@type":"WebPage","@id":"https:\/\/kuali.com.mx\/web\/2025\/11\/26\/funcionario-de-sapal-acoso-sexualmente-a-subordinada-prodheg\/","url":"https:\/\/kuali.com.mx\/web\/2025\/11\/26\/funcionario-de-sapal-acoso-sexualmente-a-subordinada-prodheg\/","name":"FUNCIONARIO DE SAPAL ACOS\u00d3 SEXUALMENTE A SUBORDINADA: PRODHEG - Kuali","isPartOf":{"@id":"https:\/\/kuali.com.mx\/web\/#website"},"primaryImageOfPage":{"@id":"https:\/\/kuali.com.mx\/web\/2025\/11\/26\/funcionario-de-sapal-acoso-sexualmente-a-subordinada-prodheg\/#primaryimage"},"image":{"@id":"https:\/\/kuali.com.mx\/web\/2025\/11\/26\/funcionario-de-sapal-acoso-sexualmente-a-subordinada-prodheg\/#primaryimage"},"thumbnailUrl":"https:\/\/kuali.com.mx\/web\/wp-content\/uploads\/2022\/10\/SAPAL-1.gif","datePublished":"2025-11-26T19:18:56+00:00","dateModified":"2025-11-26T19:24:46+00:00","author":{"@id":"https:\/\/kuali.com.mx\/web\/#\/schema\/person\/6f89ffa8ecba9dae50662357923c5289"},"breadcrumb":{"@id":"https:\/\/kuali.com.mx\/web\/2025\/11\/26\/funcionario-de-sapal-acoso-sexualmente-a-subordinada-prodheg\/#breadcrumb"},"inLanguage":"es","potentialAction":[{"@type":"ReadAction","target":["https:\/\/kuali.com.mx\/web\/2025\/11\/26\/funcionario-de-sapal-acoso-sexualmente-a-subordinada-prodheg\/"]}]},{"@type":"ImageObject","inLanguage":"es","@id":"https:\/\/kuali.com.mx\/web\/2025\/11\/26\/funcionario-de-sapal-acoso-sexualmente-a-subordinada-prodheg\/#primaryimage","url":"https:\/\/kuali.com.mx\/web\/wp-content\/uploads\/2022\/10\/SAPAL-1.gif","contentUrl":"https:\/\/kuali.com.mx\/web\/wp-content\/uploads\/2022\/10\/SAPAL-1.gif","width":1700,"height":750},{"@type":"BreadcrumbList","@id":"https:\/\/kuali.com.mx\/web\/2025\/11\/26\/funcionario-de-sapal-acoso-sexualmente-a-subordinada-prodheg\/#breadcrumb","itemListElement":[{"@type":"ListItem","position":1,"name":"Inicio","item":"https:\/\/kuali.com.mx\/web\/"},{"@type":"ListItem","position":2,"name":"FUNCIONARIO DE SAPAL ACOS\u00d3 SEXUALMENTE A SUBORDINADA: PRODHEG"}]},{"@type":"WebSite","@id":"https:\/\/kuali.com.mx\/web\/#website","url":"https:\/\/kuali.com.mx\/web\/","name":"Kuali","description":"","potentialAction":[{"@type":"SearchAction","target":{"@type":"EntryPoint","urlTemplate":"https:\/\/kuali.com.mx\/web\/?s={search_term_string}"},"query-input":{"@type":"PropertyValueSpecification","valueRequired":true,"valueName":"search_term_string"}}],"inLanguage":"es"},{"@type":"Person","@id":"https:\/\/kuali.com.mx\/web\/#\/schema\/person\/6f89ffa8ecba9dae50662357923c5289","name":"Kuali Staff","image":{"@type":"ImageObject","inLanguage":"es","@id":"https:\/\/secure.gravatar.com\/avatar\/f917ad82e5ab71227a733c78b6e60715476f69ee6be59feee4eb5d9920c89e0f?s=96&d=mm&r=g","url":"https:\/\/secure.gravatar.com\/avatar\/f917ad82e5ab71227a733c78b6e60715476f69ee6be59feee4eb5d9920c89e0f?s=96&d=mm&r=g","contentUrl":"https:\/\/secure.gravatar.com\/avatar\/f917ad82e5ab71227a733c78b6e60715476f69ee6be59feee4eb5d9920c89e0f?s=96&d=mm&r=g","caption":"Kuali Staff"},"url":"https:\/\/kuali.com.mx\/web\/author\/lagarto\/"}]}},"_links":{"self":[{"href":"https:\/\/kuali.com.mx\/web\/wp-json\/wp\/v2\/posts\/190826","targetHints":{"allow":["GET"]}}],"collection":[{"href":"https:\/\/kuali.com.mx\/web\/wp-json\/wp\/v2\/posts"}],"about":[{"href":"https:\/\/kuali.com.mx\/web\/wp-json\/wp\/v2\/types\/post"}],"author":[{"embeddable":true,"href":"https:\/\/kuali.com.mx\/web\/wp-json\/wp\/v2\/users\/2"}],"replies":[{"embeddable":true,"href":"https:\/\/kuali.com.mx\/web\/wp-json\/wp\/v2\/comments?post=190826"}],"version-history":[{"count":2,"href":"https:\/\/kuali.com.mx\/web\/wp-json\/wp\/v2\/posts\/190826\/revisions"}],"predecessor-version":[{"id":190834,"href":"https:\/\/kuali.com.mx\/web\/wp-json\/wp\/v2\/posts\/190826\/revisions\/190834"}],"wp:featuredmedia":[{"embeddable":true,"href":"https:\/\/kuali.com.mx\/web\/wp-json\/wp\/v2\/media\/106198"}],"wp:attachment":[{"href":"https:\/\/kuali.com.mx\/web\/wp-json\/wp\/v2\/media?parent=190826"}],"wp:term":[{"taxonomy":"category","embeddable":true,"href":"https:\/\/kuali.com.mx\/web\/wp-json\/wp\/v2\/categories?post=190826"},{"taxonomy":"post_tag","embeddable":true,"href":"https:\/\/kuali.com.mx\/web\/wp-json\/wp\/v2\/tags?post=190826"}],"curies":[{"name":"wp","href":"https:\/\/api.w.org\/{rel}","templated":true}]}}