{"id":188231,"date":"2025-10-22T15:20:00","date_gmt":"2025-10-22T21:20:00","guid":{"rendered":"https:\/\/kuali.com.mx\/web\/?p=188231"},"modified":"2025-10-23T10:06:45","modified_gmt":"2025-10-23T16:06:45","slug":"conagua-y-canacintra-firman-convenio-para-sanear-cuenca-lerma-santiago","status":"publish","type":"post","link":"https:\/\/kuali.com.mx\/web\/2025\/10\/22\/conagua-y-canacintra-firman-convenio-para-sanear-cuenca-lerma-santiago\/","title":{"rendered":"CONAGUA Y CANACINTRA FIRMAN CONVENIO PARA SANEAR CUENCA LERMA-SANTIAGO"},"content":{"rendered":"\n<p><strong>Alicia Arias\/Le\u00f3n, Gto.- <\/strong>Empresarios de la industria de la transformaci\u00f3n firmaron un convenio de colaboraci\u00f3n con el gobierno federal para rescatar y sanear la Cuenca Lerma-Santiago, a regi\u00f3n hidrol\u00f3gica m\u00e1s grande del pa\u00eds en la que se encuentran los estados de Aguascalientes, Guanajuato, Michoac\u00e1n, Jalisco, Estado de M\u00e9xico, Nayarit, Zacatecas y Quer\u00e9taro.<\/p>\n\n\n\n<p>El convenio se firm\u00f3 este mi\u00e9rcoles en la ciudad de Le\u00f3n por parte de Giovanni Melgar Hern\u00e1ndez, subdirector General Jur\u00eddico de la Comisi\u00f3n Nacional del Agua (Conagua); de Mar\u00eda de Lourdes Medina Ortega, presidenta nacional de la C\u00e1mara Nacional de la Industria de Transformaci\u00f3n (Canacintra); y de Claudia G\u00f3mez Godoy, comisionada del Proyecto de Restauraci\u00f3n del R\u00edo Lerma-Santiago.<\/p>\n\n\n\n<p>El objetivo es establecer una alianza nacional con el sector industrial para fomentar el uso eficiente, cuidado y tratamiento del agua; implementar campa\u00f1as de concientizaci\u00f3n y capacitaci\u00f3n; participar en proyectos como la restauraci\u00f3n de la Cuenca del R\u00edo Lerma-Santiago y apoyar a empresas de todos los tama\u00f1os en la transici\u00f3n hacia pr\u00e1cticas h\u00eddricas sostenibles.<\/p>\n\n\n\n<p>Las acciones a realizar son parte de la Estrategia de Prevenci\u00f3n Ambiental para la Cuenca Lerma-Chapala implementada por la Conagua.<\/p>\n\n\n<div class=\"wp-block-image\">\n<figure class=\"aligncenter size-full\"><img loading=\"lazy\" decoding=\"async\" width=\"960\" height=\"523\" src=\"https:\/\/kuali.com.mx\/web\/wp-content\/uploads\/2025\/10\/Convenio-Lerma_Santiago-1.gif\" alt=\"\" class=\"wp-image-188234\"\/><figcaption class=\"wp-element-caption\">Conagua y Canacintra firmaron un convenio para sanear la Cuenca Lerma-Santiago. FOTO: ALICIA ARIAS<\/figcaption><\/figure>\n<\/div>\n\n\n<p>El convenio contempla a todas las delegaciones Canacintra que hay en el pa\u00eds y entre las actividades programadas destacan la realizaci\u00f3n de campa\u00f1as de concientizaci\u00f3n para empresas, programas de capacitaci\u00f3n sobre uso y tratamiento del agua, estrategias de ahorro y uso eficiente del recurso h\u00eddrico, participaci\u00f3n activa del sector productivo en el saneamiento de la Cuenca del R\u00edo Lerma-Santiago.<\/p>\n\n\n\n<p>Durante el evento de la firma de convenio se abordaron tema como el tratamiento de aguas residuales industriales, estrategias de prevenci\u00f3n ambiental en la Cuenca Lerma-Santiago, oportunidades para que las micro, peque\u00f1as y medianas empresas (MiPyMEs) adopten modelos de circularidad h\u00eddrica.<\/p>\n\n\n\n<p>La meta es proteger el medio ambiente mediante la adopci\u00f3n de medidas de prevenci\u00f3n del da\u00f1o ambiental a trav\u00e9s de la autorregulaci\u00f3n de Empresas Clave y adopci\u00f3n de buenas pr\u00e1cticas de preservaci\u00f3n, protecci\u00f3n, aprovechamiento y restauraci\u00f3n.<\/p>\n\n\n\n<p>Habr\u00e1 un seguimiento que incluye el monitoreo y reporte de verificaci\u00f3n, evaluaci\u00f3n de resultados y mejora continua a partir de la identificaci\u00f3n de fallas y posibles soluciones.<\/p>\n\n\n\n<p>Adem\u00e1s, se fortalecer\u00e1 el Programa Nacional de Auditor\u00eda Ambiental -PNAA- dirigido a las empresas medianas y grandes con alta incidencia ambiental. Su objetivo es distinguir a las empresas que cumplen con la normativa ambiental que les aplica y que demuestran una mejora en su Nivel Desempe\u00f1o Ambiental (NDA). El programa se centra en 11 materias ambientales, una de ellas es el agua.<\/p>\n\n\n\n<p>Para la primera fase se medir\u00e1n los resultados alcanzados de septiembre a diciembre del 2025 en 163 Empresas Clave de tres estados: Aguascalientes, Estado de M\u00e9xico y Jalisco.<\/p>\n\n\n\n<p><strong>Resultados esperados septiembre - noviembre 2025<\/strong><\/p>\n\n\n\n<p class=\"has-text-align-center\"><strong>Lerma-Santiago Aguascalientes<\/strong><\/p>\n\n\n\n<figure class=\"wp-block-table\"><table class=\"has-fixed-layout\"><tbody><tr><td><strong>Municipios<\/strong><\/td><td><strong>Cantidad de empresas<\/strong><\/td><\/tr><tr><td>Aguascalientes<\/td><td>17<\/td><\/tr><tr><td>Jes\u00fas Mar\u00eda<\/td><td>2<\/td><\/tr><tr><td>San Francisco de los Ro<\/td><td>3<\/td><\/tr><tr><td><strong>Total<\/strong><\/td><td><strong>22<\/strong><\/td><\/tr><\/tbody><\/table><\/figure>\n\n\n\n<p class=\"has-text-align-center\"><strong>Lerma-Santiago Jalisco<\/strong><\/p>\n\n\n\n<figure class=\"wp-block-table\"><table class=\"has-fixed-layout\"><tbody><tr><td><strong>Municipio<\/strong><\/td><td><strong>Cantidad de empresas<\/strong><\/td><\/tr><tr><td>El Salto<\/td><td>9<\/td><\/tr><tr><td>Tepatitl\u00e1n de Morelos<\/td><td>6<\/td><\/tr><tr><td>Tonal\u00e1<\/td><td>6<\/td><\/tr><tr><td>Tequila<\/td><td>5<\/td><\/tr><tr><td>Atotonilco El Alto<\/td><td>5<\/td><\/tr><tr><td>Arandas<\/td><td>5<\/td><\/tr><tr><td>Poncitl\u00e1n<\/td><td>5<\/td><\/tr><tr><td>Tlajomulco de Z\u00fa\u00f1iga<\/td><td>3<\/td><\/tr><tr><td>Guadalajara<\/td><td>3<\/td><\/tr><tr><td>Zapopan<\/td><td>3<\/td><\/tr><tr><td>La Barca<\/td><td>2<\/td><\/tr><tr><td>Jes\u00fas Mar\u00eda<\/td><td>2<\/td><\/tr><tr><td>El Arenal<\/td><td>2<\/td><\/tr><tr><td>San Pedro Tlaquepaque<\/td><td>2<\/td><\/tr><tr><td>Juanacatl\u00e1n<\/td><td>1<\/td><\/tr><tr><td>San Mart\u00edn Hidalgo<\/td><td>1<\/td><\/tr><tr><td>Tototl\u00e1n<\/td><td>1<\/td><\/tr><tr><td>Zapotlanejo<\/td><td>1<\/td><\/tr><tr><td>Magdalena<\/td><td>1<\/td><\/tr><tr><td>Sayula<\/td><td>1<\/td><\/tr><tr><td>San Ignacio Cerro Gordo<\/td><td>1<\/td><\/tr><tr><td><strong>Total<\/strong><\/td><td><strong>65<\/strong><\/td><\/tr><\/tbody><\/table><\/figure>\n\n\n\n<p class=\"has-text-align-center\"><strong>Lerma-Santiago Estado de M\u00e9xico<\/strong><\/p>\n\n\n\n<figure class=\"wp-block-table\"><table class=\"has-fixed-layout\"><tbody><tr><td><strong>Municipio<\/strong><\/td><td><strong>Cantidad de empresas<\/strong><\/td><\/tr><tr><td>Lerma<\/td><td>21<\/td><\/tr><tr><td>Toluca<\/td><td>19<\/td><\/tr><tr><td>Atlacomulco<\/td><td>12<\/td><\/tr><tr><td>Ixtlahuaca<\/td><td>5<\/td><\/tr><tr><td>Tianguistenco<\/td><td>5<\/td><\/tr><tr><td>Ocoyoacac<\/td><td>2<\/td><\/tr><tr><td>Tenancingo<\/td><td>1<\/td><\/tr><tr><td>San Mateo Atenco<\/td><td>1<\/td><\/tr><tr><td>Jiquipilco<\/td><td>1<\/td><\/tr><tr><td>Capulhuac<\/td><td>1<\/td><\/tr><tr><td>Acambay de Ru\u00edz Casta\u00f1eda<\/td><td>1<\/td><\/tr><tr><td>Morelos<\/td><td>1<\/td><\/tr><tr><td><strong>Total<\/strong><\/td><td><strong>70<\/strong><\/td><\/tr><\/tbody><\/table><\/figure>\n","protected":false},"excerpt":{"rendered":"Alicia Arias\/Le\u00f3n, Gto.- Empresarios de la industria de la transformaci\u00f3n firmaron un convenio de colaboraci\u00f3n con el gobierno federal para rescatar y sanear la Cuenca Lerma-Santiago, a regi\u00f3n hidrol\u00f3gica m\u00e1s grande del pa\u00eds en la que se encuentran los estados de Aguascalientes, Guanajuato, Michoac\u00e1n, Jalisco, Estado de M\u00e9xico, Nayarit, Zacatecas y Quer\u00e9taro. El convenio se [&hellip;]","protected":false},"author":2,"featured_media":188235,"comment_status":"open","ping_status":"open","sticky":false,"template":"","format":"standard","meta":{"_seopress_robots_primary_cat":"none","_seopress_titles_title":"","_seopress_titles_desc":"","_seopress_robots_index":"","_monsterinsights_skip_tracking":false,"_monsterinsights_sitenote_active":false,"_monsterinsights_sitenote_note":"","_monsterinsights_sitenote_category":0,"footnotes":""},"categories":[17],"tags":[2922,5947,5948,533,187,5949],"class_list":["post-188231","post","type-post","status-publish","format-standard","has-post-thumbnail","hentry","category-ecologia","tag-canacintra","tag-cnagua","tag-cuenca-lerma-santiago","tag-derecho-humano-al-agua","tag-medio-ambiente","tag-saneamiento"],"yoast_head":"<!-- This site is optimized with the Yoast SEO plugin v27.4 - https:\/\/yoast.com\/product\/yoast-seo-wordpress\/ -->\n<title>CONAGUA Y CANACINTRA FIRMAN CONVENIO PARA SANEAR CUENCA LERMA-SANTIAGO - Kuali<\/title>\n<meta name=\"robots\" content=\"index, follow, max-snippet:-1, max-image-preview:large, max-video-preview:-1\" \/>\n<link rel=\"canonical\" href=\"https:\/\/kuali.com.mx\/web\/2025\/10\/22\/conagua-y-canacintra-firman-convenio-para-sanear-cuenca-lerma-santiago\/\" \/>\n<meta property=\"og:locale\" content=\"es_MX\" \/>\n<meta property=\"og:type\" content=\"article\" \/>\n<meta property=\"og:title\" content=\"CONAGUA Y CANACINTRA FIRMAN CONVENIO PARA SANEAR CUENCA LERMA-SANTIAGO - Kuali\" \/>\n<meta property=\"og:description\" content=\"Alicia Arias\/Le\u00f3n, Gto.- Empresarios de la industria de la transformaci\u00f3n firmaron un convenio de colaboraci\u00f3n con el gobierno federal para rescatar y sanear la Cuenca Lerma-Santiago, a regi\u00f3n hidrol\u00f3gica m\u00e1s grande del pa\u00eds en la que se encuentran los estados de Aguascalientes, Guanajuato, Michoac\u00e1n, Jalisco, Estado de M\u00e9xico, Nayarit, Zacatecas y Quer\u00e9taro. El convenio se [&hellip;]\" \/>\n<meta property=\"og:url\" content=\"https:\/\/kuali.com.mx\/web\/2025\/10\/22\/conagua-y-canacintra-firman-convenio-para-sanear-cuenca-lerma-santiago\/\" \/>\n<meta property=\"og:site_name\" content=\"Kuali\" \/>\n<meta property=\"article:publisher\" content=\"https:\/\/kuali.com.mx\/web\/wp-content\/uploads\/2018\/04\/cropped-kuali_logo-1-1.png\" \/>\n<meta property=\"article:published_time\" content=\"2025-10-22T21:20:00+00:00\" \/>\n<meta property=\"article:modified_time\" content=\"2025-10-23T16:06:45+00:00\" \/>\n<meta property=\"og:image\" content=\"https:\/\/kuali.com.mx\/web\/wp-content\/uploads\/2025\/10\/Convenio-Lerma_Santiago-2.gif\" \/>\n\t<meta property=\"og:image:width\" content=\"1711\" \/>\n\t<meta property=\"og:image:height\" content=\"750\" \/>\n\t<meta property=\"og:image:type\" content=\"image\/gif\" \/>\n<meta name=\"author\" content=\"Kuali Staff\" \/>\n<meta name=\"twitter:card\" content=\"summary_large_image\" \/>\n<meta name=\"twitter:creator\" content=\"@kuali_noticias\" \/>\n<meta name=\"twitter:site\" content=\"@kuali_noticias\" \/>\n<meta name=\"twitter:label1\" content=\"Escrito por\" \/>\n\t<meta name=\"twitter:data1\" content=\"Kuali Staff\" \/>\n\t<meta name=\"twitter:label2\" content=\"Tiempo de lectura\" \/>\n\t<meta name=\"twitter:data2\" content=\"3 minutos\" \/>\n<script type=\"application\/ld+json\" class=\"yoast-schema-graph\">{\"@context\":\"https:\\\/\\\/schema.org\",\"@graph\":[{\"@type\":\"Article\",\"@id\":\"https:\\\/\\\/kuali.com.mx\\\/web\\\/2025\\\/10\\\/22\\\/conagua-y-canacintra-firman-convenio-para-sanear-cuenca-lerma-santiago\\\/#article\",\"isPartOf\":{\"@id\":\"https:\\\/\\\/kuali.com.mx\\\/web\\\/2025\\\/10\\\/22\\\/conagua-y-canacintra-firman-convenio-para-sanear-cuenca-lerma-santiago\\\/\"},\"author\":{\"name\":\"Kuali Staff\",\"@id\":\"https:\\\/\\\/kuali.com.mx\\\/web\\\/#\\\/schema\\\/person\\\/6f89ffa8ecba9dae50662357923c5289\"},\"headline\":\"CONAGUA Y CANACINTRA FIRMAN CONVENIO PARA SANEAR CUENCA LERMA-SANTIAGO\",\"datePublished\":\"2025-10-22T21:20:00+00:00\",\"dateModified\":\"2025-10-23T16:06:45+00:00\",\"mainEntityOfPage\":{\"@id\":\"https:\\\/\\\/kuali.com.mx\\\/web\\\/2025\\\/10\\\/22\\\/conagua-y-canacintra-firman-convenio-para-sanear-cuenca-lerma-santiago\\\/\"},\"wordCount\":623,\"commentCount\":0,\"image\":{\"@id\":\"https:\\\/\\\/kuali.com.mx\\\/web\\\/2025\\\/10\\\/22\\\/conagua-y-canacintra-firman-convenio-para-sanear-cuenca-lerma-santiago\\\/#primaryimage\"},\"thumbnailUrl\":\"https:\\\/\\\/kuali.com.mx\\\/web\\\/wp-content\\\/uploads\\\/2025\\\/10\\\/Convenio-Lerma_Santiago-2.gif\",\"keywords\":[\"Canacintra\",\"Cnagua\",\"Cuenca Lerma-Santiago\",\"Derecho humano al agua\",\"Medio ambiente\",\"Saneamiento\"],\"articleSection\":[\"Ecolog\u00eda\"],\"inLanguage\":\"es\",\"potentialAction\":[{\"@type\":\"CommentAction\",\"name\":\"Comment\",\"target\":[\"https:\\\/\\\/kuali.com.mx\\\/web\\\/2025\\\/10\\\/22\\\/conagua-y-canacintra-firman-convenio-para-sanear-cuenca-lerma-santiago\\\/#respond\"]}]},{\"@type\":\"WebPage\",\"@id\":\"https:\\\/\\\/kuali.com.mx\\\/web\\\/2025\\\/10\\\/22\\\/conagua-y-canacintra-firman-convenio-para-sanear-cuenca-lerma-santiago\\\/\",\"url\":\"https:\\\/\\\/kuali.com.mx\\\/web\\\/2025\\\/10\\\/22\\\/conagua-y-canacintra-firman-convenio-para-sanear-cuenca-lerma-santiago\\\/\",\"name\":\"CONAGUA Y CANACINTRA FIRMAN CONVENIO PARA SANEAR CUENCA LERMA-SANTIAGO - Kuali\",\"isPartOf\":{\"@id\":\"https:\\\/\\\/kuali.com.mx\\\/web\\\/#website\"},\"primaryImageOfPage\":{\"@id\":\"https:\\\/\\\/kuali.com.mx\\\/web\\\/2025\\\/10\\\/22\\\/conagua-y-canacintra-firman-convenio-para-sanear-cuenca-lerma-santiago\\\/#primaryimage\"},\"image\":{\"@id\":\"https:\\\/\\\/kuali.com.mx\\\/web\\\/2025\\\/10\\\/22\\\/conagua-y-canacintra-firman-convenio-para-sanear-cuenca-lerma-santiago\\\/#primaryimage\"},\"thumbnailUrl\":\"https:\\\/\\\/kuali.com.mx\\\/web\\\/wp-content\\\/uploads\\\/2025\\\/10\\\/Convenio-Lerma_Santiago-2.gif\",\"datePublished\":\"2025-10-22T21:20:00+00:00\",\"dateModified\":\"2025-10-23T16:06:45+00:00\",\"author\":{\"@id\":\"https:\\\/\\\/kuali.com.mx\\\/web\\\/#\\\/schema\\\/person\\\/6f89ffa8ecba9dae50662357923c5289\"},\"breadcrumb\":{\"@id\":\"https:\\\/\\\/kuali.com.mx\\\/web\\\/2025\\\/10\\\/22\\\/conagua-y-canacintra-firman-convenio-para-sanear-cuenca-lerma-santiago\\\/#breadcrumb\"},\"inLanguage\":\"es\",\"potentialAction\":[{\"@type\":\"ReadAction\",\"target\":[\"https:\\\/\\\/kuali.com.mx\\\/web\\\/2025\\\/10\\\/22\\\/conagua-y-canacintra-firman-convenio-para-sanear-cuenca-lerma-santiago\\\/\"]}]},{\"@type\":\"ImageObject\",\"inLanguage\":\"es\",\"@id\":\"https:\\\/\\\/kuali.com.mx\\\/web\\\/2025\\\/10\\\/22\\\/conagua-y-canacintra-firman-convenio-para-sanear-cuenca-lerma-santiago\\\/#primaryimage\",\"url\":\"https:\\\/\\\/kuali.com.mx\\\/web\\\/wp-content\\\/uploads\\\/2025\\\/10\\\/Convenio-Lerma_Santiago-2.gif\",\"contentUrl\":\"https:\\\/\\\/kuali.com.mx\\\/web\\\/wp-content\\\/uploads\\\/2025\\\/10\\\/Convenio-Lerma_Santiago-2.gif\",\"width\":1711,\"height\":750},{\"@type\":\"BreadcrumbList\",\"@id\":\"https:\\\/\\\/kuali.com.mx\\\/web\\\/2025\\\/10\\\/22\\\/conagua-y-canacintra-firman-convenio-para-sanear-cuenca-lerma-santiago\\\/#breadcrumb\",\"itemListElement\":[{\"@type\":\"ListItem\",\"position\":1,\"name\":\"Inicio\",\"item\":\"https:\\\/\\\/kuali.com.mx\\\/web\\\/\"},{\"@type\":\"ListItem\",\"position\":2,\"name\":\"CONAGUA Y CANACINTRA FIRMAN CONVENIO PARA SANEAR CUENCA LERMA-SANTIAGO\"}]},{\"@type\":\"WebSite\",\"@id\":\"https:\\\/\\\/kuali.com.mx\\\/web\\\/#website\",\"url\":\"https:\\\/\\\/kuali.com.mx\\\/web\\\/\",\"name\":\"Kuali\",\"description\":\"\",\"potentialAction\":[{\"@type\":\"SearchAction\",\"target\":{\"@type\":\"EntryPoint\",\"urlTemplate\":\"https:\\\/\\\/kuali.com.mx\\\/web\\\/?s={search_term_string}\"},\"query-input\":{\"@type\":\"PropertyValueSpecification\",\"valueRequired\":true,\"valueName\":\"search_term_string\"}}],\"inLanguage\":\"es\"},{\"@type\":\"Person\",\"@id\":\"https:\\\/\\\/kuali.com.mx\\\/web\\\/#\\\/schema\\\/person\\\/6f89ffa8ecba9dae50662357923c5289\",\"name\":\"Kuali Staff\",\"image\":{\"@type\":\"ImageObject\",\"inLanguage\":\"es\",\"@id\":\"https:\\\/\\\/secure.gravatar.com\\\/avatar\\\/f917ad82e5ab71227a733c78b6e60715476f69ee6be59feee4eb5d9920c89e0f?s=96&d=mm&r=g\",\"url\":\"https:\\\/\\\/secure.gravatar.com\\\/avatar\\\/f917ad82e5ab71227a733c78b6e60715476f69ee6be59feee4eb5d9920c89e0f?s=96&d=mm&r=g\",\"contentUrl\":\"https:\\\/\\\/secure.gravatar.com\\\/avatar\\\/f917ad82e5ab71227a733c78b6e60715476f69ee6be59feee4eb5d9920c89e0f?s=96&d=mm&r=g\",\"caption\":\"Kuali Staff\"},\"url\":\"https:\\\/\\\/kuali.com.mx\\\/web\\\/author\\\/lagarto\\\/\"}]}<\/script>\n<!-- \/ Yoast SEO plugin. -->","yoast_head_json":{"title":"CONAGUA Y CANACINTRA FIRMAN CONVENIO PARA SANEAR CUENCA LERMA-SANTIAGO - Kuali","robots":{"index":"index","follow":"follow","max-snippet":"max-snippet:-1","max-image-preview":"max-image-preview:large","max-video-preview":"max-video-preview:-1"},"canonical":"https:\/\/kuali.com.mx\/web\/2025\/10\/22\/conagua-y-canacintra-firman-convenio-para-sanear-cuenca-lerma-santiago\/","og_locale":"es_MX","og_type":"article","og_title":"CONAGUA Y CANACINTRA FIRMAN CONVENIO PARA SANEAR CUENCA LERMA-SANTIAGO - Kuali","og_description":"Alicia Arias\/Le\u00f3n, Gto.- Empresarios de la industria de la transformaci\u00f3n firmaron un convenio de colaboraci\u00f3n con el gobierno federal para rescatar y sanear la Cuenca Lerma-Santiago, a regi\u00f3n hidrol\u00f3gica m\u00e1s grande del pa\u00eds en la que se encuentran los estados de Aguascalientes, Guanajuato, Michoac\u00e1n, Jalisco, Estado de M\u00e9xico, Nayarit, Zacatecas y Quer\u00e9taro. El convenio se [&hellip;]","og_url":"https:\/\/kuali.com.mx\/web\/2025\/10\/22\/conagua-y-canacintra-firman-convenio-para-sanear-cuenca-lerma-santiago\/","og_site_name":"Kuali","article_publisher":"https:\/\/kuali.com.mx\/web\/wp-content\/uploads\/2018\/04\/cropped-kuali_logo-1-1.png","article_published_time":"2025-10-22T21:20:00+00:00","article_modified_time":"2025-10-23T16:06:45+00:00","og_image":[{"width":1711,"height":750,"url":"https:\/\/kuali.com.mx\/web\/wp-content\/uploads\/2025\/10\/Convenio-Lerma_Santiago-2.gif","type":"image\/gif"}],"author":"Kuali Staff","twitter_card":"summary_large_image","twitter_creator":"@kuali_noticias","twitter_site":"@kuali_noticias","twitter_misc":{"Escrito por":"Kuali Staff","Tiempo de lectura":"3 minutos"},"schema":{"@context":"https:\/\/schema.org","@graph":[{"@type":"Article","@id":"https:\/\/kuali.com.mx\/web\/2025\/10\/22\/conagua-y-canacintra-firman-convenio-para-sanear-cuenca-lerma-santiago\/#article","isPartOf":{"@id":"https:\/\/kuali.com.mx\/web\/2025\/10\/22\/conagua-y-canacintra-firman-convenio-para-sanear-cuenca-lerma-santiago\/"},"author":{"name":"Kuali Staff","@id":"https:\/\/kuali.com.mx\/web\/#\/schema\/person\/6f89ffa8ecba9dae50662357923c5289"},"headline":"CONAGUA Y CANACINTRA FIRMAN CONVENIO PARA SANEAR CUENCA LERMA-SANTIAGO","datePublished":"2025-10-22T21:20:00+00:00","dateModified":"2025-10-23T16:06:45+00:00","mainEntityOfPage":{"@id":"https:\/\/kuali.com.mx\/web\/2025\/10\/22\/conagua-y-canacintra-firman-convenio-para-sanear-cuenca-lerma-santiago\/"},"wordCount":623,"commentCount":0,"image":{"@id":"https:\/\/kuali.com.mx\/web\/2025\/10\/22\/conagua-y-canacintra-firman-convenio-para-sanear-cuenca-lerma-santiago\/#primaryimage"},"thumbnailUrl":"https:\/\/kuali.com.mx\/web\/wp-content\/uploads\/2025\/10\/Convenio-Lerma_Santiago-2.gif","keywords":["Canacintra","Cnagua","Cuenca Lerma-Santiago","Derecho humano al agua","Medio ambiente","Saneamiento"],"articleSection":["Ecolog\u00eda"],"inLanguage":"es","potentialAction":[{"@type":"CommentAction","name":"Comment","target":["https:\/\/kuali.com.mx\/web\/2025\/10\/22\/conagua-y-canacintra-firman-convenio-para-sanear-cuenca-lerma-santiago\/#respond"]}]},{"@type":"WebPage","@id":"https:\/\/kuali.com.mx\/web\/2025\/10\/22\/conagua-y-canacintra-firman-convenio-para-sanear-cuenca-lerma-santiago\/","url":"https:\/\/kuali.com.mx\/web\/2025\/10\/22\/conagua-y-canacintra-firman-convenio-para-sanear-cuenca-lerma-santiago\/","name":"CONAGUA Y CANACINTRA FIRMAN CONVENIO PARA SANEAR CUENCA LERMA-SANTIAGO - Kuali","isPartOf":{"@id":"https:\/\/kuali.com.mx\/web\/#website"},"primaryImageOfPage":{"@id":"https:\/\/kuali.com.mx\/web\/2025\/10\/22\/conagua-y-canacintra-firman-convenio-para-sanear-cuenca-lerma-santiago\/#primaryimage"},"image":{"@id":"https:\/\/kuali.com.mx\/web\/2025\/10\/22\/conagua-y-canacintra-firman-convenio-para-sanear-cuenca-lerma-santiago\/#primaryimage"},"thumbnailUrl":"https:\/\/kuali.com.mx\/web\/wp-content\/uploads\/2025\/10\/Convenio-Lerma_Santiago-2.gif","datePublished":"2025-10-22T21:20:00+00:00","dateModified":"2025-10-23T16:06:45+00:00","author":{"@id":"https:\/\/kuali.com.mx\/web\/#\/schema\/person\/6f89ffa8ecba9dae50662357923c5289"},"breadcrumb":{"@id":"https:\/\/kuali.com.mx\/web\/2025\/10\/22\/conagua-y-canacintra-firman-convenio-para-sanear-cuenca-lerma-santiago\/#breadcrumb"},"inLanguage":"es","potentialAction":[{"@type":"ReadAction","target":["https:\/\/kuali.com.mx\/web\/2025\/10\/22\/conagua-y-canacintra-firman-convenio-para-sanear-cuenca-lerma-santiago\/"]}]},{"@type":"ImageObject","inLanguage":"es","@id":"https:\/\/kuali.com.mx\/web\/2025\/10\/22\/conagua-y-canacintra-firman-convenio-para-sanear-cuenca-lerma-santiago\/#primaryimage","url":"https:\/\/kuali.com.mx\/web\/wp-content\/uploads\/2025\/10\/Convenio-Lerma_Santiago-2.gif","contentUrl":"https:\/\/kuali.com.mx\/web\/wp-content\/uploads\/2025\/10\/Convenio-Lerma_Santiago-2.gif","width":1711,"height":750},{"@type":"BreadcrumbList","@id":"https:\/\/kuali.com.mx\/web\/2025\/10\/22\/conagua-y-canacintra-firman-convenio-para-sanear-cuenca-lerma-santiago\/#breadcrumb","itemListElement":[{"@type":"ListItem","position":1,"name":"Inicio","item":"https:\/\/kuali.com.mx\/web\/"},{"@type":"ListItem","position":2,"name":"CONAGUA Y CANACINTRA FIRMAN CONVENIO PARA SANEAR CUENCA LERMA-SANTIAGO"}]},{"@type":"WebSite","@id":"https:\/\/kuali.com.mx\/web\/#website","url":"https:\/\/kuali.com.mx\/web\/","name":"Kuali","description":"","potentialAction":[{"@type":"SearchAction","target":{"@type":"EntryPoint","urlTemplate":"https:\/\/kuali.com.mx\/web\/?s={search_term_string}"},"query-input":{"@type":"PropertyValueSpecification","valueRequired":true,"valueName":"search_term_string"}}],"inLanguage":"es"},{"@type":"Person","@id":"https:\/\/kuali.com.mx\/web\/#\/schema\/person\/6f89ffa8ecba9dae50662357923c5289","name":"Kuali Staff","image":{"@type":"ImageObject","inLanguage":"es","@id":"https:\/\/secure.gravatar.com\/avatar\/f917ad82e5ab71227a733c78b6e60715476f69ee6be59feee4eb5d9920c89e0f?s=96&d=mm&r=g","url":"https:\/\/secure.gravatar.com\/avatar\/f917ad82e5ab71227a733c78b6e60715476f69ee6be59feee4eb5d9920c89e0f?s=96&d=mm&r=g","contentUrl":"https:\/\/secure.gravatar.com\/avatar\/f917ad82e5ab71227a733c78b6e60715476f69ee6be59feee4eb5d9920c89e0f?s=96&d=mm&r=g","caption":"Kuali Staff"},"url":"https:\/\/kuali.com.mx\/web\/author\/lagarto\/"}]}},"_links":{"self":[{"href":"https:\/\/kuali.com.mx\/web\/wp-json\/wp\/v2\/posts\/188231","targetHints":{"allow":["GET"]}}],"collection":[{"href":"https:\/\/kuali.com.mx\/web\/wp-json\/wp\/v2\/posts"}],"about":[{"href":"https:\/\/kuali.com.mx\/web\/wp-json\/wp\/v2\/types\/post"}],"author":[{"embeddable":true,"href":"https:\/\/kuali.com.mx\/web\/wp-json\/wp\/v2\/users\/2"}],"replies":[{"embeddable":true,"href":"https:\/\/kuali.com.mx\/web\/wp-json\/wp\/v2\/comments?post=188231"}],"version-history":[{"count":2,"href":"https:\/\/kuali.com.mx\/web\/wp-json\/wp\/v2\/posts\/188231\/revisions"}],"predecessor-version":[{"id":188246,"href":"https:\/\/kuali.com.mx\/web\/wp-json\/wp\/v2\/posts\/188231\/revisions\/188246"}],"wp:featuredmedia":[{"embeddable":true,"href":"https:\/\/kuali.com.mx\/web\/wp-json\/wp\/v2\/media\/188235"}],"wp:attachment":[{"href":"https:\/\/kuali.com.mx\/web\/wp-json\/wp\/v2\/media?parent=188231"}],"wp:term":[{"taxonomy":"category","embeddable":true,"href":"https:\/\/kuali.com.mx\/web\/wp-json\/wp\/v2\/categories?post=188231"},{"taxonomy":"post_tag","embeddable":true,"href":"https:\/\/kuali.com.mx\/web\/wp-json\/wp\/v2\/tags?post=188231"}],"curies":[{"name":"wp","href":"https:\/\/api.w.org\/{rel}","templated":true}]}}