{"id":188118,"date":"2025-10-21T17:27:46","date_gmt":"2025-10-21T23:27:46","guid":{"rendered":"https:\/\/kuali.com.mx\/web\/?p=188118"},"modified":"2025-10-21T17:27:48","modified_gmt":"2025-10-21T23:27:48","slug":"pronostican-temperaturas-de-5-grados","status":"publish","type":"post","link":"https:\/\/kuali.com.mx\/web\/2025\/10\/21\/pronostican-temperaturas-de-5-grados\/","title":{"rendered":"PRONOSTICAN TEMPERATURAS DE -5 GRADOS"},"content":{"rendered":"\n<p><strong><em>Kuali\/Guanajuato, Gto.- <\/em><\/strong>De acuerdo con las tendencias clim\u00e1ticas registradas en las \u00faltimas semanas en la entidad, se prev\u00e9 que las primeras heladas comiencen en la primera quincena de noviembre, pronostic\u00f3 Marcos Irineo Esquivel Longoria, responsable del \u00c1rea de Ciencias Atmosf\u00e9ricas y Observatorio Meteorol\u00f3gico de la Universidad de Guanajuato (UG).<\/p>\n\n\n\n<p>\u201cEstas heladas tendr\u00e1n los valores m\u00e1s bajos en los municipios de San Diego de la Uni\u00f3n, San Luis de la Paz, Ocampo, San Felipe, Dolores Hidalgo y en las zonas circundantes, as\u00ed como en las zonas monta\u00f1osas y sus puntos m\u00e1s altos\u201d, coment\u00f3.<\/p>\n\n\n\n<p>El especialista tambi\u00e9n mencion\u00f3 que en este 2025 se esperan temperaturas de -5 \u00b0C y las heladas se prolongar\u00e1n desde noviembre hasta la primera quincena de febrero del 2026.<\/p>\n\n\n\n<p>\u201cEste a\u00f1o no estamos esperando algo tan extremo o bajo a comparaci\u00f3n de otros, como en 2011 en donde se registraron hasta -11 \u00b0C. Se estiman temperaturas m\u00ednimas cercanas hasta los -5 \u00b0C\u201d, se\u00f1al\u00f3.<\/p>\n\n\n\n<p>Se recomienda a la ciudadan\u00eda mantenerse informada sobre los cambios clim\u00e1ticos que se avecinen y abrigarse adecuadamente, \u201cno exponerse a determinadas horas del d\u00eda, porque, aparte de las temperaturas bajas, se van a generar vientos fuertes que acarrean polvos y otros contaminantes, los cuales podr\u00edan afectar las v\u00edas respiratorias\u201d, agreg\u00f3 Esquivel Longoria.<\/p>\n\n\n\n<p>Las actualizaciones de este reporte pueden ser&nbsp;consultadas en la p\u00e1gina el \u00c1rea de Ciencias Atmosf\u00e9ricas y Observatorio Meteorol\u00f3gico de la UG,&nbsp;<a rel=\"noreferrer noopener\" target=\"_blank\" href=\"http:\/\/www.acaug.ugto.mx\/\">www.acaug.ugto.mx<\/a>, adem\u00e1s de sus redes sociales.<\/p>\n","protected":false},"excerpt":{"rendered":"Kuali\/Guanajuato, Gto.- De acuerdo con las tendencias clim\u00e1ticas registradas en las \u00faltimas semanas en la entidad, se prev\u00e9 que las primeras heladas comiencen en la primera quincena de noviembre, pronostic\u00f3 Marcos Irineo Esquivel Longoria, responsable del \u00c1rea de Ciencias Atmosf\u00e9ricas y Observatorio Meteorol\u00f3gico de la Universidad de Guanajuato (UG). \u201cEstas heladas tendr\u00e1n los valores m\u00e1s [&hellip;]","protected":false},"author":2,"featured_media":50625,"comment_status":"open","ping_status":"open","sticky":false,"template":"","format":"standard","meta":{"_seopress_robots_primary_cat":"none","_seopress_titles_title":"","_seopress_titles_desc":"","_seopress_robots_index":"","_monsterinsights_skip_tracking":false,"_monsterinsights_sitenote_active":false,"_monsterinsights_sitenote_note":"","_monsterinsights_sitenote_category":0,"footnotes":""},"categories":[17,69],"tags":[],"class_list":["post-188118","post","type-post","status-publish","format-standard","has-post-thumbnail","hentry","category-ecologia","category-slider"],"yoast_head":"<!-- This site is optimized with the Yoast SEO plugin v27.4 - https:\/\/yoast.com\/product\/yoast-seo-wordpress\/ -->\n<title>PRONOSTICAN TEMPERATURAS DE -5 GRADOS - Kuali<\/title>\n<meta name=\"robots\" content=\"index, follow, max-snippet:-1, max-image-preview:large, max-video-preview:-1\" \/>\n<link rel=\"canonical\" href=\"https:\/\/kuali.com.mx\/web\/2025\/10\/21\/pronostican-temperaturas-de-5-grados\/\" \/>\n<meta property=\"og:locale\" content=\"es_MX\" \/>\n<meta property=\"og:type\" content=\"article\" \/>\n<meta property=\"og:title\" content=\"PRONOSTICAN TEMPERATURAS DE -5 GRADOS - Kuali\" \/>\n<meta property=\"og:description\" content=\"Kuali\/Guanajuato, Gto.- De acuerdo con las tendencias clim\u00e1ticas registradas en las \u00faltimas semanas en la entidad, se prev\u00e9 que las primeras heladas comiencen en la primera quincena de noviembre, pronostic\u00f3 Marcos Irineo Esquivel Longoria, responsable del \u00c1rea de Ciencias Atmosf\u00e9ricas y Observatorio Meteorol\u00f3gico de la Universidad de Guanajuato (UG). \u201cEstas heladas tendr\u00e1n los valores m\u00e1s [&hellip;]\" \/>\n<meta property=\"og:url\" content=\"https:\/\/kuali.com.mx\/web\/2025\/10\/21\/pronostican-temperaturas-de-5-grados\/\" \/>\n<meta property=\"og:site_name\" content=\"Kuali\" \/>\n<meta property=\"article:publisher\" content=\"https:\/\/kuali.com.mx\/web\/wp-content\/uploads\/2018\/04\/cropped-kuali_logo-1-1.png\" \/>\n<meta property=\"article:published_time\" content=\"2025-10-21T23:27:46+00:00\" \/>\n<meta property=\"article:modified_time\" content=\"2025-10-21T23:27:48+00:00\" \/>\n<meta property=\"og:image\" content=\"https:\/\/kuali.com.mx\/web\/wp-content\/uploads\/2019\/02\/Copo-nieve-frio.jpg\" \/>\n\t<meta property=\"og:image:width\" content=\"1805\" \/>\n\t<meta property=\"og:image:height\" content=\"750\" \/>\n\t<meta property=\"og:image:type\" content=\"image\/jpeg\" \/>\n<meta name=\"author\" content=\"Kuali Staff\" \/>\n<meta name=\"twitter:card\" content=\"summary_large_image\" \/>\n<meta name=\"twitter:creator\" content=\"@kuali_noticias\" \/>\n<meta name=\"twitter:site\" content=\"@kuali_noticias\" \/>\n<meta name=\"twitter:label1\" content=\"Escrito por\" \/>\n\t<meta name=\"twitter:data1\" content=\"Kuali Staff\" \/>\n\t<meta name=\"twitter:label2\" content=\"Tiempo de lectura\" \/>\n\t<meta name=\"twitter:data2\" content=\"1 minuto\" \/>\n<script type=\"application\/ld+json\" class=\"yoast-schema-graph\">{\"@context\":\"https:\\\/\\\/schema.org\",\"@graph\":[{\"@type\":\"Article\",\"@id\":\"https:\\\/\\\/kuali.com.mx\\\/web\\\/2025\\\/10\\\/21\\\/pronostican-temperaturas-de-5-grados\\\/#article\",\"isPartOf\":{\"@id\":\"https:\\\/\\\/kuali.com.mx\\\/web\\\/2025\\\/10\\\/21\\\/pronostican-temperaturas-de-5-grados\\\/\"},\"author\":{\"name\":\"Kuali Staff\",\"@id\":\"https:\\\/\\\/kuali.com.mx\\\/web\\\/#\\\/schema\\\/person\\\/6f89ffa8ecba9dae50662357923c5289\"},\"headline\":\"PRONOSTICAN TEMPERATURAS DE -5 GRADOS\",\"datePublished\":\"2025-10-21T23:27:46+00:00\",\"dateModified\":\"2025-10-21T23:27:48+00:00\",\"mainEntityOfPage\":{\"@id\":\"https:\\\/\\\/kuali.com.mx\\\/web\\\/2025\\\/10\\\/21\\\/pronostican-temperaturas-de-5-grados\\\/\"},\"wordCount\":267,\"commentCount\":0,\"image\":{\"@id\":\"https:\\\/\\\/kuali.com.mx\\\/web\\\/2025\\\/10\\\/21\\\/pronostican-temperaturas-de-5-grados\\\/#primaryimage\"},\"thumbnailUrl\":\"https:\\\/\\\/kuali.com.mx\\\/web\\\/wp-content\\\/uploads\\\/2019\\\/02\\\/Copo-nieve-frio.jpg\",\"articleSection\":[\"Ecolog\u00eda\",\"slider\"],\"inLanguage\":\"es\",\"potentialAction\":[{\"@type\":\"CommentAction\",\"name\":\"Comment\",\"target\":[\"https:\\\/\\\/kuali.com.mx\\\/web\\\/2025\\\/10\\\/21\\\/pronostican-temperaturas-de-5-grados\\\/#respond\"]}]},{\"@type\":\"WebPage\",\"@id\":\"https:\\\/\\\/kuali.com.mx\\\/web\\\/2025\\\/10\\\/21\\\/pronostican-temperaturas-de-5-grados\\\/\",\"url\":\"https:\\\/\\\/kuali.com.mx\\\/web\\\/2025\\\/10\\\/21\\\/pronostican-temperaturas-de-5-grados\\\/\",\"name\":\"PRONOSTICAN TEMPERATURAS DE -5 GRADOS - Kuali\",\"isPartOf\":{\"@id\":\"https:\\\/\\\/kuali.com.mx\\\/web\\\/#website\"},\"primaryImageOfPage\":{\"@id\":\"https:\\\/\\\/kuali.com.mx\\\/web\\\/2025\\\/10\\\/21\\\/pronostican-temperaturas-de-5-grados\\\/#primaryimage\"},\"image\":{\"@id\":\"https:\\\/\\\/kuali.com.mx\\\/web\\\/2025\\\/10\\\/21\\\/pronostican-temperaturas-de-5-grados\\\/#primaryimage\"},\"thumbnailUrl\":\"https:\\\/\\\/kuali.com.mx\\\/web\\\/wp-content\\\/uploads\\\/2019\\\/02\\\/Copo-nieve-frio.jpg\",\"datePublished\":\"2025-10-21T23:27:46+00:00\",\"dateModified\":\"2025-10-21T23:27:48+00:00\",\"author\":{\"@id\":\"https:\\\/\\\/kuali.com.mx\\\/web\\\/#\\\/schema\\\/person\\\/6f89ffa8ecba9dae50662357923c5289\"},\"breadcrumb\":{\"@id\":\"https:\\\/\\\/kuali.com.mx\\\/web\\\/2025\\\/10\\\/21\\\/pronostican-temperaturas-de-5-grados\\\/#breadcrumb\"},\"inLanguage\":\"es\",\"potentialAction\":[{\"@type\":\"ReadAction\",\"target\":[\"https:\\\/\\\/kuali.com.mx\\\/web\\\/2025\\\/10\\\/21\\\/pronostican-temperaturas-de-5-grados\\\/\"]}]},{\"@type\":\"ImageObject\",\"inLanguage\":\"es\",\"@id\":\"https:\\\/\\\/kuali.com.mx\\\/web\\\/2025\\\/10\\\/21\\\/pronostican-temperaturas-de-5-grados\\\/#primaryimage\",\"url\":\"https:\\\/\\\/kuali.com.mx\\\/web\\\/wp-content\\\/uploads\\\/2019\\\/02\\\/Copo-nieve-frio.jpg\",\"contentUrl\":\"https:\\\/\\\/kuali.com.mx\\\/web\\\/wp-content\\\/uploads\\\/2019\\\/02\\\/Copo-nieve-frio.jpg\",\"width\":1805,\"height\":750},{\"@type\":\"BreadcrumbList\",\"@id\":\"https:\\\/\\\/kuali.com.mx\\\/web\\\/2025\\\/10\\\/21\\\/pronostican-temperaturas-de-5-grados\\\/#breadcrumb\",\"itemListElement\":[{\"@type\":\"ListItem\",\"position\":1,\"name\":\"Inicio\",\"item\":\"https:\\\/\\\/kuali.com.mx\\\/web\\\/\"},{\"@type\":\"ListItem\",\"position\":2,\"name\":\"PRONOSTICAN TEMPERATURAS DE -5 GRADOS\"}]},{\"@type\":\"WebSite\",\"@id\":\"https:\\\/\\\/kuali.com.mx\\\/web\\\/#website\",\"url\":\"https:\\\/\\\/kuali.com.mx\\\/web\\\/\",\"name\":\"Kuali\",\"description\":\"\",\"potentialAction\":[{\"@type\":\"SearchAction\",\"target\":{\"@type\":\"EntryPoint\",\"urlTemplate\":\"https:\\\/\\\/kuali.com.mx\\\/web\\\/?s={search_term_string}\"},\"query-input\":{\"@type\":\"PropertyValueSpecification\",\"valueRequired\":true,\"valueName\":\"search_term_string\"}}],\"inLanguage\":\"es\"},{\"@type\":\"Person\",\"@id\":\"https:\\\/\\\/kuali.com.mx\\\/web\\\/#\\\/schema\\\/person\\\/6f89ffa8ecba9dae50662357923c5289\",\"name\":\"Kuali Staff\",\"image\":{\"@type\":\"ImageObject\",\"inLanguage\":\"es\",\"@id\":\"https:\\\/\\\/secure.gravatar.com\\\/avatar\\\/f917ad82e5ab71227a733c78b6e60715476f69ee6be59feee4eb5d9920c89e0f?s=96&d=mm&r=g\",\"url\":\"https:\\\/\\\/secure.gravatar.com\\\/avatar\\\/f917ad82e5ab71227a733c78b6e60715476f69ee6be59feee4eb5d9920c89e0f?s=96&d=mm&r=g\",\"contentUrl\":\"https:\\\/\\\/secure.gravatar.com\\\/avatar\\\/f917ad82e5ab71227a733c78b6e60715476f69ee6be59feee4eb5d9920c89e0f?s=96&d=mm&r=g\",\"caption\":\"Kuali Staff\"},\"url\":\"https:\\\/\\\/kuali.com.mx\\\/web\\\/author\\\/lagarto\\\/\"}]}<\/script>\n<!-- \/ Yoast SEO plugin. -->","yoast_head_json":{"title":"PRONOSTICAN TEMPERATURAS DE -5 GRADOS - Kuali","robots":{"index":"index","follow":"follow","max-snippet":"max-snippet:-1","max-image-preview":"max-image-preview:large","max-video-preview":"max-video-preview:-1"},"canonical":"https:\/\/kuali.com.mx\/web\/2025\/10\/21\/pronostican-temperaturas-de-5-grados\/","og_locale":"es_MX","og_type":"article","og_title":"PRONOSTICAN TEMPERATURAS DE -5 GRADOS - Kuali","og_description":"Kuali\/Guanajuato, Gto.- De acuerdo con las tendencias clim\u00e1ticas registradas en las \u00faltimas semanas en la entidad, se prev\u00e9 que las primeras heladas comiencen en la primera quincena de noviembre, pronostic\u00f3 Marcos Irineo Esquivel Longoria, responsable del \u00c1rea de Ciencias Atmosf\u00e9ricas y Observatorio Meteorol\u00f3gico de la Universidad de Guanajuato (UG). \u201cEstas heladas tendr\u00e1n los valores m\u00e1s [&hellip;]","og_url":"https:\/\/kuali.com.mx\/web\/2025\/10\/21\/pronostican-temperaturas-de-5-grados\/","og_site_name":"Kuali","article_publisher":"https:\/\/kuali.com.mx\/web\/wp-content\/uploads\/2018\/04\/cropped-kuali_logo-1-1.png","article_published_time":"2025-10-21T23:27:46+00:00","article_modified_time":"2025-10-21T23:27:48+00:00","og_image":[{"width":1805,"height":750,"url":"https:\/\/kuali.com.mx\/web\/wp-content\/uploads\/2019\/02\/Copo-nieve-frio.jpg","type":"image\/jpeg"}],"author":"Kuali Staff","twitter_card":"summary_large_image","twitter_creator":"@kuali_noticias","twitter_site":"@kuali_noticias","twitter_misc":{"Escrito por":"Kuali Staff","Tiempo de lectura":"1 minuto"},"schema":{"@context":"https:\/\/schema.org","@graph":[{"@type":"Article","@id":"https:\/\/kuali.com.mx\/web\/2025\/10\/21\/pronostican-temperaturas-de-5-grados\/#article","isPartOf":{"@id":"https:\/\/kuali.com.mx\/web\/2025\/10\/21\/pronostican-temperaturas-de-5-grados\/"},"author":{"name":"Kuali Staff","@id":"https:\/\/kuali.com.mx\/web\/#\/schema\/person\/6f89ffa8ecba9dae50662357923c5289"},"headline":"PRONOSTICAN TEMPERATURAS DE -5 GRADOS","datePublished":"2025-10-21T23:27:46+00:00","dateModified":"2025-10-21T23:27:48+00:00","mainEntityOfPage":{"@id":"https:\/\/kuali.com.mx\/web\/2025\/10\/21\/pronostican-temperaturas-de-5-grados\/"},"wordCount":267,"commentCount":0,"image":{"@id":"https:\/\/kuali.com.mx\/web\/2025\/10\/21\/pronostican-temperaturas-de-5-grados\/#primaryimage"},"thumbnailUrl":"https:\/\/kuali.com.mx\/web\/wp-content\/uploads\/2019\/02\/Copo-nieve-frio.jpg","articleSection":["Ecolog\u00eda","slider"],"inLanguage":"es","potentialAction":[{"@type":"CommentAction","name":"Comment","target":["https:\/\/kuali.com.mx\/web\/2025\/10\/21\/pronostican-temperaturas-de-5-grados\/#respond"]}]},{"@type":"WebPage","@id":"https:\/\/kuali.com.mx\/web\/2025\/10\/21\/pronostican-temperaturas-de-5-grados\/","url":"https:\/\/kuali.com.mx\/web\/2025\/10\/21\/pronostican-temperaturas-de-5-grados\/","name":"PRONOSTICAN TEMPERATURAS DE -5 GRADOS - Kuali","isPartOf":{"@id":"https:\/\/kuali.com.mx\/web\/#website"},"primaryImageOfPage":{"@id":"https:\/\/kuali.com.mx\/web\/2025\/10\/21\/pronostican-temperaturas-de-5-grados\/#primaryimage"},"image":{"@id":"https:\/\/kuali.com.mx\/web\/2025\/10\/21\/pronostican-temperaturas-de-5-grados\/#primaryimage"},"thumbnailUrl":"https:\/\/kuali.com.mx\/web\/wp-content\/uploads\/2019\/02\/Copo-nieve-frio.jpg","datePublished":"2025-10-21T23:27:46+00:00","dateModified":"2025-10-21T23:27:48+00:00","author":{"@id":"https:\/\/kuali.com.mx\/web\/#\/schema\/person\/6f89ffa8ecba9dae50662357923c5289"},"breadcrumb":{"@id":"https:\/\/kuali.com.mx\/web\/2025\/10\/21\/pronostican-temperaturas-de-5-grados\/#breadcrumb"},"inLanguage":"es","potentialAction":[{"@type":"ReadAction","target":["https:\/\/kuali.com.mx\/web\/2025\/10\/21\/pronostican-temperaturas-de-5-grados\/"]}]},{"@type":"ImageObject","inLanguage":"es","@id":"https:\/\/kuali.com.mx\/web\/2025\/10\/21\/pronostican-temperaturas-de-5-grados\/#primaryimage","url":"https:\/\/kuali.com.mx\/web\/wp-content\/uploads\/2019\/02\/Copo-nieve-frio.jpg","contentUrl":"https:\/\/kuali.com.mx\/web\/wp-content\/uploads\/2019\/02\/Copo-nieve-frio.jpg","width":1805,"height":750},{"@type":"BreadcrumbList","@id":"https:\/\/kuali.com.mx\/web\/2025\/10\/21\/pronostican-temperaturas-de-5-grados\/#breadcrumb","itemListElement":[{"@type":"ListItem","position":1,"name":"Inicio","item":"https:\/\/kuali.com.mx\/web\/"},{"@type":"ListItem","position":2,"name":"PRONOSTICAN TEMPERATURAS DE -5 GRADOS"}]},{"@type":"WebSite","@id":"https:\/\/kuali.com.mx\/web\/#website","url":"https:\/\/kuali.com.mx\/web\/","name":"Kuali","description":"","potentialAction":[{"@type":"SearchAction","target":{"@type":"EntryPoint","urlTemplate":"https:\/\/kuali.com.mx\/web\/?s={search_term_string}"},"query-input":{"@type":"PropertyValueSpecification","valueRequired":true,"valueName":"search_term_string"}}],"inLanguage":"es"},{"@type":"Person","@id":"https:\/\/kuali.com.mx\/web\/#\/schema\/person\/6f89ffa8ecba9dae50662357923c5289","name":"Kuali Staff","image":{"@type":"ImageObject","inLanguage":"es","@id":"https:\/\/secure.gravatar.com\/avatar\/f917ad82e5ab71227a733c78b6e60715476f69ee6be59feee4eb5d9920c89e0f?s=96&d=mm&r=g","url":"https:\/\/secure.gravatar.com\/avatar\/f917ad82e5ab71227a733c78b6e60715476f69ee6be59feee4eb5d9920c89e0f?s=96&d=mm&r=g","contentUrl":"https:\/\/secure.gravatar.com\/avatar\/f917ad82e5ab71227a733c78b6e60715476f69ee6be59feee4eb5d9920c89e0f?s=96&d=mm&r=g","caption":"Kuali Staff"},"url":"https:\/\/kuali.com.mx\/web\/author\/lagarto\/"}]}},"_links":{"self":[{"href":"https:\/\/kuali.com.mx\/web\/wp-json\/wp\/v2\/posts\/188118","targetHints":{"allow":["GET"]}}],"collection":[{"href":"https:\/\/kuali.com.mx\/web\/wp-json\/wp\/v2\/posts"}],"about":[{"href":"https:\/\/kuali.com.mx\/web\/wp-json\/wp\/v2\/types\/post"}],"author":[{"embeddable":true,"href":"https:\/\/kuali.com.mx\/web\/wp-json\/wp\/v2\/users\/2"}],"replies":[{"embeddable":true,"href":"https:\/\/kuali.com.mx\/web\/wp-json\/wp\/v2\/comments?post=188118"}],"version-history":[{"count":1,"href":"https:\/\/kuali.com.mx\/web\/wp-json\/wp\/v2\/posts\/188118\/revisions"}],"predecessor-version":[{"id":188121,"href":"https:\/\/kuali.com.mx\/web\/wp-json\/wp\/v2\/posts\/188118\/revisions\/188121"}],"wp:featuredmedia":[{"embeddable":true,"href":"https:\/\/kuali.com.mx\/web\/wp-json\/wp\/v2\/media\/50625"}],"wp:attachment":[{"href":"https:\/\/kuali.com.mx\/web\/wp-json\/wp\/v2\/media?parent=188118"}],"wp:term":[{"taxonomy":"category","embeddable":true,"href":"https:\/\/kuali.com.mx\/web\/wp-json\/wp\/v2\/categories?post=188118"},{"taxonomy":"post_tag","embeddable":true,"href":"https:\/\/kuali.com.mx\/web\/wp-json\/wp\/v2\/tags?post=188118"}],"curies":[{"name":"wp","href":"https:\/\/api.w.org\/{rel}","templated":true}]}}