{"id":188114,"date":"2025-10-21T17:21:16","date_gmt":"2025-10-21T23:21:16","guid":{"rendered":"https:\/\/kuali.com.mx\/web\/?p=188114"},"modified":"2025-10-21T17:21:17","modified_gmt":"2025-10-21T23:21:17","slug":"reporta-coparmex-perdidas-economicas-por-bloqueos","status":"publish","type":"post","link":"https:\/\/kuali.com.mx\/web\/2025\/10\/21\/reporta-coparmex-perdidas-economicas-por-bloqueos\/","title":{"rendered":"REPORTA COPARMEX P\u00c9RDIDAS ECON\u00d3MICAS POR BLOQUEOS"},"content":{"rendered":"\n<p><strong>Milagros Tadeo\/Le\u00f3n, Gto.-&nbsp;<\/strong>El presidente de la Confederaci\u00f3n Patronal de la Rep\u00fablica Mexicana (COPARMEX) zona del Rinc\u00f3n, Jorge Salazar Rom\u00e1n, refiri\u00f3 que los bloqueos realizados por agricultores guanajuatenses durante la semana pasada s\u00ed generaron p\u00e9rdidas econ\u00f3micas importantes.<\/p>\n\n\n\n<p>La semana pasada, los productores del campo bloquearon por 38 horas varios puntos de la carretera federal 90 ante la dif\u00edcil situaci\u00f3n que est\u00e1n viviendo ante los precios de garant\u00eda establecidos por el Gobierno federal.<\/p>\n\n\n\n<p>Salazar Rom\u00e1n dijo que el sector m\u00e1s afectado por los cierres de vialidades fue el de transporte de carga y de pasajeros.<\/p>\n\n\n\n<p>\u201cTenemos empresas transportistas que han sido afectadas pues en las demoras que se tienen a lo largo de las carreteras, en ese s\u00ed tenemos afiliados que pertenecen al transporte de carga, caja seca, lo que es transporte especializado de carga, exceso de dimensiones, ellos s\u00ed se han visto afectados\u201d, refiri\u00f3.<\/p>\n\n\n\n<p>Destac\u00f3 que en el transporte de carga se tuvieron que pagar multas al no haberse entregado las mercanc\u00edas a tiempo.<\/p>\n\n\n\n<p>\u201cPr\u00e1cticamente son demoras que pueden ir desde las 10 hasta las 12 horas, pues de las citas que ten\u00edan programadas, obviamente hay temas de multas o sanciones por parte de los clientes que est\u00e9n esperando la carga, en ese aspecto definitivamente s\u00ed tenemos afectaciones. Tambi\u00e9n por otro lado, en el tema de empresas que se dedican al transporte de pasajeros tambi\u00e9n est\u00e1n teniendo ese conflicto\u201d, indic\u00f3.<\/p>\n\n\n\n<p>Aunque se\u00f1al\u00f3 que todav\u00eda no se tiene cuantificado el monto del da\u00f1o econ\u00f3mico que generaron los agricultores guanajuatenses.&nbsp;<\/p>\n","protected":false},"excerpt":{"rendered":"Milagros Tadeo\/Le\u00f3n, Gto.-&nbsp;El presidente de la Confederaci\u00f3n Patronal de la Rep\u00fablica Mexicana (COPARMEX) zona del Rinc\u00f3n, Jorge Salazar Rom\u00e1n, refiri\u00f3 que los bloqueos realizados por agricultores guanajuatenses durante la semana pasada s\u00ed generaron p\u00e9rdidas econ\u00f3micas importantes. La semana pasada, los productores del campo bloquearon por 38 horas varios puntos de la carretera federal 90 ante [&hellip;]","protected":false},"author":2,"featured_media":187666,"comment_status":"open","ping_status":"open","sticky":false,"template":"","format":"standard","meta":{"_seopress_robots_primary_cat":"none","_seopress_titles_title":"","_seopress_titles_desc":"","_seopress_robots_index":"","_monsterinsights_skip_tracking":false,"_monsterinsights_sitenote_active":false,"_monsterinsights_sitenote_note":"","_monsterinsights_sitenote_category":0,"footnotes":""},"categories":[3],"tags":[],"class_list":["post-188114","post","type-post","status-publish","format-standard","has-post-thumbnail","hentry","category-politica"],"yoast_head":"<!-- This site is optimized with the Yoast SEO plugin v27.4 - https:\/\/yoast.com\/product\/yoast-seo-wordpress\/ -->\n<title>REPORTA COPARMEX P\u00c9RDIDAS ECON\u00d3MICAS POR BLOQUEOS - Kuali<\/title>\n<meta name=\"robots\" content=\"index, follow, max-snippet:-1, max-image-preview:large, max-video-preview:-1\" \/>\n<link rel=\"canonical\" href=\"https:\/\/kuali.com.mx\/web\/2025\/10\/21\/reporta-coparmex-perdidas-economicas-por-bloqueos\/\" \/>\n<meta property=\"og:locale\" content=\"es_MX\" \/>\n<meta property=\"og:type\" content=\"article\" \/>\n<meta property=\"og:title\" content=\"REPORTA COPARMEX P\u00c9RDIDAS ECON\u00d3MICAS POR BLOQUEOS - Kuali\" \/>\n<meta property=\"og:description\" content=\"Milagros Tadeo\/Le\u00f3n, Gto.-&nbsp;El presidente de la Confederaci\u00f3n Patronal de la Rep\u00fablica Mexicana (COPARMEX) zona del Rinc\u00f3n, Jorge Salazar Rom\u00e1n, refiri\u00f3 que los bloqueos realizados por agricultores guanajuatenses durante la semana pasada s\u00ed generaron p\u00e9rdidas econ\u00f3micas importantes. La semana pasada, los productores del campo bloquearon por 38 horas varios puntos de la carretera federal 90 ante [&hellip;]\" \/>\n<meta property=\"og:url\" content=\"https:\/\/kuali.com.mx\/web\/2025\/10\/21\/reporta-coparmex-perdidas-economicas-por-bloqueos\/\" \/>\n<meta property=\"og:site_name\" content=\"Kuali\" \/>\n<meta property=\"article:publisher\" content=\"https:\/\/kuali.com.mx\/web\/wp-content\/uploads\/2018\/04\/cropped-kuali_logo-1-1.png\" \/>\n<meta property=\"article:published_time\" content=\"2025-10-21T23:21:16+00:00\" \/>\n<meta property=\"article:modified_time\" content=\"2025-10-21T23:21:17+00:00\" \/>\n<meta property=\"og:image\" content=\"https:\/\/kuali.com.mx\/web\/wp-content\/uploads\/2025\/10\/Bloqueo-Carretero.jpg\" \/>\n\t<meta property=\"og:image:width\" content=\"1802\" \/>\n\t<meta property=\"og:image:height\" content=\"750\" \/>\n\t<meta property=\"og:image:type\" content=\"image\/jpeg\" \/>\n<meta name=\"author\" content=\"Kuali Staff\" \/>\n<meta name=\"twitter:card\" content=\"summary_large_image\" \/>\n<meta name=\"twitter:creator\" content=\"@kuali_noticias\" \/>\n<meta name=\"twitter:site\" content=\"@kuali_noticias\" \/>\n<meta name=\"twitter:label1\" content=\"Escrito por\" \/>\n\t<meta name=\"twitter:data1\" content=\"Kuali Staff\" \/>\n\t<meta name=\"twitter:label2\" content=\"Tiempo de lectura\" \/>\n\t<meta name=\"twitter:data2\" content=\"1 minuto\" \/>\n<script type=\"application\/ld+json\" class=\"yoast-schema-graph\">{\"@context\":\"https:\\\/\\\/schema.org\",\"@graph\":[{\"@type\":\"Article\",\"@id\":\"https:\\\/\\\/kuali.com.mx\\\/web\\\/2025\\\/10\\\/21\\\/reporta-coparmex-perdidas-economicas-por-bloqueos\\\/#article\",\"isPartOf\":{\"@id\":\"https:\\\/\\\/kuali.com.mx\\\/web\\\/2025\\\/10\\\/21\\\/reporta-coparmex-perdidas-economicas-por-bloqueos\\\/\"},\"author\":{\"name\":\"Kuali Staff\",\"@id\":\"https:\\\/\\\/kuali.com.mx\\\/web\\\/#\\\/schema\\\/person\\\/6f89ffa8ecba9dae50662357923c5289\"},\"headline\":\"REPORTA COPARMEX P\u00c9RDIDAS ECON\u00d3MICAS POR BLOQUEOS\",\"datePublished\":\"2025-10-21T23:21:16+00:00\",\"dateModified\":\"2025-10-21T23:21:17+00:00\",\"mainEntityOfPage\":{\"@id\":\"https:\\\/\\\/kuali.com.mx\\\/web\\\/2025\\\/10\\\/21\\\/reporta-coparmex-perdidas-economicas-por-bloqueos\\\/\"},\"wordCount\":280,\"commentCount\":0,\"image\":{\"@id\":\"https:\\\/\\\/kuali.com.mx\\\/web\\\/2025\\\/10\\\/21\\\/reporta-coparmex-perdidas-economicas-por-bloqueos\\\/#primaryimage\"},\"thumbnailUrl\":\"https:\\\/\\\/kuali.com.mx\\\/web\\\/wp-content\\\/uploads\\\/2025\\\/10\\\/Bloqueo-Carretero.jpg\",\"articleSection\":[\"Pol\u00edtica\"],\"inLanguage\":\"es\",\"potentialAction\":[{\"@type\":\"CommentAction\",\"name\":\"Comment\",\"target\":[\"https:\\\/\\\/kuali.com.mx\\\/web\\\/2025\\\/10\\\/21\\\/reporta-coparmex-perdidas-economicas-por-bloqueos\\\/#respond\"]}]},{\"@type\":\"WebPage\",\"@id\":\"https:\\\/\\\/kuali.com.mx\\\/web\\\/2025\\\/10\\\/21\\\/reporta-coparmex-perdidas-economicas-por-bloqueos\\\/\",\"url\":\"https:\\\/\\\/kuali.com.mx\\\/web\\\/2025\\\/10\\\/21\\\/reporta-coparmex-perdidas-economicas-por-bloqueos\\\/\",\"name\":\"REPORTA COPARMEX P\u00c9RDIDAS ECON\u00d3MICAS POR BLOQUEOS - Kuali\",\"isPartOf\":{\"@id\":\"https:\\\/\\\/kuali.com.mx\\\/web\\\/#website\"},\"primaryImageOfPage\":{\"@id\":\"https:\\\/\\\/kuali.com.mx\\\/web\\\/2025\\\/10\\\/21\\\/reporta-coparmex-perdidas-economicas-por-bloqueos\\\/#primaryimage\"},\"image\":{\"@id\":\"https:\\\/\\\/kuali.com.mx\\\/web\\\/2025\\\/10\\\/21\\\/reporta-coparmex-perdidas-economicas-por-bloqueos\\\/#primaryimage\"},\"thumbnailUrl\":\"https:\\\/\\\/kuali.com.mx\\\/web\\\/wp-content\\\/uploads\\\/2025\\\/10\\\/Bloqueo-Carretero.jpg\",\"datePublished\":\"2025-10-21T23:21:16+00:00\",\"dateModified\":\"2025-10-21T23:21:17+00:00\",\"author\":{\"@id\":\"https:\\\/\\\/kuali.com.mx\\\/web\\\/#\\\/schema\\\/person\\\/6f89ffa8ecba9dae50662357923c5289\"},\"breadcrumb\":{\"@id\":\"https:\\\/\\\/kuali.com.mx\\\/web\\\/2025\\\/10\\\/21\\\/reporta-coparmex-perdidas-economicas-por-bloqueos\\\/#breadcrumb\"},\"inLanguage\":\"es\",\"potentialAction\":[{\"@type\":\"ReadAction\",\"target\":[\"https:\\\/\\\/kuali.com.mx\\\/web\\\/2025\\\/10\\\/21\\\/reporta-coparmex-perdidas-economicas-por-bloqueos\\\/\"]}]},{\"@type\":\"ImageObject\",\"inLanguage\":\"es\",\"@id\":\"https:\\\/\\\/kuali.com.mx\\\/web\\\/2025\\\/10\\\/21\\\/reporta-coparmex-perdidas-economicas-por-bloqueos\\\/#primaryimage\",\"url\":\"https:\\\/\\\/kuali.com.mx\\\/web\\\/wp-content\\\/uploads\\\/2025\\\/10\\\/Bloqueo-Carretero.jpg\",\"contentUrl\":\"https:\\\/\\\/kuali.com.mx\\\/web\\\/wp-content\\\/uploads\\\/2025\\\/10\\\/Bloqueo-Carretero.jpg\",\"width\":1802,\"height\":750},{\"@type\":\"BreadcrumbList\",\"@id\":\"https:\\\/\\\/kuali.com.mx\\\/web\\\/2025\\\/10\\\/21\\\/reporta-coparmex-perdidas-economicas-por-bloqueos\\\/#breadcrumb\",\"itemListElement\":[{\"@type\":\"ListItem\",\"position\":1,\"name\":\"Inicio\",\"item\":\"https:\\\/\\\/kuali.com.mx\\\/web\\\/\"},{\"@type\":\"ListItem\",\"position\":2,\"name\":\"REPORTA COPARMEX P\u00c9RDIDAS ECON\u00d3MICAS POR BLOQUEOS\"}]},{\"@type\":\"WebSite\",\"@id\":\"https:\\\/\\\/kuali.com.mx\\\/web\\\/#website\",\"url\":\"https:\\\/\\\/kuali.com.mx\\\/web\\\/\",\"name\":\"Kuali\",\"description\":\"\",\"potentialAction\":[{\"@type\":\"SearchAction\",\"target\":{\"@type\":\"EntryPoint\",\"urlTemplate\":\"https:\\\/\\\/kuali.com.mx\\\/web\\\/?s={search_term_string}\"},\"query-input\":{\"@type\":\"PropertyValueSpecification\",\"valueRequired\":true,\"valueName\":\"search_term_string\"}}],\"inLanguage\":\"es\"},{\"@type\":\"Person\",\"@id\":\"https:\\\/\\\/kuali.com.mx\\\/web\\\/#\\\/schema\\\/person\\\/6f89ffa8ecba9dae50662357923c5289\",\"name\":\"Kuali Staff\",\"image\":{\"@type\":\"ImageObject\",\"inLanguage\":\"es\",\"@id\":\"https:\\\/\\\/secure.gravatar.com\\\/avatar\\\/f917ad82e5ab71227a733c78b6e60715476f69ee6be59feee4eb5d9920c89e0f?s=96&d=mm&r=g\",\"url\":\"https:\\\/\\\/secure.gravatar.com\\\/avatar\\\/f917ad82e5ab71227a733c78b6e60715476f69ee6be59feee4eb5d9920c89e0f?s=96&d=mm&r=g\",\"contentUrl\":\"https:\\\/\\\/secure.gravatar.com\\\/avatar\\\/f917ad82e5ab71227a733c78b6e60715476f69ee6be59feee4eb5d9920c89e0f?s=96&d=mm&r=g\",\"caption\":\"Kuali Staff\"},\"url\":\"https:\\\/\\\/kuali.com.mx\\\/web\\\/author\\\/lagarto\\\/\"}]}<\/script>\n<!-- \/ Yoast SEO plugin. -->","yoast_head_json":{"title":"REPORTA COPARMEX P\u00c9RDIDAS ECON\u00d3MICAS POR BLOQUEOS - Kuali","robots":{"index":"index","follow":"follow","max-snippet":"max-snippet:-1","max-image-preview":"max-image-preview:large","max-video-preview":"max-video-preview:-1"},"canonical":"https:\/\/kuali.com.mx\/web\/2025\/10\/21\/reporta-coparmex-perdidas-economicas-por-bloqueos\/","og_locale":"es_MX","og_type":"article","og_title":"REPORTA COPARMEX P\u00c9RDIDAS ECON\u00d3MICAS POR BLOQUEOS - Kuali","og_description":"Milagros Tadeo\/Le\u00f3n, Gto.-&nbsp;El presidente de la Confederaci\u00f3n Patronal de la Rep\u00fablica Mexicana (COPARMEX) zona del Rinc\u00f3n, Jorge Salazar Rom\u00e1n, refiri\u00f3 que los bloqueos realizados por agricultores guanajuatenses durante la semana pasada s\u00ed generaron p\u00e9rdidas econ\u00f3micas importantes. La semana pasada, los productores del campo bloquearon por 38 horas varios puntos de la carretera federal 90 ante [&hellip;]","og_url":"https:\/\/kuali.com.mx\/web\/2025\/10\/21\/reporta-coparmex-perdidas-economicas-por-bloqueos\/","og_site_name":"Kuali","article_publisher":"https:\/\/kuali.com.mx\/web\/wp-content\/uploads\/2018\/04\/cropped-kuali_logo-1-1.png","article_published_time":"2025-10-21T23:21:16+00:00","article_modified_time":"2025-10-21T23:21:17+00:00","og_image":[{"width":1802,"height":750,"url":"https:\/\/kuali.com.mx\/web\/wp-content\/uploads\/2025\/10\/Bloqueo-Carretero.jpg","type":"image\/jpeg"}],"author":"Kuali Staff","twitter_card":"summary_large_image","twitter_creator":"@kuali_noticias","twitter_site":"@kuali_noticias","twitter_misc":{"Escrito por":"Kuali Staff","Tiempo de lectura":"1 minuto"},"schema":{"@context":"https:\/\/schema.org","@graph":[{"@type":"Article","@id":"https:\/\/kuali.com.mx\/web\/2025\/10\/21\/reporta-coparmex-perdidas-economicas-por-bloqueos\/#article","isPartOf":{"@id":"https:\/\/kuali.com.mx\/web\/2025\/10\/21\/reporta-coparmex-perdidas-economicas-por-bloqueos\/"},"author":{"name":"Kuali Staff","@id":"https:\/\/kuali.com.mx\/web\/#\/schema\/person\/6f89ffa8ecba9dae50662357923c5289"},"headline":"REPORTA COPARMEX P\u00c9RDIDAS ECON\u00d3MICAS POR BLOQUEOS","datePublished":"2025-10-21T23:21:16+00:00","dateModified":"2025-10-21T23:21:17+00:00","mainEntityOfPage":{"@id":"https:\/\/kuali.com.mx\/web\/2025\/10\/21\/reporta-coparmex-perdidas-economicas-por-bloqueos\/"},"wordCount":280,"commentCount":0,"image":{"@id":"https:\/\/kuali.com.mx\/web\/2025\/10\/21\/reporta-coparmex-perdidas-economicas-por-bloqueos\/#primaryimage"},"thumbnailUrl":"https:\/\/kuali.com.mx\/web\/wp-content\/uploads\/2025\/10\/Bloqueo-Carretero.jpg","articleSection":["Pol\u00edtica"],"inLanguage":"es","potentialAction":[{"@type":"CommentAction","name":"Comment","target":["https:\/\/kuali.com.mx\/web\/2025\/10\/21\/reporta-coparmex-perdidas-economicas-por-bloqueos\/#respond"]}]},{"@type":"WebPage","@id":"https:\/\/kuali.com.mx\/web\/2025\/10\/21\/reporta-coparmex-perdidas-economicas-por-bloqueos\/","url":"https:\/\/kuali.com.mx\/web\/2025\/10\/21\/reporta-coparmex-perdidas-economicas-por-bloqueos\/","name":"REPORTA COPARMEX P\u00c9RDIDAS ECON\u00d3MICAS POR BLOQUEOS - Kuali","isPartOf":{"@id":"https:\/\/kuali.com.mx\/web\/#website"},"primaryImageOfPage":{"@id":"https:\/\/kuali.com.mx\/web\/2025\/10\/21\/reporta-coparmex-perdidas-economicas-por-bloqueos\/#primaryimage"},"image":{"@id":"https:\/\/kuali.com.mx\/web\/2025\/10\/21\/reporta-coparmex-perdidas-economicas-por-bloqueos\/#primaryimage"},"thumbnailUrl":"https:\/\/kuali.com.mx\/web\/wp-content\/uploads\/2025\/10\/Bloqueo-Carretero.jpg","datePublished":"2025-10-21T23:21:16+00:00","dateModified":"2025-10-21T23:21:17+00:00","author":{"@id":"https:\/\/kuali.com.mx\/web\/#\/schema\/person\/6f89ffa8ecba9dae50662357923c5289"},"breadcrumb":{"@id":"https:\/\/kuali.com.mx\/web\/2025\/10\/21\/reporta-coparmex-perdidas-economicas-por-bloqueos\/#breadcrumb"},"inLanguage":"es","potentialAction":[{"@type":"ReadAction","target":["https:\/\/kuali.com.mx\/web\/2025\/10\/21\/reporta-coparmex-perdidas-economicas-por-bloqueos\/"]}]},{"@type":"ImageObject","inLanguage":"es","@id":"https:\/\/kuali.com.mx\/web\/2025\/10\/21\/reporta-coparmex-perdidas-economicas-por-bloqueos\/#primaryimage","url":"https:\/\/kuali.com.mx\/web\/wp-content\/uploads\/2025\/10\/Bloqueo-Carretero.jpg","contentUrl":"https:\/\/kuali.com.mx\/web\/wp-content\/uploads\/2025\/10\/Bloqueo-Carretero.jpg","width":1802,"height":750},{"@type":"BreadcrumbList","@id":"https:\/\/kuali.com.mx\/web\/2025\/10\/21\/reporta-coparmex-perdidas-economicas-por-bloqueos\/#breadcrumb","itemListElement":[{"@type":"ListItem","position":1,"name":"Inicio","item":"https:\/\/kuali.com.mx\/web\/"},{"@type":"ListItem","position":2,"name":"REPORTA COPARMEX P\u00c9RDIDAS ECON\u00d3MICAS POR BLOQUEOS"}]},{"@type":"WebSite","@id":"https:\/\/kuali.com.mx\/web\/#website","url":"https:\/\/kuali.com.mx\/web\/","name":"Kuali","description":"","potentialAction":[{"@type":"SearchAction","target":{"@type":"EntryPoint","urlTemplate":"https:\/\/kuali.com.mx\/web\/?s={search_term_string}"},"query-input":{"@type":"PropertyValueSpecification","valueRequired":true,"valueName":"search_term_string"}}],"inLanguage":"es"},{"@type":"Person","@id":"https:\/\/kuali.com.mx\/web\/#\/schema\/person\/6f89ffa8ecba9dae50662357923c5289","name":"Kuali Staff","image":{"@type":"ImageObject","inLanguage":"es","@id":"https:\/\/secure.gravatar.com\/avatar\/f917ad82e5ab71227a733c78b6e60715476f69ee6be59feee4eb5d9920c89e0f?s=96&d=mm&r=g","url":"https:\/\/secure.gravatar.com\/avatar\/f917ad82e5ab71227a733c78b6e60715476f69ee6be59feee4eb5d9920c89e0f?s=96&d=mm&r=g","contentUrl":"https:\/\/secure.gravatar.com\/avatar\/f917ad82e5ab71227a733c78b6e60715476f69ee6be59feee4eb5d9920c89e0f?s=96&d=mm&r=g","caption":"Kuali Staff"},"url":"https:\/\/kuali.com.mx\/web\/author\/lagarto\/"}]}},"_links":{"self":[{"href":"https:\/\/kuali.com.mx\/web\/wp-json\/wp\/v2\/posts\/188114","targetHints":{"allow":["GET"]}}],"collection":[{"href":"https:\/\/kuali.com.mx\/web\/wp-json\/wp\/v2\/posts"}],"about":[{"href":"https:\/\/kuali.com.mx\/web\/wp-json\/wp\/v2\/types\/post"}],"author":[{"embeddable":true,"href":"https:\/\/kuali.com.mx\/web\/wp-json\/wp\/v2\/users\/2"}],"replies":[{"embeddable":true,"href":"https:\/\/kuali.com.mx\/web\/wp-json\/wp\/v2\/comments?post=188114"}],"version-history":[{"count":1,"href":"https:\/\/kuali.com.mx\/web\/wp-json\/wp\/v2\/posts\/188114\/revisions"}],"predecessor-version":[{"id":188117,"href":"https:\/\/kuali.com.mx\/web\/wp-json\/wp\/v2\/posts\/188114\/revisions\/188117"}],"wp:featuredmedia":[{"embeddable":true,"href":"https:\/\/kuali.com.mx\/web\/wp-json\/wp\/v2\/media\/187666"}],"wp:attachment":[{"href":"https:\/\/kuali.com.mx\/web\/wp-json\/wp\/v2\/media?parent=188114"}],"wp:term":[{"taxonomy":"category","embeddable":true,"href":"https:\/\/kuali.com.mx\/web\/wp-json\/wp\/v2\/categories?post=188114"},{"taxonomy":"post_tag","embeddable":true,"href":"https:\/\/kuali.com.mx\/web\/wp-json\/wp\/v2\/tags?post=188114"}],"curies":[{"name":"wp","href":"https:\/\/api.w.org\/{rel}","templated":true}]}}