{"id":188002,"date":"2025-10-20T14:23:16","date_gmt":"2025-10-20T20:23:16","guid":{"rendered":"https:\/\/kuali.com.mx\/web\/?p=188002"},"modified":"2025-10-20T14:29:07","modified_gmt":"2025-10-20T20:29:07","slug":"incumple-pureco-no-entrega-concesion-a-jardin-botanico","status":"publish","type":"post","link":"https:\/\/kuali.com.mx\/web\/2025\/10\/20\/incumple-pureco-no-entrega-concesion-a-jardin-botanico\/","title":{"rendered":"INCUMPLE PURECO, NO ENTREGA CONCESI\u00d3N A JARD\u00cdN BOT\u00c1NICO"},"content":{"rendered":"\n<p><strong>Alicia Arias\/San Miguel de Allende, Gto.-<\/strong> El alcalde de San Miguel de Allende, Mauricio Trejo Pureco, se niega a otorgar la concesi\u00f3n al Jard\u00edn Bot\u00e1nico El Charco del Ingenio, pese a que lo prometi\u00f3 hace cuatro a\u00f1os.<\/p>\n\n\n\n<p>La direcci\u00f3n del jard\u00edn bot\u00e1nico, \u00fanico en su tipo en el estado de Guanajuato y la regi\u00f3n, difundi\u00f3 en su bolet\u00edn informativo del mes de octubre que ha hecho todo lo que le corresponde para lograr la concesi\u00f3n, pero \"continuamos a la espera de una respuesta positiva a nuestra petici\u00f3n, la cual no tiene otro prop\u00f3sito que la conservaci\u00f3n de un \u00e1rea natural sustantiva para San Miguel de Allende y para el beneficio de sus habitantes\".<\/p>\n\n\n\n<p>Los directivos explican que ha habido un largo proceso de pl\u00e1ticas que inici\u00f3 hace varios a\u00f1os en relaci\u00f3n con la importancia ambiental y el manejo del Parque Landeta -donde se encuentra el jard\u00edn bot\u00e1nico- y \"no se ha logrado hasta la fecha concretar la concesi\u00f3n al Jard\u00edn Bot\u00e1nico de este espacio natural y recreativo de San Miguel de Allende por parte del H. Ayuntamiento\"<\/p>\n\n\n\n<figure class=\"wp-block-image size-large\"><img loading=\"lazy\" decoding=\"async\" width=\"1024\" height=\"472\" src=\"https:\/\/kuali.com.mx\/web\/wp-content\/uploads\/2025\/10\/Mapa-Parque-Landeta-1024x472.jpg\" alt=\"\" class=\"wp-image-188006\" srcset=\"https:\/\/kuali.com.mx\/web\/wp-content\/uploads\/2025\/10\/Mapa-Parque-Landeta-1024x472.jpg 1024w, https:\/\/kuali.com.mx\/web\/wp-content\/uploads\/2025\/10\/Mapa-Parque-Landeta-300x138.jpg 300w, https:\/\/kuali.com.mx\/web\/wp-content\/uploads\/2025\/10\/Mapa-Parque-Landeta-768x354.jpg 768w, https:\/\/kuali.com.mx\/web\/wp-content\/uploads\/2025\/10\/Mapa-Parque-Landeta-228x105.jpg 228w, https:\/\/kuali.com.mx\/web\/wp-content\/uploads\/2025\/10\/Mapa-Parque-Landeta.jpg 1033w\" sizes=\"auto, (max-width: 1024px) 100vw, 1024px\" \/><\/figure>\n\n\n\n<p>El proceso inici\u00f3 en el a\u00f1o 2021, cuando tambi\u00e9n era presidente municipal Mauricio Trejo Pureco y \"ofreci\u00f3, expresamente, a El Charco del Ingenio AC la administraci\u00f3n de dicho parque para su preservaci\u00f3n y desarrollo, el cual se concretar\u00eda mediante la suscripci\u00f3n de un contrato de comodato entre ambas partes\", se consigna en el bolet\u00edn.<\/p>\n\n\n\n<p>En seguimiento a la propuesta del alcalde, la organizaci\u00f3n que dirige al jard\u00edn elabor\u00f3 los estudios topogr\u00e1ficos y ambientales necesarios, as\u00ed como el proyecto de contrato de comodato, mismos que present\u00f3 en tiempo y forma a la presidencia municipal. Los \u00faltimos estudios fueron entregados en julio de 2024, hace poco m\u00e1s de un a\u00f1o y no se tiene ning\u00fan avance.<\/p>\n\n\n\n<p>La reserva municipal que representa el Parque Landeta mide 30 hect\u00e1reas, fue cedida al Jard\u00edn Bot\u00e1nico en comodato por el ayuntamiento desde el a\u00f1o 1994 para la creaci\u00f3n y desarrollo de un parque natural y recreativo. \"Dicha tarea fue realizada con \u00e9xito y en pocos a\u00f1os hubo grandes logros de limpieza y equipamiento del sitio, reforestaci\u00f3n y restauraci\u00f3n ambiental, derivando en una creciente afluencia de usuarios al nuevo parque\", aseguran la A.C.<\/p>\n\n\n\n<p>El Jard\u00edn Bot\u00e1nico pudo dar seguimiento al proyecto a partir de la renovaci\u00f3n del comodato en 2002, pero fue cancelado en el 2009, cuando la Universidad Nacional Aut\u00f3noma de M\u00e9xico (UNAM) propuso construir un campus en plena reserva, algo que nunca se concret\u00f3.<\/p>\n\n\n\n<figure class=\"wp-block-embed is-type-wp-embed is-provider-kuali wp-block-embed-kuali\"><div class=\"wp-block-embed__wrapper\">\n<blockquote class=\"wp-embedded-content\" data-secret=\"aPrXY9fnds\"><a href=\"https:\/\/kuali.com.mx\/web\/2022\/04\/21\/preside-charco-del-ingenio-asociacion-de-jardines-botanicos\/\">PRESIDE CHARCO DEL INGENIO ASOCIACI\u00d3N DE JARDINES BOT\u00c1NICOS<\/a><\/blockquote><iframe loading=\"lazy\" class=\"wp-embedded-content\" sandbox=\"allow-scripts\" security=\"restricted\" style=\"position: absolute; visibility: hidden;\" title=\"&#8220;PRESIDE CHARCO DEL INGENIO ASOCIACI\u00d3N DE JARDINES BOT\u00c1NICOS&#8221; &#8212; Kuali\" src=\"https:\/\/kuali.com.mx\/web\/2022\/04\/21\/preside-charco-del-ingenio-asociacion-de-jardines-botanicos\/embed\/#?secret=epINWCUwV2#?secret=aPrXY9fnds\" data-secret=\"aPrXY9fnds\" width=\"600\" height=\"338\" frameborder=\"0\" marginwidth=\"0\" marginheight=\"0\" scrolling=\"no\"><\/iframe>\n<\/div><\/figure>\n\n\n\n<p>La asociaci\u00f3n advierte que \"aunque el Jard\u00edn Bot\u00e1nico no ha dejado de estar presente en el \u00e1rea a lo largo de los a\u00f1os, desde entonces el Parque Landeta se ha mantenido bajo la jurisdicci\u00f3n formal de la Direcci\u00f3n de Medio Ambiente del Municipio. Sin embargo, consideramos que este magn\u00edfico espacio natural, sus humedales y su gran masa arbolada, no han recibido la atenci\u00f3n que merecen por parte de las sucesivas administraciones municipales. Ello, no obstante su diversidad de especies de flora y fauna, as\u00ed como su importancia como espacio de contenci\u00f3n natural de escorrent\u00edas pluviales que amenazan crecientemente a la ciudad de San Miguel y comunidades aleda\u00f1as, derivadas de los numerosos cambios de uso de suelo en las partes altas de la cuenca hidrogr\u00e1fica\".<\/p>\n\n\n\n<p>Denuncia que hay un \"manejo err\u00e1tico\" y \"pr\u00e1ctico abandono del Parque Landeta\" que provocan problemas de vandalismo, delincuencia e incendios devastadores que, por lo general, son atendidos por el personal del Jard\u00edn Bot\u00e1nico y no por las autoridaes.<\/p>\n\n\n\n<figure class=\"wp-block-embed is-type-wp-embed is-provider-kuali wp-block-embed-kuali\"><div class=\"wp-block-embed__wrapper\">\n<blockquote class=\"wp-embedded-content\" data-secret=\"D6KbV3zOKB\"><a href=\"https:\/\/kuali.com.mx\/web\/2021\/09\/14\/protege-justicia-federal-al-charco-del-ingenio\/\">PROTEGE JUSTICIA FEDERAL AL CHARCO DEL INGENIO<\/a><\/blockquote><iframe loading=\"lazy\" class=\"wp-embedded-content\" sandbox=\"allow-scripts\" security=\"restricted\" style=\"position: absolute; visibility: hidden;\" title=\"&#8220;PROTEGE JUSTICIA FEDERAL AL CHARCO DEL INGENIO&#8221; &#8212; Kuali\" src=\"https:\/\/kuali.com.mx\/web\/2021\/09\/14\/protege-justicia-federal-al-charco-del-ingenio\/embed\/#?secret=9TB9hma3eT#?secret=D6KbV3zOKB\" data-secret=\"D6KbV3zOKB\" width=\"600\" height=\"338\" frameborder=\"0\" marginwidth=\"0\" marginheight=\"0\" scrolling=\"no\"><\/iframe>\n<\/div><\/figure>\n\n\n\n<p>\"Es evidente que se halla en grave riesgo una de las \u00e1reas naturales mejor conservadas de la ciudad de San Miguel, la cual forma parte, desde 2006, de la Zona de Preservaci\u00f3n Ecol\u00f3gica \u201cEl Charco del Ingenio y Zonas Aleda\u00f1as\u201d, corredor biol\u00f3gico de 392 hect\u00e1reas reconocido en instrumentos de planeaci\u00f3n, como el PMDUOET 20-40\", se se\u00f1ala en el bolet\u00edn.<\/p>\n\n\n\n<p>La asociaci\u00f3n sostiene que quienes operan el Jard\u00edn Bot\u00e1nico re\u00fane el conocimiento y la experiencia suficientes, adem\u00e1s de contar con los recursos, para retomar la conducci\u00f3n del Parque Landeta y potenciar un destino natural y recreativo que ha costado un c\u00famulo de a\u00f1os y esfuerzos construir, y que constituye una incuestionable contribuci\u00f3n local a mitigar los efectos de la crisis clim\u00e1tica global.<\/p>\n\n\n\n<figure class=\"wp-block-embed is-type-wp-embed is-provider-kuali wp-block-embed-kuali\"><div class=\"wp-block-embed__wrapper\">\n<blockquote class=\"wp-embedded-content\" data-secret=\"XzB2YY2ups\"><a href=\"https:\/\/kuali.com.mx\/web\/2020\/11\/22\/gana-el-charco-del-ingenio-juicio-administrativo\/\">GANA EL CHARCO DEL INGENIO JUICIO ADMINISTRATIVO<\/a><\/blockquote><iframe loading=\"lazy\" class=\"wp-embedded-content\" sandbox=\"allow-scripts\" security=\"restricted\" style=\"position: absolute; visibility: hidden;\" title=\"&#8220;GANA EL CHARCO DEL INGENIO JUICIO ADMINISTRATIVO&#8221; &#8212; Kuali\" src=\"https:\/\/kuali.com.mx\/web\/2020\/11\/22\/gana-el-charco-del-ingenio-juicio-administrativo\/embed\/#?secret=lAxH1jY057#?secret=XzB2YY2ups\" data-secret=\"XzB2YY2ups\" width=\"600\" height=\"338\" frameborder=\"0\" marginwidth=\"0\" marginheight=\"0\" scrolling=\"no\"><\/iframe>\n<\/div><\/figure>\n\n\n\n<p><em>*Imagen de portada: Tomada de la p\u00e1gina en Facebook de El Charco del Ingenio A.C.<\/em><\/p>\n","protected":false},"excerpt":{"rendered":"Alicia Arias\/San Miguel de Allende, Gto.- El alcalde de San Miguel de Allende, Mauricio Trejo Pureco, se niega a otorgar la concesi\u00f3n al Jard\u00edn Bot\u00e1nico El Charco del Ingenio, pese a que lo prometi\u00f3 hace cuatro a\u00f1os. La direcci\u00f3n del jard\u00edn bot\u00e1nico, \u00fanico en su tipo en el estado de Guanajuato y la regi\u00f3n, difundi\u00f3 [&hellip;]","protected":false},"author":2,"featured_media":188005,"comment_status":"open","ping_status":"open","sticky":false,"template":"","format":"standard","meta":{"_seopress_robots_primary_cat":"none","_seopress_titles_title":"","_seopress_titles_desc":"","_seopress_robots_index":"","_monsterinsights_skip_tracking":false,"_monsterinsights_sitenote_active":false,"_monsterinsights_sitenote_note":"","_monsterinsights_sitenote_category":0,"footnotes":""},"categories":[17,69],"tags":[5942,2459,3098,270,3446,88,187,87],"class_list":["post-188002","post","type-post","status-publish","format-standard","has-post-thumbnail","hentry","category-ecologia","category-slider","tag-areas-protegidas","tag-concesiones","tag-el-charco-del-ingenio","tag-incumplimientos","tag-jardin-botanico","tag-mauricio-trejo-pureco","tag-medio-ambiente","tag-san-miguel-de-allende"],"yoast_head":"<!-- This site is optimized with the Yoast SEO plugin v27.4 - https:\/\/yoast.com\/product\/yoast-seo-wordpress\/ -->\n<title>INCUMPLE PURECO, NO ENTREGA CONCESI\u00d3N A JARD\u00cdN BOT\u00c1NICO - Kuali<\/title>\n<meta name=\"robots\" content=\"index, follow, max-snippet:-1, max-image-preview:large, max-video-preview:-1\" \/>\n<link rel=\"canonical\" href=\"https:\/\/kuali.com.mx\/web\/2025\/10\/20\/incumple-pureco-no-entrega-concesion-a-jardin-botanico\/\" \/>\n<meta property=\"og:locale\" content=\"es_MX\" \/>\n<meta property=\"og:type\" content=\"article\" \/>\n<meta property=\"og:title\" content=\"INCUMPLE PURECO, NO ENTREGA CONCESI\u00d3N A JARD\u00cdN BOT\u00c1NICO - Kuali\" \/>\n<meta property=\"og:description\" content=\"Alicia Arias\/San Miguel de Allende, Gto.- El alcalde de San Miguel de Allende, Mauricio Trejo Pureco, se niega a otorgar la concesi\u00f3n al Jard\u00edn Bot\u00e1nico El Charco del Ingenio, pese a que lo prometi\u00f3 hace cuatro a\u00f1os. La direcci\u00f3n del jard\u00edn bot\u00e1nico, \u00fanico en su tipo en el estado de Guanajuato y la regi\u00f3n, difundi\u00f3 [&hellip;]\" \/>\n<meta property=\"og:url\" content=\"https:\/\/kuali.com.mx\/web\/2025\/10\/20\/incumple-pureco-no-entrega-concesion-a-jardin-botanico\/\" \/>\n<meta property=\"og:site_name\" content=\"Kuali\" \/>\n<meta property=\"article:publisher\" content=\"https:\/\/kuali.com.mx\/web\/wp-content\/uploads\/2018\/04\/cropped-kuali_logo-1-1.png\" \/>\n<meta property=\"article:published_time\" content=\"2025-10-20T20:23:16+00:00\" \/>\n<meta property=\"article:modified_time\" content=\"2025-10-20T20:29:07+00:00\" \/>\n<meta property=\"og:image\" content=\"https:\/\/kuali.com.mx\/web\/wp-content\/uploads\/2025\/10\/Charco-del-Ingenio-1.gif\" \/>\n\t<meta property=\"og:image:width\" content=\"1700\" \/>\n\t<meta property=\"og:image:height\" content=\"750\" \/>\n\t<meta property=\"og:image:type\" content=\"image\/gif\" \/>\n<meta name=\"author\" content=\"Kuali Staff\" \/>\n<meta name=\"twitter:card\" content=\"summary_large_image\" \/>\n<meta name=\"twitter:creator\" content=\"@kuali_noticias\" \/>\n<meta name=\"twitter:site\" content=\"@kuali_noticias\" \/>\n<meta name=\"twitter:label1\" content=\"Escrito por\" \/>\n\t<meta name=\"twitter:data1\" content=\"Kuali Staff\" \/>\n\t<meta name=\"twitter:label2\" content=\"Tiempo de lectura\" \/>\n\t<meta name=\"twitter:data2\" content=\"4 minutos\" \/>\n<script type=\"application\/ld+json\" class=\"yoast-schema-graph\">{\"@context\":\"https:\\\/\\\/schema.org\",\"@graph\":[{\"@type\":\"Article\",\"@id\":\"https:\\\/\\\/kuali.com.mx\\\/web\\\/2025\\\/10\\\/20\\\/incumple-pureco-no-entrega-concesion-a-jardin-botanico\\\/#article\",\"isPartOf\":{\"@id\":\"https:\\\/\\\/kuali.com.mx\\\/web\\\/2025\\\/10\\\/20\\\/incumple-pureco-no-entrega-concesion-a-jardin-botanico\\\/\"},\"author\":{\"name\":\"Kuali Staff\",\"@id\":\"https:\\\/\\\/kuali.com.mx\\\/web\\\/#\\\/schema\\\/person\\\/6f89ffa8ecba9dae50662357923c5289\"},\"headline\":\"INCUMPLE PURECO, NO ENTREGA CONCESI\u00d3N A JARD\u00cdN BOT\u00c1NICO\",\"datePublished\":\"2025-10-20T20:23:16+00:00\",\"dateModified\":\"2025-10-20T20:29:07+00:00\",\"mainEntityOfPage\":{\"@id\":\"https:\\\/\\\/kuali.com.mx\\\/web\\\/2025\\\/10\\\/20\\\/incumple-pureco-no-entrega-concesion-a-jardin-botanico\\\/\"},\"wordCount\":811,\"commentCount\":0,\"image\":{\"@id\":\"https:\\\/\\\/kuali.com.mx\\\/web\\\/2025\\\/10\\\/20\\\/incumple-pureco-no-entrega-concesion-a-jardin-botanico\\\/#primaryimage\"},\"thumbnailUrl\":\"https:\\\/\\\/kuali.com.mx\\\/web\\\/wp-content\\\/uploads\\\/2025\\\/10\\\/Charco-del-Ingenio-1.gif\",\"keywords\":[\"\u00c1reas protegidas\",\"Concesiones\",\"El Charco del Ingenio\",\"Incumplimientos\",\"Jard\u00edn bot\u00e1nico\",\"Mauricio Trejo Pureco\",\"Medio ambiente\",\"San Miguel de Allende\"],\"articleSection\":[\"Ecolog\u00eda\",\"slider\"],\"inLanguage\":\"es\",\"potentialAction\":[{\"@type\":\"CommentAction\",\"name\":\"Comment\",\"target\":[\"https:\\\/\\\/kuali.com.mx\\\/web\\\/2025\\\/10\\\/20\\\/incumple-pureco-no-entrega-concesion-a-jardin-botanico\\\/#respond\"]}]},{\"@type\":\"WebPage\",\"@id\":\"https:\\\/\\\/kuali.com.mx\\\/web\\\/2025\\\/10\\\/20\\\/incumple-pureco-no-entrega-concesion-a-jardin-botanico\\\/\",\"url\":\"https:\\\/\\\/kuali.com.mx\\\/web\\\/2025\\\/10\\\/20\\\/incumple-pureco-no-entrega-concesion-a-jardin-botanico\\\/\",\"name\":\"INCUMPLE PURECO, NO ENTREGA CONCESI\u00d3N A JARD\u00cdN BOT\u00c1NICO - Kuali\",\"isPartOf\":{\"@id\":\"https:\\\/\\\/kuali.com.mx\\\/web\\\/#website\"},\"primaryImageOfPage\":{\"@id\":\"https:\\\/\\\/kuali.com.mx\\\/web\\\/2025\\\/10\\\/20\\\/incumple-pureco-no-entrega-concesion-a-jardin-botanico\\\/#primaryimage\"},\"image\":{\"@id\":\"https:\\\/\\\/kuali.com.mx\\\/web\\\/2025\\\/10\\\/20\\\/incumple-pureco-no-entrega-concesion-a-jardin-botanico\\\/#primaryimage\"},\"thumbnailUrl\":\"https:\\\/\\\/kuali.com.mx\\\/web\\\/wp-content\\\/uploads\\\/2025\\\/10\\\/Charco-del-Ingenio-1.gif\",\"datePublished\":\"2025-10-20T20:23:16+00:00\",\"dateModified\":\"2025-10-20T20:29:07+00:00\",\"author\":{\"@id\":\"https:\\\/\\\/kuali.com.mx\\\/web\\\/#\\\/schema\\\/person\\\/6f89ffa8ecba9dae50662357923c5289\"},\"breadcrumb\":{\"@id\":\"https:\\\/\\\/kuali.com.mx\\\/web\\\/2025\\\/10\\\/20\\\/incumple-pureco-no-entrega-concesion-a-jardin-botanico\\\/#breadcrumb\"},\"inLanguage\":\"es\",\"potentialAction\":[{\"@type\":\"ReadAction\",\"target\":[\"https:\\\/\\\/kuali.com.mx\\\/web\\\/2025\\\/10\\\/20\\\/incumple-pureco-no-entrega-concesion-a-jardin-botanico\\\/\"]}]},{\"@type\":\"ImageObject\",\"inLanguage\":\"es\",\"@id\":\"https:\\\/\\\/kuali.com.mx\\\/web\\\/2025\\\/10\\\/20\\\/incumple-pureco-no-entrega-concesion-a-jardin-botanico\\\/#primaryimage\",\"url\":\"https:\\\/\\\/kuali.com.mx\\\/web\\\/wp-content\\\/uploads\\\/2025\\\/10\\\/Charco-del-Ingenio-1.gif\",\"contentUrl\":\"https:\\\/\\\/kuali.com.mx\\\/web\\\/wp-content\\\/uploads\\\/2025\\\/10\\\/Charco-del-Ingenio-1.gif\",\"width\":1700,\"height\":750},{\"@type\":\"BreadcrumbList\",\"@id\":\"https:\\\/\\\/kuali.com.mx\\\/web\\\/2025\\\/10\\\/20\\\/incumple-pureco-no-entrega-concesion-a-jardin-botanico\\\/#breadcrumb\",\"itemListElement\":[{\"@type\":\"ListItem\",\"position\":1,\"name\":\"Inicio\",\"item\":\"https:\\\/\\\/kuali.com.mx\\\/web\\\/\"},{\"@type\":\"ListItem\",\"position\":2,\"name\":\"INCUMPLE PURECO, NO ENTREGA CONCESI\u00d3N A JARD\u00cdN BOT\u00c1NICO\"}]},{\"@type\":\"WebSite\",\"@id\":\"https:\\\/\\\/kuali.com.mx\\\/web\\\/#website\",\"url\":\"https:\\\/\\\/kuali.com.mx\\\/web\\\/\",\"name\":\"Kuali\",\"description\":\"\",\"potentialAction\":[{\"@type\":\"SearchAction\",\"target\":{\"@type\":\"EntryPoint\",\"urlTemplate\":\"https:\\\/\\\/kuali.com.mx\\\/web\\\/?s={search_term_string}\"},\"query-input\":{\"@type\":\"PropertyValueSpecification\",\"valueRequired\":true,\"valueName\":\"search_term_string\"}}],\"inLanguage\":\"es\"},{\"@type\":\"Person\",\"@id\":\"https:\\\/\\\/kuali.com.mx\\\/web\\\/#\\\/schema\\\/person\\\/6f89ffa8ecba9dae50662357923c5289\",\"name\":\"Kuali Staff\",\"image\":{\"@type\":\"ImageObject\",\"inLanguage\":\"es\",\"@id\":\"https:\\\/\\\/secure.gravatar.com\\\/avatar\\\/f917ad82e5ab71227a733c78b6e60715476f69ee6be59feee4eb5d9920c89e0f?s=96&d=mm&r=g\",\"url\":\"https:\\\/\\\/secure.gravatar.com\\\/avatar\\\/f917ad82e5ab71227a733c78b6e60715476f69ee6be59feee4eb5d9920c89e0f?s=96&d=mm&r=g\",\"contentUrl\":\"https:\\\/\\\/secure.gravatar.com\\\/avatar\\\/f917ad82e5ab71227a733c78b6e60715476f69ee6be59feee4eb5d9920c89e0f?s=96&d=mm&r=g\",\"caption\":\"Kuali Staff\"},\"url\":\"https:\\\/\\\/kuali.com.mx\\\/web\\\/author\\\/lagarto\\\/\"}]}<\/script>\n<!-- \/ Yoast SEO plugin. -->","yoast_head_json":{"title":"INCUMPLE PURECO, NO ENTREGA CONCESI\u00d3N A JARD\u00cdN BOT\u00c1NICO - Kuali","robots":{"index":"index","follow":"follow","max-snippet":"max-snippet:-1","max-image-preview":"max-image-preview:large","max-video-preview":"max-video-preview:-1"},"canonical":"https:\/\/kuali.com.mx\/web\/2025\/10\/20\/incumple-pureco-no-entrega-concesion-a-jardin-botanico\/","og_locale":"es_MX","og_type":"article","og_title":"INCUMPLE PURECO, NO ENTREGA CONCESI\u00d3N A JARD\u00cdN BOT\u00c1NICO - Kuali","og_description":"Alicia Arias\/San Miguel de Allende, Gto.- El alcalde de San Miguel de Allende, Mauricio Trejo Pureco, se niega a otorgar la concesi\u00f3n al Jard\u00edn Bot\u00e1nico El Charco del Ingenio, pese a que lo prometi\u00f3 hace cuatro a\u00f1os. La direcci\u00f3n del jard\u00edn bot\u00e1nico, \u00fanico en su tipo en el estado de Guanajuato y la regi\u00f3n, difundi\u00f3 [&hellip;]","og_url":"https:\/\/kuali.com.mx\/web\/2025\/10\/20\/incumple-pureco-no-entrega-concesion-a-jardin-botanico\/","og_site_name":"Kuali","article_publisher":"https:\/\/kuali.com.mx\/web\/wp-content\/uploads\/2018\/04\/cropped-kuali_logo-1-1.png","article_published_time":"2025-10-20T20:23:16+00:00","article_modified_time":"2025-10-20T20:29:07+00:00","og_image":[{"width":1700,"height":750,"url":"https:\/\/kuali.com.mx\/web\/wp-content\/uploads\/2025\/10\/Charco-del-Ingenio-1.gif","type":"image\/gif"}],"author":"Kuali Staff","twitter_card":"summary_large_image","twitter_creator":"@kuali_noticias","twitter_site":"@kuali_noticias","twitter_misc":{"Escrito por":"Kuali Staff","Tiempo de lectura":"4 minutos"},"schema":{"@context":"https:\/\/schema.org","@graph":[{"@type":"Article","@id":"https:\/\/kuali.com.mx\/web\/2025\/10\/20\/incumple-pureco-no-entrega-concesion-a-jardin-botanico\/#article","isPartOf":{"@id":"https:\/\/kuali.com.mx\/web\/2025\/10\/20\/incumple-pureco-no-entrega-concesion-a-jardin-botanico\/"},"author":{"name":"Kuali Staff","@id":"https:\/\/kuali.com.mx\/web\/#\/schema\/person\/6f89ffa8ecba9dae50662357923c5289"},"headline":"INCUMPLE PURECO, NO ENTREGA CONCESI\u00d3N A JARD\u00cdN BOT\u00c1NICO","datePublished":"2025-10-20T20:23:16+00:00","dateModified":"2025-10-20T20:29:07+00:00","mainEntityOfPage":{"@id":"https:\/\/kuali.com.mx\/web\/2025\/10\/20\/incumple-pureco-no-entrega-concesion-a-jardin-botanico\/"},"wordCount":811,"commentCount":0,"image":{"@id":"https:\/\/kuali.com.mx\/web\/2025\/10\/20\/incumple-pureco-no-entrega-concesion-a-jardin-botanico\/#primaryimage"},"thumbnailUrl":"https:\/\/kuali.com.mx\/web\/wp-content\/uploads\/2025\/10\/Charco-del-Ingenio-1.gif","keywords":["\u00c1reas protegidas","Concesiones","El Charco del Ingenio","Incumplimientos","Jard\u00edn bot\u00e1nico","Mauricio Trejo Pureco","Medio ambiente","San Miguel de Allende"],"articleSection":["Ecolog\u00eda","slider"],"inLanguage":"es","potentialAction":[{"@type":"CommentAction","name":"Comment","target":["https:\/\/kuali.com.mx\/web\/2025\/10\/20\/incumple-pureco-no-entrega-concesion-a-jardin-botanico\/#respond"]}]},{"@type":"WebPage","@id":"https:\/\/kuali.com.mx\/web\/2025\/10\/20\/incumple-pureco-no-entrega-concesion-a-jardin-botanico\/","url":"https:\/\/kuali.com.mx\/web\/2025\/10\/20\/incumple-pureco-no-entrega-concesion-a-jardin-botanico\/","name":"INCUMPLE PURECO, NO ENTREGA CONCESI\u00d3N A JARD\u00cdN BOT\u00c1NICO - Kuali","isPartOf":{"@id":"https:\/\/kuali.com.mx\/web\/#website"},"primaryImageOfPage":{"@id":"https:\/\/kuali.com.mx\/web\/2025\/10\/20\/incumple-pureco-no-entrega-concesion-a-jardin-botanico\/#primaryimage"},"image":{"@id":"https:\/\/kuali.com.mx\/web\/2025\/10\/20\/incumple-pureco-no-entrega-concesion-a-jardin-botanico\/#primaryimage"},"thumbnailUrl":"https:\/\/kuali.com.mx\/web\/wp-content\/uploads\/2025\/10\/Charco-del-Ingenio-1.gif","datePublished":"2025-10-20T20:23:16+00:00","dateModified":"2025-10-20T20:29:07+00:00","author":{"@id":"https:\/\/kuali.com.mx\/web\/#\/schema\/person\/6f89ffa8ecba9dae50662357923c5289"},"breadcrumb":{"@id":"https:\/\/kuali.com.mx\/web\/2025\/10\/20\/incumple-pureco-no-entrega-concesion-a-jardin-botanico\/#breadcrumb"},"inLanguage":"es","potentialAction":[{"@type":"ReadAction","target":["https:\/\/kuali.com.mx\/web\/2025\/10\/20\/incumple-pureco-no-entrega-concesion-a-jardin-botanico\/"]}]},{"@type":"ImageObject","inLanguage":"es","@id":"https:\/\/kuali.com.mx\/web\/2025\/10\/20\/incumple-pureco-no-entrega-concesion-a-jardin-botanico\/#primaryimage","url":"https:\/\/kuali.com.mx\/web\/wp-content\/uploads\/2025\/10\/Charco-del-Ingenio-1.gif","contentUrl":"https:\/\/kuali.com.mx\/web\/wp-content\/uploads\/2025\/10\/Charco-del-Ingenio-1.gif","width":1700,"height":750},{"@type":"BreadcrumbList","@id":"https:\/\/kuali.com.mx\/web\/2025\/10\/20\/incumple-pureco-no-entrega-concesion-a-jardin-botanico\/#breadcrumb","itemListElement":[{"@type":"ListItem","position":1,"name":"Inicio","item":"https:\/\/kuali.com.mx\/web\/"},{"@type":"ListItem","position":2,"name":"INCUMPLE PURECO, NO ENTREGA CONCESI\u00d3N A JARD\u00cdN BOT\u00c1NICO"}]},{"@type":"WebSite","@id":"https:\/\/kuali.com.mx\/web\/#website","url":"https:\/\/kuali.com.mx\/web\/","name":"Kuali","description":"","potentialAction":[{"@type":"SearchAction","target":{"@type":"EntryPoint","urlTemplate":"https:\/\/kuali.com.mx\/web\/?s={search_term_string}"},"query-input":{"@type":"PropertyValueSpecification","valueRequired":true,"valueName":"search_term_string"}}],"inLanguage":"es"},{"@type":"Person","@id":"https:\/\/kuali.com.mx\/web\/#\/schema\/person\/6f89ffa8ecba9dae50662357923c5289","name":"Kuali Staff","image":{"@type":"ImageObject","inLanguage":"es","@id":"https:\/\/secure.gravatar.com\/avatar\/f917ad82e5ab71227a733c78b6e60715476f69ee6be59feee4eb5d9920c89e0f?s=96&d=mm&r=g","url":"https:\/\/secure.gravatar.com\/avatar\/f917ad82e5ab71227a733c78b6e60715476f69ee6be59feee4eb5d9920c89e0f?s=96&d=mm&r=g","contentUrl":"https:\/\/secure.gravatar.com\/avatar\/f917ad82e5ab71227a733c78b6e60715476f69ee6be59feee4eb5d9920c89e0f?s=96&d=mm&r=g","caption":"Kuali Staff"},"url":"https:\/\/kuali.com.mx\/web\/author\/lagarto\/"}]}},"_links":{"self":[{"href":"https:\/\/kuali.com.mx\/web\/wp-json\/wp\/v2\/posts\/188002","targetHints":{"allow":["GET"]}}],"collection":[{"href":"https:\/\/kuali.com.mx\/web\/wp-json\/wp\/v2\/posts"}],"about":[{"href":"https:\/\/kuali.com.mx\/web\/wp-json\/wp\/v2\/types\/post"}],"author":[{"embeddable":true,"href":"https:\/\/kuali.com.mx\/web\/wp-json\/wp\/v2\/users\/2"}],"replies":[{"embeddable":true,"href":"https:\/\/kuali.com.mx\/web\/wp-json\/wp\/v2\/comments?post=188002"}],"version-history":[{"count":2,"href":"https:\/\/kuali.com.mx\/web\/wp-json\/wp\/v2\/posts\/188002\/revisions"}],"predecessor-version":[{"id":188027,"href":"https:\/\/kuali.com.mx\/web\/wp-json\/wp\/v2\/posts\/188002\/revisions\/188027"}],"wp:featuredmedia":[{"embeddable":true,"href":"https:\/\/kuali.com.mx\/web\/wp-json\/wp\/v2\/media\/188005"}],"wp:attachment":[{"href":"https:\/\/kuali.com.mx\/web\/wp-json\/wp\/v2\/media?parent=188002"}],"wp:term":[{"taxonomy":"category","embeddable":true,"href":"https:\/\/kuali.com.mx\/web\/wp-json\/wp\/v2\/categories?post=188002"},{"taxonomy":"post_tag","embeddable":true,"href":"https:\/\/kuali.com.mx\/web\/wp-json\/wp\/v2\/tags?post=188002"}],"curies":[{"name":"wp","href":"https:\/\/api.w.org\/{rel}","templated":true}]}}