{"id":187972,"date":"2025-10-19T13:19:39","date_gmt":"2025-10-19T19:19:39","guid":{"rendered":"https:\/\/kuali.com.mx\/web\/?p=187972"},"modified":"2025-10-20T08:00:58","modified_gmt":"2025-10-20T14:00:58","slug":"stradivarius-y-tres-romanticos-alemanes-visitan-nuevamente-guanajuato","status":"publish","type":"post","link":"https:\/\/kuali.com.mx\/web\/2025\/10\/19\/stradivarius-y-tres-romanticos-alemanes-visitan-nuevamente-guanajuato\/","title":{"rendered":"STRADIVARIUS Y TRES ROM\u00c1NTICOS ALEMANES VISITAN NUEVAMENTE GUANAJUATO"},"content":{"rendered":"\n<p><em><strong>Enrique Avil\u00e9s Rodr\u00edguez<\/strong><\/em><\/p>\n\n\n\n<p>Una sobresaliente actuaci\u00f3n de <em>The Deuche Kammerphilarmmonie<\/em> dirigida por Riccardo Minasi agrupaci\u00f3n originaria de la antigua ciudad de Bremen, cuyo edificio g\u00f3tico y renacentista del Ayuntamiento ha sido inscrito en la lista del Patrimonio de la Humanidad, a\u00f1os antes los hermanos Grimm escribieron un cuento titulado <em>Los m\u00fasicos de Bremen<\/em> que alude a la gran tradici\u00f3n de los m\u00fasicos de esa ciudad, la agrupaci\u00f3n que nos ha deleitado con su programa y actuaci\u00f3n refrenda la tradici\u00f3n musical de esa hist\u00f3rica ciudad.<\/p>\n\n\n\n<p>Debo confesar que me ha llamado la atenci\u00f3n que su nombre indique que es una filarm\u00f3nica de c\u00e1mara. Uno espera ver una agrupaci\u00f3n peque\u00f1a, pero me ha sorprendido el n\u00famero de instrumentistas en escena pues en realidad esta prestigiosa y reconocida agrupaci\u00f3n es una orquesta en toda forma.<\/p>\n\n\n\n<p>Por fortuna, para aclararme esta elemental opini\u00f3n, en un art\u00edculo de <em>Classical Music # 101<\/em>, titulado \u201cLa diferencia entre orquesta de c\u00e1mara, filarm\u00f3nica y sinf\u00f3nica\u201d se\u00f1ala que el n\u00famero de m\u00fasicos empleados en una presentaci\u00f3n var\u00eda desde setenta hasta m\u00e1s de cien m\u00fasicos, dependiendo de la obra que se presente y, claro est\u00e1, del foro con el que cuenten. Y agrega que una orquesta de c\u00e1mara u orquesta de concierto, es una agrupaci\u00f3n m\u00e1s peque\u00f1a de no m\u00e1s de cincuenta m\u00fasicos.<\/p>\n\n\n\n<p>En el caso de la <em>Deuche Kammerphilarmmonie<\/em>, que cuenta con 40 instrumentistas de alta calidad, su n\u00famero le otorga la condici\u00f3n de filarm\u00f3nica de c\u00e1mara.<\/p>\n\n\n\n<p>El programa que presentaron en este 53 Festival Internacional Cervantino, en el Teatro Ju\u00e1rez, fue de tres grandes autores alemanes del periodo rom\u00e1ntico, enfoque que no s\u00f3lo aconteci\u00f3 en la m\u00fasica pues fue un extenso movimiento cultural que influy\u00f3 tanto en las artes como en los sistemas filos\u00f3ficos, pues fue una reacci\u00f3n frente a la b\u00fasqueda de verdades apoyada \u00fanicamente en la raz\u00f3n. El romanticismo puso el acento en las emociones, lo que hoy llaman inteligencia emocional, y en el poder de la intuici\u00f3n.<\/p>\n\n\n\n<p>El programa sigui\u00f3 el orden can\u00f3nico -obertura, concierto, sinfon\u00eda-, iniciando con la <em>Obertura en do mayor<\/em>, <em>Op. 170<\/em>, <em>italiana,<\/em> de Franz Schubert, obra muy alegre y amena debido a la influencia de la \u00f3pera bufa al estilo de Giacomo Rossini.<\/p>\n\n\n\n<p>En mi opini\u00f3n el plato fuerte del programa fue el <em>Concierto para viol\u00edn<\/em>, en re mayor, <em>Op.<\/em> <em>61<\/em> de Ludwig van Beethoven, no solamente por la maestr\u00eda y excelencia del violinista canadiense James Ehnes sino porque para su interpretaci\u00f3n toc\u00f3 el maravilloso viol\u00edn Marsick, fabricado por Antonio Stradivarius en 1715, el cual perteneci\u00f3 al violinista belga Martin Pierre Marsick, de all\u00ed la designaci\u00f3n del Stradivarius.<\/p>\n\n\n\n<p>Finalmente la <em>Deuche Kammerphilarmmonie<\/em> interpret\u00f3 la <em>Sinfon\u00eda n\u00fam 4<\/em>, <em>italiana,<\/em> de Felix Mendelssonh, estrenada en Londres el 13 de mayo de 1833 y dirigida por el mismo autor. Se dice que a pesar de su gran dificultad t\u00e9cnica y orquestal, es una de las sinfon\u00edas de Mendelssonh m\u00e1s populares y alegres.<\/p>\n\n\n\n<p>Ante la prolongada ovaci\u00f3n de pie del p\u00fablico, Ehnes nos obsequi\u00f3 dos <em>encores<\/em> solistas, que nos permiti\u00f3 escuchar nuevamente el Stradivarius. Se trat\u00f3 de la <em>Sonata para Viol\u00edn Solo, N\u00fam. 3 en re Menor \u201cBallade\u201d,<\/em> de Eug\u00e8ne Ysa\u00ffe; y el <em>Scherzo <\/em>del<em> Sue\u00f1o de una Noche de Verano, M\u00fasica Incidental, Op. 61&nbsp;<\/em>de Mendelssohn, en una versi\u00f3n para viol\u00edn s\u00f3lo.&nbsp;Sin duda un concierto memorable de la <em>Deuche Kammerphilarmmonie<\/em> de Bremen y del virtuoso violinista canadiense.<\/p>\n\n\n\n<p>Aqu\u00ed le comparto los links de ambos <em>encores plus<\/em>:<\/p>\n\n\n\n<p>Eug\u00e8ne Ysa\u00ffe <a href=\"https:\/\/www.youtube.com\/watch?v=flBfxbexYbg\">https:\/\/www.youtube.com\/watch?v=flBfxbexYbg<\/a><\/p>\n\n\n\n<p>Felix Mendelssonh <a href=\"https:\/\/open.spotify.com\/intl-es\/track\/6E87udkzYKTCBYJkqzpNml\">https:\/\/open.spotify.com\/intl-es\/track\/6E87udkzYKTCBYJkqzpNml<\/a><\/p>\n","protected":false},"excerpt":{"rendered":"Enrique Avil\u00e9s Rodr\u00edguez Una sobresaliente actuaci\u00f3n de The Deuche Kammerphilarmmonie dirigida por Riccardo Minasi agrupaci\u00f3n originaria de la antigua ciudad de Bremen, cuyo edificio g\u00f3tico y renacentista del Ayuntamiento ha sido inscrito en la lista del Patrimonio de la Humanidad, a\u00f1os antes los hermanos Grimm escribieron un cuento titulado Los m\u00fasicos de Bremen que alude [&hellip;]","protected":false},"author":2,"featured_media":187976,"comment_status":"open","ping_status":"open","sticky":false,"template":"","format":"standard","meta":{"_seopress_robots_primary_cat":"none","_seopress_titles_title":"","_seopress_titles_desc":"","_seopress_robots_index":"","_monsterinsights_skip_tracking":false,"_monsterinsights_sitenote_active":false,"_monsterinsights_sitenote_note":"","_monsterinsights_sitenote_category":0,"footnotes":""},"categories":[8],"tags":[],"class_list":["post-187972","post","type-post","status-publish","format-standard","has-post-thumbnail","hentry","category-espectaculos"],"yoast_head":"<!-- This site is optimized with the Yoast SEO plugin v27.4 - https:\/\/yoast.com\/product\/yoast-seo-wordpress\/ -->\n<title>STRADIVARIUS Y TRES ROM\u00c1NTICOS ALEMANES VISITAN NUEVAMENTE GUANAJUATO - Kuali<\/title>\n<meta name=\"robots\" content=\"index, follow, max-snippet:-1, max-image-preview:large, max-video-preview:-1\" \/>\n<link rel=\"canonical\" href=\"https:\/\/kuali.com.mx\/web\/2025\/10\/19\/stradivarius-y-tres-romanticos-alemanes-visitan-nuevamente-guanajuato\/\" \/>\n<meta property=\"og:locale\" content=\"es_MX\" \/>\n<meta property=\"og:type\" content=\"article\" \/>\n<meta property=\"og:title\" content=\"STRADIVARIUS Y TRES ROM\u00c1NTICOS ALEMANES VISITAN NUEVAMENTE GUANAJUATO - Kuali\" \/>\n<meta property=\"og:description\" content=\"Enrique Avil\u00e9s Rodr\u00edguez Una sobresaliente actuaci\u00f3n de The Deuche Kammerphilarmmonie dirigida por Riccardo Minasi agrupaci\u00f3n originaria de la antigua ciudad de Bremen, cuyo edificio g\u00f3tico y renacentista del Ayuntamiento ha sido inscrito en la lista del Patrimonio de la Humanidad, a\u00f1os antes los hermanos Grimm escribieron un cuento titulado Los m\u00fasicos de Bremen que alude [&hellip;]\" \/>\n<meta property=\"og:url\" content=\"https:\/\/kuali.com.mx\/web\/2025\/10\/19\/stradivarius-y-tres-romanticos-alemanes-visitan-nuevamente-guanajuato\/\" \/>\n<meta property=\"og:site_name\" content=\"Kuali\" \/>\n<meta property=\"article:publisher\" content=\"https:\/\/kuali.com.mx\/web\/wp-content\/uploads\/2018\/04\/cropped-kuali_logo-1-1.png\" \/>\n<meta property=\"article:published_time\" content=\"2025-10-19T19:19:39+00:00\" \/>\n<meta property=\"article:modified_time\" content=\"2025-10-20T14:00:58+00:00\" \/>\n<meta property=\"og:image\" content=\"https:\/\/kuali.com.mx\/web\/wp-content\/uploads\/2025\/10\/The-Deutsche-Kammerphilharmonie-Bremen-1.png\" \/>\n\t<meta property=\"og:image:width\" content=\"1750\" \/>\n\t<meta property=\"og:image:height\" content=\"811\" \/>\n\t<meta property=\"og:image:type\" content=\"image\/png\" \/>\n<meta name=\"author\" content=\"Kuali Staff\" \/>\n<meta name=\"twitter:card\" content=\"summary_large_image\" \/>\n<meta name=\"twitter:creator\" content=\"@kuali_noticias\" \/>\n<meta name=\"twitter:site\" content=\"@kuali_noticias\" \/>\n<meta name=\"twitter:label1\" content=\"Escrito por\" \/>\n\t<meta name=\"twitter:data1\" content=\"Kuali Staff\" \/>\n\t<meta name=\"twitter:label2\" content=\"Tiempo de lectura\" \/>\n\t<meta name=\"twitter:data2\" content=\"3 minutos\" \/>\n<script type=\"application\/ld+json\" class=\"yoast-schema-graph\">{\"@context\":\"https:\\\/\\\/schema.org\",\"@graph\":[{\"@type\":\"Article\",\"@id\":\"https:\\\/\\\/kuali.com.mx\\\/web\\\/2025\\\/10\\\/19\\\/stradivarius-y-tres-romanticos-alemanes-visitan-nuevamente-guanajuato\\\/#article\",\"isPartOf\":{\"@id\":\"https:\\\/\\\/kuali.com.mx\\\/web\\\/2025\\\/10\\\/19\\\/stradivarius-y-tres-romanticos-alemanes-visitan-nuevamente-guanajuato\\\/\"},\"author\":{\"name\":\"Kuali Staff\",\"@id\":\"https:\\\/\\\/kuali.com.mx\\\/web\\\/#\\\/schema\\\/person\\\/6f89ffa8ecba9dae50662357923c5289\"},\"headline\":\"STRADIVARIUS Y TRES ROM\u00c1NTICOS ALEMANES VISITAN NUEVAMENTE GUANAJUATO\",\"datePublished\":\"2025-10-19T19:19:39+00:00\",\"dateModified\":\"2025-10-20T14:00:58+00:00\",\"mainEntityOfPage\":{\"@id\":\"https:\\\/\\\/kuali.com.mx\\\/web\\\/2025\\\/10\\\/19\\\/stradivarius-y-tres-romanticos-alemanes-visitan-nuevamente-guanajuato\\\/\"},\"wordCount\":658,\"commentCount\":0,\"image\":{\"@id\":\"https:\\\/\\\/kuali.com.mx\\\/web\\\/2025\\\/10\\\/19\\\/stradivarius-y-tres-romanticos-alemanes-visitan-nuevamente-guanajuato\\\/#primaryimage\"},\"thumbnailUrl\":\"https:\\\/\\\/kuali.com.mx\\\/web\\\/wp-content\\\/uploads\\\/2025\\\/10\\\/The-Deutsche-Kammerphilharmonie-Bremen-1.png\",\"articleSection\":[\"Cultura\"],\"inLanguage\":\"es\",\"potentialAction\":[{\"@type\":\"CommentAction\",\"name\":\"Comment\",\"target\":[\"https:\\\/\\\/kuali.com.mx\\\/web\\\/2025\\\/10\\\/19\\\/stradivarius-y-tres-romanticos-alemanes-visitan-nuevamente-guanajuato\\\/#respond\"]}]},{\"@type\":\"WebPage\",\"@id\":\"https:\\\/\\\/kuali.com.mx\\\/web\\\/2025\\\/10\\\/19\\\/stradivarius-y-tres-romanticos-alemanes-visitan-nuevamente-guanajuato\\\/\",\"url\":\"https:\\\/\\\/kuali.com.mx\\\/web\\\/2025\\\/10\\\/19\\\/stradivarius-y-tres-romanticos-alemanes-visitan-nuevamente-guanajuato\\\/\",\"name\":\"STRADIVARIUS Y TRES ROM\u00c1NTICOS ALEMANES VISITAN NUEVAMENTE GUANAJUATO - Kuali\",\"isPartOf\":{\"@id\":\"https:\\\/\\\/kuali.com.mx\\\/web\\\/#website\"},\"primaryImageOfPage\":{\"@id\":\"https:\\\/\\\/kuali.com.mx\\\/web\\\/2025\\\/10\\\/19\\\/stradivarius-y-tres-romanticos-alemanes-visitan-nuevamente-guanajuato\\\/#primaryimage\"},\"image\":{\"@id\":\"https:\\\/\\\/kuali.com.mx\\\/web\\\/2025\\\/10\\\/19\\\/stradivarius-y-tres-romanticos-alemanes-visitan-nuevamente-guanajuato\\\/#primaryimage\"},\"thumbnailUrl\":\"https:\\\/\\\/kuali.com.mx\\\/web\\\/wp-content\\\/uploads\\\/2025\\\/10\\\/The-Deutsche-Kammerphilharmonie-Bremen-1.png\",\"datePublished\":\"2025-10-19T19:19:39+00:00\",\"dateModified\":\"2025-10-20T14:00:58+00:00\",\"author\":{\"@id\":\"https:\\\/\\\/kuali.com.mx\\\/web\\\/#\\\/schema\\\/person\\\/6f89ffa8ecba9dae50662357923c5289\"},\"breadcrumb\":{\"@id\":\"https:\\\/\\\/kuali.com.mx\\\/web\\\/2025\\\/10\\\/19\\\/stradivarius-y-tres-romanticos-alemanes-visitan-nuevamente-guanajuato\\\/#breadcrumb\"},\"inLanguage\":\"es\",\"potentialAction\":[{\"@type\":\"ReadAction\",\"target\":[\"https:\\\/\\\/kuali.com.mx\\\/web\\\/2025\\\/10\\\/19\\\/stradivarius-y-tres-romanticos-alemanes-visitan-nuevamente-guanajuato\\\/\"]}]},{\"@type\":\"ImageObject\",\"inLanguage\":\"es\",\"@id\":\"https:\\\/\\\/kuali.com.mx\\\/web\\\/2025\\\/10\\\/19\\\/stradivarius-y-tres-romanticos-alemanes-visitan-nuevamente-guanajuato\\\/#primaryimage\",\"url\":\"https:\\\/\\\/kuali.com.mx\\\/web\\\/wp-content\\\/uploads\\\/2025\\\/10\\\/The-Deutsche-Kammerphilharmonie-Bremen-1.png\",\"contentUrl\":\"https:\\\/\\\/kuali.com.mx\\\/web\\\/wp-content\\\/uploads\\\/2025\\\/10\\\/The-Deutsche-Kammerphilharmonie-Bremen-1.png\",\"width\":1750,\"height\":811},{\"@type\":\"BreadcrumbList\",\"@id\":\"https:\\\/\\\/kuali.com.mx\\\/web\\\/2025\\\/10\\\/19\\\/stradivarius-y-tres-romanticos-alemanes-visitan-nuevamente-guanajuato\\\/#breadcrumb\",\"itemListElement\":[{\"@type\":\"ListItem\",\"position\":1,\"name\":\"Inicio\",\"item\":\"https:\\\/\\\/kuali.com.mx\\\/web\\\/\"},{\"@type\":\"ListItem\",\"position\":2,\"name\":\"STRADIVARIUS Y TRES ROM\u00c1NTICOS ALEMANES VISITAN NUEVAMENTE GUANAJUATO\"}]},{\"@type\":\"WebSite\",\"@id\":\"https:\\\/\\\/kuali.com.mx\\\/web\\\/#website\",\"url\":\"https:\\\/\\\/kuali.com.mx\\\/web\\\/\",\"name\":\"Kuali\",\"description\":\"\",\"potentialAction\":[{\"@type\":\"SearchAction\",\"target\":{\"@type\":\"EntryPoint\",\"urlTemplate\":\"https:\\\/\\\/kuali.com.mx\\\/web\\\/?s={search_term_string}\"},\"query-input\":{\"@type\":\"PropertyValueSpecification\",\"valueRequired\":true,\"valueName\":\"search_term_string\"}}],\"inLanguage\":\"es\"},{\"@type\":\"Person\",\"@id\":\"https:\\\/\\\/kuali.com.mx\\\/web\\\/#\\\/schema\\\/person\\\/6f89ffa8ecba9dae50662357923c5289\",\"name\":\"Kuali Staff\",\"image\":{\"@type\":\"ImageObject\",\"inLanguage\":\"es\",\"@id\":\"https:\\\/\\\/secure.gravatar.com\\\/avatar\\\/f917ad82e5ab71227a733c78b6e60715476f69ee6be59feee4eb5d9920c89e0f?s=96&d=mm&r=g\",\"url\":\"https:\\\/\\\/secure.gravatar.com\\\/avatar\\\/f917ad82e5ab71227a733c78b6e60715476f69ee6be59feee4eb5d9920c89e0f?s=96&d=mm&r=g\",\"contentUrl\":\"https:\\\/\\\/secure.gravatar.com\\\/avatar\\\/f917ad82e5ab71227a733c78b6e60715476f69ee6be59feee4eb5d9920c89e0f?s=96&d=mm&r=g\",\"caption\":\"Kuali Staff\"},\"url\":\"https:\\\/\\\/kuali.com.mx\\\/web\\\/author\\\/lagarto\\\/\"}]}<\/script>\n<!-- \/ Yoast SEO plugin. -->","yoast_head_json":{"title":"STRADIVARIUS Y TRES ROM\u00c1NTICOS ALEMANES VISITAN NUEVAMENTE GUANAJUATO - Kuali","robots":{"index":"index","follow":"follow","max-snippet":"max-snippet:-1","max-image-preview":"max-image-preview:large","max-video-preview":"max-video-preview:-1"},"canonical":"https:\/\/kuali.com.mx\/web\/2025\/10\/19\/stradivarius-y-tres-romanticos-alemanes-visitan-nuevamente-guanajuato\/","og_locale":"es_MX","og_type":"article","og_title":"STRADIVARIUS Y TRES ROM\u00c1NTICOS ALEMANES VISITAN NUEVAMENTE GUANAJUATO - Kuali","og_description":"Enrique Avil\u00e9s Rodr\u00edguez Una sobresaliente actuaci\u00f3n de The Deuche Kammerphilarmmonie dirigida por Riccardo Minasi agrupaci\u00f3n originaria de la antigua ciudad de Bremen, cuyo edificio g\u00f3tico y renacentista del Ayuntamiento ha sido inscrito en la lista del Patrimonio de la Humanidad, a\u00f1os antes los hermanos Grimm escribieron un cuento titulado Los m\u00fasicos de Bremen que alude [&hellip;]","og_url":"https:\/\/kuali.com.mx\/web\/2025\/10\/19\/stradivarius-y-tres-romanticos-alemanes-visitan-nuevamente-guanajuato\/","og_site_name":"Kuali","article_publisher":"https:\/\/kuali.com.mx\/web\/wp-content\/uploads\/2018\/04\/cropped-kuali_logo-1-1.png","article_published_time":"2025-10-19T19:19:39+00:00","article_modified_time":"2025-10-20T14:00:58+00:00","og_image":[{"width":1750,"height":811,"url":"https:\/\/kuali.com.mx\/web\/wp-content\/uploads\/2025\/10\/The-Deutsche-Kammerphilharmonie-Bremen-1.png","type":"image\/png"}],"author":"Kuali Staff","twitter_card":"summary_large_image","twitter_creator":"@kuali_noticias","twitter_site":"@kuali_noticias","twitter_misc":{"Escrito por":"Kuali Staff","Tiempo de lectura":"3 minutos"},"schema":{"@context":"https:\/\/schema.org","@graph":[{"@type":"Article","@id":"https:\/\/kuali.com.mx\/web\/2025\/10\/19\/stradivarius-y-tres-romanticos-alemanes-visitan-nuevamente-guanajuato\/#article","isPartOf":{"@id":"https:\/\/kuali.com.mx\/web\/2025\/10\/19\/stradivarius-y-tres-romanticos-alemanes-visitan-nuevamente-guanajuato\/"},"author":{"name":"Kuali Staff","@id":"https:\/\/kuali.com.mx\/web\/#\/schema\/person\/6f89ffa8ecba9dae50662357923c5289"},"headline":"STRADIVARIUS Y TRES ROM\u00c1NTICOS ALEMANES VISITAN NUEVAMENTE GUANAJUATO","datePublished":"2025-10-19T19:19:39+00:00","dateModified":"2025-10-20T14:00:58+00:00","mainEntityOfPage":{"@id":"https:\/\/kuali.com.mx\/web\/2025\/10\/19\/stradivarius-y-tres-romanticos-alemanes-visitan-nuevamente-guanajuato\/"},"wordCount":658,"commentCount":0,"image":{"@id":"https:\/\/kuali.com.mx\/web\/2025\/10\/19\/stradivarius-y-tres-romanticos-alemanes-visitan-nuevamente-guanajuato\/#primaryimage"},"thumbnailUrl":"https:\/\/kuali.com.mx\/web\/wp-content\/uploads\/2025\/10\/The-Deutsche-Kammerphilharmonie-Bremen-1.png","articleSection":["Cultura"],"inLanguage":"es","potentialAction":[{"@type":"CommentAction","name":"Comment","target":["https:\/\/kuali.com.mx\/web\/2025\/10\/19\/stradivarius-y-tres-romanticos-alemanes-visitan-nuevamente-guanajuato\/#respond"]}]},{"@type":"WebPage","@id":"https:\/\/kuali.com.mx\/web\/2025\/10\/19\/stradivarius-y-tres-romanticos-alemanes-visitan-nuevamente-guanajuato\/","url":"https:\/\/kuali.com.mx\/web\/2025\/10\/19\/stradivarius-y-tres-romanticos-alemanes-visitan-nuevamente-guanajuato\/","name":"STRADIVARIUS Y TRES ROM\u00c1NTICOS ALEMANES VISITAN NUEVAMENTE GUANAJUATO - Kuali","isPartOf":{"@id":"https:\/\/kuali.com.mx\/web\/#website"},"primaryImageOfPage":{"@id":"https:\/\/kuali.com.mx\/web\/2025\/10\/19\/stradivarius-y-tres-romanticos-alemanes-visitan-nuevamente-guanajuato\/#primaryimage"},"image":{"@id":"https:\/\/kuali.com.mx\/web\/2025\/10\/19\/stradivarius-y-tres-romanticos-alemanes-visitan-nuevamente-guanajuato\/#primaryimage"},"thumbnailUrl":"https:\/\/kuali.com.mx\/web\/wp-content\/uploads\/2025\/10\/The-Deutsche-Kammerphilharmonie-Bremen-1.png","datePublished":"2025-10-19T19:19:39+00:00","dateModified":"2025-10-20T14:00:58+00:00","author":{"@id":"https:\/\/kuali.com.mx\/web\/#\/schema\/person\/6f89ffa8ecba9dae50662357923c5289"},"breadcrumb":{"@id":"https:\/\/kuali.com.mx\/web\/2025\/10\/19\/stradivarius-y-tres-romanticos-alemanes-visitan-nuevamente-guanajuato\/#breadcrumb"},"inLanguage":"es","potentialAction":[{"@type":"ReadAction","target":["https:\/\/kuali.com.mx\/web\/2025\/10\/19\/stradivarius-y-tres-romanticos-alemanes-visitan-nuevamente-guanajuato\/"]}]},{"@type":"ImageObject","inLanguage":"es","@id":"https:\/\/kuali.com.mx\/web\/2025\/10\/19\/stradivarius-y-tres-romanticos-alemanes-visitan-nuevamente-guanajuato\/#primaryimage","url":"https:\/\/kuali.com.mx\/web\/wp-content\/uploads\/2025\/10\/The-Deutsche-Kammerphilharmonie-Bremen-1.png","contentUrl":"https:\/\/kuali.com.mx\/web\/wp-content\/uploads\/2025\/10\/The-Deutsche-Kammerphilharmonie-Bremen-1.png","width":1750,"height":811},{"@type":"BreadcrumbList","@id":"https:\/\/kuali.com.mx\/web\/2025\/10\/19\/stradivarius-y-tres-romanticos-alemanes-visitan-nuevamente-guanajuato\/#breadcrumb","itemListElement":[{"@type":"ListItem","position":1,"name":"Inicio","item":"https:\/\/kuali.com.mx\/web\/"},{"@type":"ListItem","position":2,"name":"STRADIVARIUS Y TRES ROM\u00c1NTICOS ALEMANES VISITAN NUEVAMENTE GUANAJUATO"}]},{"@type":"WebSite","@id":"https:\/\/kuali.com.mx\/web\/#website","url":"https:\/\/kuali.com.mx\/web\/","name":"Kuali","description":"","potentialAction":[{"@type":"SearchAction","target":{"@type":"EntryPoint","urlTemplate":"https:\/\/kuali.com.mx\/web\/?s={search_term_string}"},"query-input":{"@type":"PropertyValueSpecification","valueRequired":true,"valueName":"search_term_string"}}],"inLanguage":"es"},{"@type":"Person","@id":"https:\/\/kuali.com.mx\/web\/#\/schema\/person\/6f89ffa8ecba9dae50662357923c5289","name":"Kuali Staff","image":{"@type":"ImageObject","inLanguage":"es","@id":"https:\/\/secure.gravatar.com\/avatar\/f917ad82e5ab71227a733c78b6e60715476f69ee6be59feee4eb5d9920c89e0f?s=96&d=mm&r=g","url":"https:\/\/secure.gravatar.com\/avatar\/f917ad82e5ab71227a733c78b6e60715476f69ee6be59feee4eb5d9920c89e0f?s=96&d=mm&r=g","contentUrl":"https:\/\/secure.gravatar.com\/avatar\/f917ad82e5ab71227a733c78b6e60715476f69ee6be59feee4eb5d9920c89e0f?s=96&d=mm&r=g","caption":"Kuali Staff"},"url":"https:\/\/kuali.com.mx\/web\/author\/lagarto\/"}]}},"_links":{"self":[{"href":"https:\/\/kuali.com.mx\/web\/wp-json\/wp\/v2\/posts\/187972","targetHints":{"allow":["GET"]}}],"collection":[{"href":"https:\/\/kuali.com.mx\/web\/wp-json\/wp\/v2\/posts"}],"about":[{"href":"https:\/\/kuali.com.mx\/web\/wp-json\/wp\/v2\/types\/post"}],"author":[{"embeddable":true,"href":"https:\/\/kuali.com.mx\/web\/wp-json\/wp\/v2\/users\/2"}],"replies":[{"embeddable":true,"href":"https:\/\/kuali.com.mx\/web\/wp-json\/wp\/v2\/comments?post=187972"}],"version-history":[{"count":1,"href":"https:\/\/kuali.com.mx\/web\/wp-json\/wp\/v2\/posts\/187972\/revisions"}],"predecessor-version":[{"id":187977,"href":"https:\/\/kuali.com.mx\/web\/wp-json\/wp\/v2\/posts\/187972\/revisions\/187977"}],"wp:featuredmedia":[{"embeddable":true,"href":"https:\/\/kuali.com.mx\/web\/wp-json\/wp\/v2\/media\/187976"}],"wp:attachment":[{"href":"https:\/\/kuali.com.mx\/web\/wp-json\/wp\/v2\/media?parent=187972"}],"wp:term":[{"taxonomy":"category","embeddable":true,"href":"https:\/\/kuali.com.mx\/web\/wp-json\/wp\/v2\/categories?post=187972"},{"taxonomy":"post_tag","embeddable":true,"href":"https:\/\/kuali.com.mx\/web\/wp-json\/wp\/v2\/tags?post=187972"}],"curies":[{"name":"wp","href":"https:\/\/api.w.org\/{rel}","templated":true}]}}