{"id":185898,"date":"2025-09-23T23:12:50","date_gmt":"2025-09-24T05:12:50","guid":{"rendered":"https:\/\/kuali.com.mx\/web\/?p=185898"},"modified":"2025-09-23T23:12:53","modified_gmt":"2025-09-24T05:12:53","slug":"tendra-leon-metro-elevado-anuncia-alejandra","status":"publish","type":"post","link":"https:\/\/kuali.com.mx\/web\/2025\/09\/23\/tendra-leon-metro-elevado-anuncia-alejandra\/","title":{"rendered":"TENDR\u00c1 LE\u00d3N METRO ELEVADO, ANUNCIA ALEJANDRA"},"content":{"rendered":"\n<p>M<strong>ilagros Tadeo\/Le\u00f3n, Gto.-<\/strong>\u00a0Durante la presentaci\u00f3n de su informe social, la alcaldesa Alejandra Guti\u00e9rrez Campos, anunci\u00f3 el arranque del \u201cMetro elevado Le\u00f3n 450\u201d dado el incremento en la demanda de servicios de movilidad en la tercera ciudad m\u00e1s grande del pa\u00eds.<\/p>\n\n\n\n<p>Se\u00f1al\u00f3 que tras la consolidaci\u00f3n del Sistema Integrado de Transporte de Le\u00f3n (SIT) es necesario aportar por un nuevo proyecto, m\u00e1s ambicioso en materia de movilidad para cambiar la vida de los leoneses.<\/p>\n\n\n\n<p>\u201cCuando se crea el SIT (\u2026) hubo muchas personas que planearon y no les toc\u00f3 cortar el list\u00f3n, porque se trata de un proyecto de continuidad, son proyectos de gran magnitud. Hoy la movilidad de la ciudad requiere de un proyecto que ya brinque fronteras y quiero decirles que ya vamos a arrancar el proyecto del Metro elevado 450 para Le\u00f3n, eso es apostarle realmente al futuro\u201d, dijo.<\/p>\n\n\n\n<p>Se\u00f1al\u00f3 que se le seguir\u00e1 apostando a la mejora y modernizaci\u00f3n del sistema de movilidad tradicional y agreg\u00f3 que la suma de un metro elevado ser\u00e1 fundamental para reducir los tiempos de traslado y reducir el tr\u00e1fico de los usuarios del transporte p\u00fablico.<\/p>\n\n\n\n<p>Dijo que este proyecto se sumar\u00e1 al Tren de Pasajeros del Gobierno federal, el cual ayudar\u00e1 a garantizar m\u00e1s alternativas a los ciudadanos para trasladarse.<\/p>\n\n\n\n<p>Por otro lado, anunci\u00f3 la construcci\u00f3n del Auditorio 450 en la Deportiva Enrique Fern\u00e1ndez en donde se podr\u00e1n realizar 15 disciplinas deportivas, as\u00ed como la consolidaci\u00f3n de una Central de Seguridad P\u00fablica en la colonia Flores Mag\u00f3n, la construcci\u00f3n de un pase seguro del ferrocarril en la zona de San Juan de Abajo y la generaci\u00f3n del Parque Sur para promover la inversi\u00f3n y el empleo en esa zona de la ciudad.&nbsp;<\/p>\n\n\n\n<p>Asimismo, durante su informe la alcaldesa y la gobernadora, Libia Dennise Garc\u00eda Mu\u00f1oz Ledo, refrendaron su compromiso para trabajar de manera coordinada por Le\u00f3n.&nbsp;<\/p>\n","protected":false},"excerpt":{"rendered":"Milagros Tadeo\/Le\u00f3n, Gto.-\u00a0Durante la presentaci\u00f3n de su informe social, la alcaldesa Alejandra Guti\u00e9rrez Campos, anunci\u00f3 el arranque del \u201cMetro elevado Le\u00f3n 450\u201d dado el incremento en la demanda de servicios de movilidad en la tercera ciudad m\u00e1s grande del pa\u00eds. Se\u00f1al\u00f3 que tras la consolidaci\u00f3n del Sistema Integrado de Transporte de Le\u00f3n (SIT) es necesario [&hellip;]","protected":false},"author":2,"featured_media":185901,"comment_status":"open","ping_status":"open","sticky":false,"template":"","format":"standard","meta":{"_seopress_robots_primary_cat":"none","_seopress_titles_title":"","_seopress_titles_desc":"","_seopress_robots_index":"","_monsterinsights_skip_tracking":false,"_monsterinsights_sitenote_active":false,"_monsterinsights_sitenote_note":"","_monsterinsights_sitenote_category":0,"footnotes":""},"categories":[3,69],"tags":[],"class_list":["post-185898","post","type-post","status-publish","format-standard","has-post-thumbnail","hentry","category-politica","category-slider"],"yoast_head":"<!-- This site is optimized with the Yoast SEO plugin v27.4 - https:\/\/yoast.com\/product\/yoast-seo-wordpress\/ -->\n<title>TENDR\u00c1 LE\u00d3N METRO ELEVADO, ANUNCIA ALEJANDRA - Kuali<\/title>\n<meta name=\"robots\" content=\"index, follow, max-snippet:-1, max-image-preview:large, max-video-preview:-1\" \/>\n<link rel=\"canonical\" href=\"https:\/\/kuali.com.mx\/web\/2025\/09\/23\/tendra-leon-metro-elevado-anuncia-alejandra\/\" \/>\n<meta property=\"og:locale\" content=\"es_MX\" \/>\n<meta property=\"og:type\" content=\"article\" \/>\n<meta property=\"og:title\" content=\"TENDR\u00c1 LE\u00d3N METRO ELEVADO, ANUNCIA ALEJANDRA - Kuali\" \/>\n<meta property=\"og:description\" content=\"Milagros Tadeo\/Le\u00f3n, Gto.-\u00a0Durante la presentaci\u00f3n de su informe social, la alcaldesa Alejandra Guti\u00e9rrez Campos, anunci\u00f3 el arranque del \u201cMetro elevado Le\u00f3n 450\u201d dado el incremento en la demanda de servicios de movilidad en la tercera ciudad m\u00e1s grande del pa\u00eds. Se\u00f1al\u00f3 que tras la consolidaci\u00f3n del Sistema Integrado de Transporte de Le\u00f3n (SIT) es necesario [&hellip;]\" \/>\n<meta property=\"og:url\" content=\"https:\/\/kuali.com.mx\/web\/2025\/09\/23\/tendra-leon-metro-elevado-anuncia-alejandra\/\" \/>\n<meta property=\"og:site_name\" content=\"Kuali\" \/>\n<meta property=\"article:publisher\" content=\"https:\/\/kuali.com.mx\/web\/wp-content\/uploads\/2018\/04\/cropped-kuali_logo-1-1.png\" \/>\n<meta property=\"article:published_time\" content=\"2025-09-24T05:12:50+00:00\" \/>\n<meta property=\"article:modified_time\" content=\"2025-09-24T05:12:53+00:00\" \/>\n<meta property=\"og:image\" content=\"https:\/\/kuali.com.mx\/web\/wp-content\/uploads\/2025\/09\/Alejandra-informe-2.jpg\" \/>\n\t<meta property=\"og:image:width\" content=\"1728\" \/>\n\t<meta property=\"og:image:height\" content=\"750\" \/>\n\t<meta property=\"og:image:type\" content=\"image\/jpeg\" \/>\n<meta name=\"author\" content=\"Kuali Staff\" \/>\n<meta name=\"twitter:card\" content=\"summary_large_image\" \/>\n<meta name=\"twitter:creator\" content=\"@kuali_noticias\" \/>\n<meta name=\"twitter:site\" content=\"@kuali_noticias\" \/>\n<meta name=\"twitter:label1\" content=\"Escrito por\" \/>\n\t<meta name=\"twitter:data1\" content=\"Kuali Staff\" \/>\n\t<meta name=\"twitter:label2\" content=\"Tiempo de lectura\" \/>\n\t<meta name=\"twitter:data2\" content=\"2 minutos\" \/>\n<script type=\"application\/ld+json\" class=\"yoast-schema-graph\">{\"@context\":\"https:\\\/\\\/schema.org\",\"@graph\":[{\"@type\":\"Article\",\"@id\":\"https:\\\/\\\/kuali.com.mx\\\/web\\\/2025\\\/09\\\/23\\\/tendra-leon-metro-elevado-anuncia-alejandra\\\/#article\",\"isPartOf\":{\"@id\":\"https:\\\/\\\/kuali.com.mx\\\/web\\\/2025\\\/09\\\/23\\\/tendra-leon-metro-elevado-anuncia-alejandra\\\/\"},\"author\":{\"name\":\"Kuali Staff\",\"@id\":\"https:\\\/\\\/kuali.com.mx\\\/web\\\/#\\\/schema\\\/person\\\/6f89ffa8ecba9dae50662357923c5289\"},\"headline\":\"TENDR\u00c1 LE\u00d3N METRO ELEVADO, ANUNCIA ALEJANDRA\",\"datePublished\":\"2025-09-24T05:12:50+00:00\",\"dateModified\":\"2025-09-24T05:12:53+00:00\",\"mainEntityOfPage\":{\"@id\":\"https:\\\/\\\/kuali.com.mx\\\/web\\\/2025\\\/09\\\/23\\\/tendra-leon-metro-elevado-anuncia-alejandra\\\/\"},\"wordCount\":341,\"commentCount\":0,\"image\":{\"@id\":\"https:\\\/\\\/kuali.com.mx\\\/web\\\/2025\\\/09\\\/23\\\/tendra-leon-metro-elevado-anuncia-alejandra\\\/#primaryimage\"},\"thumbnailUrl\":\"https:\\\/\\\/kuali.com.mx\\\/web\\\/wp-content\\\/uploads\\\/2025\\\/09\\\/Alejandra-informe-2.jpg\",\"articleSection\":[\"Pol\u00edtica\",\"slider\"],\"inLanguage\":\"es\",\"potentialAction\":[{\"@type\":\"CommentAction\",\"name\":\"Comment\",\"target\":[\"https:\\\/\\\/kuali.com.mx\\\/web\\\/2025\\\/09\\\/23\\\/tendra-leon-metro-elevado-anuncia-alejandra\\\/#respond\"]}]},{\"@type\":\"WebPage\",\"@id\":\"https:\\\/\\\/kuali.com.mx\\\/web\\\/2025\\\/09\\\/23\\\/tendra-leon-metro-elevado-anuncia-alejandra\\\/\",\"url\":\"https:\\\/\\\/kuali.com.mx\\\/web\\\/2025\\\/09\\\/23\\\/tendra-leon-metro-elevado-anuncia-alejandra\\\/\",\"name\":\"TENDR\u00c1 LE\u00d3N METRO ELEVADO, ANUNCIA ALEJANDRA - Kuali\",\"isPartOf\":{\"@id\":\"https:\\\/\\\/kuali.com.mx\\\/web\\\/#website\"},\"primaryImageOfPage\":{\"@id\":\"https:\\\/\\\/kuali.com.mx\\\/web\\\/2025\\\/09\\\/23\\\/tendra-leon-metro-elevado-anuncia-alejandra\\\/#primaryimage\"},\"image\":{\"@id\":\"https:\\\/\\\/kuali.com.mx\\\/web\\\/2025\\\/09\\\/23\\\/tendra-leon-metro-elevado-anuncia-alejandra\\\/#primaryimage\"},\"thumbnailUrl\":\"https:\\\/\\\/kuali.com.mx\\\/web\\\/wp-content\\\/uploads\\\/2025\\\/09\\\/Alejandra-informe-2.jpg\",\"datePublished\":\"2025-09-24T05:12:50+00:00\",\"dateModified\":\"2025-09-24T05:12:53+00:00\",\"author\":{\"@id\":\"https:\\\/\\\/kuali.com.mx\\\/web\\\/#\\\/schema\\\/person\\\/6f89ffa8ecba9dae50662357923c5289\"},\"breadcrumb\":{\"@id\":\"https:\\\/\\\/kuali.com.mx\\\/web\\\/2025\\\/09\\\/23\\\/tendra-leon-metro-elevado-anuncia-alejandra\\\/#breadcrumb\"},\"inLanguage\":\"es\",\"potentialAction\":[{\"@type\":\"ReadAction\",\"target\":[\"https:\\\/\\\/kuali.com.mx\\\/web\\\/2025\\\/09\\\/23\\\/tendra-leon-metro-elevado-anuncia-alejandra\\\/\"]}]},{\"@type\":\"ImageObject\",\"inLanguage\":\"es\",\"@id\":\"https:\\\/\\\/kuali.com.mx\\\/web\\\/2025\\\/09\\\/23\\\/tendra-leon-metro-elevado-anuncia-alejandra\\\/#primaryimage\",\"url\":\"https:\\\/\\\/kuali.com.mx\\\/web\\\/wp-content\\\/uploads\\\/2025\\\/09\\\/Alejandra-informe-2.jpg\",\"contentUrl\":\"https:\\\/\\\/kuali.com.mx\\\/web\\\/wp-content\\\/uploads\\\/2025\\\/09\\\/Alejandra-informe-2.jpg\",\"width\":1728,\"height\":750},{\"@type\":\"BreadcrumbList\",\"@id\":\"https:\\\/\\\/kuali.com.mx\\\/web\\\/2025\\\/09\\\/23\\\/tendra-leon-metro-elevado-anuncia-alejandra\\\/#breadcrumb\",\"itemListElement\":[{\"@type\":\"ListItem\",\"position\":1,\"name\":\"Inicio\",\"item\":\"https:\\\/\\\/kuali.com.mx\\\/web\\\/\"},{\"@type\":\"ListItem\",\"position\":2,\"name\":\"TENDR\u00c1 LE\u00d3N METRO ELEVADO, ANUNCIA ALEJANDRA\"}]},{\"@type\":\"WebSite\",\"@id\":\"https:\\\/\\\/kuali.com.mx\\\/web\\\/#website\",\"url\":\"https:\\\/\\\/kuali.com.mx\\\/web\\\/\",\"name\":\"Kuali\",\"description\":\"\",\"potentialAction\":[{\"@type\":\"SearchAction\",\"target\":{\"@type\":\"EntryPoint\",\"urlTemplate\":\"https:\\\/\\\/kuali.com.mx\\\/web\\\/?s={search_term_string}\"},\"query-input\":{\"@type\":\"PropertyValueSpecification\",\"valueRequired\":true,\"valueName\":\"search_term_string\"}}],\"inLanguage\":\"es\"},{\"@type\":\"Person\",\"@id\":\"https:\\\/\\\/kuali.com.mx\\\/web\\\/#\\\/schema\\\/person\\\/6f89ffa8ecba9dae50662357923c5289\",\"name\":\"Kuali Staff\",\"image\":{\"@type\":\"ImageObject\",\"inLanguage\":\"es\",\"@id\":\"https:\\\/\\\/secure.gravatar.com\\\/avatar\\\/f917ad82e5ab71227a733c78b6e60715476f69ee6be59feee4eb5d9920c89e0f?s=96&d=mm&r=g\",\"url\":\"https:\\\/\\\/secure.gravatar.com\\\/avatar\\\/f917ad82e5ab71227a733c78b6e60715476f69ee6be59feee4eb5d9920c89e0f?s=96&d=mm&r=g\",\"contentUrl\":\"https:\\\/\\\/secure.gravatar.com\\\/avatar\\\/f917ad82e5ab71227a733c78b6e60715476f69ee6be59feee4eb5d9920c89e0f?s=96&d=mm&r=g\",\"caption\":\"Kuali Staff\"},\"url\":\"https:\\\/\\\/kuali.com.mx\\\/web\\\/author\\\/lagarto\\\/\"}]}<\/script>\n<!-- \/ Yoast SEO plugin. -->","yoast_head_json":{"title":"TENDR\u00c1 LE\u00d3N METRO ELEVADO, ANUNCIA ALEJANDRA - Kuali","robots":{"index":"index","follow":"follow","max-snippet":"max-snippet:-1","max-image-preview":"max-image-preview:large","max-video-preview":"max-video-preview:-1"},"canonical":"https:\/\/kuali.com.mx\/web\/2025\/09\/23\/tendra-leon-metro-elevado-anuncia-alejandra\/","og_locale":"es_MX","og_type":"article","og_title":"TENDR\u00c1 LE\u00d3N METRO ELEVADO, ANUNCIA ALEJANDRA - Kuali","og_description":"Milagros Tadeo\/Le\u00f3n, Gto.-\u00a0Durante la presentaci\u00f3n de su informe social, la alcaldesa Alejandra Guti\u00e9rrez Campos, anunci\u00f3 el arranque del \u201cMetro elevado Le\u00f3n 450\u201d dado el incremento en la demanda de servicios de movilidad en la tercera ciudad m\u00e1s grande del pa\u00eds. Se\u00f1al\u00f3 que tras la consolidaci\u00f3n del Sistema Integrado de Transporte de Le\u00f3n (SIT) es necesario [&hellip;]","og_url":"https:\/\/kuali.com.mx\/web\/2025\/09\/23\/tendra-leon-metro-elevado-anuncia-alejandra\/","og_site_name":"Kuali","article_publisher":"https:\/\/kuali.com.mx\/web\/wp-content\/uploads\/2018\/04\/cropped-kuali_logo-1-1.png","article_published_time":"2025-09-24T05:12:50+00:00","article_modified_time":"2025-09-24T05:12:53+00:00","og_image":[{"width":1728,"height":750,"url":"https:\/\/kuali.com.mx\/web\/wp-content\/uploads\/2025\/09\/Alejandra-informe-2.jpg","type":"image\/jpeg"}],"author":"Kuali Staff","twitter_card":"summary_large_image","twitter_creator":"@kuali_noticias","twitter_site":"@kuali_noticias","twitter_misc":{"Escrito por":"Kuali Staff","Tiempo de lectura":"2 minutos"},"schema":{"@context":"https:\/\/schema.org","@graph":[{"@type":"Article","@id":"https:\/\/kuali.com.mx\/web\/2025\/09\/23\/tendra-leon-metro-elevado-anuncia-alejandra\/#article","isPartOf":{"@id":"https:\/\/kuali.com.mx\/web\/2025\/09\/23\/tendra-leon-metro-elevado-anuncia-alejandra\/"},"author":{"name":"Kuali Staff","@id":"https:\/\/kuali.com.mx\/web\/#\/schema\/person\/6f89ffa8ecba9dae50662357923c5289"},"headline":"TENDR\u00c1 LE\u00d3N METRO ELEVADO, ANUNCIA ALEJANDRA","datePublished":"2025-09-24T05:12:50+00:00","dateModified":"2025-09-24T05:12:53+00:00","mainEntityOfPage":{"@id":"https:\/\/kuali.com.mx\/web\/2025\/09\/23\/tendra-leon-metro-elevado-anuncia-alejandra\/"},"wordCount":341,"commentCount":0,"image":{"@id":"https:\/\/kuali.com.mx\/web\/2025\/09\/23\/tendra-leon-metro-elevado-anuncia-alejandra\/#primaryimage"},"thumbnailUrl":"https:\/\/kuali.com.mx\/web\/wp-content\/uploads\/2025\/09\/Alejandra-informe-2.jpg","articleSection":["Pol\u00edtica","slider"],"inLanguage":"es","potentialAction":[{"@type":"CommentAction","name":"Comment","target":["https:\/\/kuali.com.mx\/web\/2025\/09\/23\/tendra-leon-metro-elevado-anuncia-alejandra\/#respond"]}]},{"@type":"WebPage","@id":"https:\/\/kuali.com.mx\/web\/2025\/09\/23\/tendra-leon-metro-elevado-anuncia-alejandra\/","url":"https:\/\/kuali.com.mx\/web\/2025\/09\/23\/tendra-leon-metro-elevado-anuncia-alejandra\/","name":"TENDR\u00c1 LE\u00d3N METRO ELEVADO, ANUNCIA ALEJANDRA - Kuali","isPartOf":{"@id":"https:\/\/kuali.com.mx\/web\/#website"},"primaryImageOfPage":{"@id":"https:\/\/kuali.com.mx\/web\/2025\/09\/23\/tendra-leon-metro-elevado-anuncia-alejandra\/#primaryimage"},"image":{"@id":"https:\/\/kuali.com.mx\/web\/2025\/09\/23\/tendra-leon-metro-elevado-anuncia-alejandra\/#primaryimage"},"thumbnailUrl":"https:\/\/kuali.com.mx\/web\/wp-content\/uploads\/2025\/09\/Alejandra-informe-2.jpg","datePublished":"2025-09-24T05:12:50+00:00","dateModified":"2025-09-24T05:12:53+00:00","author":{"@id":"https:\/\/kuali.com.mx\/web\/#\/schema\/person\/6f89ffa8ecba9dae50662357923c5289"},"breadcrumb":{"@id":"https:\/\/kuali.com.mx\/web\/2025\/09\/23\/tendra-leon-metro-elevado-anuncia-alejandra\/#breadcrumb"},"inLanguage":"es","potentialAction":[{"@type":"ReadAction","target":["https:\/\/kuali.com.mx\/web\/2025\/09\/23\/tendra-leon-metro-elevado-anuncia-alejandra\/"]}]},{"@type":"ImageObject","inLanguage":"es","@id":"https:\/\/kuali.com.mx\/web\/2025\/09\/23\/tendra-leon-metro-elevado-anuncia-alejandra\/#primaryimage","url":"https:\/\/kuali.com.mx\/web\/wp-content\/uploads\/2025\/09\/Alejandra-informe-2.jpg","contentUrl":"https:\/\/kuali.com.mx\/web\/wp-content\/uploads\/2025\/09\/Alejandra-informe-2.jpg","width":1728,"height":750},{"@type":"BreadcrumbList","@id":"https:\/\/kuali.com.mx\/web\/2025\/09\/23\/tendra-leon-metro-elevado-anuncia-alejandra\/#breadcrumb","itemListElement":[{"@type":"ListItem","position":1,"name":"Inicio","item":"https:\/\/kuali.com.mx\/web\/"},{"@type":"ListItem","position":2,"name":"TENDR\u00c1 LE\u00d3N METRO ELEVADO, ANUNCIA ALEJANDRA"}]},{"@type":"WebSite","@id":"https:\/\/kuali.com.mx\/web\/#website","url":"https:\/\/kuali.com.mx\/web\/","name":"Kuali","description":"","potentialAction":[{"@type":"SearchAction","target":{"@type":"EntryPoint","urlTemplate":"https:\/\/kuali.com.mx\/web\/?s={search_term_string}"},"query-input":{"@type":"PropertyValueSpecification","valueRequired":true,"valueName":"search_term_string"}}],"inLanguage":"es"},{"@type":"Person","@id":"https:\/\/kuali.com.mx\/web\/#\/schema\/person\/6f89ffa8ecba9dae50662357923c5289","name":"Kuali Staff","image":{"@type":"ImageObject","inLanguage":"es","@id":"https:\/\/secure.gravatar.com\/avatar\/f917ad82e5ab71227a733c78b6e60715476f69ee6be59feee4eb5d9920c89e0f?s=96&d=mm&r=g","url":"https:\/\/secure.gravatar.com\/avatar\/f917ad82e5ab71227a733c78b6e60715476f69ee6be59feee4eb5d9920c89e0f?s=96&d=mm&r=g","contentUrl":"https:\/\/secure.gravatar.com\/avatar\/f917ad82e5ab71227a733c78b6e60715476f69ee6be59feee4eb5d9920c89e0f?s=96&d=mm&r=g","caption":"Kuali Staff"},"url":"https:\/\/kuali.com.mx\/web\/author\/lagarto\/"}]}},"_links":{"self":[{"href":"https:\/\/kuali.com.mx\/web\/wp-json\/wp\/v2\/posts\/185898","targetHints":{"allow":["GET"]}}],"collection":[{"href":"https:\/\/kuali.com.mx\/web\/wp-json\/wp\/v2\/posts"}],"about":[{"href":"https:\/\/kuali.com.mx\/web\/wp-json\/wp\/v2\/types\/post"}],"author":[{"embeddable":true,"href":"https:\/\/kuali.com.mx\/web\/wp-json\/wp\/v2\/users\/2"}],"replies":[{"embeddable":true,"href":"https:\/\/kuali.com.mx\/web\/wp-json\/wp\/v2\/comments?post=185898"}],"version-history":[{"count":1,"href":"https:\/\/kuali.com.mx\/web\/wp-json\/wp\/v2\/posts\/185898\/revisions"}],"predecessor-version":[{"id":185902,"href":"https:\/\/kuali.com.mx\/web\/wp-json\/wp\/v2\/posts\/185898\/revisions\/185902"}],"wp:featuredmedia":[{"embeddable":true,"href":"https:\/\/kuali.com.mx\/web\/wp-json\/wp\/v2\/media\/185901"}],"wp:attachment":[{"href":"https:\/\/kuali.com.mx\/web\/wp-json\/wp\/v2\/media?parent=185898"}],"wp:term":[{"taxonomy":"category","embeddable":true,"href":"https:\/\/kuali.com.mx\/web\/wp-json\/wp\/v2\/categories?post=185898"},{"taxonomy":"post_tag","embeddable":true,"href":"https:\/\/kuali.com.mx\/web\/wp-json\/wp\/v2\/tags?post=185898"}],"curies":[{"name":"wp","href":"https:\/\/api.w.org\/{rel}","templated":true}]}}