{"id":185884,"date":"2025-09-23T19:50:47","date_gmt":"2025-09-24T01:50:47","guid":{"rendered":"https:\/\/kuali.com.mx\/web\/?p=185884"},"modified":"2025-09-23T19:52:37","modified_gmt":"2025-09-24T01:52:37","slug":"denuncian-aumento-de-acoso-laboral-en-parque-metropolitano","status":"publish","type":"post","link":"https:\/\/kuali.com.mx\/web\/2025\/09\/23\/denuncian-aumento-de-acoso-laboral-en-parque-metropolitano\/","title":{"rendered":"AUMENTA ACOSO LABORAL EN PARQUE METROPOLITANO: TRABAJADORES"},"content":{"rendered":"\n<p><strong>Alicia Arias\/Le\u00f3n, Gto.-<\/strong> Trabajadores del Parque Metropolitano de Le\u00f3n (PML) se quejan de que se ha incrementado el acoso laboral en su contra. \u201cEl ambiente se ha vuelto inhumano, intimidatorio, vigilado, se\u00f1alado... y, tristemente, hostigado\u201d.<\/p>\n\n\n\n<p>En el mes de agosto pasado sali\u00f3 a la luz p\u00fablica la existencia de 17 quejas por acoso y hostigamiento laboral por parte de la directora del parque, Luz Margarita Alba Contreras, esposa del regidor panista, Hildeberto Moreno Faba.<\/p>\n\n\n\n<p>Desde entonces, el ambiente laboral ha empeorado, y este martes un grupo de trabajadores del parque municipal acudieron, desde el anonimato, a los medios de comunicaci\u00f3n para relatar lo que est\u00e1n viviendo.<\/p>\n\n\n\n<p>En un documento describen la situaci\u00f3n que viven como empleados del Gobierno Municipal de Le\u00f3n y se resume en un trato indignante a inhumano.<\/p>\n\n\n\n<figure class=\"wp-block-embed is-type-wp-embed is-provider-kuali wp-block-embed-kuali\"><div class=\"wp-block-embed__wrapper\">\n<blockquote class=\"wp-embedded-content\" data-secret=\"cYB8XkmGtC\"><a href=\"https:\/\/kuali.com.mx\/web\/2025\/08\/14\/exigen-investigar-acoso-laboral-de-la-directora-del-metropolitano\/\">EXIGEN INVESTIGAR ACOSO LABORAL DE LA DIRECTORA DEL METROPOLITANO<\/a><\/blockquote><iframe loading=\"lazy\" class=\"wp-embedded-content\" sandbox=\"allow-scripts\" security=\"restricted\" style=\"position: absolute; visibility: hidden;\" title=\"&#8220;EXIGEN INVESTIGAR ACOSO LABORAL DE LA DIRECTORA DEL METROPOLITANO&#8221; &#8212; Kuali\" src=\"https:\/\/kuali.com.mx\/web\/2025\/08\/14\/exigen-investigar-acoso-laboral-de-la-directora-del-metropolitano\/embed\/#?secret=rw0s9PK8vj#?secret=cYB8XkmGtC\" data-secret=\"cYB8XkmGtC\" width=\"600\" height=\"338\" frameborder=\"0\" marginwidth=\"0\" marginheight=\"0\" scrolling=\"no\"><\/iframe>\n<\/div><\/figure>\n\n\n\n<p>\u201cHablamos desde la necesidad humana de ser escuchados, respetados y valorados como personas y como trabajadores con experiencia, cada una y cada uno en su ramo. Estamos decepcionados, entendemos por las burlas, el sarcasmo, la libertad con la que se pasean los acosadores dentro del parque, que los procesos institucionales que hemos estado \u201cesperando\u201d, no llegar\u00e1n a ning\u00fan lado, as\u00ed como aun al esperar el resultado de manera institucional como lo hemos venido haciendo, no hay una iniciativa de la direcci\u00f3n, la administraci\u00f3n, el consejo de nuestro parque por resolver desde la voluntad, la iniciativa, la intenci\u00f3n. Esperarse en el hostigamiento y el acoso a \u201clos resultados administrativos\u201d, es una respuesta firme de NO querer solucionar\u201d, se\u00f1alan en su escrito.<\/p>\n\n\n\n<p>E quejan de que \u201cde un tiempo para ac\u00e1\u201d viven un \u201cambiente laboral hostil, con nepotismo, favoritismos\u201d porque el ambiente y el trato \u201cse ha vuelto inhumano, intimidatorio, vigilado, se\u00f1alado... y, tristemente, hostigado\u201d.<\/p>\n\n\n\n<p>Se\u00f1alan que han perdido la confianza, el respeto y los lazos, dejando de lado los organigramas y las estructuras porque las decisiones est\u00e1n polarizadas y no sostenidas desde el conocimiento; \u201cpero, sobre todo, se ha perdido la dignidad que merece cualquier persona trabajadora\u201d.<\/p>\n\n\n<div class=\"wp-block-image\">\n<figure class=\"aligncenter size-full is-resized\"><img loading=\"lazy\" decoding=\"async\" width=\"278\" height=\"275\" src=\"https:\/\/kuali.com.mx\/web\/wp-content\/uploads\/2025\/09\/image-15.png\" alt=\"\" class=\"wp-image-185888\" style=\"width:373px;height:auto\" srcset=\"https:\/\/kuali.com.mx\/web\/wp-content\/uploads\/2025\/09\/image-15.png 278w, https:\/\/kuali.com.mx\/web\/wp-content\/uploads\/2025\/09\/image-15-60x60.png 60w, https:\/\/kuali.com.mx\/web\/wp-content\/uploads\/2025\/09\/image-15-117x116.png 117w\" sizes=\"auto, (max-width: 278px) 100vw, 278px\" \/><\/figure>\n<\/div>\n\n\n<p>Advierten que el clima de tensi\u00f3n en el que viven, no solo afecta su bienestar emocional, sino que \u201cpone en riesgo la calidad del trabajo que entregamos a la ciudad\u201d.<\/p>\n\n\n\n<p>\u201cHoy, quienes m\u00e1s trabajan est\u00e1n siendo juzgados. Quienes est\u00e1n 24\/7 \u2014m\u00e1s all\u00e1 de lo que indique un contrato\u2014, con horas o sin horas, con pago o sin \u00e9l\u201d, se\u00f1alan.<\/p>\n\n\n\n<p>Los trabajadores afectados acusan que no hay posibilidades de mesas de di\u00e1logo, de actividades de integraci\u00f3n, ni de caminar tranquilos, saludar o simplemente comprar el desayuno porque \u201cla intimidaci\u00f3n est\u00e1 ah\u00ed: las fotos, los videos, los escoltas disfrazados de compa\u00f1eras y compa\u00f1eros... est\u00e1n. No podemos aspirar a postularnos por competencias ni habilidades. Las burlas diarias y risas y el sarcasmo imperan. Gente nueva llega, y llega, y llega... Y nosotros hemos perdido la esperanza de un parque mejor\u201d.<\/p>\n\n\n\n<p>\u201cCon esta carta queremos que nos vean, que nos escuchen, que nos sientan. No pedimos privilegios, beneficios ni reducci\u00f3n de actividad. Pedimos buen trato. Pedimos derechos humanos b\u00e1sicos: un entorno de trabajo sano, justo y humano.<\/p>\n\n\n\n<p>Y concluye con el siguiente texto:<\/p>\n\n\n\n<p>\"<strong>Nuestro compromiso sigue siendo el mismo: servir a nuestra ciudad desde nuestro coraz\u00f3n verde.<br>Solo pedimos que se nos permita hacerlo en paz.<br>Con respeto y esperanza<\/strong>\".<\/p>\n\n\n\n<p><strong>Las voces del parque<br>(Que podemos hablar por una mayor\u00eda, aunque se quiera convertir en minor\u00eda)\u201d.<\/strong><\/p>\n\n\n\n<p>En su intenci\u00f3n de ser escuchados y atendidos, los y las trabajadoras abrieron un canal en la red social <\/p>\n\n\n\n<p>TikTok con el nombre \"voces del parque\" donde dan cuenta de la situaci\u00f3n por la que atraviesan.<\/p>\n","protected":false},"excerpt":{"rendered":"Alicia Arias\/Le\u00f3n, Gto.- Trabajadores del Parque Metropolitano de Le\u00f3n (PML) se quejan de que se ha incrementado el acoso laboral en su contra. \u201cEl ambiente se ha vuelto inhumano, intimidatorio, vigilado, se\u00f1alado... y, tristemente, hostigado\u201d. En el mes de agosto pasado sali\u00f3 a la luz p\u00fablica la existencia de 17 quejas por acoso y hostigamiento [&hellip;]","protected":false},"author":2,"featured_media":185887,"comment_status":"open","ping_status":"open","sticky":false,"template":"","format":"standard","meta":{"_seopress_robots_primary_cat":"none","_seopress_titles_title":"","_seopress_titles_desc":"","_seopress_robots_index":"","_monsterinsights_skip_tracking":false,"_monsterinsights_sitenote_active":false,"_monsterinsights_sitenote_note":"","_monsterinsights_sitenote_category":0,"footnotes":""},"categories":[14,3],"tags":[5832,100,1689,10,5833,4054,240],"class_list":["post-185884","post","type-post","status-publish","format-standard","has-post-thumbnail","hentry","category-derechos","category-politica","tag-acoso-laboral","tag-derechos-humanos","tag-gobierno-de-leon","tag-leon","tag-luz-margarita-alba-contreras","tag-parque-metropolitano","tag-trabajadores"],"yoast_head":"<!-- This site is optimized with the Yoast SEO plugin v27.4 - https:\/\/yoast.com\/product\/yoast-seo-wordpress\/ -->\n<title>AUMENTA ACOSO LABORAL EN PARQUE METROPOLITANO: TRABAJADORES - Kuali<\/title>\n<meta name=\"robots\" content=\"index, follow, max-snippet:-1, max-image-preview:large, max-video-preview:-1\" \/>\n<link rel=\"canonical\" href=\"https:\/\/kuali.com.mx\/web\/2025\/09\/23\/denuncian-aumento-de-acoso-laboral-en-parque-metropolitano\/\" \/>\n<meta property=\"og:locale\" content=\"es_MX\" \/>\n<meta property=\"og:type\" content=\"article\" \/>\n<meta property=\"og:title\" content=\"AUMENTA ACOSO LABORAL EN PARQUE METROPOLITANO: TRABAJADORES - Kuali\" \/>\n<meta property=\"og:description\" content=\"Alicia Arias\/Le\u00f3n, Gto.- Trabajadores del Parque Metropolitano de Le\u00f3n (PML) se quejan de que se ha incrementado el acoso laboral en su contra. \u201cEl ambiente se ha vuelto inhumano, intimidatorio, vigilado, se\u00f1alado... y, tristemente, hostigado\u201d. En el mes de agosto pasado sali\u00f3 a la luz p\u00fablica la existencia de 17 quejas por acoso y hostigamiento [&hellip;]\" \/>\n<meta property=\"og:url\" content=\"https:\/\/kuali.com.mx\/web\/2025\/09\/23\/denuncian-aumento-de-acoso-laboral-en-parque-metropolitano\/\" \/>\n<meta property=\"og:site_name\" content=\"Kuali\" \/>\n<meta property=\"article:publisher\" content=\"https:\/\/kuali.com.mx\/web\/wp-content\/uploads\/2018\/04\/cropped-kuali_logo-1-1.png\" \/>\n<meta property=\"article:published_time\" content=\"2025-09-24T01:50:47+00:00\" \/>\n<meta property=\"article:modified_time\" content=\"2025-09-24T01:52:37+00:00\" \/>\n<meta property=\"og:image\" content=\"https:\/\/kuali.com.mx\/web\/wp-content\/uploads\/2025\/09\/Voces-del-Parque-Metropolitano.gif\" \/>\n\t<meta property=\"og:image:width\" content=\"1700\" \/>\n\t<meta property=\"og:image:height\" content=\"750\" \/>\n\t<meta property=\"og:image:type\" content=\"image\/gif\" \/>\n<meta name=\"author\" content=\"Kuali Staff\" \/>\n<meta name=\"twitter:card\" content=\"summary_large_image\" \/>\n<meta name=\"twitter:creator\" content=\"@kuali_noticias\" \/>\n<meta name=\"twitter:site\" content=\"@kuali_noticias\" \/>\n<meta name=\"twitter:label1\" content=\"Escrito por\" \/>\n\t<meta name=\"twitter:data1\" content=\"Kuali Staff\" \/>\n\t<meta name=\"twitter:label2\" content=\"Tiempo de lectura\" \/>\n\t<meta name=\"twitter:data2\" content=\"3 minutos\" \/>\n<script type=\"application\/ld+json\" class=\"yoast-schema-graph\">{\"@context\":\"https:\\\/\\\/schema.org\",\"@graph\":[{\"@type\":\"Article\",\"@id\":\"https:\\\/\\\/kuali.com.mx\\\/web\\\/2025\\\/09\\\/23\\\/denuncian-aumento-de-acoso-laboral-en-parque-metropolitano\\\/#article\",\"isPartOf\":{\"@id\":\"https:\\\/\\\/kuali.com.mx\\\/web\\\/2025\\\/09\\\/23\\\/denuncian-aumento-de-acoso-laboral-en-parque-metropolitano\\\/\"},\"author\":{\"name\":\"Kuali Staff\",\"@id\":\"https:\\\/\\\/kuali.com.mx\\\/web\\\/#\\\/schema\\\/person\\\/6f89ffa8ecba9dae50662357923c5289\"},\"headline\":\"AUMENTA ACOSO LABORAL EN PARQUE METROPOLITANO: TRABAJADORES\",\"datePublished\":\"2025-09-24T01:50:47+00:00\",\"dateModified\":\"2025-09-24T01:52:37+00:00\",\"mainEntityOfPage\":{\"@id\":\"https:\\\/\\\/kuali.com.mx\\\/web\\\/2025\\\/09\\\/23\\\/denuncian-aumento-de-acoso-laboral-en-parque-metropolitano\\\/\"},\"wordCount\":633,\"commentCount\":0,\"image\":{\"@id\":\"https:\\\/\\\/kuali.com.mx\\\/web\\\/2025\\\/09\\\/23\\\/denuncian-aumento-de-acoso-laboral-en-parque-metropolitano\\\/#primaryimage\"},\"thumbnailUrl\":\"https:\\\/\\\/kuali.com.mx\\\/web\\\/wp-content\\\/uploads\\\/2025\\\/09\\\/Voces-del-Parque-Metropolitano.gif\",\"keywords\":[\"Acoso laboral\",\"Derechos Humanos\",\"Gobierno de Le\u00f3n\",\"Le\u00f3n\",\"Luz Margarita Alba Contreras\",\"Parque Metropolitano\",\"Trabajadores\"],\"articleSection\":[\"Derechos Humanos\",\"Pol\u00edtica\"],\"inLanguage\":\"es\",\"potentialAction\":[{\"@type\":\"CommentAction\",\"name\":\"Comment\",\"target\":[\"https:\\\/\\\/kuali.com.mx\\\/web\\\/2025\\\/09\\\/23\\\/denuncian-aumento-de-acoso-laboral-en-parque-metropolitano\\\/#respond\"]}]},{\"@type\":\"WebPage\",\"@id\":\"https:\\\/\\\/kuali.com.mx\\\/web\\\/2025\\\/09\\\/23\\\/denuncian-aumento-de-acoso-laboral-en-parque-metropolitano\\\/\",\"url\":\"https:\\\/\\\/kuali.com.mx\\\/web\\\/2025\\\/09\\\/23\\\/denuncian-aumento-de-acoso-laboral-en-parque-metropolitano\\\/\",\"name\":\"AUMENTA ACOSO LABORAL EN PARQUE METROPOLITANO: TRABAJADORES - Kuali\",\"isPartOf\":{\"@id\":\"https:\\\/\\\/kuali.com.mx\\\/web\\\/#website\"},\"primaryImageOfPage\":{\"@id\":\"https:\\\/\\\/kuali.com.mx\\\/web\\\/2025\\\/09\\\/23\\\/denuncian-aumento-de-acoso-laboral-en-parque-metropolitano\\\/#primaryimage\"},\"image\":{\"@id\":\"https:\\\/\\\/kuali.com.mx\\\/web\\\/2025\\\/09\\\/23\\\/denuncian-aumento-de-acoso-laboral-en-parque-metropolitano\\\/#primaryimage\"},\"thumbnailUrl\":\"https:\\\/\\\/kuali.com.mx\\\/web\\\/wp-content\\\/uploads\\\/2025\\\/09\\\/Voces-del-Parque-Metropolitano.gif\",\"datePublished\":\"2025-09-24T01:50:47+00:00\",\"dateModified\":\"2025-09-24T01:52:37+00:00\",\"author\":{\"@id\":\"https:\\\/\\\/kuali.com.mx\\\/web\\\/#\\\/schema\\\/person\\\/6f89ffa8ecba9dae50662357923c5289\"},\"breadcrumb\":{\"@id\":\"https:\\\/\\\/kuali.com.mx\\\/web\\\/2025\\\/09\\\/23\\\/denuncian-aumento-de-acoso-laboral-en-parque-metropolitano\\\/#breadcrumb\"},\"inLanguage\":\"es\",\"potentialAction\":[{\"@type\":\"ReadAction\",\"target\":[\"https:\\\/\\\/kuali.com.mx\\\/web\\\/2025\\\/09\\\/23\\\/denuncian-aumento-de-acoso-laboral-en-parque-metropolitano\\\/\"]}]},{\"@type\":\"ImageObject\",\"inLanguage\":\"es\",\"@id\":\"https:\\\/\\\/kuali.com.mx\\\/web\\\/2025\\\/09\\\/23\\\/denuncian-aumento-de-acoso-laboral-en-parque-metropolitano\\\/#primaryimage\",\"url\":\"https:\\\/\\\/kuali.com.mx\\\/web\\\/wp-content\\\/uploads\\\/2025\\\/09\\\/Voces-del-Parque-Metropolitano.gif\",\"contentUrl\":\"https:\\\/\\\/kuali.com.mx\\\/web\\\/wp-content\\\/uploads\\\/2025\\\/09\\\/Voces-del-Parque-Metropolitano.gif\",\"width\":1700,\"height\":750},{\"@type\":\"BreadcrumbList\",\"@id\":\"https:\\\/\\\/kuali.com.mx\\\/web\\\/2025\\\/09\\\/23\\\/denuncian-aumento-de-acoso-laboral-en-parque-metropolitano\\\/#breadcrumb\",\"itemListElement\":[{\"@type\":\"ListItem\",\"position\":1,\"name\":\"Inicio\",\"item\":\"https:\\\/\\\/kuali.com.mx\\\/web\\\/\"},{\"@type\":\"ListItem\",\"position\":2,\"name\":\"AUMENTA ACOSO LABORAL EN PARQUE METROPOLITANO: TRABAJADORES\"}]},{\"@type\":\"WebSite\",\"@id\":\"https:\\\/\\\/kuali.com.mx\\\/web\\\/#website\",\"url\":\"https:\\\/\\\/kuali.com.mx\\\/web\\\/\",\"name\":\"Kuali\",\"description\":\"\",\"potentialAction\":[{\"@type\":\"SearchAction\",\"target\":{\"@type\":\"EntryPoint\",\"urlTemplate\":\"https:\\\/\\\/kuali.com.mx\\\/web\\\/?s={search_term_string}\"},\"query-input\":{\"@type\":\"PropertyValueSpecification\",\"valueRequired\":true,\"valueName\":\"search_term_string\"}}],\"inLanguage\":\"es\"},{\"@type\":\"Person\",\"@id\":\"https:\\\/\\\/kuali.com.mx\\\/web\\\/#\\\/schema\\\/person\\\/6f89ffa8ecba9dae50662357923c5289\",\"name\":\"Kuali Staff\",\"image\":{\"@type\":\"ImageObject\",\"inLanguage\":\"es\",\"@id\":\"https:\\\/\\\/secure.gravatar.com\\\/avatar\\\/f917ad82e5ab71227a733c78b6e60715476f69ee6be59feee4eb5d9920c89e0f?s=96&d=mm&r=g\",\"url\":\"https:\\\/\\\/secure.gravatar.com\\\/avatar\\\/f917ad82e5ab71227a733c78b6e60715476f69ee6be59feee4eb5d9920c89e0f?s=96&d=mm&r=g\",\"contentUrl\":\"https:\\\/\\\/secure.gravatar.com\\\/avatar\\\/f917ad82e5ab71227a733c78b6e60715476f69ee6be59feee4eb5d9920c89e0f?s=96&d=mm&r=g\",\"caption\":\"Kuali Staff\"},\"url\":\"https:\\\/\\\/kuali.com.mx\\\/web\\\/author\\\/lagarto\\\/\"}]}<\/script>\n<!-- \/ Yoast SEO plugin. -->","yoast_head_json":{"title":"AUMENTA ACOSO LABORAL EN PARQUE METROPOLITANO: TRABAJADORES - Kuali","robots":{"index":"index","follow":"follow","max-snippet":"max-snippet:-1","max-image-preview":"max-image-preview:large","max-video-preview":"max-video-preview:-1"},"canonical":"https:\/\/kuali.com.mx\/web\/2025\/09\/23\/denuncian-aumento-de-acoso-laboral-en-parque-metropolitano\/","og_locale":"es_MX","og_type":"article","og_title":"AUMENTA ACOSO LABORAL EN PARQUE METROPOLITANO: TRABAJADORES - Kuali","og_description":"Alicia Arias\/Le\u00f3n, Gto.- Trabajadores del Parque Metropolitano de Le\u00f3n (PML) se quejan de que se ha incrementado el acoso laboral en su contra. \u201cEl ambiente se ha vuelto inhumano, intimidatorio, vigilado, se\u00f1alado... y, tristemente, hostigado\u201d. En el mes de agosto pasado sali\u00f3 a la luz p\u00fablica la existencia de 17 quejas por acoso y hostigamiento [&hellip;]","og_url":"https:\/\/kuali.com.mx\/web\/2025\/09\/23\/denuncian-aumento-de-acoso-laboral-en-parque-metropolitano\/","og_site_name":"Kuali","article_publisher":"https:\/\/kuali.com.mx\/web\/wp-content\/uploads\/2018\/04\/cropped-kuali_logo-1-1.png","article_published_time":"2025-09-24T01:50:47+00:00","article_modified_time":"2025-09-24T01:52:37+00:00","og_image":[{"width":1700,"height":750,"url":"https:\/\/kuali.com.mx\/web\/wp-content\/uploads\/2025\/09\/Voces-del-Parque-Metropolitano.gif","type":"image\/gif"}],"author":"Kuali Staff","twitter_card":"summary_large_image","twitter_creator":"@kuali_noticias","twitter_site":"@kuali_noticias","twitter_misc":{"Escrito por":"Kuali Staff","Tiempo de lectura":"3 minutos"},"schema":{"@context":"https:\/\/schema.org","@graph":[{"@type":"Article","@id":"https:\/\/kuali.com.mx\/web\/2025\/09\/23\/denuncian-aumento-de-acoso-laboral-en-parque-metropolitano\/#article","isPartOf":{"@id":"https:\/\/kuali.com.mx\/web\/2025\/09\/23\/denuncian-aumento-de-acoso-laboral-en-parque-metropolitano\/"},"author":{"name":"Kuali Staff","@id":"https:\/\/kuali.com.mx\/web\/#\/schema\/person\/6f89ffa8ecba9dae50662357923c5289"},"headline":"AUMENTA ACOSO LABORAL EN PARQUE METROPOLITANO: TRABAJADORES","datePublished":"2025-09-24T01:50:47+00:00","dateModified":"2025-09-24T01:52:37+00:00","mainEntityOfPage":{"@id":"https:\/\/kuali.com.mx\/web\/2025\/09\/23\/denuncian-aumento-de-acoso-laboral-en-parque-metropolitano\/"},"wordCount":633,"commentCount":0,"image":{"@id":"https:\/\/kuali.com.mx\/web\/2025\/09\/23\/denuncian-aumento-de-acoso-laboral-en-parque-metropolitano\/#primaryimage"},"thumbnailUrl":"https:\/\/kuali.com.mx\/web\/wp-content\/uploads\/2025\/09\/Voces-del-Parque-Metropolitano.gif","keywords":["Acoso laboral","Derechos Humanos","Gobierno de Le\u00f3n","Le\u00f3n","Luz Margarita Alba Contreras","Parque Metropolitano","Trabajadores"],"articleSection":["Derechos Humanos","Pol\u00edtica"],"inLanguage":"es","potentialAction":[{"@type":"CommentAction","name":"Comment","target":["https:\/\/kuali.com.mx\/web\/2025\/09\/23\/denuncian-aumento-de-acoso-laboral-en-parque-metropolitano\/#respond"]}]},{"@type":"WebPage","@id":"https:\/\/kuali.com.mx\/web\/2025\/09\/23\/denuncian-aumento-de-acoso-laboral-en-parque-metropolitano\/","url":"https:\/\/kuali.com.mx\/web\/2025\/09\/23\/denuncian-aumento-de-acoso-laboral-en-parque-metropolitano\/","name":"AUMENTA ACOSO LABORAL EN PARQUE METROPOLITANO: TRABAJADORES - Kuali","isPartOf":{"@id":"https:\/\/kuali.com.mx\/web\/#website"},"primaryImageOfPage":{"@id":"https:\/\/kuali.com.mx\/web\/2025\/09\/23\/denuncian-aumento-de-acoso-laboral-en-parque-metropolitano\/#primaryimage"},"image":{"@id":"https:\/\/kuali.com.mx\/web\/2025\/09\/23\/denuncian-aumento-de-acoso-laboral-en-parque-metropolitano\/#primaryimage"},"thumbnailUrl":"https:\/\/kuali.com.mx\/web\/wp-content\/uploads\/2025\/09\/Voces-del-Parque-Metropolitano.gif","datePublished":"2025-09-24T01:50:47+00:00","dateModified":"2025-09-24T01:52:37+00:00","author":{"@id":"https:\/\/kuali.com.mx\/web\/#\/schema\/person\/6f89ffa8ecba9dae50662357923c5289"},"breadcrumb":{"@id":"https:\/\/kuali.com.mx\/web\/2025\/09\/23\/denuncian-aumento-de-acoso-laboral-en-parque-metropolitano\/#breadcrumb"},"inLanguage":"es","potentialAction":[{"@type":"ReadAction","target":["https:\/\/kuali.com.mx\/web\/2025\/09\/23\/denuncian-aumento-de-acoso-laboral-en-parque-metropolitano\/"]}]},{"@type":"ImageObject","inLanguage":"es","@id":"https:\/\/kuali.com.mx\/web\/2025\/09\/23\/denuncian-aumento-de-acoso-laboral-en-parque-metropolitano\/#primaryimage","url":"https:\/\/kuali.com.mx\/web\/wp-content\/uploads\/2025\/09\/Voces-del-Parque-Metropolitano.gif","contentUrl":"https:\/\/kuali.com.mx\/web\/wp-content\/uploads\/2025\/09\/Voces-del-Parque-Metropolitano.gif","width":1700,"height":750},{"@type":"BreadcrumbList","@id":"https:\/\/kuali.com.mx\/web\/2025\/09\/23\/denuncian-aumento-de-acoso-laboral-en-parque-metropolitano\/#breadcrumb","itemListElement":[{"@type":"ListItem","position":1,"name":"Inicio","item":"https:\/\/kuali.com.mx\/web\/"},{"@type":"ListItem","position":2,"name":"AUMENTA ACOSO LABORAL EN PARQUE METROPOLITANO: TRABAJADORES"}]},{"@type":"WebSite","@id":"https:\/\/kuali.com.mx\/web\/#website","url":"https:\/\/kuali.com.mx\/web\/","name":"Kuali","description":"","potentialAction":[{"@type":"SearchAction","target":{"@type":"EntryPoint","urlTemplate":"https:\/\/kuali.com.mx\/web\/?s={search_term_string}"},"query-input":{"@type":"PropertyValueSpecification","valueRequired":true,"valueName":"search_term_string"}}],"inLanguage":"es"},{"@type":"Person","@id":"https:\/\/kuali.com.mx\/web\/#\/schema\/person\/6f89ffa8ecba9dae50662357923c5289","name":"Kuali Staff","image":{"@type":"ImageObject","inLanguage":"es","@id":"https:\/\/secure.gravatar.com\/avatar\/f917ad82e5ab71227a733c78b6e60715476f69ee6be59feee4eb5d9920c89e0f?s=96&d=mm&r=g","url":"https:\/\/secure.gravatar.com\/avatar\/f917ad82e5ab71227a733c78b6e60715476f69ee6be59feee4eb5d9920c89e0f?s=96&d=mm&r=g","contentUrl":"https:\/\/secure.gravatar.com\/avatar\/f917ad82e5ab71227a733c78b6e60715476f69ee6be59feee4eb5d9920c89e0f?s=96&d=mm&r=g","caption":"Kuali Staff"},"url":"https:\/\/kuali.com.mx\/web\/author\/lagarto\/"}]}},"_links":{"self":[{"href":"https:\/\/kuali.com.mx\/web\/wp-json\/wp\/v2\/posts\/185884","targetHints":{"allow":["GET"]}}],"collection":[{"href":"https:\/\/kuali.com.mx\/web\/wp-json\/wp\/v2\/posts"}],"about":[{"href":"https:\/\/kuali.com.mx\/web\/wp-json\/wp\/v2\/types\/post"}],"author":[{"embeddable":true,"href":"https:\/\/kuali.com.mx\/web\/wp-json\/wp\/v2\/users\/2"}],"replies":[{"embeddable":true,"href":"https:\/\/kuali.com.mx\/web\/wp-json\/wp\/v2\/comments?post=185884"}],"version-history":[{"count":2,"href":"https:\/\/kuali.com.mx\/web\/wp-json\/wp\/v2\/posts\/185884\/revisions"}],"predecessor-version":[{"id":185890,"href":"https:\/\/kuali.com.mx\/web\/wp-json\/wp\/v2\/posts\/185884\/revisions\/185890"}],"wp:featuredmedia":[{"embeddable":true,"href":"https:\/\/kuali.com.mx\/web\/wp-json\/wp\/v2\/media\/185887"}],"wp:attachment":[{"href":"https:\/\/kuali.com.mx\/web\/wp-json\/wp\/v2\/media?parent=185884"}],"wp:term":[{"taxonomy":"category","embeddable":true,"href":"https:\/\/kuali.com.mx\/web\/wp-json\/wp\/v2\/categories?post=185884"},{"taxonomy":"post_tag","embeddable":true,"href":"https:\/\/kuali.com.mx\/web\/wp-json\/wp\/v2\/tags?post=185884"}],"curies":[{"name":"wp","href":"https:\/\/api.w.org\/{rel}","templated":true}]}}