{"id":184488,"date":"2025-09-04T16:40:46","date_gmt":"2025-09-04T22:40:46","guid":{"rendered":"https:\/\/kuali.com.mx\/web\/?p=184488"},"modified":"2025-09-04T16:40:48","modified_gmt":"2025-09-04T22:40:48","slug":"asaltaba-con-pistola-artesanal-y-fue-detenido","status":"publish","type":"post","link":"https:\/\/kuali.com.mx\/web\/2025\/09\/04\/asaltaba-con-pistola-artesanal-y-fue-detenido\/","title":{"rendered":"ASALTABA CON PISTOLA ARTESANAL Y FUE DETENIDO"},"content":{"rendered":"\n<p><strong>Kuali\/San Luis de la Paz, Gto.<\/strong>- Elementos de la Secretar\u00eda de Seguridad y Paz del Estado y de la Secretar\u00eda de Seguridad Ciudadana de San Luis de la Paz, detuvieron a un hombre que minutos antes particip\u00f3 en un robo con violencia en el municipio de Victoria.\u00a0\u00a0\u00a0<\/p>\n\n\n\n<p>El hecho fue reportado al Sistema de Emergencias 911 cuando reportaron el robo de una camioneta Toyota Tacoma color blanco, cometido presuntamente por tres hombres que se desplazaban en motocicleta. De acuerdo con la denuncia, los responsables huyeron por la carretera federal 110 Victoria\u2013San Luis de la Paz.\u00a0\u00a0\u00a0<\/p>\n\n\n\n<p>La camioneta fue ubicada en el kil\u00f3metro 005+100 y uno de los presuntos responsables baj\u00f3 de ella para huir pie a tierra, pero fue detenido por los oficiales.\u00a0\u00a0\u00a0<\/p>\n\n\n\n<p>La camioneta portaba placas del estado de Chihuahua y en su interior fue localizada un arma de fuego corta de fabricaci\u00f3n artesanal, calibre .380 mil\u00edmetros  con un cartucho \u00fatil.<\/p>\n\n\n\n<p>El detenido fue identificado como H\u00e9ctor \u201cN\u201d, de 40 a\u00f1os de edad, con domicilio en la colonia Panor\u00e1mica de San Luis de la Paz, quien qued\u00f3 a disposici\u00f3n de la Fiscal\u00eda General del Estado de Guanajuato (FGEG).\u00a0\u00a0\u00a0<\/p>\n\n\n<div class=\"wp-block-image\">\n<figure class=\"aligncenter size-large\"><img loading=\"lazy\" decoding=\"async\" width=\"1024\" height=\"421\" src=\"https:\/\/kuali.com.mx\/web\/wp-content\/uploads\/2025\/09\/Pistola-artesanal-1024x421.gif\" alt=\"\" class=\"wp-image-184497\" srcset=\"https:\/\/kuali.com.mx\/web\/wp-content\/uploads\/2025\/09\/Pistola-artesanal-1024x421.gif 1024w, https:\/\/kuali.com.mx\/web\/wp-content\/uploads\/2025\/09\/Pistola-artesanal-300x123.gif 300w, https:\/\/kuali.com.mx\/web\/wp-content\/uploads\/2025\/09\/Pistola-artesanal-768x316.gif 768w, https:\/\/kuali.com.mx\/web\/wp-content\/uploads\/2025\/09\/Pistola-artesanal-228x94.gif 228w\" sizes=\"auto, (max-width: 1024px) 100vw, 1024px\" \/><figcaption class=\"wp-element-caption\">Aunque se trate de un arma artesanal, su capacidad de causar da\u00f1o es similar a la de un arma convencional, por lo que constituye una amenaza seria para la seguridad p\u00fablica, inform\u00f3 en un comunicado de prensa la Secretar\u00eda de Seguridad y Paz.<\/figcaption><\/figure>\n<\/div>\n\n\n<p><\/p>\n","protected":false},"excerpt":{"rendered":"Kuali\/San Luis de la Paz, Gto.- Elementos de la Secretar\u00eda de Seguridad y Paz del Estado y de la Secretar\u00eda de Seguridad Ciudadana de San Luis de la Paz, detuvieron a un hombre que minutos antes particip\u00f3 en un robo con violencia en el municipio de Victoria.\u00a0\u00a0\u00a0 El hecho fue reportado al Sistema de Emergencias [&hellip;]","protected":false},"author":2,"featured_media":184496,"comment_status":"open","ping_status":"open","sticky":false,"template":"","format":"standard","meta":{"_seopress_robots_primary_cat":"none","_seopress_titles_title":"","_seopress_titles_desc":"","_seopress_robots_index":"","_monsterinsights_skip_tracking":false,"_monsterinsights_sitenote_active":false,"_monsterinsights_sitenote_note":"","_monsterinsights_sitenote_category":0,"footnotes":""},"categories":[3],"tags":[3144,5322,1032],"class_list":["post-184488","post","type-post","status-publish","format-standard","has-post-thumbnail","hentry","category-politica","tag-asaltos","tag-ladron","tag-robos"],"yoast_head":"<!-- This site is optimized with the Yoast SEO plugin v27.4 - https:\/\/yoast.com\/product\/yoast-seo-wordpress\/ -->\n<title>ASALTABA CON PISTOLA ARTESANAL Y FUE DETENIDO - Kuali<\/title>\n<meta name=\"robots\" content=\"index, follow, max-snippet:-1, max-image-preview:large, max-video-preview:-1\" \/>\n<link rel=\"canonical\" href=\"https:\/\/kuali.com.mx\/web\/2025\/09\/04\/asaltaba-con-pistola-artesanal-y-fue-detenido\/\" \/>\n<meta property=\"og:locale\" content=\"es_MX\" \/>\n<meta property=\"og:type\" content=\"article\" \/>\n<meta property=\"og:title\" content=\"ASALTABA CON PISTOLA ARTESANAL Y FUE DETENIDO - Kuali\" \/>\n<meta property=\"og:description\" content=\"Kuali\/San Luis de la Paz, Gto.- Elementos de la Secretar\u00eda de Seguridad y Paz del Estado y de la Secretar\u00eda de Seguridad Ciudadana de San Luis de la Paz, detuvieron a un hombre que minutos antes particip\u00f3 en un robo con violencia en el municipio de Victoria.\u00a0\u00a0\u00a0 El hecho fue reportado al Sistema de Emergencias [&hellip;]\" \/>\n<meta property=\"og:url\" content=\"https:\/\/kuali.com.mx\/web\/2025\/09\/04\/asaltaba-con-pistola-artesanal-y-fue-detenido\/\" \/>\n<meta property=\"og:site_name\" content=\"Kuali\" \/>\n<meta property=\"article:publisher\" content=\"https:\/\/kuali.com.mx\/web\/wp-content\/uploads\/2018\/04\/cropped-kuali_logo-1-1.png\" \/>\n<meta property=\"article:published_time\" content=\"2025-09-04T22:40:46+00:00\" \/>\n<meta property=\"article:modified_time\" content=\"2025-09-04T22:40:48+00:00\" \/>\n<meta property=\"og:image\" content=\"https:\/\/kuali.com.mx\/web\/wp-content\/uploads\/2025\/09\/Asaltante-San-Luis-Paz.gif\" \/>\n\t<meta property=\"og:image:width\" content=\"1811\" \/>\n\t<meta property=\"og:image:height\" content=\"750\" \/>\n\t<meta property=\"og:image:type\" content=\"image\/gif\" \/>\n<meta name=\"author\" content=\"Kuali Staff\" \/>\n<meta name=\"twitter:card\" content=\"summary_large_image\" \/>\n<meta name=\"twitter:creator\" content=\"@kuali_noticias\" \/>\n<meta name=\"twitter:site\" content=\"@kuali_noticias\" \/>\n<meta name=\"twitter:label1\" content=\"Escrito por\" \/>\n\t<meta name=\"twitter:data1\" content=\"Kuali Staff\" \/>\n\t<meta name=\"twitter:label2\" content=\"Tiempo de lectura\" \/>\n\t<meta name=\"twitter:data2\" content=\"1 minuto\" \/>\n<script type=\"application\/ld+json\" class=\"yoast-schema-graph\">{\"@context\":\"https:\\\/\\\/schema.org\",\"@graph\":[{\"@type\":\"Article\",\"@id\":\"https:\\\/\\\/kuali.com.mx\\\/web\\\/2025\\\/09\\\/04\\\/asaltaba-con-pistola-artesanal-y-fue-detenido\\\/#article\",\"isPartOf\":{\"@id\":\"https:\\\/\\\/kuali.com.mx\\\/web\\\/2025\\\/09\\\/04\\\/asaltaba-con-pistola-artesanal-y-fue-detenido\\\/\"},\"author\":{\"name\":\"Kuali Staff\",\"@id\":\"https:\\\/\\\/kuali.com.mx\\\/web\\\/#\\\/schema\\\/person\\\/6f89ffa8ecba9dae50662357923c5289\"},\"headline\":\"ASALTABA CON PISTOLA ARTESANAL Y FUE DETENIDO\",\"datePublished\":\"2025-09-04T22:40:46+00:00\",\"dateModified\":\"2025-09-04T22:40:48+00:00\",\"mainEntityOfPage\":{\"@id\":\"https:\\\/\\\/kuali.com.mx\\\/web\\\/2025\\\/09\\\/04\\\/asaltaba-con-pistola-artesanal-y-fue-detenido\\\/\"},\"wordCount\":250,\"commentCount\":0,\"image\":{\"@id\":\"https:\\\/\\\/kuali.com.mx\\\/web\\\/2025\\\/09\\\/04\\\/asaltaba-con-pistola-artesanal-y-fue-detenido\\\/#primaryimage\"},\"thumbnailUrl\":\"https:\\\/\\\/kuali.com.mx\\\/web\\\/wp-content\\\/uploads\\\/2025\\\/09\\\/Asaltante-San-Luis-Paz.gif\",\"keywords\":[\"Asaltos\",\"Ladr\u00f3n\",\"Robos\"],\"articleSection\":[\"Pol\u00edtica\"],\"inLanguage\":\"es\",\"potentialAction\":[{\"@type\":\"CommentAction\",\"name\":\"Comment\",\"target\":[\"https:\\\/\\\/kuali.com.mx\\\/web\\\/2025\\\/09\\\/04\\\/asaltaba-con-pistola-artesanal-y-fue-detenido\\\/#respond\"]}]},{\"@type\":\"WebPage\",\"@id\":\"https:\\\/\\\/kuali.com.mx\\\/web\\\/2025\\\/09\\\/04\\\/asaltaba-con-pistola-artesanal-y-fue-detenido\\\/\",\"url\":\"https:\\\/\\\/kuali.com.mx\\\/web\\\/2025\\\/09\\\/04\\\/asaltaba-con-pistola-artesanal-y-fue-detenido\\\/\",\"name\":\"ASALTABA CON PISTOLA ARTESANAL Y FUE DETENIDO - Kuali\",\"isPartOf\":{\"@id\":\"https:\\\/\\\/kuali.com.mx\\\/web\\\/#website\"},\"primaryImageOfPage\":{\"@id\":\"https:\\\/\\\/kuali.com.mx\\\/web\\\/2025\\\/09\\\/04\\\/asaltaba-con-pistola-artesanal-y-fue-detenido\\\/#primaryimage\"},\"image\":{\"@id\":\"https:\\\/\\\/kuali.com.mx\\\/web\\\/2025\\\/09\\\/04\\\/asaltaba-con-pistola-artesanal-y-fue-detenido\\\/#primaryimage\"},\"thumbnailUrl\":\"https:\\\/\\\/kuali.com.mx\\\/web\\\/wp-content\\\/uploads\\\/2025\\\/09\\\/Asaltante-San-Luis-Paz.gif\",\"datePublished\":\"2025-09-04T22:40:46+00:00\",\"dateModified\":\"2025-09-04T22:40:48+00:00\",\"author\":{\"@id\":\"https:\\\/\\\/kuali.com.mx\\\/web\\\/#\\\/schema\\\/person\\\/6f89ffa8ecba9dae50662357923c5289\"},\"breadcrumb\":{\"@id\":\"https:\\\/\\\/kuali.com.mx\\\/web\\\/2025\\\/09\\\/04\\\/asaltaba-con-pistola-artesanal-y-fue-detenido\\\/#breadcrumb\"},\"inLanguage\":\"es\",\"potentialAction\":[{\"@type\":\"ReadAction\",\"target\":[\"https:\\\/\\\/kuali.com.mx\\\/web\\\/2025\\\/09\\\/04\\\/asaltaba-con-pistola-artesanal-y-fue-detenido\\\/\"]}]},{\"@type\":\"ImageObject\",\"inLanguage\":\"es\",\"@id\":\"https:\\\/\\\/kuali.com.mx\\\/web\\\/2025\\\/09\\\/04\\\/asaltaba-con-pistola-artesanal-y-fue-detenido\\\/#primaryimage\",\"url\":\"https:\\\/\\\/kuali.com.mx\\\/web\\\/wp-content\\\/uploads\\\/2025\\\/09\\\/Asaltante-San-Luis-Paz.gif\",\"contentUrl\":\"https:\\\/\\\/kuali.com.mx\\\/web\\\/wp-content\\\/uploads\\\/2025\\\/09\\\/Asaltante-San-Luis-Paz.gif\",\"width\":1811,\"height\":750},{\"@type\":\"BreadcrumbList\",\"@id\":\"https:\\\/\\\/kuali.com.mx\\\/web\\\/2025\\\/09\\\/04\\\/asaltaba-con-pistola-artesanal-y-fue-detenido\\\/#breadcrumb\",\"itemListElement\":[{\"@type\":\"ListItem\",\"position\":1,\"name\":\"Inicio\",\"item\":\"https:\\\/\\\/kuali.com.mx\\\/web\\\/\"},{\"@type\":\"ListItem\",\"position\":2,\"name\":\"ASALTABA CON PISTOLA ARTESANAL Y FUE DETENIDO\"}]},{\"@type\":\"WebSite\",\"@id\":\"https:\\\/\\\/kuali.com.mx\\\/web\\\/#website\",\"url\":\"https:\\\/\\\/kuali.com.mx\\\/web\\\/\",\"name\":\"Kuali\",\"description\":\"\",\"potentialAction\":[{\"@type\":\"SearchAction\",\"target\":{\"@type\":\"EntryPoint\",\"urlTemplate\":\"https:\\\/\\\/kuali.com.mx\\\/web\\\/?s={search_term_string}\"},\"query-input\":{\"@type\":\"PropertyValueSpecification\",\"valueRequired\":true,\"valueName\":\"search_term_string\"}}],\"inLanguage\":\"es\"},{\"@type\":\"Person\",\"@id\":\"https:\\\/\\\/kuali.com.mx\\\/web\\\/#\\\/schema\\\/person\\\/6f89ffa8ecba9dae50662357923c5289\",\"name\":\"Kuali Staff\",\"image\":{\"@type\":\"ImageObject\",\"inLanguage\":\"es\",\"@id\":\"https:\\\/\\\/secure.gravatar.com\\\/avatar\\\/f917ad82e5ab71227a733c78b6e60715476f69ee6be59feee4eb5d9920c89e0f?s=96&d=mm&r=g\",\"url\":\"https:\\\/\\\/secure.gravatar.com\\\/avatar\\\/f917ad82e5ab71227a733c78b6e60715476f69ee6be59feee4eb5d9920c89e0f?s=96&d=mm&r=g\",\"contentUrl\":\"https:\\\/\\\/secure.gravatar.com\\\/avatar\\\/f917ad82e5ab71227a733c78b6e60715476f69ee6be59feee4eb5d9920c89e0f?s=96&d=mm&r=g\",\"caption\":\"Kuali Staff\"},\"url\":\"https:\\\/\\\/kuali.com.mx\\\/web\\\/author\\\/lagarto\\\/\"}]}<\/script>\n<!-- \/ Yoast SEO plugin. -->","yoast_head_json":{"title":"ASALTABA CON PISTOLA ARTESANAL Y FUE DETENIDO - Kuali","robots":{"index":"index","follow":"follow","max-snippet":"max-snippet:-1","max-image-preview":"max-image-preview:large","max-video-preview":"max-video-preview:-1"},"canonical":"https:\/\/kuali.com.mx\/web\/2025\/09\/04\/asaltaba-con-pistola-artesanal-y-fue-detenido\/","og_locale":"es_MX","og_type":"article","og_title":"ASALTABA CON PISTOLA ARTESANAL Y FUE DETENIDO - Kuali","og_description":"Kuali\/San Luis de la Paz, Gto.- Elementos de la Secretar\u00eda de Seguridad y Paz del Estado y de la Secretar\u00eda de Seguridad Ciudadana de San Luis de la Paz, detuvieron a un hombre que minutos antes particip\u00f3 en un robo con violencia en el municipio de Victoria.\u00a0\u00a0\u00a0 El hecho fue reportado al Sistema de Emergencias [&hellip;]","og_url":"https:\/\/kuali.com.mx\/web\/2025\/09\/04\/asaltaba-con-pistola-artesanal-y-fue-detenido\/","og_site_name":"Kuali","article_publisher":"https:\/\/kuali.com.mx\/web\/wp-content\/uploads\/2018\/04\/cropped-kuali_logo-1-1.png","article_published_time":"2025-09-04T22:40:46+00:00","article_modified_time":"2025-09-04T22:40:48+00:00","og_image":[{"width":1811,"height":750,"url":"https:\/\/kuali.com.mx\/web\/wp-content\/uploads\/2025\/09\/Asaltante-San-Luis-Paz.gif","type":"image\/gif"}],"author":"Kuali Staff","twitter_card":"summary_large_image","twitter_creator":"@kuali_noticias","twitter_site":"@kuali_noticias","twitter_misc":{"Escrito por":"Kuali Staff","Tiempo de lectura":"1 minuto"},"schema":{"@context":"https:\/\/schema.org","@graph":[{"@type":"Article","@id":"https:\/\/kuali.com.mx\/web\/2025\/09\/04\/asaltaba-con-pistola-artesanal-y-fue-detenido\/#article","isPartOf":{"@id":"https:\/\/kuali.com.mx\/web\/2025\/09\/04\/asaltaba-con-pistola-artesanal-y-fue-detenido\/"},"author":{"name":"Kuali Staff","@id":"https:\/\/kuali.com.mx\/web\/#\/schema\/person\/6f89ffa8ecba9dae50662357923c5289"},"headline":"ASALTABA CON PISTOLA ARTESANAL Y FUE DETENIDO","datePublished":"2025-09-04T22:40:46+00:00","dateModified":"2025-09-04T22:40:48+00:00","mainEntityOfPage":{"@id":"https:\/\/kuali.com.mx\/web\/2025\/09\/04\/asaltaba-con-pistola-artesanal-y-fue-detenido\/"},"wordCount":250,"commentCount":0,"image":{"@id":"https:\/\/kuali.com.mx\/web\/2025\/09\/04\/asaltaba-con-pistola-artesanal-y-fue-detenido\/#primaryimage"},"thumbnailUrl":"https:\/\/kuali.com.mx\/web\/wp-content\/uploads\/2025\/09\/Asaltante-San-Luis-Paz.gif","keywords":["Asaltos","Ladr\u00f3n","Robos"],"articleSection":["Pol\u00edtica"],"inLanguage":"es","potentialAction":[{"@type":"CommentAction","name":"Comment","target":["https:\/\/kuali.com.mx\/web\/2025\/09\/04\/asaltaba-con-pistola-artesanal-y-fue-detenido\/#respond"]}]},{"@type":"WebPage","@id":"https:\/\/kuali.com.mx\/web\/2025\/09\/04\/asaltaba-con-pistola-artesanal-y-fue-detenido\/","url":"https:\/\/kuali.com.mx\/web\/2025\/09\/04\/asaltaba-con-pistola-artesanal-y-fue-detenido\/","name":"ASALTABA CON PISTOLA ARTESANAL Y FUE DETENIDO - Kuali","isPartOf":{"@id":"https:\/\/kuali.com.mx\/web\/#website"},"primaryImageOfPage":{"@id":"https:\/\/kuali.com.mx\/web\/2025\/09\/04\/asaltaba-con-pistola-artesanal-y-fue-detenido\/#primaryimage"},"image":{"@id":"https:\/\/kuali.com.mx\/web\/2025\/09\/04\/asaltaba-con-pistola-artesanal-y-fue-detenido\/#primaryimage"},"thumbnailUrl":"https:\/\/kuali.com.mx\/web\/wp-content\/uploads\/2025\/09\/Asaltante-San-Luis-Paz.gif","datePublished":"2025-09-04T22:40:46+00:00","dateModified":"2025-09-04T22:40:48+00:00","author":{"@id":"https:\/\/kuali.com.mx\/web\/#\/schema\/person\/6f89ffa8ecba9dae50662357923c5289"},"breadcrumb":{"@id":"https:\/\/kuali.com.mx\/web\/2025\/09\/04\/asaltaba-con-pistola-artesanal-y-fue-detenido\/#breadcrumb"},"inLanguage":"es","potentialAction":[{"@type":"ReadAction","target":["https:\/\/kuali.com.mx\/web\/2025\/09\/04\/asaltaba-con-pistola-artesanal-y-fue-detenido\/"]}]},{"@type":"ImageObject","inLanguage":"es","@id":"https:\/\/kuali.com.mx\/web\/2025\/09\/04\/asaltaba-con-pistola-artesanal-y-fue-detenido\/#primaryimage","url":"https:\/\/kuali.com.mx\/web\/wp-content\/uploads\/2025\/09\/Asaltante-San-Luis-Paz.gif","contentUrl":"https:\/\/kuali.com.mx\/web\/wp-content\/uploads\/2025\/09\/Asaltante-San-Luis-Paz.gif","width":1811,"height":750},{"@type":"BreadcrumbList","@id":"https:\/\/kuali.com.mx\/web\/2025\/09\/04\/asaltaba-con-pistola-artesanal-y-fue-detenido\/#breadcrumb","itemListElement":[{"@type":"ListItem","position":1,"name":"Inicio","item":"https:\/\/kuali.com.mx\/web\/"},{"@type":"ListItem","position":2,"name":"ASALTABA CON PISTOLA ARTESANAL Y FUE DETENIDO"}]},{"@type":"WebSite","@id":"https:\/\/kuali.com.mx\/web\/#website","url":"https:\/\/kuali.com.mx\/web\/","name":"Kuali","description":"","potentialAction":[{"@type":"SearchAction","target":{"@type":"EntryPoint","urlTemplate":"https:\/\/kuali.com.mx\/web\/?s={search_term_string}"},"query-input":{"@type":"PropertyValueSpecification","valueRequired":true,"valueName":"search_term_string"}}],"inLanguage":"es"},{"@type":"Person","@id":"https:\/\/kuali.com.mx\/web\/#\/schema\/person\/6f89ffa8ecba9dae50662357923c5289","name":"Kuali Staff","image":{"@type":"ImageObject","inLanguage":"es","@id":"https:\/\/secure.gravatar.com\/avatar\/f917ad82e5ab71227a733c78b6e60715476f69ee6be59feee4eb5d9920c89e0f?s=96&d=mm&r=g","url":"https:\/\/secure.gravatar.com\/avatar\/f917ad82e5ab71227a733c78b6e60715476f69ee6be59feee4eb5d9920c89e0f?s=96&d=mm&r=g","contentUrl":"https:\/\/secure.gravatar.com\/avatar\/f917ad82e5ab71227a733c78b6e60715476f69ee6be59feee4eb5d9920c89e0f?s=96&d=mm&r=g","caption":"Kuali Staff"},"url":"https:\/\/kuali.com.mx\/web\/author\/lagarto\/"}]}},"_links":{"self":[{"href":"https:\/\/kuali.com.mx\/web\/wp-json\/wp\/v2\/posts\/184488","targetHints":{"allow":["GET"]}}],"collection":[{"href":"https:\/\/kuali.com.mx\/web\/wp-json\/wp\/v2\/posts"}],"about":[{"href":"https:\/\/kuali.com.mx\/web\/wp-json\/wp\/v2\/types\/post"}],"author":[{"embeddable":true,"href":"https:\/\/kuali.com.mx\/web\/wp-json\/wp\/v2\/users\/2"}],"replies":[{"embeddable":true,"href":"https:\/\/kuali.com.mx\/web\/wp-json\/wp\/v2\/comments?post=184488"}],"version-history":[{"count":1,"href":"https:\/\/kuali.com.mx\/web\/wp-json\/wp\/v2\/posts\/184488\/revisions"}],"predecessor-version":[{"id":184498,"href":"https:\/\/kuali.com.mx\/web\/wp-json\/wp\/v2\/posts\/184488\/revisions\/184498"}],"wp:featuredmedia":[{"embeddable":true,"href":"https:\/\/kuali.com.mx\/web\/wp-json\/wp\/v2\/media\/184496"}],"wp:attachment":[{"href":"https:\/\/kuali.com.mx\/web\/wp-json\/wp\/v2\/media?parent=184488"}],"wp:term":[{"taxonomy":"category","embeddable":true,"href":"https:\/\/kuali.com.mx\/web\/wp-json\/wp\/v2\/categories?post=184488"},{"taxonomy":"post_tag","embeddable":true,"href":"https:\/\/kuali.com.mx\/web\/wp-json\/wp\/v2\/tags?post=184488"}],"curies":[{"name":"wp","href":"https:\/\/api.w.org\/{rel}","templated":true}]}}