{"id":184368,"date":"2025-09-02T18:10:36","date_gmt":"2025-09-03T00:10:36","guid":{"rendered":"https:\/\/kuali.com.mx\/web\/?p=184368"},"modified":"2025-09-02T18:10:39","modified_gmt":"2025-09-03T00:10:39","slug":"seguira-el-trabajo-en-equipo-con-la-federacion-libia","status":"publish","type":"post","link":"https:\/\/kuali.com.mx\/web\/2025\/09\/02\/seguira-el-trabajo-en-equipo-con-la-federacion-libia\/","title":{"rendered":"SEGUIR\u00c1 EL TRABAJO EN EQUIPO CON LA FEDERACI\u00d3N: LIBIA"},"content":{"rendered":"\n<p><strong><em>Kuali\/Ciudad de M\u00e9xico.- <\/em><\/strong>En el Consejo Nacional de Seguridad, la gobernadora de Guanajuato, Libia Dennise Garc\u00eda Mu\u00f1oz Ledo, refrend\u00f3 ante la presidenta Claudia Sheinbaum Pardo la disposici\u00f3n de su gobierno para seguir trabajando en equipo porque los resultados han sido positivos.<\/p>\n\n\n\n<p>\u201cHemos experimentado, gracias al trabajo conjunto, una disminuci\u00f3n del 60 por ciento en los homicidios dolosos, y vamos por m\u00e1s presidenta, para seguir contribuyendo a la paz en el pa\u00eds\u201d, expuso.<\/p>\n\n\n\n<p>Agradeci\u00f3 la disposici\u00f3n de Claudia Sheinbaum y todo el gabinete de Seguridad Federal, para trabajar con acciones coordinadas que han dado como resultado,una disminuci\u00f3n de un 60 por ciento en homicidios dolosos en Guanajuato.<\/p>\n\n\n\n<p>\u201cAgradezco y reconozco el trabajo coordinado que hemos venido haciendo con la Federaci\u00f3n en el tema de seguridad en Guanajuato\u201d, dijo la gobernadora guanajuatense.<\/p>\n\n\n\n<p>\u201cHemos logrado hacer una sinergia de confianza y de trabajo muy profesional, que hoy permite dar resultados. Mi reconocimiento y toda mi disposici\u00f3n para seguir trabajando en equipo\u201d, destaco Libia Dennise.<\/p>\n\n\n\n<p>La Gobernadora de la Gente dijo que, a ra\u00edz del trabajo de inteligencia coordinado entre las autoridades Estatales, la Federaci\u00f3n y los Municipios en la Entidad, es que se pueden dar resultados positivos, con acciones replicables para todo el Pa\u00eds.<\/p>\n\n\n\n<p>\u201cEn materia de seguridad son muchas las aristas que hay que atender para resolver una problem\u00e1tica que es compleja y multifactorial, pero hoy estamos viendo, que con el trabajo comprometido y coordinado, basado en inteligencia, se pueden dar resultados positivos a la poblaci\u00f3n\u201d, recalc\u00f3.<\/p>\n\n\n\n<p>Durante esta sesi\u00f3n del Consejo se dieron a conocer Acuerdos en materia de seguridad, acciones para tratar el tema de extorsi\u00f3n; y cambios en las leyes de Seguridad y de B\u00fasqueda.<\/p>\n\n\n\n<p>Se present\u00f3 al Acuerdo Nacional para fortalecer a las Instituciones de Seguridad P\u00fablica, que tiene como objetivo incrementar el estado de fuerza de las polic\u00edas y la profesionalizaci\u00f3n de los ministerios p\u00fablicos.<\/p>\n\n\n\n<p>El Acuerdo Nacional para la b\u00fasqueda de personas desaparecidas tiene como objetivo incrementar las capacidades institucionales y de gesti\u00f3n forense para la investigaci\u00f3n y b\u00fasqueda de personas desaparecidas.<\/p>\n\n\n\n<p>Adem\u00e1s, se present\u00f3 el Acuerdo Nacional para la transversalizaci\u00f3n arm\u00f3nica de las legislaciones locales con la Ley General del Sistema Nacional de Seguridad P\u00fablica y con la Ley General en Materia de Desaparici\u00f3n Forzada de Personas, Desaparici\u00f3n Cometida por Particulares y con el Sistema Nacional de B\u00fasqueda de Personas.<\/p>\n\n\n\n<p>Por \u00faltimo, el Consejo Nacional de Seguridad P\u00fablica instruy\u00f3 al Secretariado Ejecutivo del Sistema Nacional a publicar los Acuerdos en el Diario Oficial de la Federaci\u00f3n y a informar sobre los avances de la ejecuci\u00f3n de estos acuerdos de manera semestral.<\/p>\n\n\n\n<p>Esta reuni\u00f3n del Consejo Nacional de Seguridad P\u00fablica se realiz\u00f3 en Palacio Nacional y estuvo encabezada por la Presidenta de M\u00e9xico, Claudia Sheinbaum Pardo, adem\u00e1s participaron los titulares del Gabinete de Seguridad Federal y las Gobernadoras y Gobernadores.<\/p>\n","protected":false},"excerpt":{"rendered":"Kuali\/Ciudad de M\u00e9xico.- En el Consejo Nacional de Seguridad, la gobernadora de Guanajuato, Libia Dennise Garc\u00eda Mu\u00f1oz Ledo, refrend\u00f3 ante la presidenta Claudia Sheinbaum Pardo la disposici\u00f3n de su gobierno para seguir trabajando en equipo porque los resultados han sido positivos. \u201cHemos experimentado, gracias al trabajo conjunto, una disminuci\u00f3n del 60 por ciento en los [&hellip;]","protected":false},"author":2,"featured_media":184371,"comment_status":"open","ping_status":"open","sticky":false,"template":"","format":"standard","meta":{"_seopress_robots_primary_cat":"none","_seopress_titles_title":"","_seopress_titles_desc":"","_seopress_robots_index":"","_monsterinsights_skip_tracking":false,"_monsterinsights_sitenote_active":false,"_monsterinsights_sitenote_note":"","_monsterinsights_sitenote_category":0,"footnotes":""},"categories":[3,69],"tags":[],"class_list":["post-184368","post","type-post","status-publish","format-standard","has-post-thumbnail","hentry","category-politica","category-slider"],"yoast_head":"<!-- This site is optimized with the Yoast SEO plugin v27.4 - https:\/\/yoast.com\/product\/yoast-seo-wordpress\/ -->\n<title>SEGUIR\u00c1 EL TRABAJO EN EQUIPO CON LA FEDERACI\u00d3N: LIBIA - Kuali<\/title>\n<meta name=\"robots\" content=\"index, follow, max-snippet:-1, max-image-preview:large, max-video-preview:-1\" \/>\n<link rel=\"canonical\" href=\"https:\/\/kuali.com.mx\/web\/2025\/09\/02\/seguira-el-trabajo-en-equipo-con-la-federacion-libia\/\" \/>\n<meta property=\"og:locale\" content=\"es_MX\" \/>\n<meta property=\"og:type\" content=\"article\" \/>\n<meta property=\"og:title\" content=\"SEGUIR\u00c1 EL TRABAJO EN EQUIPO CON LA FEDERACI\u00d3N: LIBIA - Kuali\" \/>\n<meta property=\"og:description\" content=\"Kuali\/Ciudad de M\u00e9xico.- En el Consejo Nacional de Seguridad, la gobernadora de Guanajuato, Libia Dennise Garc\u00eda Mu\u00f1oz Ledo, refrend\u00f3 ante la presidenta Claudia Sheinbaum Pardo la disposici\u00f3n de su gobierno para seguir trabajando en equipo porque los resultados han sido positivos. \u201cHemos experimentado, gracias al trabajo conjunto, una disminuci\u00f3n del 60 por ciento en los [&hellip;]\" \/>\n<meta property=\"og:url\" content=\"https:\/\/kuali.com.mx\/web\/2025\/09\/02\/seguira-el-trabajo-en-equipo-con-la-federacion-libia\/\" \/>\n<meta property=\"og:site_name\" content=\"Kuali\" \/>\n<meta property=\"article:publisher\" content=\"https:\/\/kuali.com.mx\/web\/wp-content\/uploads\/2018\/04\/cropped-kuali_logo-1-1.png\" \/>\n<meta property=\"article:published_time\" content=\"2025-09-03T00:10:36+00:00\" \/>\n<meta property=\"article:modified_time\" content=\"2025-09-03T00:10:39+00:00\" \/>\n<meta property=\"og:image\" content=\"https:\/\/kuali.com.mx\/web\/wp-content\/uploads\/2025\/09\/Libia-Consejo-Nacional-de-Seguridad.jpg\" \/>\n\t<meta property=\"og:image:width\" content=\"1699\" \/>\n\t<meta property=\"og:image:height\" content=\"750\" \/>\n\t<meta property=\"og:image:type\" content=\"image\/jpeg\" \/>\n<meta name=\"author\" content=\"Kuali Staff\" \/>\n<meta name=\"twitter:card\" content=\"summary_large_image\" \/>\n<meta name=\"twitter:creator\" content=\"@kuali_noticias\" \/>\n<meta name=\"twitter:site\" content=\"@kuali_noticias\" \/>\n<meta name=\"twitter:label1\" content=\"Escrito por\" \/>\n\t<meta name=\"twitter:data1\" content=\"Kuali Staff\" \/>\n\t<meta name=\"twitter:label2\" content=\"Tiempo de lectura\" \/>\n\t<meta name=\"twitter:data2\" content=\"3 minutos\" \/>\n<script type=\"application\/ld+json\" class=\"yoast-schema-graph\">{\"@context\":\"https:\\\/\\\/schema.org\",\"@graph\":[{\"@type\":\"Article\",\"@id\":\"https:\\\/\\\/kuali.com.mx\\\/web\\\/2025\\\/09\\\/02\\\/seguira-el-trabajo-en-equipo-con-la-federacion-libia\\\/#article\",\"isPartOf\":{\"@id\":\"https:\\\/\\\/kuali.com.mx\\\/web\\\/2025\\\/09\\\/02\\\/seguira-el-trabajo-en-equipo-con-la-federacion-libia\\\/\"},\"author\":{\"name\":\"Kuali Staff\",\"@id\":\"https:\\\/\\\/kuali.com.mx\\\/web\\\/#\\\/schema\\\/person\\\/6f89ffa8ecba9dae50662357923c5289\"},\"headline\":\"SEGUIR\u00c1 EL TRABAJO EN EQUIPO CON LA FEDERACI\u00d3N: LIBIA\",\"datePublished\":\"2025-09-03T00:10:36+00:00\",\"dateModified\":\"2025-09-03T00:10:39+00:00\",\"mainEntityOfPage\":{\"@id\":\"https:\\\/\\\/kuali.com.mx\\\/web\\\/2025\\\/09\\\/02\\\/seguira-el-trabajo-en-equipo-con-la-federacion-libia\\\/\"},\"wordCount\":516,\"commentCount\":0,\"image\":{\"@id\":\"https:\\\/\\\/kuali.com.mx\\\/web\\\/2025\\\/09\\\/02\\\/seguira-el-trabajo-en-equipo-con-la-federacion-libia\\\/#primaryimage\"},\"thumbnailUrl\":\"https:\\\/\\\/kuali.com.mx\\\/web\\\/wp-content\\\/uploads\\\/2025\\\/09\\\/Libia-Consejo-Nacional-de-Seguridad.jpg\",\"articleSection\":[\"Pol\u00edtica\",\"slider\"],\"inLanguage\":\"es\",\"potentialAction\":[{\"@type\":\"CommentAction\",\"name\":\"Comment\",\"target\":[\"https:\\\/\\\/kuali.com.mx\\\/web\\\/2025\\\/09\\\/02\\\/seguira-el-trabajo-en-equipo-con-la-federacion-libia\\\/#respond\"]}]},{\"@type\":\"WebPage\",\"@id\":\"https:\\\/\\\/kuali.com.mx\\\/web\\\/2025\\\/09\\\/02\\\/seguira-el-trabajo-en-equipo-con-la-federacion-libia\\\/\",\"url\":\"https:\\\/\\\/kuali.com.mx\\\/web\\\/2025\\\/09\\\/02\\\/seguira-el-trabajo-en-equipo-con-la-federacion-libia\\\/\",\"name\":\"SEGUIR\u00c1 EL TRABAJO EN EQUIPO CON LA FEDERACI\u00d3N: LIBIA - Kuali\",\"isPartOf\":{\"@id\":\"https:\\\/\\\/kuali.com.mx\\\/web\\\/#website\"},\"primaryImageOfPage\":{\"@id\":\"https:\\\/\\\/kuali.com.mx\\\/web\\\/2025\\\/09\\\/02\\\/seguira-el-trabajo-en-equipo-con-la-federacion-libia\\\/#primaryimage\"},\"image\":{\"@id\":\"https:\\\/\\\/kuali.com.mx\\\/web\\\/2025\\\/09\\\/02\\\/seguira-el-trabajo-en-equipo-con-la-federacion-libia\\\/#primaryimage\"},\"thumbnailUrl\":\"https:\\\/\\\/kuali.com.mx\\\/web\\\/wp-content\\\/uploads\\\/2025\\\/09\\\/Libia-Consejo-Nacional-de-Seguridad.jpg\",\"datePublished\":\"2025-09-03T00:10:36+00:00\",\"dateModified\":\"2025-09-03T00:10:39+00:00\",\"author\":{\"@id\":\"https:\\\/\\\/kuali.com.mx\\\/web\\\/#\\\/schema\\\/person\\\/6f89ffa8ecba9dae50662357923c5289\"},\"breadcrumb\":{\"@id\":\"https:\\\/\\\/kuali.com.mx\\\/web\\\/2025\\\/09\\\/02\\\/seguira-el-trabajo-en-equipo-con-la-federacion-libia\\\/#breadcrumb\"},\"inLanguage\":\"es\",\"potentialAction\":[{\"@type\":\"ReadAction\",\"target\":[\"https:\\\/\\\/kuali.com.mx\\\/web\\\/2025\\\/09\\\/02\\\/seguira-el-trabajo-en-equipo-con-la-federacion-libia\\\/\"]}]},{\"@type\":\"ImageObject\",\"inLanguage\":\"es\",\"@id\":\"https:\\\/\\\/kuali.com.mx\\\/web\\\/2025\\\/09\\\/02\\\/seguira-el-trabajo-en-equipo-con-la-federacion-libia\\\/#primaryimage\",\"url\":\"https:\\\/\\\/kuali.com.mx\\\/web\\\/wp-content\\\/uploads\\\/2025\\\/09\\\/Libia-Consejo-Nacional-de-Seguridad.jpg\",\"contentUrl\":\"https:\\\/\\\/kuali.com.mx\\\/web\\\/wp-content\\\/uploads\\\/2025\\\/09\\\/Libia-Consejo-Nacional-de-Seguridad.jpg\",\"width\":1699,\"height\":750},{\"@type\":\"BreadcrumbList\",\"@id\":\"https:\\\/\\\/kuali.com.mx\\\/web\\\/2025\\\/09\\\/02\\\/seguira-el-trabajo-en-equipo-con-la-federacion-libia\\\/#breadcrumb\",\"itemListElement\":[{\"@type\":\"ListItem\",\"position\":1,\"name\":\"Inicio\",\"item\":\"https:\\\/\\\/kuali.com.mx\\\/web\\\/\"},{\"@type\":\"ListItem\",\"position\":2,\"name\":\"SEGUIR\u00c1 EL TRABAJO EN EQUIPO CON LA FEDERACI\u00d3N: LIBIA\"}]},{\"@type\":\"WebSite\",\"@id\":\"https:\\\/\\\/kuali.com.mx\\\/web\\\/#website\",\"url\":\"https:\\\/\\\/kuali.com.mx\\\/web\\\/\",\"name\":\"Kuali\",\"description\":\"\",\"potentialAction\":[{\"@type\":\"SearchAction\",\"target\":{\"@type\":\"EntryPoint\",\"urlTemplate\":\"https:\\\/\\\/kuali.com.mx\\\/web\\\/?s={search_term_string}\"},\"query-input\":{\"@type\":\"PropertyValueSpecification\",\"valueRequired\":true,\"valueName\":\"search_term_string\"}}],\"inLanguage\":\"es\"},{\"@type\":\"Person\",\"@id\":\"https:\\\/\\\/kuali.com.mx\\\/web\\\/#\\\/schema\\\/person\\\/6f89ffa8ecba9dae50662357923c5289\",\"name\":\"Kuali Staff\",\"image\":{\"@type\":\"ImageObject\",\"inLanguage\":\"es\",\"@id\":\"https:\\\/\\\/secure.gravatar.com\\\/avatar\\\/f917ad82e5ab71227a733c78b6e60715476f69ee6be59feee4eb5d9920c89e0f?s=96&d=mm&r=g\",\"url\":\"https:\\\/\\\/secure.gravatar.com\\\/avatar\\\/f917ad82e5ab71227a733c78b6e60715476f69ee6be59feee4eb5d9920c89e0f?s=96&d=mm&r=g\",\"contentUrl\":\"https:\\\/\\\/secure.gravatar.com\\\/avatar\\\/f917ad82e5ab71227a733c78b6e60715476f69ee6be59feee4eb5d9920c89e0f?s=96&d=mm&r=g\",\"caption\":\"Kuali Staff\"},\"url\":\"https:\\\/\\\/kuali.com.mx\\\/web\\\/author\\\/lagarto\\\/\"}]}<\/script>\n<!-- \/ Yoast SEO plugin. -->","yoast_head_json":{"title":"SEGUIR\u00c1 EL TRABAJO EN EQUIPO CON LA FEDERACI\u00d3N: LIBIA - Kuali","robots":{"index":"index","follow":"follow","max-snippet":"max-snippet:-1","max-image-preview":"max-image-preview:large","max-video-preview":"max-video-preview:-1"},"canonical":"https:\/\/kuali.com.mx\/web\/2025\/09\/02\/seguira-el-trabajo-en-equipo-con-la-federacion-libia\/","og_locale":"es_MX","og_type":"article","og_title":"SEGUIR\u00c1 EL TRABAJO EN EQUIPO CON LA FEDERACI\u00d3N: LIBIA - Kuali","og_description":"Kuali\/Ciudad de M\u00e9xico.- En el Consejo Nacional de Seguridad, la gobernadora de Guanajuato, Libia Dennise Garc\u00eda Mu\u00f1oz Ledo, refrend\u00f3 ante la presidenta Claudia Sheinbaum Pardo la disposici\u00f3n de su gobierno para seguir trabajando en equipo porque los resultados han sido positivos. \u201cHemos experimentado, gracias al trabajo conjunto, una disminuci\u00f3n del 60 por ciento en los [&hellip;]","og_url":"https:\/\/kuali.com.mx\/web\/2025\/09\/02\/seguira-el-trabajo-en-equipo-con-la-federacion-libia\/","og_site_name":"Kuali","article_publisher":"https:\/\/kuali.com.mx\/web\/wp-content\/uploads\/2018\/04\/cropped-kuali_logo-1-1.png","article_published_time":"2025-09-03T00:10:36+00:00","article_modified_time":"2025-09-03T00:10:39+00:00","og_image":[{"width":1699,"height":750,"url":"https:\/\/kuali.com.mx\/web\/wp-content\/uploads\/2025\/09\/Libia-Consejo-Nacional-de-Seguridad.jpg","type":"image\/jpeg"}],"author":"Kuali Staff","twitter_card":"summary_large_image","twitter_creator":"@kuali_noticias","twitter_site":"@kuali_noticias","twitter_misc":{"Escrito por":"Kuali Staff","Tiempo de lectura":"3 minutos"},"schema":{"@context":"https:\/\/schema.org","@graph":[{"@type":"Article","@id":"https:\/\/kuali.com.mx\/web\/2025\/09\/02\/seguira-el-trabajo-en-equipo-con-la-federacion-libia\/#article","isPartOf":{"@id":"https:\/\/kuali.com.mx\/web\/2025\/09\/02\/seguira-el-trabajo-en-equipo-con-la-federacion-libia\/"},"author":{"name":"Kuali Staff","@id":"https:\/\/kuali.com.mx\/web\/#\/schema\/person\/6f89ffa8ecba9dae50662357923c5289"},"headline":"SEGUIR\u00c1 EL TRABAJO EN EQUIPO CON LA FEDERACI\u00d3N: LIBIA","datePublished":"2025-09-03T00:10:36+00:00","dateModified":"2025-09-03T00:10:39+00:00","mainEntityOfPage":{"@id":"https:\/\/kuali.com.mx\/web\/2025\/09\/02\/seguira-el-trabajo-en-equipo-con-la-federacion-libia\/"},"wordCount":516,"commentCount":0,"image":{"@id":"https:\/\/kuali.com.mx\/web\/2025\/09\/02\/seguira-el-trabajo-en-equipo-con-la-federacion-libia\/#primaryimage"},"thumbnailUrl":"https:\/\/kuali.com.mx\/web\/wp-content\/uploads\/2025\/09\/Libia-Consejo-Nacional-de-Seguridad.jpg","articleSection":["Pol\u00edtica","slider"],"inLanguage":"es","potentialAction":[{"@type":"CommentAction","name":"Comment","target":["https:\/\/kuali.com.mx\/web\/2025\/09\/02\/seguira-el-trabajo-en-equipo-con-la-federacion-libia\/#respond"]}]},{"@type":"WebPage","@id":"https:\/\/kuali.com.mx\/web\/2025\/09\/02\/seguira-el-trabajo-en-equipo-con-la-federacion-libia\/","url":"https:\/\/kuali.com.mx\/web\/2025\/09\/02\/seguira-el-trabajo-en-equipo-con-la-federacion-libia\/","name":"SEGUIR\u00c1 EL TRABAJO EN EQUIPO CON LA FEDERACI\u00d3N: LIBIA - Kuali","isPartOf":{"@id":"https:\/\/kuali.com.mx\/web\/#website"},"primaryImageOfPage":{"@id":"https:\/\/kuali.com.mx\/web\/2025\/09\/02\/seguira-el-trabajo-en-equipo-con-la-federacion-libia\/#primaryimage"},"image":{"@id":"https:\/\/kuali.com.mx\/web\/2025\/09\/02\/seguira-el-trabajo-en-equipo-con-la-federacion-libia\/#primaryimage"},"thumbnailUrl":"https:\/\/kuali.com.mx\/web\/wp-content\/uploads\/2025\/09\/Libia-Consejo-Nacional-de-Seguridad.jpg","datePublished":"2025-09-03T00:10:36+00:00","dateModified":"2025-09-03T00:10:39+00:00","author":{"@id":"https:\/\/kuali.com.mx\/web\/#\/schema\/person\/6f89ffa8ecba9dae50662357923c5289"},"breadcrumb":{"@id":"https:\/\/kuali.com.mx\/web\/2025\/09\/02\/seguira-el-trabajo-en-equipo-con-la-federacion-libia\/#breadcrumb"},"inLanguage":"es","potentialAction":[{"@type":"ReadAction","target":["https:\/\/kuali.com.mx\/web\/2025\/09\/02\/seguira-el-trabajo-en-equipo-con-la-federacion-libia\/"]}]},{"@type":"ImageObject","inLanguage":"es","@id":"https:\/\/kuali.com.mx\/web\/2025\/09\/02\/seguira-el-trabajo-en-equipo-con-la-federacion-libia\/#primaryimage","url":"https:\/\/kuali.com.mx\/web\/wp-content\/uploads\/2025\/09\/Libia-Consejo-Nacional-de-Seguridad.jpg","contentUrl":"https:\/\/kuali.com.mx\/web\/wp-content\/uploads\/2025\/09\/Libia-Consejo-Nacional-de-Seguridad.jpg","width":1699,"height":750},{"@type":"BreadcrumbList","@id":"https:\/\/kuali.com.mx\/web\/2025\/09\/02\/seguira-el-trabajo-en-equipo-con-la-federacion-libia\/#breadcrumb","itemListElement":[{"@type":"ListItem","position":1,"name":"Inicio","item":"https:\/\/kuali.com.mx\/web\/"},{"@type":"ListItem","position":2,"name":"SEGUIR\u00c1 EL TRABAJO EN EQUIPO CON LA FEDERACI\u00d3N: LIBIA"}]},{"@type":"WebSite","@id":"https:\/\/kuali.com.mx\/web\/#website","url":"https:\/\/kuali.com.mx\/web\/","name":"Kuali","description":"","potentialAction":[{"@type":"SearchAction","target":{"@type":"EntryPoint","urlTemplate":"https:\/\/kuali.com.mx\/web\/?s={search_term_string}"},"query-input":{"@type":"PropertyValueSpecification","valueRequired":true,"valueName":"search_term_string"}}],"inLanguage":"es"},{"@type":"Person","@id":"https:\/\/kuali.com.mx\/web\/#\/schema\/person\/6f89ffa8ecba9dae50662357923c5289","name":"Kuali Staff","image":{"@type":"ImageObject","inLanguage":"es","@id":"https:\/\/secure.gravatar.com\/avatar\/f917ad82e5ab71227a733c78b6e60715476f69ee6be59feee4eb5d9920c89e0f?s=96&d=mm&r=g","url":"https:\/\/secure.gravatar.com\/avatar\/f917ad82e5ab71227a733c78b6e60715476f69ee6be59feee4eb5d9920c89e0f?s=96&d=mm&r=g","contentUrl":"https:\/\/secure.gravatar.com\/avatar\/f917ad82e5ab71227a733c78b6e60715476f69ee6be59feee4eb5d9920c89e0f?s=96&d=mm&r=g","caption":"Kuali Staff"},"url":"https:\/\/kuali.com.mx\/web\/author\/lagarto\/"}]}},"_links":{"self":[{"href":"https:\/\/kuali.com.mx\/web\/wp-json\/wp\/v2\/posts\/184368","targetHints":{"allow":["GET"]}}],"collection":[{"href":"https:\/\/kuali.com.mx\/web\/wp-json\/wp\/v2\/posts"}],"about":[{"href":"https:\/\/kuali.com.mx\/web\/wp-json\/wp\/v2\/types\/post"}],"author":[{"embeddable":true,"href":"https:\/\/kuali.com.mx\/web\/wp-json\/wp\/v2\/users\/2"}],"replies":[{"embeddable":true,"href":"https:\/\/kuali.com.mx\/web\/wp-json\/wp\/v2\/comments?post=184368"}],"version-history":[{"count":1,"href":"https:\/\/kuali.com.mx\/web\/wp-json\/wp\/v2\/posts\/184368\/revisions"}],"predecessor-version":[{"id":184372,"href":"https:\/\/kuali.com.mx\/web\/wp-json\/wp\/v2\/posts\/184368\/revisions\/184372"}],"wp:featuredmedia":[{"embeddable":true,"href":"https:\/\/kuali.com.mx\/web\/wp-json\/wp\/v2\/media\/184371"}],"wp:attachment":[{"href":"https:\/\/kuali.com.mx\/web\/wp-json\/wp\/v2\/media?parent=184368"}],"wp:term":[{"taxonomy":"category","embeddable":true,"href":"https:\/\/kuali.com.mx\/web\/wp-json\/wp\/v2\/categories?post=184368"},{"taxonomy":"post_tag","embeddable":true,"href":"https:\/\/kuali.com.mx\/web\/wp-json\/wp\/v2\/tags?post=184368"}],"curies":[{"name":"wp","href":"https:\/\/api.w.org\/{rel}","templated":true}]}}