{"id":183696,"date":"2025-08-24T14:25:25","date_gmt":"2025-08-24T20:25:25","guid":{"rendered":"https:\/\/kuali.com.mx\/web\/?p=183696"},"modified":"2025-08-24T14:25:27","modified_gmt":"2025-08-24T20:25:27","slug":"rectifican-actas-y-curp-de-personas-de-la-diversidad","status":"publish","type":"post","link":"https:\/\/kuali.com.mx\/web\/2025\/08\/24\/rectifican-actas-y-curp-de-personas-de-la-diversidad\/","title":{"rendered":"RECTIFICAN ACTAS Y CURP DE PERSONAS DE LA DIVERSIDAD"},"content":{"rendered":"\n<p><strong>Kuali\/Pur\u00edsima del Rinc\u00f3n, Gto.- <\/strong>Por primera vez en la historia de Pur\u00edsima del Rinc\u00f3n se llev\u00f3 a cabo una Feria para la Diversidad Sexual y de G\u00e9nero en la que se entregaron documentos de identidad rectificados.<\/p>\n\n\n\n<p>Parte central de la jornada fue la entrega de siete actas de nacimiento y CURP a seis mujeres y un hombre que concluyeron su proceso de rectificaci\u00f3n de identidad de g\u00e9nero, marcando un precedente de reconocimiento y respeto a los derechos humanos en el municipio.<\/p>\n\n\n\n<p>El evento tuvo lugar en las instalaciones del CECyTE I Pur\u00edsima y reuni\u00f3 a autoridades estatales, municipales y educativas con el prop\u00f3sito de promover el respeto, la inclusi\u00f3n y los derechos de todas las personas.<\/p>\n\n\n\n<p>En representaci\u00f3n del alcalde Roberto Garc\u00eda Urbano, la s\u00edndico Claudia Lorena Arriaga Guerrero dirigi\u00f3 un mensaje en el que refrend\u00f3 el compromiso de la administraci\u00f3n para brindar espacios seguros, servicios de salud, prevenci\u00f3n, acompa\u00f1amiento emocional, actividades deportivas y educativas que fortalezcan a la juventud y a la comunidad diversa.<\/p>\n\n\n\n<p>Durante el evento se cont\u00f3 con la presencia del Subsecretario para la Atenci\u00f3n a las Personas de la Diversidad Sexual y de G\u00e9nero, H\u00e9ctor Ricardo Garc\u00eda Frausto; la directora del CECyTE I Pur\u00edsima, Arely Mendiola G\u00f3mez; la coordinadora estatal del Registro Civil, Sandra Elizabeth Falc\u00f3n Padilla; el coordinador municipal de Diversidad Sexual y de G\u00e9nero, Adalberto Aranda Frausto, as\u00ed como integrantes del Ayuntamiento y representantes de instituciones educativas y sociales.<\/p>\n\n\n\n<p>Posteriormente, se efectu\u00f3 el corte de list\u00f3n de la Feria en la que se ofrecieron servicios de atenci\u00f3n psicol\u00f3gica, jur\u00eddica, salud preventiva, asesor\u00edas en materia de derechos, educaci\u00f3n vial y actividades de orientaci\u00f3n para j\u00f3venes y adultos.<\/p>\n\n\n\n<p>H\u00e9ctor Ricardo Garc\u00eda Frausto destac\u00f3 que este proceso no termina con la rectificaci\u00f3n de documentos, sino que implica acompa\u00f1amiento y respaldo de las instituciones para garantizar el acceso pleno a todos los derechos.<\/p>\n\n\n\n<p><strong>Persona que recibieron actas y CURP rectificadas:<\/strong><\/p>\n\n\n\n<p>Selene Jaqueline Mart\u00ednez Ram\u00edrez<\/p>\n\n\n\n<p>Cristina Alejandra Alcal\u00e1 S\u00e1nchez<\/p>\n\n\n\n<p>Vania Paulette Guerrero Hern\u00e1ndez<\/p>\n\n\n\n<p>Tifany Garc\u00eda Lara<\/p>\n\n\n\n<p>Eduard Michel Guerrero Zendejas<\/p>\n\n\n\n<p><\/p>\n","protected":false},"excerpt":{"rendered":"Kuali\/Pur\u00edsima del Rinc\u00f3n, Gto.- Por primera vez en la historia de Pur\u00edsima del Rinc\u00f3n se llev\u00f3 a cabo una Feria para la Diversidad Sexual y de G\u00e9nero en la que se entregaron documentos de identidad rectificados. Parte central de la jornada fue la entrega de siete actas de nacimiento y CURP a seis mujeres y [&hellip;]","protected":false},"author":2,"featured_media":183699,"comment_status":"open","ping_status":"open","sticky":false,"template":"","format":"standard","meta":{"_seopress_robots_primary_cat":"none","_seopress_titles_title":"","_seopress_titles_desc":"","_seopress_robots_index":"","_monsterinsights_skip_tracking":false,"_monsterinsights_sitenote_active":false,"_monsterinsights_sitenote_note":"","_monsterinsights_sitenote_category":0,"footnotes":""},"categories":[14],"tags":[5747,656,5746,1029,1115,5749],"class_list":["post-183696","post","type-post","status-publish","format-standard","has-post-thumbnail","hentry","category-derechos","tag-curp","tag-diversidad-sexual","tag-ferias-de-la-diversidad","tag-lgbtq-2","tag-purisima-del-rincon","tag-rectificaciones"],"yoast_head":"<!-- This site is optimized with the Yoast SEO plugin v27.4 - https:\/\/yoast.com\/product\/yoast-seo-wordpress\/ -->\n<title>RECTIFICAN ACTAS Y CURP DE PERSONAS DE LA DIVERSIDAD - Kuali<\/title>\n<meta name=\"robots\" content=\"index, follow, max-snippet:-1, max-image-preview:large, max-video-preview:-1\" \/>\n<link rel=\"canonical\" href=\"https:\/\/kuali.com.mx\/web\/2025\/08\/24\/rectifican-actas-y-curp-de-personas-de-la-diversidad\/\" \/>\n<meta property=\"og:locale\" content=\"es_MX\" \/>\n<meta property=\"og:type\" content=\"article\" \/>\n<meta property=\"og:title\" content=\"RECTIFICAN ACTAS Y CURP DE PERSONAS DE LA DIVERSIDAD - Kuali\" \/>\n<meta property=\"og:description\" content=\"Kuali\/Pur\u00edsima del Rinc\u00f3n, Gto.- Por primera vez en la historia de Pur\u00edsima del Rinc\u00f3n se llev\u00f3 a cabo una Feria para la Diversidad Sexual y de G\u00e9nero en la que se entregaron documentos de identidad rectificados. Parte central de la jornada fue la entrega de siete actas de nacimiento y CURP a seis mujeres y [&hellip;]\" \/>\n<meta property=\"og:url\" content=\"https:\/\/kuali.com.mx\/web\/2025\/08\/24\/rectifican-actas-y-curp-de-personas-de-la-diversidad\/\" \/>\n<meta property=\"og:site_name\" content=\"Kuali\" \/>\n<meta property=\"article:publisher\" content=\"https:\/\/kuali.com.mx\/web\/wp-content\/uploads\/2018\/04\/cropped-kuali_logo-1-1.png\" \/>\n<meta property=\"article:published_time\" content=\"2025-08-24T20:25:25+00:00\" \/>\n<meta property=\"article:modified_time\" content=\"2025-08-24T20:25:27+00:00\" \/>\n<meta property=\"og:image\" content=\"https:\/\/kuali.com.mx\/web\/wp-content\/uploads\/2025\/08\/Diversidad-sexual-Purisima.gif\" \/>\n\t<meta property=\"og:image:width\" content=\"1700\" \/>\n\t<meta property=\"og:image:height\" content=\"750\" \/>\n\t<meta property=\"og:image:type\" content=\"image\/gif\" \/>\n<meta name=\"author\" content=\"Kuali Staff\" \/>\n<meta name=\"twitter:card\" content=\"summary_large_image\" \/>\n<meta name=\"twitter:creator\" content=\"@kuali_noticias\" \/>\n<meta name=\"twitter:site\" content=\"@kuali_noticias\" \/>\n<meta name=\"twitter:label1\" content=\"Escrito por\" \/>\n\t<meta name=\"twitter:data1\" content=\"Kuali Staff\" \/>\n\t<meta name=\"twitter:label2\" content=\"Tiempo de lectura\" \/>\n\t<meta name=\"twitter:data2\" content=\"2 minutos\" \/>\n<script type=\"application\/ld+json\" class=\"yoast-schema-graph\">{\"@context\":\"https:\\\/\\\/schema.org\",\"@graph\":[{\"@type\":\"Article\",\"@id\":\"https:\\\/\\\/kuali.com.mx\\\/web\\\/2025\\\/08\\\/24\\\/rectifican-actas-y-curp-de-personas-de-la-diversidad\\\/#article\",\"isPartOf\":{\"@id\":\"https:\\\/\\\/kuali.com.mx\\\/web\\\/2025\\\/08\\\/24\\\/rectifican-actas-y-curp-de-personas-de-la-diversidad\\\/\"},\"author\":{\"name\":\"Kuali Staff\",\"@id\":\"https:\\\/\\\/kuali.com.mx\\\/web\\\/#\\\/schema\\\/person\\\/6f89ffa8ecba9dae50662357923c5289\"},\"headline\":\"RECTIFICAN ACTAS Y CURP DE PERSONAS DE LA DIVERSIDAD\",\"datePublished\":\"2025-08-24T20:25:25+00:00\",\"dateModified\":\"2025-08-24T20:25:27+00:00\",\"mainEntityOfPage\":{\"@id\":\"https:\\\/\\\/kuali.com.mx\\\/web\\\/2025\\\/08\\\/24\\\/rectifican-actas-y-curp-de-personas-de-la-diversidad\\\/\"},\"wordCount\":383,\"commentCount\":0,\"image\":{\"@id\":\"https:\\\/\\\/kuali.com.mx\\\/web\\\/2025\\\/08\\\/24\\\/rectifican-actas-y-curp-de-personas-de-la-diversidad\\\/#primaryimage\"},\"thumbnailUrl\":\"https:\\\/\\\/kuali.com.mx\\\/web\\\/wp-content\\\/uploads\\\/2025\\\/08\\\/Diversidad-sexual-Purisima.gif\",\"keywords\":[\"CURP\",\"Diversidad sexual\",\"Ferias de la diversidad\",\"LGBTQ\",\"Pur\u00edsima del Rinc\u00f3n\",\"Rectificaciones\"],\"articleSection\":[\"Derechos Humanos\"],\"inLanguage\":\"es\",\"potentialAction\":[{\"@type\":\"CommentAction\",\"name\":\"Comment\",\"target\":[\"https:\\\/\\\/kuali.com.mx\\\/web\\\/2025\\\/08\\\/24\\\/rectifican-actas-y-curp-de-personas-de-la-diversidad\\\/#respond\"]}]},{\"@type\":\"WebPage\",\"@id\":\"https:\\\/\\\/kuali.com.mx\\\/web\\\/2025\\\/08\\\/24\\\/rectifican-actas-y-curp-de-personas-de-la-diversidad\\\/\",\"url\":\"https:\\\/\\\/kuali.com.mx\\\/web\\\/2025\\\/08\\\/24\\\/rectifican-actas-y-curp-de-personas-de-la-diversidad\\\/\",\"name\":\"RECTIFICAN ACTAS Y CURP DE PERSONAS DE LA DIVERSIDAD - Kuali\",\"isPartOf\":{\"@id\":\"https:\\\/\\\/kuali.com.mx\\\/web\\\/#website\"},\"primaryImageOfPage\":{\"@id\":\"https:\\\/\\\/kuali.com.mx\\\/web\\\/2025\\\/08\\\/24\\\/rectifican-actas-y-curp-de-personas-de-la-diversidad\\\/#primaryimage\"},\"image\":{\"@id\":\"https:\\\/\\\/kuali.com.mx\\\/web\\\/2025\\\/08\\\/24\\\/rectifican-actas-y-curp-de-personas-de-la-diversidad\\\/#primaryimage\"},\"thumbnailUrl\":\"https:\\\/\\\/kuali.com.mx\\\/web\\\/wp-content\\\/uploads\\\/2025\\\/08\\\/Diversidad-sexual-Purisima.gif\",\"datePublished\":\"2025-08-24T20:25:25+00:00\",\"dateModified\":\"2025-08-24T20:25:27+00:00\",\"author\":{\"@id\":\"https:\\\/\\\/kuali.com.mx\\\/web\\\/#\\\/schema\\\/person\\\/6f89ffa8ecba9dae50662357923c5289\"},\"breadcrumb\":{\"@id\":\"https:\\\/\\\/kuali.com.mx\\\/web\\\/2025\\\/08\\\/24\\\/rectifican-actas-y-curp-de-personas-de-la-diversidad\\\/#breadcrumb\"},\"inLanguage\":\"es\",\"potentialAction\":[{\"@type\":\"ReadAction\",\"target\":[\"https:\\\/\\\/kuali.com.mx\\\/web\\\/2025\\\/08\\\/24\\\/rectifican-actas-y-curp-de-personas-de-la-diversidad\\\/\"]}]},{\"@type\":\"ImageObject\",\"inLanguage\":\"es\",\"@id\":\"https:\\\/\\\/kuali.com.mx\\\/web\\\/2025\\\/08\\\/24\\\/rectifican-actas-y-curp-de-personas-de-la-diversidad\\\/#primaryimage\",\"url\":\"https:\\\/\\\/kuali.com.mx\\\/web\\\/wp-content\\\/uploads\\\/2025\\\/08\\\/Diversidad-sexual-Purisima.gif\",\"contentUrl\":\"https:\\\/\\\/kuali.com.mx\\\/web\\\/wp-content\\\/uploads\\\/2025\\\/08\\\/Diversidad-sexual-Purisima.gif\",\"width\":1700,\"height\":750},{\"@type\":\"BreadcrumbList\",\"@id\":\"https:\\\/\\\/kuali.com.mx\\\/web\\\/2025\\\/08\\\/24\\\/rectifican-actas-y-curp-de-personas-de-la-diversidad\\\/#breadcrumb\",\"itemListElement\":[{\"@type\":\"ListItem\",\"position\":1,\"name\":\"Inicio\",\"item\":\"https:\\\/\\\/kuali.com.mx\\\/web\\\/\"},{\"@type\":\"ListItem\",\"position\":2,\"name\":\"RECTIFICAN ACTAS Y CURP DE PERSONAS DE LA DIVERSIDAD\"}]},{\"@type\":\"WebSite\",\"@id\":\"https:\\\/\\\/kuali.com.mx\\\/web\\\/#website\",\"url\":\"https:\\\/\\\/kuali.com.mx\\\/web\\\/\",\"name\":\"Kuali\",\"description\":\"\",\"potentialAction\":[{\"@type\":\"SearchAction\",\"target\":{\"@type\":\"EntryPoint\",\"urlTemplate\":\"https:\\\/\\\/kuali.com.mx\\\/web\\\/?s={search_term_string}\"},\"query-input\":{\"@type\":\"PropertyValueSpecification\",\"valueRequired\":true,\"valueName\":\"search_term_string\"}}],\"inLanguage\":\"es\"},{\"@type\":\"Person\",\"@id\":\"https:\\\/\\\/kuali.com.mx\\\/web\\\/#\\\/schema\\\/person\\\/6f89ffa8ecba9dae50662357923c5289\",\"name\":\"Kuali Staff\",\"image\":{\"@type\":\"ImageObject\",\"inLanguage\":\"es\",\"@id\":\"https:\\\/\\\/secure.gravatar.com\\\/avatar\\\/f917ad82e5ab71227a733c78b6e60715476f69ee6be59feee4eb5d9920c89e0f?s=96&d=mm&r=g\",\"url\":\"https:\\\/\\\/secure.gravatar.com\\\/avatar\\\/f917ad82e5ab71227a733c78b6e60715476f69ee6be59feee4eb5d9920c89e0f?s=96&d=mm&r=g\",\"contentUrl\":\"https:\\\/\\\/secure.gravatar.com\\\/avatar\\\/f917ad82e5ab71227a733c78b6e60715476f69ee6be59feee4eb5d9920c89e0f?s=96&d=mm&r=g\",\"caption\":\"Kuali Staff\"},\"url\":\"https:\\\/\\\/kuali.com.mx\\\/web\\\/author\\\/lagarto\\\/\"}]}<\/script>\n<!-- \/ Yoast SEO plugin. -->","yoast_head_json":{"title":"RECTIFICAN ACTAS Y CURP DE PERSONAS DE LA DIVERSIDAD - Kuali","robots":{"index":"index","follow":"follow","max-snippet":"max-snippet:-1","max-image-preview":"max-image-preview:large","max-video-preview":"max-video-preview:-1"},"canonical":"https:\/\/kuali.com.mx\/web\/2025\/08\/24\/rectifican-actas-y-curp-de-personas-de-la-diversidad\/","og_locale":"es_MX","og_type":"article","og_title":"RECTIFICAN ACTAS Y CURP DE PERSONAS DE LA DIVERSIDAD - Kuali","og_description":"Kuali\/Pur\u00edsima del Rinc\u00f3n, Gto.- Por primera vez en la historia de Pur\u00edsima del Rinc\u00f3n se llev\u00f3 a cabo una Feria para la Diversidad Sexual y de G\u00e9nero en la que se entregaron documentos de identidad rectificados. Parte central de la jornada fue la entrega de siete actas de nacimiento y CURP a seis mujeres y [&hellip;]","og_url":"https:\/\/kuali.com.mx\/web\/2025\/08\/24\/rectifican-actas-y-curp-de-personas-de-la-diversidad\/","og_site_name":"Kuali","article_publisher":"https:\/\/kuali.com.mx\/web\/wp-content\/uploads\/2018\/04\/cropped-kuali_logo-1-1.png","article_published_time":"2025-08-24T20:25:25+00:00","article_modified_time":"2025-08-24T20:25:27+00:00","og_image":[{"width":1700,"height":750,"url":"https:\/\/kuali.com.mx\/web\/wp-content\/uploads\/2025\/08\/Diversidad-sexual-Purisima.gif","type":"image\/gif"}],"author":"Kuali Staff","twitter_card":"summary_large_image","twitter_creator":"@kuali_noticias","twitter_site":"@kuali_noticias","twitter_misc":{"Escrito por":"Kuali Staff","Tiempo de lectura":"2 minutos"},"schema":{"@context":"https:\/\/schema.org","@graph":[{"@type":"Article","@id":"https:\/\/kuali.com.mx\/web\/2025\/08\/24\/rectifican-actas-y-curp-de-personas-de-la-diversidad\/#article","isPartOf":{"@id":"https:\/\/kuali.com.mx\/web\/2025\/08\/24\/rectifican-actas-y-curp-de-personas-de-la-diversidad\/"},"author":{"name":"Kuali Staff","@id":"https:\/\/kuali.com.mx\/web\/#\/schema\/person\/6f89ffa8ecba9dae50662357923c5289"},"headline":"RECTIFICAN ACTAS Y CURP DE PERSONAS DE LA DIVERSIDAD","datePublished":"2025-08-24T20:25:25+00:00","dateModified":"2025-08-24T20:25:27+00:00","mainEntityOfPage":{"@id":"https:\/\/kuali.com.mx\/web\/2025\/08\/24\/rectifican-actas-y-curp-de-personas-de-la-diversidad\/"},"wordCount":383,"commentCount":0,"image":{"@id":"https:\/\/kuali.com.mx\/web\/2025\/08\/24\/rectifican-actas-y-curp-de-personas-de-la-diversidad\/#primaryimage"},"thumbnailUrl":"https:\/\/kuali.com.mx\/web\/wp-content\/uploads\/2025\/08\/Diversidad-sexual-Purisima.gif","keywords":["CURP","Diversidad sexual","Ferias de la diversidad","LGBTQ","Pur\u00edsima del Rinc\u00f3n","Rectificaciones"],"articleSection":["Derechos Humanos"],"inLanguage":"es","potentialAction":[{"@type":"CommentAction","name":"Comment","target":["https:\/\/kuali.com.mx\/web\/2025\/08\/24\/rectifican-actas-y-curp-de-personas-de-la-diversidad\/#respond"]}]},{"@type":"WebPage","@id":"https:\/\/kuali.com.mx\/web\/2025\/08\/24\/rectifican-actas-y-curp-de-personas-de-la-diversidad\/","url":"https:\/\/kuali.com.mx\/web\/2025\/08\/24\/rectifican-actas-y-curp-de-personas-de-la-diversidad\/","name":"RECTIFICAN ACTAS Y CURP DE PERSONAS DE LA DIVERSIDAD - Kuali","isPartOf":{"@id":"https:\/\/kuali.com.mx\/web\/#website"},"primaryImageOfPage":{"@id":"https:\/\/kuali.com.mx\/web\/2025\/08\/24\/rectifican-actas-y-curp-de-personas-de-la-diversidad\/#primaryimage"},"image":{"@id":"https:\/\/kuali.com.mx\/web\/2025\/08\/24\/rectifican-actas-y-curp-de-personas-de-la-diversidad\/#primaryimage"},"thumbnailUrl":"https:\/\/kuali.com.mx\/web\/wp-content\/uploads\/2025\/08\/Diversidad-sexual-Purisima.gif","datePublished":"2025-08-24T20:25:25+00:00","dateModified":"2025-08-24T20:25:27+00:00","author":{"@id":"https:\/\/kuali.com.mx\/web\/#\/schema\/person\/6f89ffa8ecba9dae50662357923c5289"},"breadcrumb":{"@id":"https:\/\/kuali.com.mx\/web\/2025\/08\/24\/rectifican-actas-y-curp-de-personas-de-la-diversidad\/#breadcrumb"},"inLanguage":"es","potentialAction":[{"@type":"ReadAction","target":["https:\/\/kuali.com.mx\/web\/2025\/08\/24\/rectifican-actas-y-curp-de-personas-de-la-diversidad\/"]}]},{"@type":"ImageObject","inLanguage":"es","@id":"https:\/\/kuali.com.mx\/web\/2025\/08\/24\/rectifican-actas-y-curp-de-personas-de-la-diversidad\/#primaryimage","url":"https:\/\/kuali.com.mx\/web\/wp-content\/uploads\/2025\/08\/Diversidad-sexual-Purisima.gif","contentUrl":"https:\/\/kuali.com.mx\/web\/wp-content\/uploads\/2025\/08\/Diversidad-sexual-Purisima.gif","width":1700,"height":750},{"@type":"BreadcrumbList","@id":"https:\/\/kuali.com.mx\/web\/2025\/08\/24\/rectifican-actas-y-curp-de-personas-de-la-diversidad\/#breadcrumb","itemListElement":[{"@type":"ListItem","position":1,"name":"Inicio","item":"https:\/\/kuali.com.mx\/web\/"},{"@type":"ListItem","position":2,"name":"RECTIFICAN ACTAS Y CURP DE PERSONAS DE LA DIVERSIDAD"}]},{"@type":"WebSite","@id":"https:\/\/kuali.com.mx\/web\/#website","url":"https:\/\/kuali.com.mx\/web\/","name":"Kuali","description":"","potentialAction":[{"@type":"SearchAction","target":{"@type":"EntryPoint","urlTemplate":"https:\/\/kuali.com.mx\/web\/?s={search_term_string}"},"query-input":{"@type":"PropertyValueSpecification","valueRequired":true,"valueName":"search_term_string"}}],"inLanguage":"es"},{"@type":"Person","@id":"https:\/\/kuali.com.mx\/web\/#\/schema\/person\/6f89ffa8ecba9dae50662357923c5289","name":"Kuali Staff","image":{"@type":"ImageObject","inLanguage":"es","@id":"https:\/\/secure.gravatar.com\/avatar\/f917ad82e5ab71227a733c78b6e60715476f69ee6be59feee4eb5d9920c89e0f?s=96&d=mm&r=g","url":"https:\/\/secure.gravatar.com\/avatar\/f917ad82e5ab71227a733c78b6e60715476f69ee6be59feee4eb5d9920c89e0f?s=96&d=mm&r=g","contentUrl":"https:\/\/secure.gravatar.com\/avatar\/f917ad82e5ab71227a733c78b6e60715476f69ee6be59feee4eb5d9920c89e0f?s=96&d=mm&r=g","caption":"Kuali Staff"},"url":"https:\/\/kuali.com.mx\/web\/author\/lagarto\/"}]}},"_links":{"self":[{"href":"https:\/\/kuali.com.mx\/web\/wp-json\/wp\/v2\/posts\/183696","targetHints":{"allow":["GET"]}}],"collection":[{"href":"https:\/\/kuali.com.mx\/web\/wp-json\/wp\/v2\/posts"}],"about":[{"href":"https:\/\/kuali.com.mx\/web\/wp-json\/wp\/v2\/types\/post"}],"author":[{"embeddable":true,"href":"https:\/\/kuali.com.mx\/web\/wp-json\/wp\/v2\/users\/2"}],"replies":[{"embeddable":true,"href":"https:\/\/kuali.com.mx\/web\/wp-json\/wp\/v2\/comments?post=183696"}],"version-history":[{"count":1,"href":"https:\/\/kuali.com.mx\/web\/wp-json\/wp\/v2\/posts\/183696\/revisions"}],"predecessor-version":[{"id":183700,"href":"https:\/\/kuali.com.mx\/web\/wp-json\/wp\/v2\/posts\/183696\/revisions\/183700"}],"wp:featuredmedia":[{"embeddable":true,"href":"https:\/\/kuali.com.mx\/web\/wp-json\/wp\/v2\/media\/183699"}],"wp:attachment":[{"href":"https:\/\/kuali.com.mx\/web\/wp-json\/wp\/v2\/media?parent=183696"}],"wp:term":[{"taxonomy":"category","embeddable":true,"href":"https:\/\/kuali.com.mx\/web\/wp-json\/wp\/v2\/categories?post=183696"},{"taxonomy":"post_tag","embeddable":true,"href":"https:\/\/kuali.com.mx\/web\/wp-json\/wp\/v2\/tags?post=183696"}],"curies":[{"name":"wp","href":"https:\/\/api.w.org\/{rel}","templated":true}]}}