{"id":183515,"date":"2025-08-21T09:20:37","date_gmt":"2025-08-21T15:20:37","guid":{"rendered":"https:\/\/kuali.com.mx\/web\/?p=183515"},"modified":"2025-08-21T21:50:57","modified_gmt":"2025-08-22T03:50:57","slug":"convocan-a-artistas-locales-para-opera-carmen","status":"publish","type":"post","link":"https:\/\/kuali.com.mx\/web\/2025\/08\/21\/convocan-a-artistas-locales-para-opera-carmen\/","title":{"rendered":"CONVOCAN A ARTISTAS LOCALES PARA \u00d3PERA CARMEN"},"content":{"rendered":"\n<p><strong>Kuali\/Le\u00f3n, Gto.- <\/strong>La Secretar\u00eda de Cultura abri\u00f3 una convocatoria dirigida a artistas residentes en el estado de Guanajuato para formar parte del elenco e la \u00f3pera Carmen, con la que festejar\u00e1n el 15 aniversario del Teatro del Bicentenario Roberto Plasencia Salda\u00f1a.<\/p>\n\n\n\n<p>La convocatoria es para bailarines, actrices, actores, creadoras y creadores esc\u00e9nicos, as\u00ed como\u00a0<em>performers<\/em> residentes en Guanajuato, con formaci\u00f3n art\u00edstica, dominio esc\u00e9nico y corporal; capacidad para trabajar en procesos colaborativos e interdisciplinarios; experiencia en montajes esc\u00e9nicos y conocimiento de la \u00f3pera\u00a0<em>Carmen<\/em>.<\/p>\n\n\n\n<p>Los perfiles requeridos corresponden a personajes como: mujeres trabajadoras en una tabacalera, gitanos y gitanas, soldados y pueblo en fiesta taurina.<\/p>\n\n\n\n<p>El registro para participar ya est\u00e1 abierto y cerrar\u00e1 el ocho de septiembre a las 4:00 de la tarde en el sitio web <a href=\"http:\/\/cultura.guanajuato.gob.mx\/\">cultura.guanajuato.gob.mx<\/a>. <\/p>\n\n\n\n<p>La preselecci\u00f3n estar\u00e1 a cargo de Mauricio Garc\u00eda Lozano (director de escena) y Marco Antonio Silva (core\u00f3grafo), quienes conducir\u00e1n la propuesta art\u00edstica. Se realizar\u00e1 una audici\u00f3n virtual del 23 al 26 de septiembre y los resultados definitivos se dar\u00e1n a conocer el tres de octubre por medio de correo electr\u00f3nico.<\/p>\n\n\n\n<p>Los artistas seleccionados formar\u00e1n parte de un taller de creatividad, recibir\u00e1n preparaci\u00f3n coreogr\u00e1fica y actoral y tendr\u00e1n la oportunidad de compartir el escenario con figuras de talla internacional como Alessandra Volpe, Arturo Chac\u00f3n Cruz, Juan Carlos Heredia y G\u00e9nesis Moreno, as\u00ed como con agrupaciones guanajuatenses, entre ellas el Coro del Teatro del Bicentenario.<\/p>\n\n\n\n<p>Se requiere disponibilidad del 27 al 31 de octubre para el taller de creatividad, de 9:00 de la ma\u00f1ana a  12:00 de la tarde, as\u00ed como para los ensayos esc\u00e9nicos del 3 al 25 de noviembre y las funciones programadas los d\u00edas 26, 27 y 29 de noviembre de 2025.<\/p>\n\n\n\n<p>Adicionalmente a la preparaci\u00f3n art\u00edstica los artistas seleccionados recibir\u00e1n un est\u00edmulo econ\u00f3mico, como vestuario y maquillaje esc\u00e9nico individual, y la menci\u00f3n en el programa de mano impreso.<\/p>\n\n\n\n<p>Para dudas o informaci\u00f3n adicional, escribir a: \u00a0<a href=\"mailto:teatrodelbicentenario@guanajuato.gob.mx\"><strong>teatrodelbicentenario@guanajuato.gob.mx<\/strong><\/a>.<\/p>\n\n\n\n<p>La convocatoria completa est\u00e1 disponible en:&nbsp;<a href=\"http:\/\/cultura.guanajuato.gob.mx\/\">cultura.guanajuato.gob.mx<\/a>.<\/p>\n","protected":false},"excerpt":{"rendered":"Kuali\/Le\u00f3n, Gto.- La Secretar\u00eda de Cultura abri\u00f3 una convocatoria dirigida a artistas residentes en el estado de Guanajuato para formar parte del elenco e la \u00f3pera Carmen, con la que festejar\u00e1n el 15 aniversario del Teatro del Bicentenario Roberto Plasencia Salda\u00f1a. La convocatoria es para bailarines, actrices, actores, creadoras y creadores esc\u00e9nicos, as\u00ed como\u00a0performers residentes [&hellip;]","protected":false},"author":2,"featured_media":183518,"comment_status":"open","ping_status":"open","sticky":false,"template":"","format":"standard","meta":{"_seopress_robots_primary_cat":"none","_seopress_titles_title":"","_seopress_titles_desc":"","_seopress_robots_index":"","_monsterinsights_skip_tracking":false,"_monsterinsights_sitenote_active":false,"_monsterinsights_sitenote_note":"","_monsterinsights_sitenote_category":0,"footnotes":""},"categories":[8],"tags":[127,162,5737,10,5736,1729],"class_list":["post-183515","post","type-post","status-publish","format-standard","has-post-thumbnail","hentry","category-espectaculos","tag-arte-y-cultura","tag-convocatorias","tag-elenco-artistico","tag-leon","tag-opera-carmen","tag-teatro-del-bicentenario"],"yoast_head":"<!-- This site is optimized with the Yoast SEO plugin v27.4 - https:\/\/yoast.com\/product\/yoast-seo-wordpress\/ -->\n<title>CONVOCAN A ARTISTAS LOCALES PARA \u00d3PERA CARMEN - Kuali<\/title>\n<meta name=\"robots\" content=\"index, follow, max-snippet:-1, max-image-preview:large, max-video-preview:-1\" \/>\n<link rel=\"canonical\" href=\"https:\/\/kuali.com.mx\/web\/2025\/08\/21\/convocan-a-artistas-locales-para-opera-carmen\/\" \/>\n<meta property=\"og:locale\" content=\"es_MX\" \/>\n<meta property=\"og:type\" content=\"article\" \/>\n<meta property=\"og:title\" content=\"CONVOCAN A ARTISTAS LOCALES PARA \u00d3PERA CARMEN - Kuali\" \/>\n<meta property=\"og:description\" content=\"Kuali\/Le\u00f3n, Gto.- La Secretar\u00eda de Cultura abri\u00f3 una convocatoria dirigida a artistas residentes en el estado de Guanajuato para formar parte del elenco e la \u00f3pera Carmen, con la que festejar\u00e1n el 15 aniversario del Teatro del Bicentenario Roberto Plasencia Salda\u00f1a. La convocatoria es para bailarines, actrices, actores, creadoras y creadores esc\u00e9nicos, as\u00ed como\u00a0performers residentes [&hellip;]\" \/>\n<meta property=\"og:url\" content=\"https:\/\/kuali.com.mx\/web\/2025\/08\/21\/convocan-a-artistas-locales-para-opera-carmen\/\" \/>\n<meta property=\"og:site_name\" content=\"Kuali\" \/>\n<meta property=\"article:publisher\" content=\"https:\/\/kuali.com.mx\/web\/wp-content\/uploads\/2018\/04\/cropped-kuali_logo-1-1.png\" \/>\n<meta property=\"article:published_time\" content=\"2025-08-21T15:20:37+00:00\" \/>\n<meta property=\"article:modified_time\" content=\"2025-08-22T03:50:57+00:00\" \/>\n<meta property=\"og:image\" content=\"https:\/\/kuali.com.mx\/web\/wp-content\/uploads\/2025\/08\/OPera-Carmen.gif\" \/>\n\t<meta property=\"og:image:width\" content=\"1777\" \/>\n\t<meta property=\"og:image:height\" content=\"750\" \/>\n\t<meta property=\"og:image:type\" content=\"image\/gif\" \/>\n<meta name=\"author\" content=\"Kuali Staff\" \/>\n<meta name=\"twitter:card\" content=\"summary_large_image\" \/>\n<meta name=\"twitter:creator\" content=\"@kuali_noticias\" \/>\n<meta name=\"twitter:site\" content=\"@kuali_noticias\" \/>\n<meta name=\"twitter:label1\" content=\"Escrito por\" \/>\n\t<meta name=\"twitter:data1\" content=\"Kuali Staff\" \/>\n\t<meta name=\"twitter:label2\" content=\"Tiempo de lectura\" \/>\n\t<meta name=\"twitter:data2\" content=\"2 minutos\" \/>\n<script type=\"application\/ld+json\" class=\"yoast-schema-graph\">{\"@context\":\"https:\\\/\\\/schema.org\",\"@graph\":[{\"@type\":\"Article\",\"@id\":\"https:\\\/\\\/kuali.com.mx\\\/web\\\/2025\\\/08\\\/21\\\/convocan-a-artistas-locales-para-opera-carmen\\\/#article\",\"isPartOf\":{\"@id\":\"https:\\\/\\\/kuali.com.mx\\\/web\\\/2025\\\/08\\\/21\\\/convocan-a-artistas-locales-para-opera-carmen\\\/\"},\"author\":{\"name\":\"Kuali Staff\",\"@id\":\"https:\\\/\\\/kuali.com.mx\\\/web\\\/#\\\/schema\\\/person\\\/6f89ffa8ecba9dae50662357923c5289\"},\"headline\":\"CONVOCAN A ARTISTAS LOCALES PARA \u00d3PERA CARMEN\",\"datePublished\":\"2025-08-21T15:20:37+00:00\",\"dateModified\":\"2025-08-22T03:50:57+00:00\",\"mainEntityOfPage\":{\"@id\":\"https:\\\/\\\/kuali.com.mx\\\/web\\\/2025\\\/08\\\/21\\\/convocan-a-artistas-locales-para-opera-carmen\\\/\"},\"wordCount\":363,\"commentCount\":0,\"image\":{\"@id\":\"https:\\\/\\\/kuali.com.mx\\\/web\\\/2025\\\/08\\\/21\\\/convocan-a-artistas-locales-para-opera-carmen\\\/#primaryimage\"},\"thumbnailUrl\":\"https:\\\/\\\/kuali.com.mx\\\/web\\\/wp-content\\\/uploads\\\/2025\\\/08\\\/OPera-Carmen.gif\",\"keywords\":[\"Arte y cultura\",\"Convocatorias\",\"Elenco art\u00edstico\",\"Le\u00f3n\",\"\u00d3pera Carmen\",\"Teatro del Bicentenario\"],\"articleSection\":[\"Cultura\"],\"inLanguage\":\"es\",\"potentialAction\":[{\"@type\":\"CommentAction\",\"name\":\"Comment\",\"target\":[\"https:\\\/\\\/kuali.com.mx\\\/web\\\/2025\\\/08\\\/21\\\/convocan-a-artistas-locales-para-opera-carmen\\\/#respond\"]}]},{\"@type\":\"WebPage\",\"@id\":\"https:\\\/\\\/kuali.com.mx\\\/web\\\/2025\\\/08\\\/21\\\/convocan-a-artistas-locales-para-opera-carmen\\\/\",\"url\":\"https:\\\/\\\/kuali.com.mx\\\/web\\\/2025\\\/08\\\/21\\\/convocan-a-artistas-locales-para-opera-carmen\\\/\",\"name\":\"CONVOCAN A ARTISTAS LOCALES PARA \u00d3PERA CARMEN - Kuali\",\"isPartOf\":{\"@id\":\"https:\\\/\\\/kuali.com.mx\\\/web\\\/#website\"},\"primaryImageOfPage\":{\"@id\":\"https:\\\/\\\/kuali.com.mx\\\/web\\\/2025\\\/08\\\/21\\\/convocan-a-artistas-locales-para-opera-carmen\\\/#primaryimage\"},\"image\":{\"@id\":\"https:\\\/\\\/kuali.com.mx\\\/web\\\/2025\\\/08\\\/21\\\/convocan-a-artistas-locales-para-opera-carmen\\\/#primaryimage\"},\"thumbnailUrl\":\"https:\\\/\\\/kuali.com.mx\\\/web\\\/wp-content\\\/uploads\\\/2025\\\/08\\\/OPera-Carmen.gif\",\"datePublished\":\"2025-08-21T15:20:37+00:00\",\"dateModified\":\"2025-08-22T03:50:57+00:00\",\"author\":{\"@id\":\"https:\\\/\\\/kuali.com.mx\\\/web\\\/#\\\/schema\\\/person\\\/6f89ffa8ecba9dae50662357923c5289\"},\"breadcrumb\":{\"@id\":\"https:\\\/\\\/kuali.com.mx\\\/web\\\/2025\\\/08\\\/21\\\/convocan-a-artistas-locales-para-opera-carmen\\\/#breadcrumb\"},\"inLanguage\":\"es\",\"potentialAction\":[{\"@type\":\"ReadAction\",\"target\":[\"https:\\\/\\\/kuali.com.mx\\\/web\\\/2025\\\/08\\\/21\\\/convocan-a-artistas-locales-para-opera-carmen\\\/\"]}]},{\"@type\":\"ImageObject\",\"inLanguage\":\"es\",\"@id\":\"https:\\\/\\\/kuali.com.mx\\\/web\\\/2025\\\/08\\\/21\\\/convocan-a-artistas-locales-para-opera-carmen\\\/#primaryimage\",\"url\":\"https:\\\/\\\/kuali.com.mx\\\/web\\\/wp-content\\\/uploads\\\/2025\\\/08\\\/OPera-Carmen.gif\",\"contentUrl\":\"https:\\\/\\\/kuali.com.mx\\\/web\\\/wp-content\\\/uploads\\\/2025\\\/08\\\/OPera-Carmen.gif\",\"width\":1777,\"height\":750},{\"@type\":\"BreadcrumbList\",\"@id\":\"https:\\\/\\\/kuali.com.mx\\\/web\\\/2025\\\/08\\\/21\\\/convocan-a-artistas-locales-para-opera-carmen\\\/#breadcrumb\",\"itemListElement\":[{\"@type\":\"ListItem\",\"position\":1,\"name\":\"Inicio\",\"item\":\"https:\\\/\\\/kuali.com.mx\\\/web\\\/\"},{\"@type\":\"ListItem\",\"position\":2,\"name\":\"CONVOCAN A ARTISTAS LOCALES PARA \u00d3PERA CARMEN\"}]},{\"@type\":\"WebSite\",\"@id\":\"https:\\\/\\\/kuali.com.mx\\\/web\\\/#website\",\"url\":\"https:\\\/\\\/kuali.com.mx\\\/web\\\/\",\"name\":\"Kuali\",\"description\":\"\",\"potentialAction\":[{\"@type\":\"SearchAction\",\"target\":{\"@type\":\"EntryPoint\",\"urlTemplate\":\"https:\\\/\\\/kuali.com.mx\\\/web\\\/?s={search_term_string}\"},\"query-input\":{\"@type\":\"PropertyValueSpecification\",\"valueRequired\":true,\"valueName\":\"search_term_string\"}}],\"inLanguage\":\"es\"},{\"@type\":\"Person\",\"@id\":\"https:\\\/\\\/kuali.com.mx\\\/web\\\/#\\\/schema\\\/person\\\/6f89ffa8ecba9dae50662357923c5289\",\"name\":\"Kuali Staff\",\"image\":{\"@type\":\"ImageObject\",\"inLanguage\":\"es\",\"@id\":\"https:\\\/\\\/secure.gravatar.com\\\/avatar\\\/f917ad82e5ab71227a733c78b6e60715476f69ee6be59feee4eb5d9920c89e0f?s=96&d=mm&r=g\",\"url\":\"https:\\\/\\\/secure.gravatar.com\\\/avatar\\\/f917ad82e5ab71227a733c78b6e60715476f69ee6be59feee4eb5d9920c89e0f?s=96&d=mm&r=g\",\"contentUrl\":\"https:\\\/\\\/secure.gravatar.com\\\/avatar\\\/f917ad82e5ab71227a733c78b6e60715476f69ee6be59feee4eb5d9920c89e0f?s=96&d=mm&r=g\",\"caption\":\"Kuali Staff\"},\"url\":\"https:\\\/\\\/kuali.com.mx\\\/web\\\/author\\\/lagarto\\\/\"}]}<\/script>\n<!-- \/ Yoast SEO plugin. -->","yoast_head_json":{"title":"CONVOCAN A ARTISTAS LOCALES PARA \u00d3PERA CARMEN - Kuali","robots":{"index":"index","follow":"follow","max-snippet":"max-snippet:-1","max-image-preview":"max-image-preview:large","max-video-preview":"max-video-preview:-1"},"canonical":"https:\/\/kuali.com.mx\/web\/2025\/08\/21\/convocan-a-artistas-locales-para-opera-carmen\/","og_locale":"es_MX","og_type":"article","og_title":"CONVOCAN A ARTISTAS LOCALES PARA \u00d3PERA CARMEN - Kuali","og_description":"Kuali\/Le\u00f3n, Gto.- La Secretar\u00eda de Cultura abri\u00f3 una convocatoria dirigida a artistas residentes en el estado de Guanajuato para formar parte del elenco e la \u00f3pera Carmen, con la que festejar\u00e1n el 15 aniversario del Teatro del Bicentenario Roberto Plasencia Salda\u00f1a. La convocatoria es para bailarines, actrices, actores, creadoras y creadores esc\u00e9nicos, as\u00ed como\u00a0performers residentes [&hellip;]","og_url":"https:\/\/kuali.com.mx\/web\/2025\/08\/21\/convocan-a-artistas-locales-para-opera-carmen\/","og_site_name":"Kuali","article_publisher":"https:\/\/kuali.com.mx\/web\/wp-content\/uploads\/2018\/04\/cropped-kuali_logo-1-1.png","article_published_time":"2025-08-21T15:20:37+00:00","article_modified_time":"2025-08-22T03:50:57+00:00","og_image":[{"width":1777,"height":750,"url":"https:\/\/kuali.com.mx\/web\/wp-content\/uploads\/2025\/08\/OPera-Carmen.gif","type":"image\/gif"}],"author":"Kuali Staff","twitter_card":"summary_large_image","twitter_creator":"@kuali_noticias","twitter_site":"@kuali_noticias","twitter_misc":{"Escrito por":"Kuali Staff","Tiempo de lectura":"2 minutos"},"schema":{"@context":"https:\/\/schema.org","@graph":[{"@type":"Article","@id":"https:\/\/kuali.com.mx\/web\/2025\/08\/21\/convocan-a-artistas-locales-para-opera-carmen\/#article","isPartOf":{"@id":"https:\/\/kuali.com.mx\/web\/2025\/08\/21\/convocan-a-artistas-locales-para-opera-carmen\/"},"author":{"name":"Kuali Staff","@id":"https:\/\/kuali.com.mx\/web\/#\/schema\/person\/6f89ffa8ecba9dae50662357923c5289"},"headline":"CONVOCAN A ARTISTAS LOCALES PARA \u00d3PERA CARMEN","datePublished":"2025-08-21T15:20:37+00:00","dateModified":"2025-08-22T03:50:57+00:00","mainEntityOfPage":{"@id":"https:\/\/kuali.com.mx\/web\/2025\/08\/21\/convocan-a-artistas-locales-para-opera-carmen\/"},"wordCount":363,"commentCount":0,"image":{"@id":"https:\/\/kuali.com.mx\/web\/2025\/08\/21\/convocan-a-artistas-locales-para-opera-carmen\/#primaryimage"},"thumbnailUrl":"https:\/\/kuali.com.mx\/web\/wp-content\/uploads\/2025\/08\/OPera-Carmen.gif","keywords":["Arte y cultura","Convocatorias","Elenco art\u00edstico","Le\u00f3n","\u00d3pera Carmen","Teatro del Bicentenario"],"articleSection":["Cultura"],"inLanguage":"es","potentialAction":[{"@type":"CommentAction","name":"Comment","target":["https:\/\/kuali.com.mx\/web\/2025\/08\/21\/convocan-a-artistas-locales-para-opera-carmen\/#respond"]}]},{"@type":"WebPage","@id":"https:\/\/kuali.com.mx\/web\/2025\/08\/21\/convocan-a-artistas-locales-para-opera-carmen\/","url":"https:\/\/kuali.com.mx\/web\/2025\/08\/21\/convocan-a-artistas-locales-para-opera-carmen\/","name":"CONVOCAN A ARTISTAS LOCALES PARA \u00d3PERA CARMEN - Kuali","isPartOf":{"@id":"https:\/\/kuali.com.mx\/web\/#website"},"primaryImageOfPage":{"@id":"https:\/\/kuali.com.mx\/web\/2025\/08\/21\/convocan-a-artistas-locales-para-opera-carmen\/#primaryimage"},"image":{"@id":"https:\/\/kuali.com.mx\/web\/2025\/08\/21\/convocan-a-artistas-locales-para-opera-carmen\/#primaryimage"},"thumbnailUrl":"https:\/\/kuali.com.mx\/web\/wp-content\/uploads\/2025\/08\/OPera-Carmen.gif","datePublished":"2025-08-21T15:20:37+00:00","dateModified":"2025-08-22T03:50:57+00:00","author":{"@id":"https:\/\/kuali.com.mx\/web\/#\/schema\/person\/6f89ffa8ecba9dae50662357923c5289"},"breadcrumb":{"@id":"https:\/\/kuali.com.mx\/web\/2025\/08\/21\/convocan-a-artistas-locales-para-opera-carmen\/#breadcrumb"},"inLanguage":"es","potentialAction":[{"@type":"ReadAction","target":["https:\/\/kuali.com.mx\/web\/2025\/08\/21\/convocan-a-artistas-locales-para-opera-carmen\/"]}]},{"@type":"ImageObject","inLanguage":"es","@id":"https:\/\/kuali.com.mx\/web\/2025\/08\/21\/convocan-a-artistas-locales-para-opera-carmen\/#primaryimage","url":"https:\/\/kuali.com.mx\/web\/wp-content\/uploads\/2025\/08\/OPera-Carmen.gif","contentUrl":"https:\/\/kuali.com.mx\/web\/wp-content\/uploads\/2025\/08\/OPera-Carmen.gif","width":1777,"height":750},{"@type":"BreadcrumbList","@id":"https:\/\/kuali.com.mx\/web\/2025\/08\/21\/convocan-a-artistas-locales-para-opera-carmen\/#breadcrumb","itemListElement":[{"@type":"ListItem","position":1,"name":"Inicio","item":"https:\/\/kuali.com.mx\/web\/"},{"@type":"ListItem","position":2,"name":"CONVOCAN A ARTISTAS LOCALES PARA \u00d3PERA CARMEN"}]},{"@type":"WebSite","@id":"https:\/\/kuali.com.mx\/web\/#website","url":"https:\/\/kuali.com.mx\/web\/","name":"Kuali","description":"","potentialAction":[{"@type":"SearchAction","target":{"@type":"EntryPoint","urlTemplate":"https:\/\/kuali.com.mx\/web\/?s={search_term_string}"},"query-input":{"@type":"PropertyValueSpecification","valueRequired":true,"valueName":"search_term_string"}}],"inLanguage":"es"},{"@type":"Person","@id":"https:\/\/kuali.com.mx\/web\/#\/schema\/person\/6f89ffa8ecba9dae50662357923c5289","name":"Kuali Staff","image":{"@type":"ImageObject","inLanguage":"es","@id":"https:\/\/secure.gravatar.com\/avatar\/f917ad82e5ab71227a733c78b6e60715476f69ee6be59feee4eb5d9920c89e0f?s=96&d=mm&r=g","url":"https:\/\/secure.gravatar.com\/avatar\/f917ad82e5ab71227a733c78b6e60715476f69ee6be59feee4eb5d9920c89e0f?s=96&d=mm&r=g","contentUrl":"https:\/\/secure.gravatar.com\/avatar\/f917ad82e5ab71227a733c78b6e60715476f69ee6be59feee4eb5d9920c89e0f?s=96&d=mm&r=g","caption":"Kuali Staff"},"url":"https:\/\/kuali.com.mx\/web\/author\/lagarto\/"}]}},"_links":{"self":[{"href":"https:\/\/kuali.com.mx\/web\/wp-json\/wp\/v2\/posts\/183515","targetHints":{"allow":["GET"]}}],"collection":[{"href":"https:\/\/kuali.com.mx\/web\/wp-json\/wp\/v2\/posts"}],"about":[{"href":"https:\/\/kuali.com.mx\/web\/wp-json\/wp\/v2\/types\/post"}],"author":[{"embeddable":true,"href":"https:\/\/kuali.com.mx\/web\/wp-json\/wp\/v2\/users\/2"}],"replies":[{"embeddable":true,"href":"https:\/\/kuali.com.mx\/web\/wp-json\/wp\/v2\/comments?post=183515"}],"version-history":[{"count":1,"href":"https:\/\/kuali.com.mx\/web\/wp-json\/wp\/v2\/posts\/183515\/revisions"}],"predecessor-version":[{"id":183519,"href":"https:\/\/kuali.com.mx\/web\/wp-json\/wp\/v2\/posts\/183515\/revisions\/183519"}],"wp:featuredmedia":[{"embeddable":true,"href":"https:\/\/kuali.com.mx\/web\/wp-json\/wp\/v2\/media\/183518"}],"wp:attachment":[{"href":"https:\/\/kuali.com.mx\/web\/wp-json\/wp\/v2\/media?parent=183515"}],"wp:term":[{"taxonomy":"category","embeddable":true,"href":"https:\/\/kuali.com.mx\/web\/wp-json\/wp\/v2\/categories?post=183515"},{"taxonomy":"post_tag","embeddable":true,"href":"https:\/\/kuali.com.mx\/web\/wp-json\/wp\/v2\/tags?post=183515"}],"curies":[{"name":"wp","href":"https:\/\/api.w.org\/{rel}","templated":true}]}}