{"id":183446,"date":"2025-08-20T20:21:26","date_gmt":"2025-08-21T02:21:26","guid":{"rendered":"https:\/\/kuali.com.mx\/web\/?p=183446"},"modified":"2025-08-20T20:21:28","modified_gmt":"2025-08-21T02:21:28","slug":"deben-aceptarse-las-recomendaciones-de-la-prodheg-regidora","status":"publish","type":"post","link":"https:\/\/kuali.com.mx\/web\/2025\/08\/20\/deben-aceptarse-las-recomendaciones-de-la-prodheg-regidora\/","title":{"rendered":"DEBEN ACEPTARSE LAS RECOMENDACIONES DE LA PRODHEG: REGIDORA"},"content":{"rendered":"\n<p><strong><em>Bernardo Monroy\/San Francisco del Rinc\u00f3n, Gto.-<\/em><\/strong> El Ayuntamiento de San Francisco del Rinc\u00f3n y el alcalde deben aceptar las recomendaciones de la Procuradur\u00eda de los Derechos Humanos del Estado de Guanajuato (Prodheg) derivadas del suicidio de un hombre en los separos de seguridad, se\u00f1al\u00f3 la regidora priista, Luc\u00eda del Carmen G\u00f3mez Dimas.<\/p>\n\n\n\n<p>A ra\u00edz de que el 28 de septiembre de 2023 Jos\u00e9 N., un detenido, se suicid\u00f3 en los separos de la Secretar\u00eda de Seguridad de San Francisco del Rinc\u00f3n, la titular de la Procuradur\u00eda de los Derechos Humanos del Estado de Guanajuato (Prodheg), Karla Alcaraz Olvera, recomend\u00f3 al alcalde Antonio Mar\u00fan Gonz\u00e1lez, y el Ayuntamiento realizar una investigaci\u00f3n contra 2 oficiales calificadores, 2 m\u00e9dicos y un custodio.<\/p>\n\n\n\n<p>La informaci\u00f3n detallada se puede consultar en el expediente 1742\/2023 de la p\u00e1gina de <a href=\"http:\/\/www.derechoshumanosgto.org.mx\">www.derechoshumanosgto.org.mx<\/a>, donde se detalla el caso.<\/p>\n\n\n\n<figure class=\"wp-block-embed is-type-wp-embed is-provider-kuali wp-block-embed-kuali\"><div class=\"wp-block-embed__wrapper\">\n<blockquote class=\"wp-embedded-content\" data-secret=\"wIXw1GgLNi\"><a href=\"https:\/\/kuali.com.mx\/web\/2025\/08\/19\/debe-marun-sancionar-a-funcionarios-de-seguridad-prodheg\/\">DEBE MAR\u00daN SANCIONAR A FUNCIONARIOS DE SEGURIDAD: PRODHEG<\/a><\/blockquote><iframe loading=\"lazy\" class=\"wp-embedded-content\" sandbox=\"allow-scripts\" security=\"restricted\" style=\"position: absolute; visibility: hidden;\" title=\"&#8220;DEBE MAR\u00daN SANCIONAR A FUNCIONARIOS DE SEGURIDAD: PRODHEG&#8221; &#8212; Kuali\" src=\"https:\/\/kuali.com.mx\/web\/2025\/08\/19\/debe-marun-sancionar-a-funcionarios-de-seguridad-prodheg\/embed\/#?secret=8k0mtMbj3S#?secret=wIXw1GgLNi\" data-secret=\"wIXw1GgLNi\" width=\"600\" height=\"338\" frameborder=\"0\" marginwidth=\"0\" marginheight=\"0\" scrolling=\"no\"><\/iframe>\n<\/div><\/figure>\n\n\n\n<p>De momento, el Municipio de San Francisco del Rinc\u00f3n inform\u00f3 a este medio que&nbsp; las recomendaciones fueron turnadas a la Secretar\u00eda de seguridad Ciudadana para las investigaciones correspondientes, por lo que ser\u00e1 necesario esperar la respuesta formal, ya que los tr\u00e1gicos hechos ocurrieron en el a\u00f1o 2023 y hab\u00eda otras autoridades en polic\u00eda y Seguridad Ciudadana.<\/p>\n\n\n\n<p>Por su parte, la regidora del PRI, Luc\u00eda del Carmen G\u00f3mez Dimas, ofreci\u00f3 su punto de vista al respecto:<\/p>\n\n\n\n<p>\u201cAnte nosotros, como pleno del Ayuntamiento, es aceptar las recomendaciones y acatar las cuatro. Tengo entendido que son pr\u00e1cticas preventivas para evitar que vuelva a ocurrir. Mi postura ser\u00e1 aceptar las recomendaciones, y cumplir cada una de ellas, para garantizar que se establezcan las medidas adecuadas, pues como autoridad debemos ser garantes de los derechos humanos\u201d.<\/p>\n\n\n\n<p>G\u00f3mez aclara que las recomendaciones fueron derivadas de un proceso de la administraci\u00f3n pasada, y fue all\u00ed donde se inici\u00f3 una investigaci\u00f3n por la Procuradur\u00eda de los Derechos Humanos del Estado de Guanajuato, y debido a que se debe vigilar el tema de los protocolos, son procesos que duran tiempo.<\/p>\n\n\n\n<p>\u201cAunque esta informaci\u00f3n ha salido en varios medios, no ha habido todav\u00eda un informe al pleno, pues no hemos tenido sesi\u00f3n. Lo que puedo decir es que ya se hizo una investigaci\u00f3n por parte de Derechos Humanos y ya se sustanci\u00f3 todo un procedimiento del que derivaron cuatro recomendaciones\u201d.<\/p>\n\n\n\n<p>G\u00f3mez aclar\u00f3 que de esas cuatro, la primera es que se debe instan un procedimiento propio. Obviamente tiene una reserva, pues se debe salvaguardar los derechos de los funcionarios implicados. Lo que procede es que se de cuenta de estas recomendaciones al alcalde y al pleno, pues este es el resolutivo:<\/p>\n\n\n\n<p>\u201cY que nosotros aceptemos la recomendaci\u00f3n, y en caso de aceptarse, se tiene que iniciar el procedimiento para iniciar la investigaci\u00f3n, y si de all\u00ed deriva una sanci\u00f3n, habr\u00e1 que sancionar a los funcionarios\u201d, se\u00f1al\u00f3.<\/p>\n\n\n\n<p>La regidora explic\u00f3 que estos procedimientos, aunque no son habituales, s\u00ed se han hecho a varios ayuntamientos, especialmente los de seguridad p\u00fablica. Es por eso que se debe de garantizar la seguridad de personas privadas de la libertad.<\/p>\n","protected":false},"excerpt":{"rendered":"Bernardo Monroy\/San Francisco del Rinc\u00f3n, Gto.- El Ayuntamiento de San Francisco del Rinc\u00f3n y el alcalde deben aceptar las recomendaciones de la Procuradur\u00eda de los Derechos Humanos del Estado de Guanajuato (Prodheg) derivadas del suicidio de un hombre en los separos de seguridad, se\u00f1al\u00f3 la regidora priista, Luc\u00eda del Carmen G\u00f3mez Dimas. A ra\u00edz de [&hellip;]","protected":false},"author":2,"featured_media":166673,"comment_status":"open","ping_status":"open","sticky":false,"template":"","format":"standard","meta":{"_seopress_robots_primary_cat":"none","_seopress_titles_title":"","_seopress_titles_desc":"","_seopress_robots_index":"","_monsterinsights_skip_tracking":false,"_monsterinsights_sitenote_active":false,"_monsterinsights_sitenote_note":"","_monsterinsights_sitenote_category":0,"footnotes":""},"categories":[14],"tags":[],"class_list":["post-183446","post","type-post","status-publish","format-standard","has-post-thumbnail","hentry","category-derechos"],"yoast_head":"<!-- This site is optimized with the Yoast SEO plugin v27.4 - https:\/\/yoast.com\/product\/yoast-seo-wordpress\/ -->\n<title>DEBEN ACEPTARSE LAS RECOMENDACIONES DE LA PRODHEG: REGIDORA - Kuali<\/title>\n<meta name=\"robots\" content=\"index, follow, max-snippet:-1, max-image-preview:large, max-video-preview:-1\" \/>\n<link rel=\"canonical\" href=\"https:\/\/kuali.com.mx\/web\/2025\/08\/20\/deben-aceptarse-las-recomendaciones-de-la-prodheg-regidora\/\" \/>\n<meta property=\"og:locale\" content=\"es_MX\" \/>\n<meta property=\"og:type\" content=\"article\" \/>\n<meta property=\"og:title\" content=\"DEBEN ACEPTARSE LAS RECOMENDACIONES DE LA PRODHEG: REGIDORA - Kuali\" \/>\n<meta property=\"og:description\" content=\"Bernardo Monroy\/San Francisco del Rinc\u00f3n, Gto.- El Ayuntamiento de San Francisco del Rinc\u00f3n y el alcalde deben aceptar las recomendaciones de la Procuradur\u00eda de los Derechos Humanos del Estado de Guanajuato (Prodheg) derivadas del suicidio de un hombre en los separos de seguridad, se\u00f1al\u00f3 la regidora priista, Luc\u00eda del Carmen G\u00f3mez Dimas. A ra\u00edz de [&hellip;]\" \/>\n<meta property=\"og:url\" content=\"https:\/\/kuali.com.mx\/web\/2025\/08\/20\/deben-aceptarse-las-recomendaciones-de-la-prodheg-regidora\/\" \/>\n<meta property=\"og:site_name\" content=\"Kuali\" \/>\n<meta property=\"article:publisher\" content=\"https:\/\/kuali.com.mx\/web\/wp-content\/uploads\/2018\/04\/cropped-kuali_logo-1-1.png\" \/>\n<meta property=\"article:published_time\" content=\"2025-08-21T02:21:26+00:00\" \/>\n<meta property=\"article:modified_time\" content=\"2025-08-21T02:21:28+00:00\" \/>\n<meta property=\"og:image\" content=\"https:\/\/kuali.com.mx\/web\/wp-content\/uploads\/2025\/01\/Lucia-del-Carmen-Gomez-Dimas-regidora-PRI-SFR.jpeg\" \/>\n\t<meta property=\"og:image:width\" content=\"1750\" \/>\n\t<meta property=\"og:image:height\" content=\"750\" \/>\n\t<meta property=\"og:image:type\" content=\"image\/jpeg\" \/>\n<meta name=\"author\" content=\"Kuali Staff\" \/>\n<meta name=\"twitter:card\" content=\"summary_large_image\" \/>\n<meta name=\"twitter:creator\" content=\"@kuali_noticias\" \/>\n<meta name=\"twitter:site\" content=\"@kuali_noticias\" \/>\n<meta name=\"twitter:label1\" content=\"Escrito por\" \/>\n\t<meta name=\"twitter:data1\" content=\"Kuali Staff\" \/>\n\t<meta name=\"twitter:label2\" content=\"Tiempo de lectura\" \/>\n\t<meta name=\"twitter:data2\" content=\"3 minutos\" \/>\n<script type=\"application\/ld+json\" class=\"yoast-schema-graph\">{\"@context\":\"https:\\\/\\\/schema.org\",\"@graph\":[{\"@type\":\"Article\",\"@id\":\"https:\\\/\\\/kuali.com.mx\\\/web\\\/2025\\\/08\\\/20\\\/deben-aceptarse-las-recomendaciones-de-la-prodheg-regidora\\\/#article\",\"isPartOf\":{\"@id\":\"https:\\\/\\\/kuali.com.mx\\\/web\\\/2025\\\/08\\\/20\\\/deben-aceptarse-las-recomendaciones-de-la-prodheg-regidora\\\/\"},\"author\":{\"name\":\"Kuali Staff\",\"@id\":\"https:\\\/\\\/kuali.com.mx\\\/web\\\/#\\\/schema\\\/person\\\/6f89ffa8ecba9dae50662357923c5289\"},\"headline\":\"DEBEN ACEPTARSE LAS RECOMENDACIONES DE LA PRODHEG: REGIDORA\",\"datePublished\":\"2025-08-21T02:21:26+00:00\",\"dateModified\":\"2025-08-21T02:21:28+00:00\",\"mainEntityOfPage\":{\"@id\":\"https:\\\/\\\/kuali.com.mx\\\/web\\\/2025\\\/08\\\/20\\\/deben-aceptarse-las-recomendaciones-de-la-prodheg-regidora\\\/\"},\"wordCount\":546,\"commentCount\":0,\"image\":{\"@id\":\"https:\\\/\\\/kuali.com.mx\\\/web\\\/2025\\\/08\\\/20\\\/deben-aceptarse-las-recomendaciones-de-la-prodheg-regidora\\\/#primaryimage\"},\"thumbnailUrl\":\"https:\\\/\\\/kuali.com.mx\\\/web\\\/wp-content\\\/uploads\\\/2025\\\/01\\\/Lucia-del-Carmen-Gomez-Dimas-regidora-PRI-SFR.jpeg\",\"articleSection\":[\"Derechos Humanos\"],\"inLanguage\":\"es\",\"potentialAction\":[{\"@type\":\"CommentAction\",\"name\":\"Comment\",\"target\":[\"https:\\\/\\\/kuali.com.mx\\\/web\\\/2025\\\/08\\\/20\\\/deben-aceptarse-las-recomendaciones-de-la-prodheg-regidora\\\/#respond\"]}]},{\"@type\":\"WebPage\",\"@id\":\"https:\\\/\\\/kuali.com.mx\\\/web\\\/2025\\\/08\\\/20\\\/deben-aceptarse-las-recomendaciones-de-la-prodheg-regidora\\\/\",\"url\":\"https:\\\/\\\/kuali.com.mx\\\/web\\\/2025\\\/08\\\/20\\\/deben-aceptarse-las-recomendaciones-de-la-prodheg-regidora\\\/\",\"name\":\"DEBEN ACEPTARSE LAS RECOMENDACIONES DE LA PRODHEG: REGIDORA - Kuali\",\"isPartOf\":{\"@id\":\"https:\\\/\\\/kuali.com.mx\\\/web\\\/#website\"},\"primaryImageOfPage\":{\"@id\":\"https:\\\/\\\/kuali.com.mx\\\/web\\\/2025\\\/08\\\/20\\\/deben-aceptarse-las-recomendaciones-de-la-prodheg-regidora\\\/#primaryimage\"},\"image\":{\"@id\":\"https:\\\/\\\/kuali.com.mx\\\/web\\\/2025\\\/08\\\/20\\\/deben-aceptarse-las-recomendaciones-de-la-prodheg-regidora\\\/#primaryimage\"},\"thumbnailUrl\":\"https:\\\/\\\/kuali.com.mx\\\/web\\\/wp-content\\\/uploads\\\/2025\\\/01\\\/Lucia-del-Carmen-Gomez-Dimas-regidora-PRI-SFR.jpeg\",\"datePublished\":\"2025-08-21T02:21:26+00:00\",\"dateModified\":\"2025-08-21T02:21:28+00:00\",\"author\":{\"@id\":\"https:\\\/\\\/kuali.com.mx\\\/web\\\/#\\\/schema\\\/person\\\/6f89ffa8ecba9dae50662357923c5289\"},\"breadcrumb\":{\"@id\":\"https:\\\/\\\/kuali.com.mx\\\/web\\\/2025\\\/08\\\/20\\\/deben-aceptarse-las-recomendaciones-de-la-prodheg-regidora\\\/#breadcrumb\"},\"inLanguage\":\"es\",\"potentialAction\":[{\"@type\":\"ReadAction\",\"target\":[\"https:\\\/\\\/kuali.com.mx\\\/web\\\/2025\\\/08\\\/20\\\/deben-aceptarse-las-recomendaciones-de-la-prodheg-regidora\\\/\"]}]},{\"@type\":\"ImageObject\",\"inLanguage\":\"es\",\"@id\":\"https:\\\/\\\/kuali.com.mx\\\/web\\\/2025\\\/08\\\/20\\\/deben-aceptarse-las-recomendaciones-de-la-prodheg-regidora\\\/#primaryimage\",\"url\":\"https:\\\/\\\/kuali.com.mx\\\/web\\\/wp-content\\\/uploads\\\/2025\\\/01\\\/Lucia-del-Carmen-Gomez-Dimas-regidora-PRI-SFR.jpeg\",\"contentUrl\":\"https:\\\/\\\/kuali.com.mx\\\/web\\\/wp-content\\\/uploads\\\/2025\\\/01\\\/Lucia-del-Carmen-Gomez-Dimas-regidora-PRI-SFR.jpeg\",\"width\":1750,\"height\":750},{\"@type\":\"BreadcrumbList\",\"@id\":\"https:\\\/\\\/kuali.com.mx\\\/web\\\/2025\\\/08\\\/20\\\/deben-aceptarse-las-recomendaciones-de-la-prodheg-regidora\\\/#breadcrumb\",\"itemListElement\":[{\"@type\":\"ListItem\",\"position\":1,\"name\":\"Inicio\",\"item\":\"https:\\\/\\\/kuali.com.mx\\\/web\\\/\"},{\"@type\":\"ListItem\",\"position\":2,\"name\":\"DEBEN ACEPTARSE LAS RECOMENDACIONES DE LA PRODHEG: REGIDORA\"}]},{\"@type\":\"WebSite\",\"@id\":\"https:\\\/\\\/kuali.com.mx\\\/web\\\/#website\",\"url\":\"https:\\\/\\\/kuali.com.mx\\\/web\\\/\",\"name\":\"Kuali\",\"description\":\"\",\"potentialAction\":[{\"@type\":\"SearchAction\",\"target\":{\"@type\":\"EntryPoint\",\"urlTemplate\":\"https:\\\/\\\/kuali.com.mx\\\/web\\\/?s={search_term_string}\"},\"query-input\":{\"@type\":\"PropertyValueSpecification\",\"valueRequired\":true,\"valueName\":\"search_term_string\"}}],\"inLanguage\":\"es\"},{\"@type\":\"Person\",\"@id\":\"https:\\\/\\\/kuali.com.mx\\\/web\\\/#\\\/schema\\\/person\\\/6f89ffa8ecba9dae50662357923c5289\",\"name\":\"Kuali Staff\",\"image\":{\"@type\":\"ImageObject\",\"inLanguage\":\"es\",\"@id\":\"https:\\\/\\\/secure.gravatar.com\\\/avatar\\\/f917ad82e5ab71227a733c78b6e60715476f69ee6be59feee4eb5d9920c89e0f?s=96&d=mm&r=g\",\"url\":\"https:\\\/\\\/secure.gravatar.com\\\/avatar\\\/f917ad82e5ab71227a733c78b6e60715476f69ee6be59feee4eb5d9920c89e0f?s=96&d=mm&r=g\",\"contentUrl\":\"https:\\\/\\\/secure.gravatar.com\\\/avatar\\\/f917ad82e5ab71227a733c78b6e60715476f69ee6be59feee4eb5d9920c89e0f?s=96&d=mm&r=g\",\"caption\":\"Kuali Staff\"},\"url\":\"https:\\\/\\\/kuali.com.mx\\\/web\\\/author\\\/lagarto\\\/\"}]}<\/script>\n<!-- \/ Yoast SEO plugin. -->","yoast_head_json":{"title":"DEBEN ACEPTARSE LAS RECOMENDACIONES DE LA PRODHEG: REGIDORA - Kuali","robots":{"index":"index","follow":"follow","max-snippet":"max-snippet:-1","max-image-preview":"max-image-preview:large","max-video-preview":"max-video-preview:-1"},"canonical":"https:\/\/kuali.com.mx\/web\/2025\/08\/20\/deben-aceptarse-las-recomendaciones-de-la-prodheg-regidora\/","og_locale":"es_MX","og_type":"article","og_title":"DEBEN ACEPTARSE LAS RECOMENDACIONES DE LA PRODHEG: REGIDORA - Kuali","og_description":"Bernardo Monroy\/San Francisco del Rinc\u00f3n, Gto.- El Ayuntamiento de San Francisco del Rinc\u00f3n y el alcalde deben aceptar las recomendaciones de la Procuradur\u00eda de los Derechos Humanos del Estado de Guanajuato (Prodheg) derivadas del suicidio de un hombre en los separos de seguridad, se\u00f1al\u00f3 la regidora priista, Luc\u00eda del Carmen G\u00f3mez Dimas. A ra\u00edz de [&hellip;]","og_url":"https:\/\/kuali.com.mx\/web\/2025\/08\/20\/deben-aceptarse-las-recomendaciones-de-la-prodheg-regidora\/","og_site_name":"Kuali","article_publisher":"https:\/\/kuali.com.mx\/web\/wp-content\/uploads\/2018\/04\/cropped-kuali_logo-1-1.png","article_published_time":"2025-08-21T02:21:26+00:00","article_modified_time":"2025-08-21T02:21:28+00:00","og_image":[{"width":1750,"height":750,"url":"https:\/\/kuali.com.mx\/web\/wp-content\/uploads\/2025\/01\/Lucia-del-Carmen-Gomez-Dimas-regidora-PRI-SFR.jpeg","type":"image\/jpeg"}],"author":"Kuali Staff","twitter_card":"summary_large_image","twitter_creator":"@kuali_noticias","twitter_site":"@kuali_noticias","twitter_misc":{"Escrito por":"Kuali Staff","Tiempo de lectura":"3 minutos"},"schema":{"@context":"https:\/\/schema.org","@graph":[{"@type":"Article","@id":"https:\/\/kuali.com.mx\/web\/2025\/08\/20\/deben-aceptarse-las-recomendaciones-de-la-prodheg-regidora\/#article","isPartOf":{"@id":"https:\/\/kuali.com.mx\/web\/2025\/08\/20\/deben-aceptarse-las-recomendaciones-de-la-prodheg-regidora\/"},"author":{"name":"Kuali Staff","@id":"https:\/\/kuali.com.mx\/web\/#\/schema\/person\/6f89ffa8ecba9dae50662357923c5289"},"headline":"DEBEN ACEPTARSE LAS RECOMENDACIONES DE LA PRODHEG: REGIDORA","datePublished":"2025-08-21T02:21:26+00:00","dateModified":"2025-08-21T02:21:28+00:00","mainEntityOfPage":{"@id":"https:\/\/kuali.com.mx\/web\/2025\/08\/20\/deben-aceptarse-las-recomendaciones-de-la-prodheg-regidora\/"},"wordCount":546,"commentCount":0,"image":{"@id":"https:\/\/kuali.com.mx\/web\/2025\/08\/20\/deben-aceptarse-las-recomendaciones-de-la-prodheg-regidora\/#primaryimage"},"thumbnailUrl":"https:\/\/kuali.com.mx\/web\/wp-content\/uploads\/2025\/01\/Lucia-del-Carmen-Gomez-Dimas-regidora-PRI-SFR.jpeg","articleSection":["Derechos Humanos"],"inLanguage":"es","potentialAction":[{"@type":"CommentAction","name":"Comment","target":["https:\/\/kuali.com.mx\/web\/2025\/08\/20\/deben-aceptarse-las-recomendaciones-de-la-prodheg-regidora\/#respond"]}]},{"@type":"WebPage","@id":"https:\/\/kuali.com.mx\/web\/2025\/08\/20\/deben-aceptarse-las-recomendaciones-de-la-prodheg-regidora\/","url":"https:\/\/kuali.com.mx\/web\/2025\/08\/20\/deben-aceptarse-las-recomendaciones-de-la-prodheg-regidora\/","name":"DEBEN ACEPTARSE LAS RECOMENDACIONES DE LA PRODHEG: REGIDORA - Kuali","isPartOf":{"@id":"https:\/\/kuali.com.mx\/web\/#website"},"primaryImageOfPage":{"@id":"https:\/\/kuali.com.mx\/web\/2025\/08\/20\/deben-aceptarse-las-recomendaciones-de-la-prodheg-regidora\/#primaryimage"},"image":{"@id":"https:\/\/kuali.com.mx\/web\/2025\/08\/20\/deben-aceptarse-las-recomendaciones-de-la-prodheg-regidora\/#primaryimage"},"thumbnailUrl":"https:\/\/kuali.com.mx\/web\/wp-content\/uploads\/2025\/01\/Lucia-del-Carmen-Gomez-Dimas-regidora-PRI-SFR.jpeg","datePublished":"2025-08-21T02:21:26+00:00","dateModified":"2025-08-21T02:21:28+00:00","author":{"@id":"https:\/\/kuali.com.mx\/web\/#\/schema\/person\/6f89ffa8ecba9dae50662357923c5289"},"breadcrumb":{"@id":"https:\/\/kuali.com.mx\/web\/2025\/08\/20\/deben-aceptarse-las-recomendaciones-de-la-prodheg-regidora\/#breadcrumb"},"inLanguage":"es","potentialAction":[{"@type":"ReadAction","target":["https:\/\/kuali.com.mx\/web\/2025\/08\/20\/deben-aceptarse-las-recomendaciones-de-la-prodheg-regidora\/"]}]},{"@type":"ImageObject","inLanguage":"es","@id":"https:\/\/kuali.com.mx\/web\/2025\/08\/20\/deben-aceptarse-las-recomendaciones-de-la-prodheg-regidora\/#primaryimage","url":"https:\/\/kuali.com.mx\/web\/wp-content\/uploads\/2025\/01\/Lucia-del-Carmen-Gomez-Dimas-regidora-PRI-SFR.jpeg","contentUrl":"https:\/\/kuali.com.mx\/web\/wp-content\/uploads\/2025\/01\/Lucia-del-Carmen-Gomez-Dimas-regidora-PRI-SFR.jpeg","width":1750,"height":750},{"@type":"BreadcrumbList","@id":"https:\/\/kuali.com.mx\/web\/2025\/08\/20\/deben-aceptarse-las-recomendaciones-de-la-prodheg-regidora\/#breadcrumb","itemListElement":[{"@type":"ListItem","position":1,"name":"Inicio","item":"https:\/\/kuali.com.mx\/web\/"},{"@type":"ListItem","position":2,"name":"DEBEN ACEPTARSE LAS RECOMENDACIONES DE LA PRODHEG: REGIDORA"}]},{"@type":"WebSite","@id":"https:\/\/kuali.com.mx\/web\/#website","url":"https:\/\/kuali.com.mx\/web\/","name":"Kuali","description":"","potentialAction":[{"@type":"SearchAction","target":{"@type":"EntryPoint","urlTemplate":"https:\/\/kuali.com.mx\/web\/?s={search_term_string}"},"query-input":{"@type":"PropertyValueSpecification","valueRequired":true,"valueName":"search_term_string"}}],"inLanguage":"es"},{"@type":"Person","@id":"https:\/\/kuali.com.mx\/web\/#\/schema\/person\/6f89ffa8ecba9dae50662357923c5289","name":"Kuali Staff","image":{"@type":"ImageObject","inLanguage":"es","@id":"https:\/\/secure.gravatar.com\/avatar\/f917ad82e5ab71227a733c78b6e60715476f69ee6be59feee4eb5d9920c89e0f?s=96&d=mm&r=g","url":"https:\/\/secure.gravatar.com\/avatar\/f917ad82e5ab71227a733c78b6e60715476f69ee6be59feee4eb5d9920c89e0f?s=96&d=mm&r=g","contentUrl":"https:\/\/secure.gravatar.com\/avatar\/f917ad82e5ab71227a733c78b6e60715476f69ee6be59feee4eb5d9920c89e0f?s=96&d=mm&r=g","caption":"Kuali Staff"},"url":"https:\/\/kuali.com.mx\/web\/author\/lagarto\/"}]}},"_links":{"self":[{"href":"https:\/\/kuali.com.mx\/web\/wp-json\/wp\/v2\/posts\/183446","targetHints":{"allow":["GET"]}}],"collection":[{"href":"https:\/\/kuali.com.mx\/web\/wp-json\/wp\/v2\/posts"}],"about":[{"href":"https:\/\/kuali.com.mx\/web\/wp-json\/wp\/v2\/types\/post"}],"author":[{"embeddable":true,"href":"https:\/\/kuali.com.mx\/web\/wp-json\/wp\/v2\/users\/2"}],"replies":[{"embeddable":true,"href":"https:\/\/kuali.com.mx\/web\/wp-json\/wp\/v2\/comments?post=183446"}],"version-history":[{"count":1,"href":"https:\/\/kuali.com.mx\/web\/wp-json\/wp\/v2\/posts\/183446\/revisions"}],"predecessor-version":[{"id":183449,"href":"https:\/\/kuali.com.mx\/web\/wp-json\/wp\/v2\/posts\/183446\/revisions\/183449"}],"wp:featuredmedia":[{"embeddable":true,"href":"https:\/\/kuali.com.mx\/web\/wp-json\/wp\/v2\/media\/166673"}],"wp:attachment":[{"href":"https:\/\/kuali.com.mx\/web\/wp-json\/wp\/v2\/media?parent=183446"}],"wp:term":[{"taxonomy":"category","embeddable":true,"href":"https:\/\/kuali.com.mx\/web\/wp-json\/wp\/v2\/categories?post=183446"},{"taxonomy":"post_tag","embeddable":true,"href":"https:\/\/kuali.com.mx\/web\/wp-json\/wp\/v2\/tags?post=183446"}],"curies":[{"name":"wp","href":"https:\/\/api.w.org\/{rel}","templated":true}]}}