{"id":182863,"date":"2025-08-13T16:23:28","date_gmt":"2025-08-13T22:23:28","guid":{"rendered":"https:\/\/kuali.com.mx\/web\/?p=182863"},"modified":"2025-08-13T20:09:00","modified_gmt":"2025-08-14T02:09:00","slug":"arranca-la-expo-mipyme-en-irapuato","status":"publish","type":"post","link":"https:\/\/kuali.com.mx\/web\/2025\/08\/13\/arranca-la-expo-mipyme-en-irapuato\/","title":{"rendered":"ARRANCA LA EXPO MiPyME EN IRAPUATO\u00a0"},"content":{"rendered":"\n<p><em><strong>Kuali\/Irapuato,Gto<\/strong><\/em>.-Con el lema \u201cBusiness: Back to the Basics\u201d, se inaugur\u00f3 la 17\u00aa Expo MiPyME, un espacio dise\u00f1ado para impulsar el desarrollo de proveedores y fortalecer la competitividad de las micro, peque\u00f1as y medianas empresas de Guanajuato.<\/p>\n\n\n\n<p>El evento, organizado por el Consejo Coordinador Empresarial de Irapuato A.C. (CCEI), el Gobierno Municipal y el Gobierno del Estado, se llevar\u00e1 a cabo del 13 al 14 de agosto en el Inforum Irapuato.<\/p>\n\n\n\n<p>La presencia de la gobernadora Libia Denisse Garc\u00eda Mu\u00f1oz Ledo y la alcaldesa Lorena Alfaro Garc\u00eda dio realce a esta importante plataforma empresarial.<\/p>\n\n\n\n<p>El encuentro de negocios re\u00fane a 24 empresas compradoras, de las cuales 15 cuentan con el Distintivo ESR (Empresa Socialmente Responsable). Hasta el momento, ya se han generado m\u00e1s de 410 oportunidades de negocio para las MiPyMEs, con un enfoque en empresas formales, socialmente responsables y con pol\u00edticas de integridad.<\/p>\n\n\n\n<p>La presidenta municipal, Lorena Alfaro Garc\u00eda, destac\u00f3 que estos eventos impulsan la competitividad de empresarios y emprendedores, as\u00ed como los v\u00ednculos comerciales en el mercado nacional e internacional, lo que contribuye al dinamismo econ\u00f3mico del municipio y del estado.<\/p>\n\n\n\n<figure class=\"wp-block-image size-large\"><img loading=\"lazy\" decoding=\"async\" width=\"1024\" height=\"537\" src=\"https:\/\/kuali.com.mx\/web\/wp-content\/uploads\/2025\/08\/IRAPUATO-SEDE-DE-LA-EDICION-17-DE-LA-EXPO-MIPYME-5-1024x537.png\" alt=\"\" class=\"wp-image-182866\" srcset=\"https:\/\/kuali.com.mx\/web\/wp-content\/uploads\/2025\/08\/IRAPUATO-SEDE-DE-LA-EDICION-17-DE-LA-EXPO-MIPYME-5-1024x537.png 1024w, https:\/\/kuali.com.mx\/web\/wp-content\/uploads\/2025\/08\/IRAPUATO-SEDE-DE-LA-EDICION-17-DE-LA-EXPO-MIPYME-5-300x157.png 300w, https:\/\/kuali.com.mx\/web\/wp-content\/uploads\/2025\/08\/IRAPUATO-SEDE-DE-LA-EDICION-17-DE-LA-EXPO-MIPYME-5-768x402.png 768w, https:\/\/kuali.com.mx\/web\/wp-content\/uploads\/2025\/08\/IRAPUATO-SEDE-DE-LA-EDICION-17-DE-LA-EXPO-MIPYME-5-1536x805.png 1536w, https:\/\/kuali.com.mx\/web\/wp-content\/uploads\/2025\/08\/IRAPUATO-SEDE-DE-LA-EDICION-17-DE-LA-EXPO-MIPYME-5-221x116.png 221w, https:\/\/kuali.com.mx\/web\/wp-content\/uploads\/2025\/08\/IRAPUATO-SEDE-DE-LA-EDICION-17-DE-LA-EXPO-MIPYME-5.png 1750w\" sizes=\"auto, (max-width: 1024px) 100vw, 1024px\" \/><\/figure>\n\n\n\n<p>Por su parte la gobernadora de Guanajuato, Libia Denisse Garc\u00eda Mu\u00f1oz Ledo, se\u00f1al\u00f3 que las MiPyMEs son el motor del empleo y del crecimiento local, por lo que se trabaja para fortalecer su competitividad, impulsar su profesionalizaci\u00f3n y brindar las condiciones necesarias para que crezcan, innoven y se conviertan en empresas de clase mundial.<\/p>\n","protected":false},"excerpt":{"rendered":"Kuali\/Irapuato,Gto.-Con el lema \u201cBusiness: Back to the Basics\u201d, se inaugur\u00f3 la 17\u00aa Expo MiPyME, un espacio dise\u00f1ado para impulsar el desarrollo de proveedores y fortalecer la competitividad de las micro, peque\u00f1as y medianas empresas de Guanajuato. El evento, organizado por el Consejo Coordinador Empresarial de Irapuato A.C. (CCEI), el Gobierno Municipal y el Gobierno del [&hellip;]","protected":false},"author":2,"featured_media":182865,"comment_status":"open","ping_status":"open","sticky":false,"template":"","format":"standard","meta":{"_seopress_robots_primary_cat":"none","_seopress_titles_title":"","_seopress_titles_desc":"","_seopress_robots_index":"","_monsterinsights_skip_tracking":false,"_monsterinsights_sitenote_active":false,"_monsterinsights_sitenote_note":"","_monsterinsights_sitenote_category":0,"footnotes":""},"categories":[701],"tags":[],"class_list":["post-182863","post","type-post","status-publish","format-standard","has-post-thumbnail","hentry","category-economia"],"yoast_head":"<!-- This site is optimized with the Yoast SEO plugin v27.5 - https:\/\/yoast.com\/product\/yoast-seo-wordpress\/ -->\n<title>ARRANCA LA EXPO MiPyME EN IRAPUATO\u00a0 - Kuali<\/title>\n<meta name=\"robots\" content=\"index, follow, max-snippet:-1, max-image-preview:large, max-video-preview:-1\" \/>\n<link rel=\"canonical\" href=\"https:\/\/kuali.com.mx\/web\/2025\/08\/13\/arranca-la-expo-mipyme-en-irapuato\/\" \/>\n<meta property=\"og:locale\" content=\"es_MX\" \/>\n<meta property=\"og:type\" content=\"article\" \/>\n<meta property=\"og:title\" content=\"ARRANCA LA EXPO MiPyME EN IRAPUATO\u00a0 - Kuali\" \/>\n<meta property=\"og:description\" content=\"Kuali\/Irapuato,Gto.-Con el lema \u201cBusiness: Back to the Basics\u201d, se inaugur\u00f3 la 17\u00aa Expo MiPyME, un espacio dise\u00f1ado para impulsar el desarrollo de proveedores y fortalecer la competitividad de las micro, peque\u00f1as y medianas empresas de Guanajuato. El evento, organizado por el Consejo Coordinador Empresarial de Irapuato A.C. (CCEI), el Gobierno Municipal y el Gobierno del [&hellip;]\" \/>\n<meta property=\"og:url\" content=\"https:\/\/kuali.com.mx\/web\/2025\/08\/13\/arranca-la-expo-mipyme-en-irapuato\/\" \/>\n<meta property=\"og:site_name\" content=\"Kuali\" \/>\n<meta property=\"article:publisher\" content=\"https:\/\/kuali.com.mx\/web\/wp-content\/uploads\/2018\/04\/cropped-kuali_logo-1-1.png\" \/>\n<meta property=\"article:published_time\" content=\"2025-08-13T22:23:28+00:00\" \/>\n<meta property=\"article:modified_time\" content=\"2025-08-14T02:09:00+00:00\" \/>\n<meta property=\"og:image\" content=\"https:\/\/kuali.com.mx\/web\/wp-content\/uploads\/2025\/08\/IRAPUATO-SEDE-DE-LA-EDICION-17-DE-LA-EXPO-MIPYME-1.png\" \/>\n\t<meta property=\"og:image:width\" content=\"1750\" \/>\n\t<meta property=\"og:image:height\" content=\"921\" \/>\n\t<meta property=\"og:image:type\" content=\"image\/png\" \/>\n<meta name=\"author\" content=\"Kuali Staff\" \/>\n<meta name=\"twitter:card\" content=\"summary_large_image\" \/>\n<meta name=\"twitter:creator\" content=\"@kuali_noticias\" \/>\n<meta name=\"twitter:site\" content=\"@kuali_noticias\" \/>\n<meta name=\"twitter:label1\" content=\"Escrito por\" \/>\n\t<meta name=\"twitter:data1\" content=\"Kuali Staff\" \/>\n\t<meta name=\"twitter:label2\" content=\"Tiempo de lectura\" \/>\n\t<meta name=\"twitter:data2\" content=\"1 minuto\" \/>\n<script type=\"application\/ld+json\" class=\"yoast-schema-graph\">{\"@context\":\"https:\\\/\\\/schema.org\",\"@graph\":[{\"@type\":\"Article\",\"@id\":\"https:\\\/\\\/kuali.com.mx\\\/web\\\/2025\\\/08\\\/13\\\/arranca-la-expo-mipyme-en-irapuato\\\/#article\",\"isPartOf\":{\"@id\":\"https:\\\/\\\/kuali.com.mx\\\/web\\\/2025\\\/08\\\/13\\\/arranca-la-expo-mipyme-en-irapuato\\\/\"},\"author\":{\"name\":\"Kuali Staff\",\"@id\":\"https:\\\/\\\/kuali.com.mx\\\/web\\\/#\\\/schema\\\/person\\\/6f89ffa8ecba9dae50662357923c5289\"},\"headline\":\"ARRANCA LA EXPO MiPyME EN IRAPUATO\u00a0\",\"datePublished\":\"2025-08-13T22:23:28+00:00\",\"dateModified\":\"2025-08-14T02:09:00+00:00\",\"mainEntityOfPage\":{\"@id\":\"https:\\\/\\\/kuali.com.mx\\\/web\\\/2025\\\/08\\\/13\\\/arranca-la-expo-mipyme-en-irapuato\\\/\"},\"wordCount\":255,\"commentCount\":0,\"image\":{\"@id\":\"https:\\\/\\\/kuali.com.mx\\\/web\\\/2025\\\/08\\\/13\\\/arranca-la-expo-mipyme-en-irapuato\\\/#primaryimage\"},\"thumbnailUrl\":\"https:\\\/\\\/kuali.com.mx\\\/web\\\/wp-content\\\/uploads\\\/2025\\\/08\\\/IRAPUATO-SEDE-DE-LA-EDICION-17-DE-LA-EXPO-MIPYME-1.png\",\"articleSection\":[\"Econom\u00eda\"],\"inLanguage\":\"es\",\"potentialAction\":[{\"@type\":\"CommentAction\",\"name\":\"Comment\",\"target\":[\"https:\\\/\\\/kuali.com.mx\\\/web\\\/2025\\\/08\\\/13\\\/arranca-la-expo-mipyme-en-irapuato\\\/#respond\"]}]},{\"@type\":\"WebPage\",\"@id\":\"https:\\\/\\\/kuali.com.mx\\\/web\\\/2025\\\/08\\\/13\\\/arranca-la-expo-mipyme-en-irapuato\\\/\",\"url\":\"https:\\\/\\\/kuali.com.mx\\\/web\\\/2025\\\/08\\\/13\\\/arranca-la-expo-mipyme-en-irapuato\\\/\",\"name\":\"ARRANCA LA EXPO MiPyME EN IRAPUATO\u00a0 - Kuali\",\"isPartOf\":{\"@id\":\"https:\\\/\\\/kuali.com.mx\\\/web\\\/#website\"},\"primaryImageOfPage\":{\"@id\":\"https:\\\/\\\/kuali.com.mx\\\/web\\\/2025\\\/08\\\/13\\\/arranca-la-expo-mipyme-en-irapuato\\\/#primaryimage\"},\"image\":{\"@id\":\"https:\\\/\\\/kuali.com.mx\\\/web\\\/2025\\\/08\\\/13\\\/arranca-la-expo-mipyme-en-irapuato\\\/#primaryimage\"},\"thumbnailUrl\":\"https:\\\/\\\/kuali.com.mx\\\/web\\\/wp-content\\\/uploads\\\/2025\\\/08\\\/IRAPUATO-SEDE-DE-LA-EDICION-17-DE-LA-EXPO-MIPYME-1.png\",\"datePublished\":\"2025-08-13T22:23:28+00:00\",\"dateModified\":\"2025-08-14T02:09:00+00:00\",\"author\":{\"@id\":\"https:\\\/\\\/kuali.com.mx\\\/web\\\/#\\\/schema\\\/person\\\/6f89ffa8ecba9dae50662357923c5289\"},\"breadcrumb\":{\"@id\":\"https:\\\/\\\/kuali.com.mx\\\/web\\\/2025\\\/08\\\/13\\\/arranca-la-expo-mipyme-en-irapuato\\\/#breadcrumb\"},\"inLanguage\":\"es\",\"potentialAction\":[{\"@type\":\"ReadAction\",\"target\":[\"https:\\\/\\\/kuali.com.mx\\\/web\\\/2025\\\/08\\\/13\\\/arranca-la-expo-mipyme-en-irapuato\\\/\"]}]},{\"@type\":\"ImageObject\",\"inLanguage\":\"es\",\"@id\":\"https:\\\/\\\/kuali.com.mx\\\/web\\\/2025\\\/08\\\/13\\\/arranca-la-expo-mipyme-en-irapuato\\\/#primaryimage\",\"url\":\"https:\\\/\\\/kuali.com.mx\\\/web\\\/wp-content\\\/uploads\\\/2025\\\/08\\\/IRAPUATO-SEDE-DE-LA-EDICION-17-DE-LA-EXPO-MIPYME-1.png\",\"contentUrl\":\"https:\\\/\\\/kuali.com.mx\\\/web\\\/wp-content\\\/uploads\\\/2025\\\/08\\\/IRAPUATO-SEDE-DE-LA-EDICION-17-DE-LA-EXPO-MIPYME-1.png\",\"width\":1750,\"height\":921},{\"@type\":\"BreadcrumbList\",\"@id\":\"https:\\\/\\\/kuali.com.mx\\\/web\\\/2025\\\/08\\\/13\\\/arranca-la-expo-mipyme-en-irapuato\\\/#breadcrumb\",\"itemListElement\":[{\"@type\":\"ListItem\",\"position\":1,\"name\":\"Inicio\",\"item\":\"https:\\\/\\\/kuali.com.mx\\\/web\\\/\"},{\"@type\":\"ListItem\",\"position\":2,\"name\":\"ARRANCA LA EXPO MiPyME EN IRAPUATO\u00a0\"}]},{\"@type\":\"WebSite\",\"@id\":\"https:\\\/\\\/kuali.com.mx\\\/web\\\/#website\",\"url\":\"https:\\\/\\\/kuali.com.mx\\\/web\\\/\",\"name\":\"Kuali\",\"description\":\"\",\"potentialAction\":[{\"@type\":\"SearchAction\",\"target\":{\"@type\":\"EntryPoint\",\"urlTemplate\":\"https:\\\/\\\/kuali.com.mx\\\/web\\\/?s={search_term_string}\"},\"query-input\":{\"@type\":\"PropertyValueSpecification\",\"valueRequired\":true,\"valueName\":\"search_term_string\"}}],\"inLanguage\":\"es\"},{\"@type\":\"Person\",\"@id\":\"https:\\\/\\\/kuali.com.mx\\\/web\\\/#\\\/schema\\\/person\\\/6f89ffa8ecba9dae50662357923c5289\",\"name\":\"Kuali Staff\",\"image\":{\"@type\":\"ImageObject\",\"inLanguage\":\"es\",\"@id\":\"https:\\\/\\\/secure.gravatar.com\\\/avatar\\\/f917ad82e5ab71227a733c78b6e60715476f69ee6be59feee4eb5d9920c89e0f?s=96&d=mm&r=g\",\"url\":\"https:\\\/\\\/secure.gravatar.com\\\/avatar\\\/f917ad82e5ab71227a733c78b6e60715476f69ee6be59feee4eb5d9920c89e0f?s=96&d=mm&r=g\",\"contentUrl\":\"https:\\\/\\\/secure.gravatar.com\\\/avatar\\\/f917ad82e5ab71227a733c78b6e60715476f69ee6be59feee4eb5d9920c89e0f?s=96&d=mm&r=g\",\"caption\":\"Kuali Staff\"},\"url\":\"https:\\\/\\\/kuali.com.mx\\\/web\\\/author\\\/lagarto\\\/\"}]}<\/script>\n<!-- \/ Yoast SEO plugin. -->","yoast_head_json":{"title":"ARRANCA LA EXPO MiPyME EN IRAPUATO\u00a0 - Kuali","robots":{"index":"index","follow":"follow","max-snippet":"max-snippet:-1","max-image-preview":"max-image-preview:large","max-video-preview":"max-video-preview:-1"},"canonical":"https:\/\/kuali.com.mx\/web\/2025\/08\/13\/arranca-la-expo-mipyme-en-irapuato\/","og_locale":"es_MX","og_type":"article","og_title":"ARRANCA LA EXPO MiPyME EN IRAPUATO\u00a0 - Kuali","og_description":"Kuali\/Irapuato,Gto.-Con el lema \u201cBusiness: Back to the Basics\u201d, se inaugur\u00f3 la 17\u00aa Expo MiPyME, un espacio dise\u00f1ado para impulsar el desarrollo de proveedores y fortalecer la competitividad de las micro, peque\u00f1as y medianas empresas de Guanajuato. El evento, organizado por el Consejo Coordinador Empresarial de Irapuato A.C. (CCEI), el Gobierno Municipal y el Gobierno del [&hellip;]","og_url":"https:\/\/kuali.com.mx\/web\/2025\/08\/13\/arranca-la-expo-mipyme-en-irapuato\/","og_site_name":"Kuali","article_publisher":"https:\/\/kuali.com.mx\/web\/wp-content\/uploads\/2018\/04\/cropped-kuali_logo-1-1.png","article_published_time":"2025-08-13T22:23:28+00:00","article_modified_time":"2025-08-14T02:09:00+00:00","og_image":[{"width":1750,"height":921,"url":"https:\/\/kuali.com.mx\/web\/wp-content\/uploads\/2025\/08\/IRAPUATO-SEDE-DE-LA-EDICION-17-DE-LA-EXPO-MIPYME-1.png","type":"image\/png"}],"author":"Kuali Staff","twitter_card":"summary_large_image","twitter_creator":"@kuali_noticias","twitter_site":"@kuali_noticias","twitter_misc":{"Escrito por":"Kuali Staff","Tiempo de lectura":"1 minuto"},"schema":{"@context":"https:\/\/schema.org","@graph":[{"@type":"Article","@id":"https:\/\/kuali.com.mx\/web\/2025\/08\/13\/arranca-la-expo-mipyme-en-irapuato\/#article","isPartOf":{"@id":"https:\/\/kuali.com.mx\/web\/2025\/08\/13\/arranca-la-expo-mipyme-en-irapuato\/"},"author":{"name":"Kuali Staff","@id":"https:\/\/kuali.com.mx\/web\/#\/schema\/person\/6f89ffa8ecba9dae50662357923c5289"},"headline":"ARRANCA LA EXPO MiPyME EN IRAPUATO\u00a0","datePublished":"2025-08-13T22:23:28+00:00","dateModified":"2025-08-14T02:09:00+00:00","mainEntityOfPage":{"@id":"https:\/\/kuali.com.mx\/web\/2025\/08\/13\/arranca-la-expo-mipyme-en-irapuato\/"},"wordCount":255,"commentCount":0,"image":{"@id":"https:\/\/kuali.com.mx\/web\/2025\/08\/13\/arranca-la-expo-mipyme-en-irapuato\/#primaryimage"},"thumbnailUrl":"https:\/\/kuali.com.mx\/web\/wp-content\/uploads\/2025\/08\/IRAPUATO-SEDE-DE-LA-EDICION-17-DE-LA-EXPO-MIPYME-1.png","articleSection":["Econom\u00eda"],"inLanguage":"es","potentialAction":[{"@type":"CommentAction","name":"Comment","target":["https:\/\/kuali.com.mx\/web\/2025\/08\/13\/arranca-la-expo-mipyme-en-irapuato\/#respond"]}]},{"@type":"WebPage","@id":"https:\/\/kuali.com.mx\/web\/2025\/08\/13\/arranca-la-expo-mipyme-en-irapuato\/","url":"https:\/\/kuali.com.mx\/web\/2025\/08\/13\/arranca-la-expo-mipyme-en-irapuato\/","name":"ARRANCA LA EXPO MiPyME EN IRAPUATO\u00a0 - Kuali","isPartOf":{"@id":"https:\/\/kuali.com.mx\/web\/#website"},"primaryImageOfPage":{"@id":"https:\/\/kuali.com.mx\/web\/2025\/08\/13\/arranca-la-expo-mipyme-en-irapuato\/#primaryimage"},"image":{"@id":"https:\/\/kuali.com.mx\/web\/2025\/08\/13\/arranca-la-expo-mipyme-en-irapuato\/#primaryimage"},"thumbnailUrl":"https:\/\/kuali.com.mx\/web\/wp-content\/uploads\/2025\/08\/IRAPUATO-SEDE-DE-LA-EDICION-17-DE-LA-EXPO-MIPYME-1.png","datePublished":"2025-08-13T22:23:28+00:00","dateModified":"2025-08-14T02:09:00+00:00","author":{"@id":"https:\/\/kuali.com.mx\/web\/#\/schema\/person\/6f89ffa8ecba9dae50662357923c5289"},"breadcrumb":{"@id":"https:\/\/kuali.com.mx\/web\/2025\/08\/13\/arranca-la-expo-mipyme-en-irapuato\/#breadcrumb"},"inLanguage":"es","potentialAction":[{"@type":"ReadAction","target":["https:\/\/kuali.com.mx\/web\/2025\/08\/13\/arranca-la-expo-mipyme-en-irapuato\/"]}]},{"@type":"ImageObject","inLanguage":"es","@id":"https:\/\/kuali.com.mx\/web\/2025\/08\/13\/arranca-la-expo-mipyme-en-irapuato\/#primaryimage","url":"https:\/\/kuali.com.mx\/web\/wp-content\/uploads\/2025\/08\/IRAPUATO-SEDE-DE-LA-EDICION-17-DE-LA-EXPO-MIPYME-1.png","contentUrl":"https:\/\/kuali.com.mx\/web\/wp-content\/uploads\/2025\/08\/IRAPUATO-SEDE-DE-LA-EDICION-17-DE-LA-EXPO-MIPYME-1.png","width":1750,"height":921},{"@type":"BreadcrumbList","@id":"https:\/\/kuali.com.mx\/web\/2025\/08\/13\/arranca-la-expo-mipyme-en-irapuato\/#breadcrumb","itemListElement":[{"@type":"ListItem","position":1,"name":"Inicio","item":"https:\/\/kuali.com.mx\/web\/"},{"@type":"ListItem","position":2,"name":"ARRANCA LA EXPO MiPyME EN IRAPUATO\u00a0"}]},{"@type":"WebSite","@id":"https:\/\/kuali.com.mx\/web\/#website","url":"https:\/\/kuali.com.mx\/web\/","name":"Kuali","description":"","potentialAction":[{"@type":"SearchAction","target":{"@type":"EntryPoint","urlTemplate":"https:\/\/kuali.com.mx\/web\/?s={search_term_string}"},"query-input":{"@type":"PropertyValueSpecification","valueRequired":true,"valueName":"search_term_string"}}],"inLanguage":"es"},{"@type":"Person","@id":"https:\/\/kuali.com.mx\/web\/#\/schema\/person\/6f89ffa8ecba9dae50662357923c5289","name":"Kuali Staff","image":{"@type":"ImageObject","inLanguage":"es","@id":"https:\/\/secure.gravatar.com\/avatar\/f917ad82e5ab71227a733c78b6e60715476f69ee6be59feee4eb5d9920c89e0f?s=96&d=mm&r=g","url":"https:\/\/secure.gravatar.com\/avatar\/f917ad82e5ab71227a733c78b6e60715476f69ee6be59feee4eb5d9920c89e0f?s=96&d=mm&r=g","contentUrl":"https:\/\/secure.gravatar.com\/avatar\/f917ad82e5ab71227a733c78b6e60715476f69ee6be59feee4eb5d9920c89e0f?s=96&d=mm&r=g","caption":"Kuali Staff"},"url":"https:\/\/kuali.com.mx\/web\/author\/lagarto\/"}]}},"_links":{"self":[{"href":"https:\/\/kuali.com.mx\/web\/wp-json\/wp\/v2\/posts\/182863","targetHints":{"allow":["GET"]}}],"collection":[{"href":"https:\/\/kuali.com.mx\/web\/wp-json\/wp\/v2\/posts"}],"about":[{"href":"https:\/\/kuali.com.mx\/web\/wp-json\/wp\/v2\/types\/post"}],"author":[{"embeddable":true,"href":"https:\/\/kuali.com.mx\/web\/wp-json\/wp\/v2\/users\/2"}],"replies":[{"embeddable":true,"href":"https:\/\/kuali.com.mx\/web\/wp-json\/wp\/v2\/comments?post=182863"}],"version-history":[{"count":2,"href":"https:\/\/kuali.com.mx\/web\/wp-json\/wp\/v2\/posts\/182863\/revisions"}],"predecessor-version":[{"id":182873,"href":"https:\/\/kuali.com.mx\/web\/wp-json\/wp\/v2\/posts\/182863\/revisions\/182873"}],"wp:featuredmedia":[{"embeddable":true,"href":"https:\/\/kuali.com.mx\/web\/wp-json\/wp\/v2\/media\/182865"}],"wp:attachment":[{"href":"https:\/\/kuali.com.mx\/web\/wp-json\/wp\/v2\/media?parent=182863"}],"wp:term":[{"taxonomy":"category","embeddable":true,"href":"https:\/\/kuali.com.mx\/web\/wp-json\/wp\/v2\/categories?post=182863"},{"taxonomy":"post_tag","embeddable":true,"href":"https:\/\/kuali.com.mx\/web\/wp-json\/wp\/v2\/tags?post=182863"}],"curies":[{"name":"wp","href":"https:\/\/api.w.org\/{rel}","templated":true}]}}