{"id":182828,"date":"2025-08-13T16:28:36","date_gmt":"2025-08-13T22:28:36","guid":{"rendered":"https:\/\/kuali.com.mx\/web\/?p=182828"},"modified":"2025-08-13T16:30:07","modified_gmt":"2025-08-13T22:30:07","slug":"alienta-a-zapateros-del-rincon-freno-a-la-importacion-de-calzado","status":"publish","type":"post","link":"https:\/\/kuali.com.mx\/web\/2025\/08\/13\/alienta-a-zapateros-del-rincon-freno-a-la-importacion-de-calzado\/","title":{"rendered":"ALIENTA A ZAPATEROS DEL RINC\u00d3N FRENO A LA IMPORTACI\u00d3N DE CALZADO"},"content":{"rendered":"\n<p><strong><em>Bernardo Monroy\/San Francisco del Rinc\u00f3n, Gto.-<\/em><\/strong>Despu\u00e9s de una serie de conflictos como decomisos, clausuras de negocios, marchas y protestas, los zapateros de San Francisco del Rinc\u00f3n parecen ver la luz, a ra\u00edz del anuncio de Marcel Ebrard en SAPICA.<\/p>\n\n\n\n<p>Es decir: Ebrard, Secretario Federal de Econom\u00eda, anunci\u00f3 durante el evento inaugural del Sal\u00f3n de la Piel y del Calzado, que para importar calzado, se debe de pagar 25% de arancel. La situaci\u00f3n tiene como objetivo, entre otros temas, detener el inmenso tr\u00e1fico de calzado chino, que ha representado un enorme problema para los empresarios y obreros del calzado, sobre todo en San Francisco del Rinc\u00f3n.<\/p>\n\n\n\n<p>Jos\u00e9 Luis Le\u00f3n Garc\u00eda, conocido en la ciudad como \u2018El Ronco\u2019, integrante y representante de \u2018La voz del Pueblo\u2019 agrupaci\u00f3n que ha luchado con protestas, marchas y activismo en relaci\u00f3n a esta problem\u00e1tica, habl\u00f3 en entrevista para este medio.<\/p>\n\n\n\n<p>Se trata de casi mil fabricantes que est\u00e1n unidos, de acuerdo con Le\u00f3n.<\/p>\n\n\n\n<p>\u201cDe acuerdo a la declaraci\u00f3n de nuestro Secretario de Econom\u00eda, habr\u00e1 un 25% de aranceles extra a la importaci\u00f3n de calzado de pa\u00edses asi\u00e1ticos como China. Creo que esto nos da un aliento muy fuerte para poder competir, pues sabemos que este problema ha impactado durante much\u00edsimos a\u00f1os. Va a ser muy importante, pues no se permitir\u00e1 ning\u00fan tipo de importaci\u00f3n si no se paga el arancel correspondiente. Esto nos da un margen para poder trabajar a un piso parejo, donde se equilibren los costos, y podamos equilibrar las marcas nacionales\u201d, dijo Ronco, quien es empresario, quien en su momento tambi\u00e9n fue pol\u00edtico morenista.<\/p>\n\n\n\n<p>El martes, los zapateros se reunieron con el alcalde To\u00f1o Mar\u00fan, lo que tranquiliz\u00f3 a los zapateros, pues despu\u00e9s de a\u00f1os de esta problem\u00e1tica, parecen tener por fin una respuesta concreta. \u201cHay intenci\u00f3n de trabajar con nosotros. Tendremos una reuni\u00f3n a finales de este mes, para ver los avances que hemos logrado\u201d.<\/p>\n\n\n\n<p>Ronco se\u00f1al\u00f3 casos como el de la marca \u20185 de mayo\u2019 en Puebla, que el gobierno de dicho estado est\u00e1 apoyando. \u201cOjal\u00e1 que en Guanajuato pudiera implementarse algo as\u00ed, haciendo compras del gobierno para seguridad, servicios m\u00e9dicos, etc\u00e9tera. Esto nos ayudar\u00eda bastante, pues con la competencia desleal durante a\u00f1os humo muchas trabas\u201d.<\/p>\n\n\n\n<p>\u201cEs importante difundir que lo hecho en M\u00e9xico es mucho mejor\u201d, subray\u00f3 Le\u00f3n Garc\u00eda. \u201cNosotros seguiremos manifestando nuestra preocupaci\u00f3n por el contrabando de calzado clon chino. Nos da una luz de esperanza, pero seguiremos levantando la voz hasta que pase la importaci\u00f3n\u201d.<\/p>\n\n\n\n<p><strong><u>INFORMACI\u00d3N OFICIAL<\/u><\/strong><\/p>\n\n\n\n<p>El municipio de San Francisco del Rinc\u00f3n emiti\u00f3 un comunicado que se\u00f1ala:<\/p>\n\n\n\n<p>Autoridades estatales y municipales sostuvieron una reuni\u00f3n con representantes del sector zapatero de San Francisco del Rinc\u00f3n, como parte del seguimiento a los acuerdos establecidos con este importante gremio.<\/p>\n\n\n\n<p>En el encuentro participaron el alcalde To\u00f1o Mar\u00fan, el secretario del H. Ayuntamiento Christian Casas Laguna y la directora de Econom\u00eda y Turismo Analy Ayala Mej\u00eda; por parte del Gobierno del Estado asistieron Marco Morales Garc\u00eda, director de Estrategia Econ\u00f3mica y Comunicaci\u00f3n de la Secretar\u00eda de Econom\u00eda; as\u00ed como Guillermo Gama y Refugio Valadez Guerrero, asesores de la Secretar\u00eda de Gobierno.<\/p>\n\n\n\n<p>Durante la reuni\u00f3n, la Secretar\u00eda de Econom\u00eda present\u00f3 los programas, cursos y talleres que, en coordinaci\u00f3n con el Municipio, se encuentran disponibles para impulsar la formalizaci\u00f3n de negocios.<\/p>\n\n\n\n<p>Adem\u00e1s, se anunci\u00f3 la realizaci\u00f3n de un estudio de mercado para evaluar la viabilidad de establecer un tianguis o una plaza del calzado, y se plante\u00f3 la posibilidad de organizar una expo especializada para fortalecer la promoci\u00f3n del sector.<\/p>\n\n\n\n<p>Como parte de los acuerdos, se solicit\u00f3 a las y los productores zapateros presentar propuestas concretas para su fortalecimiento, mismas que deber\u00e1n entregarse en los pr\u00f3ximos d\u00edas en la Direcci\u00f3n de Econom\u00eda y Turismo Municipal.<\/p>\n\n\n\n<p>La pr\u00f3xima reuni\u00f3n de seguimiento se llevar\u00e1 a cabo en septiembre, con el objetivo de dar continuidad a los avances y acciones acordadas.<\/p>\n","protected":false},"excerpt":{"rendered":"Bernardo Monroy\/San Francisco del Rinc\u00f3n, Gto.-Despu\u00e9s de una serie de conflictos como decomisos, clausuras de negocios, marchas y protestas, los zapateros de San Francisco del Rinc\u00f3n parecen ver la luz, a ra\u00edz del anuncio de Marcel Ebrard en SAPICA. Es decir: Ebrard, Secretario Federal de Econom\u00eda, anunci\u00f3 durante el evento inaugural del Sal\u00f3n de la [&hellip;]","protected":false},"author":2,"featured_media":182831,"comment_status":"open","ping_status":"open","sticky":false,"template":"","format":"standard","meta":{"_seopress_robots_primary_cat":"none","_seopress_titles_title":"","_seopress_titles_desc":"","_seopress_robots_index":"","_monsterinsights_skip_tracking":false,"_monsterinsights_sitenote_active":false,"_monsterinsights_sitenote_note":"","_monsterinsights_sitenote_category":0,"footnotes":""},"categories":[700,3],"tags":[],"class_list":["post-182828","post","type-post","status-publish","format-standard","has-post-thumbnail","hentry","category-industria-del-calzado","category-politica"],"yoast_head":"<!-- This site is optimized with the Yoast SEO plugin v27.5 - https:\/\/yoast.com\/product\/yoast-seo-wordpress\/ -->\n<title>ALIENTA A ZAPATEROS DEL RINC\u00d3N FRENO A LA IMPORTACI\u00d3N DE CALZADO - Kuali<\/title>\n<meta name=\"robots\" content=\"index, follow, max-snippet:-1, max-image-preview:large, max-video-preview:-1\" \/>\n<link rel=\"canonical\" href=\"https:\/\/kuali.com.mx\/web\/2025\/08\/13\/alienta-a-zapateros-del-rincon-freno-a-la-importacion-de-calzado\/\" \/>\n<meta property=\"og:locale\" content=\"es_MX\" \/>\n<meta property=\"og:type\" content=\"article\" \/>\n<meta property=\"og:title\" content=\"ALIENTA A ZAPATEROS DEL RINC\u00d3N FRENO A LA IMPORTACI\u00d3N DE CALZADO - Kuali\" \/>\n<meta property=\"og:description\" content=\"Bernardo Monroy\/San Francisco del Rinc\u00f3n, Gto.-Despu\u00e9s de una serie de conflictos como decomisos, clausuras de negocios, marchas y protestas, los zapateros de San Francisco del Rinc\u00f3n parecen ver la luz, a ra\u00edz del anuncio de Marcel Ebrard en SAPICA. Es decir: Ebrard, Secretario Federal de Econom\u00eda, anunci\u00f3 durante el evento inaugural del Sal\u00f3n de la [&hellip;]\" \/>\n<meta property=\"og:url\" content=\"https:\/\/kuali.com.mx\/web\/2025\/08\/13\/alienta-a-zapateros-del-rincon-freno-a-la-importacion-de-calzado\/\" \/>\n<meta property=\"og:site_name\" content=\"Kuali\" \/>\n<meta property=\"article:publisher\" content=\"https:\/\/kuali.com.mx\/web\/wp-content\/uploads\/2018\/04\/cropped-kuali_logo-1-1.png\" \/>\n<meta property=\"article:published_time\" content=\"2025-08-13T22:28:36+00:00\" \/>\n<meta property=\"article:modified_time\" content=\"2025-08-13T22:30:07+00:00\" \/>\n<meta property=\"og:image\" content=\"https:\/\/kuali.com.mx\/web\/wp-content\/uploads\/2025\/08\/Jose-Luis-Leon-Garcia-scaled.jpeg\" \/>\n\t<meta property=\"og:image:width\" content=\"2560\" \/>\n\t<meta property=\"og:image:height\" content=\"1707\" \/>\n\t<meta property=\"og:image:type\" content=\"image\/jpeg\" \/>\n<meta name=\"author\" content=\"Kuali Staff\" \/>\n<meta name=\"twitter:card\" content=\"summary_large_image\" \/>\n<meta name=\"twitter:creator\" content=\"@kuali_noticias\" \/>\n<meta name=\"twitter:site\" content=\"@kuali_noticias\" \/>\n<meta name=\"twitter:label1\" content=\"Escrito por\" \/>\n\t<meta name=\"twitter:data1\" content=\"Kuali Staff\" \/>\n\t<meta name=\"twitter:label2\" content=\"Tiempo de lectura\" \/>\n\t<meta name=\"twitter:data2\" content=\"4 minutos\" \/>\n<script type=\"application\/ld+json\" class=\"yoast-schema-graph\">{\"@context\":\"https:\\\/\\\/schema.org\",\"@graph\":[{\"@type\":\"Article\",\"@id\":\"https:\\\/\\\/kuali.com.mx\\\/web\\\/2025\\\/08\\\/13\\\/alienta-a-zapateros-del-rincon-freno-a-la-importacion-de-calzado\\\/#article\",\"isPartOf\":{\"@id\":\"https:\\\/\\\/kuali.com.mx\\\/web\\\/2025\\\/08\\\/13\\\/alienta-a-zapateros-del-rincon-freno-a-la-importacion-de-calzado\\\/\"},\"author\":{\"name\":\"Kuali Staff\",\"@id\":\"https:\\\/\\\/kuali.com.mx\\\/web\\\/#\\\/schema\\\/person\\\/6f89ffa8ecba9dae50662357923c5289\"},\"headline\":\"ALIENTA A ZAPATEROS DEL RINC\u00d3N FRENO A LA IMPORTACI\u00d3N DE CALZADO\",\"datePublished\":\"2025-08-13T22:28:36+00:00\",\"dateModified\":\"2025-08-13T22:30:07+00:00\",\"mainEntityOfPage\":{\"@id\":\"https:\\\/\\\/kuali.com.mx\\\/web\\\/2025\\\/08\\\/13\\\/alienta-a-zapateros-del-rincon-freno-a-la-importacion-de-calzado\\\/\"},\"wordCount\":723,\"commentCount\":0,\"image\":{\"@id\":\"https:\\\/\\\/kuali.com.mx\\\/web\\\/2025\\\/08\\\/13\\\/alienta-a-zapateros-del-rincon-freno-a-la-importacion-de-calzado\\\/#primaryimage\"},\"thumbnailUrl\":\"https:\\\/\\\/kuali.com.mx\\\/web\\\/wp-content\\\/uploads\\\/2025\\\/08\\\/Jose-Luis-Leon-Garcia-scaled.jpeg\",\"articleSection\":[\"Industria del calzado\",\"Pol\u00edtica\"],\"inLanguage\":\"es\",\"potentialAction\":[{\"@type\":\"CommentAction\",\"name\":\"Comment\",\"target\":[\"https:\\\/\\\/kuali.com.mx\\\/web\\\/2025\\\/08\\\/13\\\/alienta-a-zapateros-del-rincon-freno-a-la-importacion-de-calzado\\\/#respond\"]}]},{\"@type\":\"WebPage\",\"@id\":\"https:\\\/\\\/kuali.com.mx\\\/web\\\/2025\\\/08\\\/13\\\/alienta-a-zapateros-del-rincon-freno-a-la-importacion-de-calzado\\\/\",\"url\":\"https:\\\/\\\/kuali.com.mx\\\/web\\\/2025\\\/08\\\/13\\\/alienta-a-zapateros-del-rincon-freno-a-la-importacion-de-calzado\\\/\",\"name\":\"ALIENTA A ZAPATEROS DEL RINC\u00d3N FRENO A LA IMPORTACI\u00d3N DE CALZADO - Kuali\",\"isPartOf\":{\"@id\":\"https:\\\/\\\/kuali.com.mx\\\/web\\\/#website\"},\"primaryImageOfPage\":{\"@id\":\"https:\\\/\\\/kuali.com.mx\\\/web\\\/2025\\\/08\\\/13\\\/alienta-a-zapateros-del-rincon-freno-a-la-importacion-de-calzado\\\/#primaryimage\"},\"image\":{\"@id\":\"https:\\\/\\\/kuali.com.mx\\\/web\\\/2025\\\/08\\\/13\\\/alienta-a-zapateros-del-rincon-freno-a-la-importacion-de-calzado\\\/#primaryimage\"},\"thumbnailUrl\":\"https:\\\/\\\/kuali.com.mx\\\/web\\\/wp-content\\\/uploads\\\/2025\\\/08\\\/Jose-Luis-Leon-Garcia-scaled.jpeg\",\"datePublished\":\"2025-08-13T22:28:36+00:00\",\"dateModified\":\"2025-08-13T22:30:07+00:00\",\"author\":{\"@id\":\"https:\\\/\\\/kuali.com.mx\\\/web\\\/#\\\/schema\\\/person\\\/6f89ffa8ecba9dae50662357923c5289\"},\"breadcrumb\":{\"@id\":\"https:\\\/\\\/kuali.com.mx\\\/web\\\/2025\\\/08\\\/13\\\/alienta-a-zapateros-del-rincon-freno-a-la-importacion-de-calzado\\\/#breadcrumb\"},\"inLanguage\":\"es\",\"potentialAction\":[{\"@type\":\"ReadAction\",\"target\":[\"https:\\\/\\\/kuali.com.mx\\\/web\\\/2025\\\/08\\\/13\\\/alienta-a-zapateros-del-rincon-freno-a-la-importacion-de-calzado\\\/\"]}]},{\"@type\":\"ImageObject\",\"inLanguage\":\"es\",\"@id\":\"https:\\\/\\\/kuali.com.mx\\\/web\\\/2025\\\/08\\\/13\\\/alienta-a-zapateros-del-rincon-freno-a-la-importacion-de-calzado\\\/#primaryimage\",\"url\":\"https:\\\/\\\/kuali.com.mx\\\/web\\\/wp-content\\\/uploads\\\/2025\\\/08\\\/Jose-Luis-Leon-Garcia-scaled.jpeg\",\"contentUrl\":\"https:\\\/\\\/kuali.com.mx\\\/web\\\/wp-content\\\/uploads\\\/2025\\\/08\\\/Jose-Luis-Leon-Garcia-scaled.jpeg\",\"width\":2560,\"height\":1707},{\"@type\":\"BreadcrumbList\",\"@id\":\"https:\\\/\\\/kuali.com.mx\\\/web\\\/2025\\\/08\\\/13\\\/alienta-a-zapateros-del-rincon-freno-a-la-importacion-de-calzado\\\/#breadcrumb\",\"itemListElement\":[{\"@type\":\"ListItem\",\"position\":1,\"name\":\"Inicio\",\"item\":\"https:\\\/\\\/kuali.com.mx\\\/web\\\/\"},{\"@type\":\"ListItem\",\"position\":2,\"name\":\"ALIENTA A ZAPATEROS DEL RINC\u00d3N FRENO A LA IMPORTACI\u00d3N DE CALZADO\"}]},{\"@type\":\"WebSite\",\"@id\":\"https:\\\/\\\/kuali.com.mx\\\/web\\\/#website\",\"url\":\"https:\\\/\\\/kuali.com.mx\\\/web\\\/\",\"name\":\"Kuali\",\"description\":\"\",\"potentialAction\":[{\"@type\":\"SearchAction\",\"target\":{\"@type\":\"EntryPoint\",\"urlTemplate\":\"https:\\\/\\\/kuali.com.mx\\\/web\\\/?s={search_term_string}\"},\"query-input\":{\"@type\":\"PropertyValueSpecification\",\"valueRequired\":true,\"valueName\":\"search_term_string\"}}],\"inLanguage\":\"es\"},{\"@type\":\"Person\",\"@id\":\"https:\\\/\\\/kuali.com.mx\\\/web\\\/#\\\/schema\\\/person\\\/6f89ffa8ecba9dae50662357923c5289\",\"name\":\"Kuali Staff\",\"image\":{\"@type\":\"ImageObject\",\"inLanguage\":\"es\",\"@id\":\"https:\\\/\\\/secure.gravatar.com\\\/avatar\\\/f917ad82e5ab71227a733c78b6e60715476f69ee6be59feee4eb5d9920c89e0f?s=96&d=mm&r=g\",\"url\":\"https:\\\/\\\/secure.gravatar.com\\\/avatar\\\/f917ad82e5ab71227a733c78b6e60715476f69ee6be59feee4eb5d9920c89e0f?s=96&d=mm&r=g\",\"contentUrl\":\"https:\\\/\\\/secure.gravatar.com\\\/avatar\\\/f917ad82e5ab71227a733c78b6e60715476f69ee6be59feee4eb5d9920c89e0f?s=96&d=mm&r=g\",\"caption\":\"Kuali Staff\"},\"url\":\"https:\\\/\\\/kuali.com.mx\\\/web\\\/author\\\/lagarto\\\/\"}]}<\/script>\n<!-- \/ Yoast SEO plugin. -->","yoast_head_json":{"title":"ALIENTA A ZAPATEROS DEL RINC\u00d3N FRENO A LA IMPORTACI\u00d3N DE CALZADO - Kuali","robots":{"index":"index","follow":"follow","max-snippet":"max-snippet:-1","max-image-preview":"max-image-preview:large","max-video-preview":"max-video-preview:-1"},"canonical":"https:\/\/kuali.com.mx\/web\/2025\/08\/13\/alienta-a-zapateros-del-rincon-freno-a-la-importacion-de-calzado\/","og_locale":"es_MX","og_type":"article","og_title":"ALIENTA A ZAPATEROS DEL RINC\u00d3N FRENO A LA IMPORTACI\u00d3N DE CALZADO - Kuali","og_description":"Bernardo Monroy\/San Francisco del Rinc\u00f3n, Gto.-Despu\u00e9s de una serie de conflictos como decomisos, clausuras de negocios, marchas y protestas, los zapateros de San Francisco del Rinc\u00f3n parecen ver la luz, a ra\u00edz del anuncio de Marcel Ebrard en SAPICA. Es decir: Ebrard, Secretario Federal de Econom\u00eda, anunci\u00f3 durante el evento inaugural del Sal\u00f3n de la [&hellip;]","og_url":"https:\/\/kuali.com.mx\/web\/2025\/08\/13\/alienta-a-zapateros-del-rincon-freno-a-la-importacion-de-calzado\/","og_site_name":"Kuali","article_publisher":"https:\/\/kuali.com.mx\/web\/wp-content\/uploads\/2018\/04\/cropped-kuali_logo-1-1.png","article_published_time":"2025-08-13T22:28:36+00:00","article_modified_time":"2025-08-13T22:30:07+00:00","og_image":[{"width":2560,"height":1707,"url":"https:\/\/kuali.com.mx\/web\/wp-content\/uploads\/2025\/08\/Jose-Luis-Leon-Garcia-scaled.jpeg","type":"image\/jpeg"}],"author":"Kuali Staff","twitter_card":"summary_large_image","twitter_creator":"@kuali_noticias","twitter_site":"@kuali_noticias","twitter_misc":{"Escrito por":"Kuali Staff","Tiempo de lectura":"4 minutos"},"schema":{"@context":"https:\/\/schema.org","@graph":[{"@type":"Article","@id":"https:\/\/kuali.com.mx\/web\/2025\/08\/13\/alienta-a-zapateros-del-rincon-freno-a-la-importacion-de-calzado\/#article","isPartOf":{"@id":"https:\/\/kuali.com.mx\/web\/2025\/08\/13\/alienta-a-zapateros-del-rincon-freno-a-la-importacion-de-calzado\/"},"author":{"name":"Kuali Staff","@id":"https:\/\/kuali.com.mx\/web\/#\/schema\/person\/6f89ffa8ecba9dae50662357923c5289"},"headline":"ALIENTA A ZAPATEROS DEL RINC\u00d3N FRENO A LA IMPORTACI\u00d3N DE CALZADO","datePublished":"2025-08-13T22:28:36+00:00","dateModified":"2025-08-13T22:30:07+00:00","mainEntityOfPage":{"@id":"https:\/\/kuali.com.mx\/web\/2025\/08\/13\/alienta-a-zapateros-del-rincon-freno-a-la-importacion-de-calzado\/"},"wordCount":723,"commentCount":0,"image":{"@id":"https:\/\/kuali.com.mx\/web\/2025\/08\/13\/alienta-a-zapateros-del-rincon-freno-a-la-importacion-de-calzado\/#primaryimage"},"thumbnailUrl":"https:\/\/kuali.com.mx\/web\/wp-content\/uploads\/2025\/08\/Jose-Luis-Leon-Garcia-scaled.jpeg","articleSection":["Industria del calzado","Pol\u00edtica"],"inLanguage":"es","potentialAction":[{"@type":"CommentAction","name":"Comment","target":["https:\/\/kuali.com.mx\/web\/2025\/08\/13\/alienta-a-zapateros-del-rincon-freno-a-la-importacion-de-calzado\/#respond"]}]},{"@type":"WebPage","@id":"https:\/\/kuali.com.mx\/web\/2025\/08\/13\/alienta-a-zapateros-del-rincon-freno-a-la-importacion-de-calzado\/","url":"https:\/\/kuali.com.mx\/web\/2025\/08\/13\/alienta-a-zapateros-del-rincon-freno-a-la-importacion-de-calzado\/","name":"ALIENTA A ZAPATEROS DEL RINC\u00d3N FRENO A LA IMPORTACI\u00d3N DE CALZADO - Kuali","isPartOf":{"@id":"https:\/\/kuali.com.mx\/web\/#website"},"primaryImageOfPage":{"@id":"https:\/\/kuali.com.mx\/web\/2025\/08\/13\/alienta-a-zapateros-del-rincon-freno-a-la-importacion-de-calzado\/#primaryimage"},"image":{"@id":"https:\/\/kuali.com.mx\/web\/2025\/08\/13\/alienta-a-zapateros-del-rincon-freno-a-la-importacion-de-calzado\/#primaryimage"},"thumbnailUrl":"https:\/\/kuali.com.mx\/web\/wp-content\/uploads\/2025\/08\/Jose-Luis-Leon-Garcia-scaled.jpeg","datePublished":"2025-08-13T22:28:36+00:00","dateModified":"2025-08-13T22:30:07+00:00","author":{"@id":"https:\/\/kuali.com.mx\/web\/#\/schema\/person\/6f89ffa8ecba9dae50662357923c5289"},"breadcrumb":{"@id":"https:\/\/kuali.com.mx\/web\/2025\/08\/13\/alienta-a-zapateros-del-rincon-freno-a-la-importacion-de-calzado\/#breadcrumb"},"inLanguage":"es","potentialAction":[{"@type":"ReadAction","target":["https:\/\/kuali.com.mx\/web\/2025\/08\/13\/alienta-a-zapateros-del-rincon-freno-a-la-importacion-de-calzado\/"]}]},{"@type":"ImageObject","inLanguage":"es","@id":"https:\/\/kuali.com.mx\/web\/2025\/08\/13\/alienta-a-zapateros-del-rincon-freno-a-la-importacion-de-calzado\/#primaryimage","url":"https:\/\/kuali.com.mx\/web\/wp-content\/uploads\/2025\/08\/Jose-Luis-Leon-Garcia-scaled.jpeg","contentUrl":"https:\/\/kuali.com.mx\/web\/wp-content\/uploads\/2025\/08\/Jose-Luis-Leon-Garcia-scaled.jpeg","width":2560,"height":1707},{"@type":"BreadcrumbList","@id":"https:\/\/kuali.com.mx\/web\/2025\/08\/13\/alienta-a-zapateros-del-rincon-freno-a-la-importacion-de-calzado\/#breadcrumb","itemListElement":[{"@type":"ListItem","position":1,"name":"Inicio","item":"https:\/\/kuali.com.mx\/web\/"},{"@type":"ListItem","position":2,"name":"ALIENTA A ZAPATEROS DEL RINC\u00d3N FRENO A LA IMPORTACI\u00d3N DE CALZADO"}]},{"@type":"WebSite","@id":"https:\/\/kuali.com.mx\/web\/#website","url":"https:\/\/kuali.com.mx\/web\/","name":"Kuali","description":"","potentialAction":[{"@type":"SearchAction","target":{"@type":"EntryPoint","urlTemplate":"https:\/\/kuali.com.mx\/web\/?s={search_term_string}"},"query-input":{"@type":"PropertyValueSpecification","valueRequired":true,"valueName":"search_term_string"}}],"inLanguage":"es"},{"@type":"Person","@id":"https:\/\/kuali.com.mx\/web\/#\/schema\/person\/6f89ffa8ecba9dae50662357923c5289","name":"Kuali Staff","image":{"@type":"ImageObject","inLanguage":"es","@id":"https:\/\/secure.gravatar.com\/avatar\/f917ad82e5ab71227a733c78b6e60715476f69ee6be59feee4eb5d9920c89e0f?s=96&d=mm&r=g","url":"https:\/\/secure.gravatar.com\/avatar\/f917ad82e5ab71227a733c78b6e60715476f69ee6be59feee4eb5d9920c89e0f?s=96&d=mm&r=g","contentUrl":"https:\/\/secure.gravatar.com\/avatar\/f917ad82e5ab71227a733c78b6e60715476f69ee6be59feee4eb5d9920c89e0f?s=96&d=mm&r=g","caption":"Kuali Staff"},"url":"https:\/\/kuali.com.mx\/web\/author\/lagarto\/"}]}},"_links":{"self":[{"href":"https:\/\/kuali.com.mx\/web\/wp-json\/wp\/v2\/posts\/182828","targetHints":{"allow":["GET"]}}],"collection":[{"href":"https:\/\/kuali.com.mx\/web\/wp-json\/wp\/v2\/posts"}],"about":[{"href":"https:\/\/kuali.com.mx\/web\/wp-json\/wp\/v2\/types\/post"}],"author":[{"embeddable":true,"href":"https:\/\/kuali.com.mx\/web\/wp-json\/wp\/v2\/users\/2"}],"replies":[{"embeddable":true,"href":"https:\/\/kuali.com.mx\/web\/wp-json\/wp\/v2\/comments?post=182828"}],"version-history":[{"count":2,"href":"https:\/\/kuali.com.mx\/web\/wp-json\/wp\/v2\/posts\/182828\/revisions"}],"predecessor-version":[{"id":182833,"href":"https:\/\/kuali.com.mx\/web\/wp-json\/wp\/v2\/posts\/182828\/revisions\/182833"}],"wp:featuredmedia":[{"embeddable":true,"href":"https:\/\/kuali.com.mx\/web\/wp-json\/wp\/v2\/media\/182831"}],"wp:attachment":[{"href":"https:\/\/kuali.com.mx\/web\/wp-json\/wp\/v2\/media?parent=182828"}],"wp:term":[{"taxonomy":"category","embeddable":true,"href":"https:\/\/kuali.com.mx\/web\/wp-json\/wp\/v2\/categories?post=182828"},{"taxonomy":"post_tag","embeddable":true,"href":"https:\/\/kuali.com.mx\/web\/wp-json\/wp\/v2\/tags?post=182828"}],"curies":[{"name":"wp","href":"https:\/\/api.w.org\/{rel}","templated":true}]}}