{"id":182812,"date":"2025-08-13T15:59:20","date_gmt":"2025-08-13T21:59:20","guid":{"rendered":"https:\/\/kuali.com.mx\/web\/?p=182812"},"modified":"2025-08-13T15:59:23","modified_gmt":"2025-08-13T21:59:23","slug":"torturan-a-23-internos-del-penal-de-acambaro-cndh","status":"publish","type":"post","link":"https:\/\/kuali.com.mx\/web\/2025\/08\/13\/torturan-a-23-internos-del-penal-de-acambaro-cndh\/","title":{"rendered":"TORTURAN A 23 INTERNOS DEL PENAL DE AC\u00c1MBARO: CNDH"},"content":{"rendered":"\n<p><strong><em>Carlos Garc\u00eda\/Ac\u00e1mbaro, Gto.-<\/em><\/strong> La Comisi\u00f3n Nacional de los Derechos Humanos (CNDH) y la Procuradur\u00eda de los Derechos Humanos del Estado de Guanajuato (Prodheg) emitieron medidas cautelares a favor de 23 internos del Centro de Prevenci\u00f3n y Reinserci\u00f3n Social (Ceprereso) de Ac\u00e1mbaro, posibles v\u00edctimas de tortura que estaban aisladas e incomunicadas en un dormitorio como una forma de sanci\u00f3n que no est\u00e1 estipulada en la Ley Nacional de Ejecuci\u00f3n Penal.<\/p>\n\n\n\n<p>\u201cEl personal de la CNDH identific\u00f3 condiciones y pr\u00e1cticas que pon\u00edan en riesgo la integridad de dichas personas, en quienes se observaron lesiones en diversas partes del cuerpo y al ser entrevistadas refirieron que estaban en esas condiciones desde el primero de agosto\u201d, se\u00f1al\u00f3 el organismo.<\/p>\n\n\n\n<p>El Sistema Penitenciario del Estado de Guanajuato debe vigilar que se respete la aplicaci\u00f3n de las salvaguardias de prevenci\u00f3n de la tortura para garantizar las condiciones de estancia digna de las personas privadas de la libertad, recomend\u00f3.<\/p>\n\n\n\n<p>\u201cLas condiciones de gobernabilidad y seguridad, la reinserci\u00f3n social y los requerimientos de grupos espec\u00edficos, as\u00ed como adoptar las acciones inmediatas que permitan erradicar las pr\u00e1cticas de tortura y tratos crueles, inhumanos o degradantes en contra de las personas privadas de libertad\u201d, refiri\u00f3.<\/p>\n\n\n\n<p>A trav\u00e9s del Mecanismo Nacional de Prevenci\u00f3n de la Tortura (MNPT-CNDH) se destaca la importancia de implementar estrategias de revisi\u00f3n aleatoria en las \u00e1reas para garantizar que las sanciones disciplinarias sean aplicadas por el Comit\u00e9 T\u00e9cnico, resalt\u00f3.<\/p>\n\n\n\n<p>\u201cEste organismo nacional de protecci\u00f3n de derechos humanos reitera la posibilidad de establecer una colaboraci\u00f3n con el Sistema Penitenciario del Estado de Guanajuato para fortalecer los mecanismos para la adecuada aplicaci\u00f3n de la normatividad, protocolos y\/o manuales, para que su operatividad y gobernabilidad en condiciones de seguridad sea compatible con el respeto a los derechos humanos\u201d, expuso.<\/p>\n\n\n\n<p>La Comisi\u00f3n exhort\u00f3 al Sistema Penitenciario del gobierno del Estado de Guanajuato a cumplir con la debida aplicaci\u00f3n de las salvaguardias que garanticen la integridad de los 23 internos.<\/p>\n\n\n\n<p>\u201cDichas personas estaban, supuestamente, sujetas a sanciones que, al no estar contempladas en la Ley Nacional de Ejecuci\u00f3n Penal, podr\u00edan vulnerar sus derechos humanos con aislamiento, sin comunicaci\u00f3n con el exterior y sin desplazamiento por otras \u00e1reas\u201d, detall\u00f3.<\/p>\n\n\n\n<p>Agreg\u00f3 que el 11 de agosto, como parte del Diagn\u00f3stico Nacional de Supervisi\u00f3n Penitenciaria (DNSP) 2025, personal de la CNDH recorri\u00f3 un dormitorio en el que estaban los 23 internos.<\/p>\n\n\n\n<p>\u201cCabe se\u00f1alar que las tareas de las visitadoras y visitadores adjuntos se vieron interrumpidas por parte del personal de seguridad y custodia, quienes impidieron el desarrollo de las actividades de supervisi\u00f3n y no permitieron continuar con las entrevistas a las personas privadas de la libertad, quienes fueron llevadas a otros dormitorios\u201d, revel\u00f3.<\/p>\n\n\n\n<p>Derivado de la supervisi\u00f3n, la CNDH y la Prodheg emitieron medidas para que las autoridades penitenciarias garanticen la integridad f\u00edsica y mental de las personas privadas de la libertad.<\/p>\n\n\n\n<p>A\u00f1adi\u00f3 que la autoridad debe permitir que los internos tengan comunicaci\u00f3n con su familia y con personas defensoras, revisar su estado de salud y que se haga la debida certificaci\u00f3n de las lesiones que presentan.<\/p>\n\n\n\n<p>\u201cAsimismo, se exhort\u00f3 a la autoridad penitenciaria a garantizar las condiciones para el desarrollo de las actividades de los organismos defensores de derechos humanos y se faciliten los procedimientos para que las personas privadas de la libertad puedan interponer las quejas y denuncias del caso\u201d, inform\u00f3 la CNDH.<\/p>\n\n\n\n<p>Ante los hallazgos en el Ceprereso, la CNDH inst\u00f3 a las autoridades del Sistema Penitenciario del Estado de Guanajuato a verificar la adecuada aplicaci\u00f3n del marco legal sobre el uso de la fuerza y&nbsp;la aplicaci\u00f3n de medidas disciplinarias.<\/p>\n\n\n\n<p>El objetivo es erradicar las pr\u00e1cticas que vulneran la integridad y dignidad de las personas, concluy\u00f3.<\/p>\n","protected":false},"excerpt":{"rendered":"Carlos Garc\u00eda\/Ac\u00e1mbaro, Gto.- La Comisi\u00f3n Nacional de los Derechos Humanos (CNDH) y la Procuradur\u00eda de los Derechos Humanos del Estado de Guanajuato (Prodheg) emitieron medidas cautelares a favor de 23 internos del Centro de Prevenci\u00f3n y Reinserci\u00f3n Social (Ceprereso) de Ac\u00e1mbaro, posibles v\u00edctimas de tortura que estaban aisladas e incomunicadas en un dormitorio como una [&hellip;]","protected":false},"author":2,"featured_media":165179,"comment_status":"open","ping_status":"open","sticky":false,"template":"","format":"standard","meta":{"_seopress_robots_primary_cat":"none","_seopress_titles_title":"","_seopress_titles_desc":"","_seopress_robots_index":"","_monsterinsights_skip_tracking":false,"_monsterinsights_sitenote_active":false,"_monsterinsights_sitenote_note":"","_monsterinsights_sitenote_category":0,"footnotes":""},"categories":[14,69],"tags":[],"class_list":["post-182812","post","type-post","status-publish","format-standard","has-post-thumbnail","hentry","category-derechos","category-slider"],"yoast_head":"<!-- This site is optimized with the Yoast SEO plugin v27.5 - https:\/\/yoast.com\/product\/yoast-seo-wordpress\/ -->\n<title>TORTURAN A 23 INTERNOS DEL PENAL DE AC\u00c1MBARO: CNDH - Kuali<\/title>\n<meta name=\"robots\" content=\"index, follow, max-snippet:-1, max-image-preview:large, max-video-preview:-1\" \/>\n<link rel=\"canonical\" href=\"https:\/\/kuali.com.mx\/web\/2025\/08\/13\/torturan-a-23-internos-del-penal-de-acambaro-cndh\/\" \/>\n<meta property=\"og:locale\" content=\"es_MX\" \/>\n<meta property=\"og:type\" content=\"article\" \/>\n<meta property=\"og:title\" content=\"TORTURAN A 23 INTERNOS DEL PENAL DE AC\u00c1MBARO: CNDH - Kuali\" \/>\n<meta property=\"og:description\" content=\"Carlos Garc\u00eda\/Ac\u00e1mbaro, Gto.- La Comisi\u00f3n Nacional de los Derechos Humanos (CNDH) y la Procuradur\u00eda de los Derechos Humanos del Estado de Guanajuato (Prodheg) emitieron medidas cautelares a favor de 23 internos del Centro de Prevenci\u00f3n y Reinserci\u00f3n Social (Ceprereso) de Ac\u00e1mbaro, posibles v\u00edctimas de tortura que estaban aisladas e incomunicadas en un dormitorio como una [&hellip;]\" \/>\n<meta property=\"og:url\" content=\"https:\/\/kuali.com.mx\/web\/2025\/08\/13\/torturan-a-23-internos-del-penal-de-acambaro-cndh\/\" \/>\n<meta property=\"og:site_name\" content=\"Kuali\" \/>\n<meta property=\"article:publisher\" content=\"https:\/\/kuali.com.mx\/web\/wp-content\/uploads\/2018\/04\/cropped-kuali_logo-1-1.png\" \/>\n<meta property=\"article:published_time\" content=\"2025-08-13T21:59:20+00:00\" \/>\n<meta property=\"article:modified_time\" content=\"2025-08-13T21:59:23+00:00\" \/>\n<meta property=\"og:image\" content=\"https:\/\/kuali.com.mx\/web\/wp-content\/uploads\/2025\/01\/carcel-prision-ceresos-.gif\" \/>\n\t<meta property=\"og:image:width\" content=\"1700\" \/>\n\t<meta property=\"og:image:height\" content=\"750\" \/>\n\t<meta property=\"og:image:type\" content=\"image\/gif\" \/>\n<meta name=\"author\" content=\"Kuali Staff\" \/>\n<meta name=\"twitter:card\" content=\"summary_large_image\" \/>\n<meta name=\"twitter:creator\" content=\"@kuali_noticias\" \/>\n<meta name=\"twitter:site\" content=\"@kuali_noticias\" \/>\n<meta name=\"twitter:label1\" content=\"Escrito por\" \/>\n\t<meta name=\"twitter:data1\" content=\"Kuali Staff\" \/>\n\t<meta name=\"twitter:label2\" content=\"Tiempo de lectura\" \/>\n\t<meta name=\"twitter:data2\" content=\"3 minutos\" \/>\n<script type=\"application\/ld+json\" class=\"yoast-schema-graph\">{\"@context\":\"https:\\\/\\\/schema.org\",\"@graph\":[{\"@type\":\"Article\",\"@id\":\"https:\\\/\\\/kuali.com.mx\\\/web\\\/2025\\\/08\\\/13\\\/torturan-a-23-internos-del-penal-de-acambaro-cndh\\\/#article\",\"isPartOf\":{\"@id\":\"https:\\\/\\\/kuali.com.mx\\\/web\\\/2025\\\/08\\\/13\\\/torturan-a-23-internos-del-penal-de-acambaro-cndh\\\/\"},\"author\":{\"name\":\"Kuali Staff\",\"@id\":\"https:\\\/\\\/kuali.com.mx\\\/web\\\/#\\\/schema\\\/person\\\/6f89ffa8ecba9dae50662357923c5289\"},\"headline\":\"TORTURAN A 23 INTERNOS DEL PENAL DE AC\u00c1MBARO: CNDH\",\"datePublished\":\"2025-08-13T21:59:20+00:00\",\"dateModified\":\"2025-08-13T21:59:23+00:00\",\"mainEntityOfPage\":{\"@id\":\"https:\\\/\\\/kuali.com.mx\\\/web\\\/2025\\\/08\\\/13\\\/torturan-a-23-internos-del-penal-de-acambaro-cndh\\\/\"},\"wordCount\":655,\"commentCount\":0,\"image\":{\"@id\":\"https:\\\/\\\/kuali.com.mx\\\/web\\\/2025\\\/08\\\/13\\\/torturan-a-23-internos-del-penal-de-acambaro-cndh\\\/#primaryimage\"},\"thumbnailUrl\":\"https:\\\/\\\/kuali.com.mx\\\/web\\\/wp-content\\\/uploads\\\/2025\\\/01\\\/carcel-prision-ceresos-.gif\",\"articleSection\":[\"Derechos Humanos\",\"slider\"],\"inLanguage\":\"es\",\"potentialAction\":[{\"@type\":\"CommentAction\",\"name\":\"Comment\",\"target\":[\"https:\\\/\\\/kuali.com.mx\\\/web\\\/2025\\\/08\\\/13\\\/torturan-a-23-internos-del-penal-de-acambaro-cndh\\\/#respond\"]}]},{\"@type\":\"WebPage\",\"@id\":\"https:\\\/\\\/kuali.com.mx\\\/web\\\/2025\\\/08\\\/13\\\/torturan-a-23-internos-del-penal-de-acambaro-cndh\\\/\",\"url\":\"https:\\\/\\\/kuali.com.mx\\\/web\\\/2025\\\/08\\\/13\\\/torturan-a-23-internos-del-penal-de-acambaro-cndh\\\/\",\"name\":\"TORTURAN A 23 INTERNOS DEL PENAL DE AC\u00c1MBARO: CNDH - Kuali\",\"isPartOf\":{\"@id\":\"https:\\\/\\\/kuali.com.mx\\\/web\\\/#website\"},\"primaryImageOfPage\":{\"@id\":\"https:\\\/\\\/kuali.com.mx\\\/web\\\/2025\\\/08\\\/13\\\/torturan-a-23-internos-del-penal-de-acambaro-cndh\\\/#primaryimage\"},\"image\":{\"@id\":\"https:\\\/\\\/kuali.com.mx\\\/web\\\/2025\\\/08\\\/13\\\/torturan-a-23-internos-del-penal-de-acambaro-cndh\\\/#primaryimage\"},\"thumbnailUrl\":\"https:\\\/\\\/kuali.com.mx\\\/web\\\/wp-content\\\/uploads\\\/2025\\\/01\\\/carcel-prision-ceresos-.gif\",\"datePublished\":\"2025-08-13T21:59:20+00:00\",\"dateModified\":\"2025-08-13T21:59:23+00:00\",\"author\":{\"@id\":\"https:\\\/\\\/kuali.com.mx\\\/web\\\/#\\\/schema\\\/person\\\/6f89ffa8ecba9dae50662357923c5289\"},\"breadcrumb\":{\"@id\":\"https:\\\/\\\/kuali.com.mx\\\/web\\\/2025\\\/08\\\/13\\\/torturan-a-23-internos-del-penal-de-acambaro-cndh\\\/#breadcrumb\"},\"inLanguage\":\"es\",\"potentialAction\":[{\"@type\":\"ReadAction\",\"target\":[\"https:\\\/\\\/kuali.com.mx\\\/web\\\/2025\\\/08\\\/13\\\/torturan-a-23-internos-del-penal-de-acambaro-cndh\\\/\"]}]},{\"@type\":\"ImageObject\",\"inLanguage\":\"es\",\"@id\":\"https:\\\/\\\/kuali.com.mx\\\/web\\\/2025\\\/08\\\/13\\\/torturan-a-23-internos-del-penal-de-acambaro-cndh\\\/#primaryimage\",\"url\":\"https:\\\/\\\/kuali.com.mx\\\/web\\\/wp-content\\\/uploads\\\/2025\\\/01\\\/carcel-prision-ceresos-.gif\",\"contentUrl\":\"https:\\\/\\\/kuali.com.mx\\\/web\\\/wp-content\\\/uploads\\\/2025\\\/01\\\/carcel-prision-ceresos-.gif\",\"width\":1700,\"height\":750},{\"@type\":\"BreadcrumbList\",\"@id\":\"https:\\\/\\\/kuali.com.mx\\\/web\\\/2025\\\/08\\\/13\\\/torturan-a-23-internos-del-penal-de-acambaro-cndh\\\/#breadcrumb\",\"itemListElement\":[{\"@type\":\"ListItem\",\"position\":1,\"name\":\"Inicio\",\"item\":\"https:\\\/\\\/kuali.com.mx\\\/web\\\/\"},{\"@type\":\"ListItem\",\"position\":2,\"name\":\"TORTURAN A 23 INTERNOS DEL PENAL DE AC\u00c1MBARO: CNDH\"}]},{\"@type\":\"WebSite\",\"@id\":\"https:\\\/\\\/kuali.com.mx\\\/web\\\/#website\",\"url\":\"https:\\\/\\\/kuali.com.mx\\\/web\\\/\",\"name\":\"Kuali\",\"description\":\"\",\"potentialAction\":[{\"@type\":\"SearchAction\",\"target\":{\"@type\":\"EntryPoint\",\"urlTemplate\":\"https:\\\/\\\/kuali.com.mx\\\/web\\\/?s={search_term_string}\"},\"query-input\":{\"@type\":\"PropertyValueSpecification\",\"valueRequired\":true,\"valueName\":\"search_term_string\"}}],\"inLanguage\":\"es\"},{\"@type\":\"Person\",\"@id\":\"https:\\\/\\\/kuali.com.mx\\\/web\\\/#\\\/schema\\\/person\\\/6f89ffa8ecba9dae50662357923c5289\",\"name\":\"Kuali Staff\",\"image\":{\"@type\":\"ImageObject\",\"inLanguage\":\"es\",\"@id\":\"https:\\\/\\\/secure.gravatar.com\\\/avatar\\\/f917ad82e5ab71227a733c78b6e60715476f69ee6be59feee4eb5d9920c89e0f?s=96&d=mm&r=g\",\"url\":\"https:\\\/\\\/secure.gravatar.com\\\/avatar\\\/f917ad82e5ab71227a733c78b6e60715476f69ee6be59feee4eb5d9920c89e0f?s=96&d=mm&r=g\",\"contentUrl\":\"https:\\\/\\\/secure.gravatar.com\\\/avatar\\\/f917ad82e5ab71227a733c78b6e60715476f69ee6be59feee4eb5d9920c89e0f?s=96&d=mm&r=g\",\"caption\":\"Kuali Staff\"},\"url\":\"https:\\\/\\\/kuali.com.mx\\\/web\\\/author\\\/lagarto\\\/\"}]}<\/script>\n<!-- \/ Yoast SEO plugin. -->","yoast_head_json":{"title":"TORTURAN A 23 INTERNOS DEL PENAL DE AC\u00c1MBARO: CNDH - Kuali","robots":{"index":"index","follow":"follow","max-snippet":"max-snippet:-1","max-image-preview":"max-image-preview:large","max-video-preview":"max-video-preview:-1"},"canonical":"https:\/\/kuali.com.mx\/web\/2025\/08\/13\/torturan-a-23-internos-del-penal-de-acambaro-cndh\/","og_locale":"es_MX","og_type":"article","og_title":"TORTURAN A 23 INTERNOS DEL PENAL DE AC\u00c1MBARO: CNDH - Kuali","og_description":"Carlos Garc\u00eda\/Ac\u00e1mbaro, Gto.- La Comisi\u00f3n Nacional de los Derechos Humanos (CNDH) y la Procuradur\u00eda de los Derechos Humanos del Estado de Guanajuato (Prodheg) emitieron medidas cautelares a favor de 23 internos del Centro de Prevenci\u00f3n y Reinserci\u00f3n Social (Ceprereso) de Ac\u00e1mbaro, posibles v\u00edctimas de tortura que estaban aisladas e incomunicadas en un dormitorio como una [&hellip;]","og_url":"https:\/\/kuali.com.mx\/web\/2025\/08\/13\/torturan-a-23-internos-del-penal-de-acambaro-cndh\/","og_site_name":"Kuali","article_publisher":"https:\/\/kuali.com.mx\/web\/wp-content\/uploads\/2018\/04\/cropped-kuali_logo-1-1.png","article_published_time":"2025-08-13T21:59:20+00:00","article_modified_time":"2025-08-13T21:59:23+00:00","og_image":[{"width":1700,"height":750,"url":"https:\/\/kuali.com.mx\/web\/wp-content\/uploads\/2025\/01\/carcel-prision-ceresos-.gif","type":"image\/gif"}],"author":"Kuali Staff","twitter_card":"summary_large_image","twitter_creator":"@kuali_noticias","twitter_site":"@kuali_noticias","twitter_misc":{"Escrito por":"Kuali Staff","Tiempo de lectura":"3 minutos"},"schema":{"@context":"https:\/\/schema.org","@graph":[{"@type":"Article","@id":"https:\/\/kuali.com.mx\/web\/2025\/08\/13\/torturan-a-23-internos-del-penal-de-acambaro-cndh\/#article","isPartOf":{"@id":"https:\/\/kuali.com.mx\/web\/2025\/08\/13\/torturan-a-23-internos-del-penal-de-acambaro-cndh\/"},"author":{"name":"Kuali Staff","@id":"https:\/\/kuali.com.mx\/web\/#\/schema\/person\/6f89ffa8ecba9dae50662357923c5289"},"headline":"TORTURAN A 23 INTERNOS DEL PENAL DE AC\u00c1MBARO: CNDH","datePublished":"2025-08-13T21:59:20+00:00","dateModified":"2025-08-13T21:59:23+00:00","mainEntityOfPage":{"@id":"https:\/\/kuali.com.mx\/web\/2025\/08\/13\/torturan-a-23-internos-del-penal-de-acambaro-cndh\/"},"wordCount":655,"commentCount":0,"image":{"@id":"https:\/\/kuali.com.mx\/web\/2025\/08\/13\/torturan-a-23-internos-del-penal-de-acambaro-cndh\/#primaryimage"},"thumbnailUrl":"https:\/\/kuali.com.mx\/web\/wp-content\/uploads\/2025\/01\/carcel-prision-ceresos-.gif","articleSection":["Derechos Humanos","slider"],"inLanguage":"es","potentialAction":[{"@type":"CommentAction","name":"Comment","target":["https:\/\/kuali.com.mx\/web\/2025\/08\/13\/torturan-a-23-internos-del-penal-de-acambaro-cndh\/#respond"]}]},{"@type":"WebPage","@id":"https:\/\/kuali.com.mx\/web\/2025\/08\/13\/torturan-a-23-internos-del-penal-de-acambaro-cndh\/","url":"https:\/\/kuali.com.mx\/web\/2025\/08\/13\/torturan-a-23-internos-del-penal-de-acambaro-cndh\/","name":"TORTURAN A 23 INTERNOS DEL PENAL DE AC\u00c1MBARO: CNDH - Kuali","isPartOf":{"@id":"https:\/\/kuali.com.mx\/web\/#website"},"primaryImageOfPage":{"@id":"https:\/\/kuali.com.mx\/web\/2025\/08\/13\/torturan-a-23-internos-del-penal-de-acambaro-cndh\/#primaryimage"},"image":{"@id":"https:\/\/kuali.com.mx\/web\/2025\/08\/13\/torturan-a-23-internos-del-penal-de-acambaro-cndh\/#primaryimage"},"thumbnailUrl":"https:\/\/kuali.com.mx\/web\/wp-content\/uploads\/2025\/01\/carcel-prision-ceresos-.gif","datePublished":"2025-08-13T21:59:20+00:00","dateModified":"2025-08-13T21:59:23+00:00","author":{"@id":"https:\/\/kuali.com.mx\/web\/#\/schema\/person\/6f89ffa8ecba9dae50662357923c5289"},"breadcrumb":{"@id":"https:\/\/kuali.com.mx\/web\/2025\/08\/13\/torturan-a-23-internos-del-penal-de-acambaro-cndh\/#breadcrumb"},"inLanguage":"es","potentialAction":[{"@type":"ReadAction","target":["https:\/\/kuali.com.mx\/web\/2025\/08\/13\/torturan-a-23-internos-del-penal-de-acambaro-cndh\/"]}]},{"@type":"ImageObject","inLanguage":"es","@id":"https:\/\/kuali.com.mx\/web\/2025\/08\/13\/torturan-a-23-internos-del-penal-de-acambaro-cndh\/#primaryimage","url":"https:\/\/kuali.com.mx\/web\/wp-content\/uploads\/2025\/01\/carcel-prision-ceresos-.gif","contentUrl":"https:\/\/kuali.com.mx\/web\/wp-content\/uploads\/2025\/01\/carcel-prision-ceresos-.gif","width":1700,"height":750},{"@type":"BreadcrumbList","@id":"https:\/\/kuali.com.mx\/web\/2025\/08\/13\/torturan-a-23-internos-del-penal-de-acambaro-cndh\/#breadcrumb","itemListElement":[{"@type":"ListItem","position":1,"name":"Inicio","item":"https:\/\/kuali.com.mx\/web\/"},{"@type":"ListItem","position":2,"name":"TORTURAN A 23 INTERNOS DEL PENAL DE AC\u00c1MBARO: CNDH"}]},{"@type":"WebSite","@id":"https:\/\/kuali.com.mx\/web\/#website","url":"https:\/\/kuali.com.mx\/web\/","name":"Kuali","description":"","potentialAction":[{"@type":"SearchAction","target":{"@type":"EntryPoint","urlTemplate":"https:\/\/kuali.com.mx\/web\/?s={search_term_string}"},"query-input":{"@type":"PropertyValueSpecification","valueRequired":true,"valueName":"search_term_string"}}],"inLanguage":"es"},{"@type":"Person","@id":"https:\/\/kuali.com.mx\/web\/#\/schema\/person\/6f89ffa8ecba9dae50662357923c5289","name":"Kuali Staff","image":{"@type":"ImageObject","inLanguage":"es","@id":"https:\/\/secure.gravatar.com\/avatar\/f917ad82e5ab71227a733c78b6e60715476f69ee6be59feee4eb5d9920c89e0f?s=96&d=mm&r=g","url":"https:\/\/secure.gravatar.com\/avatar\/f917ad82e5ab71227a733c78b6e60715476f69ee6be59feee4eb5d9920c89e0f?s=96&d=mm&r=g","contentUrl":"https:\/\/secure.gravatar.com\/avatar\/f917ad82e5ab71227a733c78b6e60715476f69ee6be59feee4eb5d9920c89e0f?s=96&d=mm&r=g","caption":"Kuali Staff"},"url":"https:\/\/kuali.com.mx\/web\/author\/lagarto\/"}]}},"_links":{"self":[{"href":"https:\/\/kuali.com.mx\/web\/wp-json\/wp\/v2\/posts\/182812","targetHints":{"allow":["GET"]}}],"collection":[{"href":"https:\/\/kuali.com.mx\/web\/wp-json\/wp\/v2\/posts"}],"about":[{"href":"https:\/\/kuali.com.mx\/web\/wp-json\/wp\/v2\/types\/post"}],"author":[{"embeddable":true,"href":"https:\/\/kuali.com.mx\/web\/wp-json\/wp\/v2\/users\/2"}],"replies":[{"embeddable":true,"href":"https:\/\/kuali.com.mx\/web\/wp-json\/wp\/v2\/comments?post=182812"}],"version-history":[{"count":1,"href":"https:\/\/kuali.com.mx\/web\/wp-json\/wp\/v2\/posts\/182812\/revisions"}],"predecessor-version":[{"id":182815,"href":"https:\/\/kuali.com.mx\/web\/wp-json\/wp\/v2\/posts\/182812\/revisions\/182815"}],"wp:featuredmedia":[{"embeddable":true,"href":"https:\/\/kuali.com.mx\/web\/wp-json\/wp\/v2\/media\/165179"}],"wp:attachment":[{"href":"https:\/\/kuali.com.mx\/web\/wp-json\/wp\/v2\/media?parent=182812"}],"wp:term":[{"taxonomy":"category","embeddable":true,"href":"https:\/\/kuali.com.mx\/web\/wp-json\/wp\/v2\/categories?post=182812"},{"taxonomy":"post_tag","embeddable":true,"href":"https:\/\/kuali.com.mx\/web\/wp-json\/wp\/v2\/tags?post=182812"}],"curies":[{"name":"wp","href":"https:\/\/api.w.org\/{rel}","templated":true}]}}