{"id":182355,"date":"2025-08-06T12:02:49","date_gmt":"2025-08-06T18:02:49","guid":{"rendered":"https:\/\/kuali.com.mx\/web\/?p=182355"},"modified":"2025-08-07T09:21:11","modified_gmt":"2025-08-07T15:21:11","slug":"ieeg-firma-convenio-a-favor-de-grupos-prioritarios","status":"publish","type":"post","link":"https:\/\/kuali.com.mx\/web\/2025\/08\/06\/ieeg-firma-convenio-a-favor-de-grupos-prioritarios\/","title":{"rendered":"IEEG FIRMA CONVENIO A FAVOR DE GRUPOS PRIORITARIOS"},"content":{"rendered":"\n<p>Kuali\/Guanajuato, Gto.- El Instituto Electoral del Estado de Guanajuato (IEEG) firm\u00f3 un convenio para garantizar el respeto, protecci\u00f3n y promoci\u00f3n de los derechos humanos en materia pol\u00edtico-electoral de grupos de atenci\u00f3n prioritaria.<\/p>\n\n\n\n<p>Se trata de un convenio de colaboraci\u00f3n con la Secretar\u00eda de Derechos Humanos del Estado de Guanajuato (SDHEG) para realizar acciones en conjunto enfoc\u00e1ndose a personas migrantes y en contexto de movilidad, personas pertenecientes a pueblos y comunidades ind\u00edgenas, personas afromexicanas, personas de la diversidad sexual y de g\u00e9nero y personas con discapacidad.<\/p>\n\n\n\n<p>Por parte del IEEG firm\u00f3 la consejera presidenta, Brenda Canchola Elizarraraz y la secretaria ejecutiva, Indira Rodr\u00edguez Ram\u00edrez; mientras que de la SDHEG firmaron su titular Liz Alejandra Esparza Fraustro y Francisco Javier Murillo Rodr\u00edguez, director general de Transversalidad y Articulaci\u00f3n Pol\u00edtica.<\/p>\n\n\n\n<p>En su mensaje, Brenda Canchola destac\u00f3 que el trabajo coordinado se llevar\u00e1 a cabo bajo los principios de igualdad, no discriminaci\u00f3n, inclusi\u00f3n y accesibilidad, con pleno respeto a los marcos normativos nacionales e internacionales aplicables y conforme al enfoque basado en derechos humanos.<\/p>\n\n\n\n<p><br>Liz Alejandra Esparza expres\u00f3 que la suscripci\u00f3n del convenio representa un compromiso \u00e9tico con la democracia, y la justicia con los grupos de atenci\u00f3n prioritaria.<\/p>\n\n\n\n<p><br>En la firma del convenio estuvieron presentes las consejeras electorales Mar\u00eda Concepci\u00f3n Esther Aboites S\u00e1mano, Nora Maricela Garc\u00eda Huitr\u00f3n y Blanca Marcela Aboytes Vega; los consejeros electorales Luis Gabriel Mota, Eduardo Joaqu\u00edn del Arco Borja y Gustavo Hern\u00e1ndez Mart\u00ednez. \u00a0<\/p>\n\n\n\n<p><br>Por la Secretar\u00eda de Derechos Humanos firmaron Susana Guerra Vallejo, subsecretar\u00eda de Atenci\u00f3n a Personas Migrantes y en Contexto de Movilidad; H\u00e9ctor Ricardo Garc\u00eda Frausto, subsecretario de la Diversidad Sexual y de G\u00e9nero; Carlos Daigoro Fonce Segura, subsecretario para la Inclusi\u00f3n de Personas con Discapacidad; y Antonio Guerrero Horta, subsecretario de Atenci\u00f3n a Pueblos y Comunidades Ind\u00edgenas y Personas Afromexicanas.<\/p>\n","protected":false},"excerpt":{"rendered":"Kuali\/Guanajuato, Gto.- El Instituto Electoral del Estado de Guanajuato (IEEG) firm\u00f3 un convenio para garantizar el respeto, protecci\u00f3n y promoci\u00f3n de los derechos humanos en materia pol\u00edtico-electoral de grupos de atenci\u00f3n prioritaria. Se trata de un convenio de colaboraci\u00f3n con la Secretar\u00eda de Derechos Humanos del Estado de Guanajuato (SDHEG) para realizar acciones en conjunto [&hellip;]","protected":false},"author":2,"featured_media":182358,"comment_status":"open","ping_status":"open","sticky":false,"template":"","format":"standard","meta":{"_seopress_robots_primary_cat":"none","_seopress_titles_title":"","_seopress_titles_desc":"","_seopress_robots_index":"","_monsterinsights_skip_tracking":false,"_monsterinsights_sitenote_active":false,"_monsterinsights_sitenote_note":"","_monsterinsights_sitenote_category":0,"footnotes":""},"categories":[14],"tags":[465,100,159,5687,656,5686,133,86],"class_list":["post-182355","post","type-post","status-publish","format-standard","has-post-thumbnail","hentry","category-derechos","tag-afromexicanas","tag-derechos-humanos","tag-discapacidad","tag-diversidad-de-genero","tag-diversidad-sexual","tag-grupos-prioritarios","tag-ieeg","tag-indigenas"],"yoast_head":"<!-- This site is optimized with the Yoast SEO plugin v27.4 - https:\/\/yoast.com\/product\/yoast-seo-wordpress\/ -->\n<title>IEEG FIRMA CONVENIO A FAVOR DE GRUPOS PRIORITARIOS - Kuali<\/title>\n<meta name=\"robots\" content=\"index, follow, max-snippet:-1, max-image-preview:large, max-video-preview:-1\" \/>\n<link rel=\"canonical\" href=\"https:\/\/kuali.com.mx\/web\/2025\/08\/06\/ieeg-firma-convenio-a-favor-de-grupos-prioritarios\/\" \/>\n<meta property=\"og:locale\" content=\"es_MX\" \/>\n<meta property=\"og:type\" content=\"article\" \/>\n<meta property=\"og:title\" content=\"IEEG FIRMA CONVENIO A FAVOR DE GRUPOS PRIORITARIOS - Kuali\" \/>\n<meta property=\"og:description\" content=\"Kuali\/Guanajuato, Gto.- El Instituto Electoral del Estado de Guanajuato (IEEG) firm\u00f3 un convenio para garantizar el respeto, protecci\u00f3n y promoci\u00f3n de los derechos humanos en materia pol\u00edtico-electoral de grupos de atenci\u00f3n prioritaria. Se trata de un convenio de colaboraci\u00f3n con la Secretar\u00eda de Derechos Humanos del Estado de Guanajuato (SDHEG) para realizar acciones en conjunto [&hellip;]\" \/>\n<meta property=\"og:url\" content=\"https:\/\/kuali.com.mx\/web\/2025\/08\/06\/ieeg-firma-convenio-a-favor-de-grupos-prioritarios\/\" \/>\n<meta property=\"og:site_name\" content=\"Kuali\" \/>\n<meta property=\"article:publisher\" content=\"https:\/\/kuali.com.mx\/web\/wp-content\/uploads\/2018\/04\/cropped-kuali_logo-1-1.png\" \/>\n<meta property=\"article:published_time\" content=\"2025-08-06T18:02:49+00:00\" \/>\n<meta property=\"article:modified_time\" content=\"2025-08-07T15:21:11+00:00\" \/>\n<meta property=\"og:image\" content=\"https:\/\/kuali.com.mx\/web\/wp-content\/uploads\/2025\/08\/IEEG-convenio.gif\" \/>\n\t<meta property=\"og:image:width\" content=\"1700\" \/>\n\t<meta property=\"og:image:height\" content=\"750\" \/>\n\t<meta property=\"og:image:type\" content=\"image\/gif\" \/>\n<meta name=\"author\" content=\"Kuali Staff\" \/>\n<meta name=\"twitter:card\" content=\"summary_large_image\" \/>\n<meta name=\"twitter:creator\" content=\"@kuali_noticias\" \/>\n<meta name=\"twitter:site\" content=\"@kuali_noticias\" \/>\n<meta name=\"twitter:label1\" content=\"Escrito por\" \/>\n\t<meta name=\"twitter:data1\" content=\"Kuali Staff\" \/>\n\t<meta name=\"twitter:label2\" content=\"Tiempo de lectura\" \/>\n\t<meta name=\"twitter:data2\" content=\"2 minutos\" \/>\n<script type=\"application\/ld+json\" class=\"yoast-schema-graph\">{\"@context\":\"https:\\\/\\\/schema.org\",\"@graph\":[{\"@type\":\"Article\",\"@id\":\"https:\\\/\\\/kuali.com.mx\\\/web\\\/2025\\\/08\\\/06\\\/ieeg-firma-convenio-a-favor-de-grupos-prioritarios\\\/#article\",\"isPartOf\":{\"@id\":\"https:\\\/\\\/kuali.com.mx\\\/web\\\/2025\\\/08\\\/06\\\/ieeg-firma-convenio-a-favor-de-grupos-prioritarios\\\/\"},\"author\":{\"name\":\"Kuali Staff\",\"@id\":\"https:\\\/\\\/kuali.com.mx\\\/web\\\/#\\\/schema\\\/person\\\/6f89ffa8ecba9dae50662357923c5289\"},\"headline\":\"IEEG FIRMA CONVENIO A FAVOR DE GRUPOS PRIORITARIOS\",\"datePublished\":\"2025-08-06T18:02:49+00:00\",\"dateModified\":\"2025-08-07T15:21:11+00:00\",\"mainEntityOfPage\":{\"@id\":\"https:\\\/\\\/kuali.com.mx\\\/web\\\/2025\\\/08\\\/06\\\/ieeg-firma-convenio-a-favor-de-grupos-prioritarios\\\/\"},\"wordCount\":339,\"commentCount\":0,\"image\":{\"@id\":\"https:\\\/\\\/kuali.com.mx\\\/web\\\/2025\\\/08\\\/06\\\/ieeg-firma-convenio-a-favor-de-grupos-prioritarios\\\/#primaryimage\"},\"thumbnailUrl\":\"https:\\\/\\\/kuali.com.mx\\\/web\\\/wp-content\\\/uploads\\\/2025\\\/08\\\/IEEG-convenio.gif\",\"keywords\":[\"Afromexicanas\",\"Derechos Humanos\",\"Discapacidad\",\"Diversidad de g\u00e9nero\",\"Diversidad sexual\",\"Grupos prioritarios\",\"IEEG\",\"indigenas\"],\"articleSection\":[\"Derechos Humanos\"],\"inLanguage\":\"es\",\"potentialAction\":[{\"@type\":\"CommentAction\",\"name\":\"Comment\",\"target\":[\"https:\\\/\\\/kuali.com.mx\\\/web\\\/2025\\\/08\\\/06\\\/ieeg-firma-convenio-a-favor-de-grupos-prioritarios\\\/#respond\"]}]},{\"@type\":\"WebPage\",\"@id\":\"https:\\\/\\\/kuali.com.mx\\\/web\\\/2025\\\/08\\\/06\\\/ieeg-firma-convenio-a-favor-de-grupos-prioritarios\\\/\",\"url\":\"https:\\\/\\\/kuali.com.mx\\\/web\\\/2025\\\/08\\\/06\\\/ieeg-firma-convenio-a-favor-de-grupos-prioritarios\\\/\",\"name\":\"IEEG FIRMA CONVENIO A FAVOR DE GRUPOS PRIORITARIOS - Kuali\",\"isPartOf\":{\"@id\":\"https:\\\/\\\/kuali.com.mx\\\/web\\\/#website\"},\"primaryImageOfPage\":{\"@id\":\"https:\\\/\\\/kuali.com.mx\\\/web\\\/2025\\\/08\\\/06\\\/ieeg-firma-convenio-a-favor-de-grupos-prioritarios\\\/#primaryimage\"},\"image\":{\"@id\":\"https:\\\/\\\/kuali.com.mx\\\/web\\\/2025\\\/08\\\/06\\\/ieeg-firma-convenio-a-favor-de-grupos-prioritarios\\\/#primaryimage\"},\"thumbnailUrl\":\"https:\\\/\\\/kuali.com.mx\\\/web\\\/wp-content\\\/uploads\\\/2025\\\/08\\\/IEEG-convenio.gif\",\"datePublished\":\"2025-08-06T18:02:49+00:00\",\"dateModified\":\"2025-08-07T15:21:11+00:00\",\"author\":{\"@id\":\"https:\\\/\\\/kuali.com.mx\\\/web\\\/#\\\/schema\\\/person\\\/6f89ffa8ecba9dae50662357923c5289\"},\"breadcrumb\":{\"@id\":\"https:\\\/\\\/kuali.com.mx\\\/web\\\/2025\\\/08\\\/06\\\/ieeg-firma-convenio-a-favor-de-grupos-prioritarios\\\/#breadcrumb\"},\"inLanguage\":\"es\",\"potentialAction\":[{\"@type\":\"ReadAction\",\"target\":[\"https:\\\/\\\/kuali.com.mx\\\/web\\\/2025\\\/08\\\/06\\\/ieeg-firma-convenio-a-favor-de-grupos-prioritarios\\\/\"]}]},{\"@type\":\"ImageObject\",\"inLanguage\":\"es\",\"@id\":\"https:\\\/\\\/kuali.com.mx\\\/web\\\/2025\\\/08\\\/06\\\/ieeg-firma-convenio-a-favor-de-grupos-prioritarios\\\/#primaryimage\",\"url\":\"https:\\\/\\\/kuali.com.mx\\\/web\\\/wp-content\\\/uploads\\\/2025\\\/08\\\/IEEG-convenio.gif\",\"contentUrl\":\"https:\\\/\\\/kuali.com.mx\\\/web\\\/wp-content\\\/uploads\\\/2025\\\/08\\\/IEEG-convenio.gif\",\"width\":1700,\"height\":750},{\"@type\":\"BreadcrumbList\",\"@id\":\"https:\\\/\\\/kuali.com.mx\\\/web\\\/2025\\\/08\\\/06\\\/ieeg-firma-convenio-a-favor-de-grupos-prioritarios\\\/#breadcrumb\",\"itemListElement\":[{\"@type\":\"ListItem\",\"position\":1,\"name\":\"Inicio\",\"item\":\"https:\\\/\\\/kuali.com.mx\\\/web\\\/\"},{\"@type\":\"ListItem\",\"position\":2,\"name\":\"IEEG FIRMA CONVENIO A FAVOR DE GRUPOS PRIORITARIOS\"}]},{\"@type\":\"WebSite\",\"@id\":\"https:\\\/\\\/kuali.com.mx\\\/web\\\/#website\",\"url\":\"https:\\\/\\\/kuali.com.mx\\\/web\\\/\",\"name\":\"Kuali\",\"description\":\"\",\"potentialAction\":[{\"@type\":\"SearchAction\",\"target\":{\"@type\":\"EntryPoint\",\"urlTemplate\":\"https:\\\/\\\/kuali.com.mx\\\/web\\\/?s={search_term_string}\"},\"query-input\":{\"@type\":\"PropertyValueSpecification\",\"valueRequired\":true,\"valueName\":\"search_term_string\"}}],\"inLanguage\":\"es\"},{\"@type\":\"Person\",\"@id\":\"https:\\\/\\\/kuali.com.mx\\\/web\\\/#\\\/schema\\\/person\\\/6f89ffa8ecba9dae50662357923c5289\",\"name\":\"Kuali Staff\",\"image\":{\"@type\":\"ImageObject\",\"inLanguage\":\"es\",\"@id\":\"https:\\\/\\\/secure.gravatar.com\\\/avatar\\\/f917ad82e5ab71227a733c78b6e60715476f69ee6be59feee4eb5d9920c89e0f?s=96&d=mm&r=g\",\"url\":\"https:\\\/\\\/secure.gravatar.com\\\/avatar\\\/f917ad82e5ab71227a733c78b6e60715476f69ee6be59feee4eb5d9920c89e0f?s=96&d=mm&r=g\",\"contentUrl\":\"https:\\\/\\\/secure.gravatar.com\\\/avatar\\\/f917ad82e5ab71227a733c78b6e60715476f69ee6be59feee4eb5d9920c89e0f?s=96&d=mm&r=g\",\"caption\":\"Kuali Staff\"},\"url\":\"https:\\\/\\\/kuali.com.mx\\\/web\\\/author\\\/lagarto\\\/\"}]}<\/script>\n<!-- \/ Yoast SEO plugin. -->","yoast_head_json":{"title":"IEEG FIRMA CONVENIO A FAVOR DE GRUPOS PRIORITARIOS - Kuali","robots":{"index":"index","follow":"follow","max-snippet":"max-snippet:-1","max-image-preview":"max-image-preview:large","max-video-preview":"max-video-preview:-1"},"canonical":"https:\/\/kuali.com.mx\/web\/2025\/08\/06\/ieeg-firma-convenio-a-favor-de-grupos-prioritarios\/","og_locale":"es_MX","og_type":"article","og_title":"IEEG FIRMA CONVENIO A FAVOR DE GRUPOS PRIORITARIOS - Kuali","og_description":"Kuali\/Guanajuato, Gto.- El Instituto Electoral del Estado de Guanajuato (IEEG) firm\u00f3 un convenio para garantizar el respeto, protecci\u00f3n y promoci\u00f3n de los derechos humanos en materia pol\u00edtico-electoral de grupos de atenci\u00f3n prioritaria. Se trata de un convenio de colaboraci\u00f3n con la Secretar\u00eda de Derechos Humanos del Estado de Guanajuato (SDHEG) para realizar acciones en conjunto [&hellip;]","og_url":"https:\/\/kuali.com.mx\/web\/2025\/08\/06\/ieeg-firma-convenio-a-favor-de-grupos-prioritarios\/","og_site_name":"Kuali","article_publisher":"https:\/\/kuali.com.mx\/web\/wp-content\/uploads\/2018\/04\/cropped-kuali_logo-1-1.png","article_published_time":"2025-08-06T18:02:49+00:00","article_modified_time":"2025-08-07T15:21:11+00:00","og_image":[{"width":1700,"height":750,"url":"https:\/\/kuali.com.mx\/web\/wp-content\/uploads\/2025\/08\/IEEG-convenio.gif","type":"image\/gif"}],"author":"Kuali Staff","twitter_card":"summary_large_image","twitter_creator":"@kuali_noticias","twitter_site":"@kuali_noticias","twitter_misc":{"Escrito por":"Kuali Staff","Tiempo de lectura":"2 minutos"},"schema":{"@context":"https:\/\/schema.org","@graph":[{"@type":"Article","@id":"https:\/\/kuali.com.mx\/web\/2025\/08\/06\/ieeg-firma-convenio-a-favor-de-grupos-prioritarios\/#article","isPartOf":{"@id":"https:\/\/kuali.com.mx\/web\/2025\/08\/06\/ieeg-firma-convenio-a-favor-de-grupos-prioritarios\/"},"author":{"name":"Kuali Staff","@id":"https:\/\/kuali.com.mx\/web\/#\/schema\/person\/6f89ffa8ecba9dae50662357923c5289"},"headline":"IEEG FIRMA CONVENIO A FAVOR DE GRUPOS PRIORITARIOS","datePublished":"2025-08-06T18:02:49+00:00","dateModified":"2025-08-07T15:21:11+00:00","mainEntityOfPage":{"@id":"https:\/\/kuali.com.mx\/web\/2025\/08\/06\/ieeg-firma-convenio-a-favor-de-grupos-prioritarios\/"},"wordCount":339,"commentCount":0,"image":{"@id":"https:\/\/kuali.com.mx\/web\/2025\/08\/06\/ieeg-firma-convenio-a-favor-de-grupos-prioritarios\/#primaryimage"},"thumbnailUrl":"https:\/\/kuali.com.mx\/web\/wp-content\/uploads\/2025\/08\/IEEG-convenio.gif","keywords":["Afromexicanas","Derechos Humanos","Discapacidad","Diversidad de g\u00e9nero","Diversidad sexual","Grupos prioritarios","IEEG","indigenas"],"articleSection":["Derechos Humanos"],"inLanguage":"es","potentialAction":[{"@type":"CommentAction","name":"Comment","target":["https:\/\/kuali.com.mx\/web\/2025\/08\/06\/ieeg-firma-convenio-a-favor-de-grupos-prioritarios\/#respond"]}]},{"@type":"WebPage","@id":"https:\/\/kuali.com.mx\/web\/2025\/08\/06\/ieeg-firma-convenio-a-favor-de-grupos-prioritarios\/","url":"https:\/\/kuali.com.mx\/web\/2025\/08\/06\/ieeg-firma-convenio-a-favor-de-grupos-prioritarios\/","name":"IEEG FIRMA CONVENIO A FAVOR DE GRUPOS PRIORITARIOS - Kuali","isPartOf":{"@id":"https:\/\/kuali.com.mx\/web\/#website"},"primaryImageOfPage":{"@id":"https:\/\/kuali.com.mx\/web\/2025\/08\/06\/ieeg-firma-convenio-a-favor-de-grupos-prioritarios\/#primaryimage"},"image":{"@id":"https:\/\/kuali.com.mx\/web\/2025\/08\/06\/ieeg-firma-convenio-a-favor-de-grupos-prioritarios\/#primaryimage"},"thumbnailUrl":"https:\/\/kuali.com.mx\/web\/wp-content\/uploads\/2025\/08\/IEEG-convenio.gif","datePublished":"2025-08-06T18:02:49+00:00","dateModified":"2025-08-07T15:21:11+00:00","author":{"@id":"https:\/\/kuali.com.mx\/web\/#\/schema\/person\/6f89ffa8ecba9dae50662357923c5289"},"breadcrumb":{"@id":"https:\/\/kuali.com.mx\/web\/2025\/08\/06\/ieeg-firma-convenio-a-favor-de-grupos-prioritarios\/#breadcrumb"},"inLanguage":"es","potentialAction":[{"@type":"ReadAction","target":["https:\/\/kuali.com.mx\/web\/2025\/08\/06\/ieeg-firma-convenio-a-favor-de-grupos-prioritarios\/"]}]},{"@type":"ImageObject","inLanguage":"es","@id":"https:\/\/kuali.com.mx\/web\/2025\/08\/06\/ieeg-firma-convenio-a-favor-de-grupos-prioritarios\/#primaryimage","url":"https:\/\/kuali.com.mx\/web\/wp-content\/uploads\/2025\/08\/IEEG-convenio.gif","contentUrl":"https:\/\/kuali.com.mx\/web\/wp-content\/uploads\/2025\/08\/IEEG-convenio.gif","width":1700,"height":750},{"@type":"BreadcrumbList","@id":"https:\/\/kuali.com.mx\/web\/2025\/08\/06\/ieeg-firma-convenio-a-favor-de-grupos-prioritarios\/#breadcrumb","itemListElement":[{"@type":"ListItem","position":1,"name":"Inicio","item":"https:\/\/kuali.com.mx\/web\/"},{"@type":"ListItem","position":2,"name":"IEEG FIRMA CONVENIO A FAVOR DE GRUPOS PRIORITARIOS"}]},{"@type":"WebSite","@id":"https:\/\/kuali.com.mx\/web\/#website","url":"https:\/\/kuali.com.mx\/web\/","name":"Kuali","description":"","potentialAction":[{"@type":"SearchAction","target":{"@type":"EntryPoint","urlTemplate":"https:\/\/kuali.com.mx\/web\/?s={search_term_string}"},"query-input":{"@type":"PropertyValueSpecification","valueRequired":true,"valueName":"search_term_string"}}],"inLanguage":"es"},{"@type":"Person","@id":"https:\/\/kuali.com.mx\/web\/#\/schema\/person\/6f89ffa8ecba9dae50662357923c5289","name":"Kuali Staff","image":{"@type":"ImageObject","inLanguage":"es","@id":"https:\/\/secure.gravatar.com\/avatar\/f917ad82e5ab71227a733c78b6e60715476f69ee6be59feee4eb5d9920c89e0f?s=96&d=mm&r=g","url":"https:\/\/secure.gravatar.com\/avatar\/f917ad82e5ab71227a733c78b6e60715476f69ee6be59feee4eb5d9920c89e0f?s=96&d=mm&r=g","contentUrl":"https:\/\/secure.gravatar.com\/avatar\/f917ad82e5ab71227a733c78b6e60715476f69ee6be59feee4eb5d9920c89e0f?s=96&d=mm&r=g","caption":"Kuali Staff"},"url":"https:\/\/kuali.com.mx\/web\/author\/lagarto\/"}]}},"_links":{"self":[{"href":"https:\/\/kuali.com.mx\/web\/wp-json\/wp\/v2\/posts\/182355","targetHints":{"allow":["GET"]}}],"collection":[{"href":"https:\/\/kuali.com.mx\/web\/wp-json\/wp\/v2\/posts"}],"about":[{"href":"https:\/\/kuali.com.mx\/web\/wp-json\/wp\/v2\/types\/post"}],"author":[{"embeddable":true,"href":"https:\/\/kuali.com.mx\/web\/wp-json\/wp\/v2\/users\/2"}],"replies":[{"embeddable":true,"href":"https:\/\/kuali.com.mx\/web\/wp-json\/wp\/v2\/comments?post=182355"}],"version-history":[{"count":1,"href":"https:\/\/kuali.com.mx\/web\/wp-json\/wp\/v2\/posts\/182355\/revisions"}],"predecessor-version":[{"id":182359,"href":"https:\/\/kuali.com.mx\/web\/wp-json\/wp\/v2\/posts\/182355\/revisions\/182359"}],"wp:featuredmedia":[{"embeddable":true,"href":"https:\/\/kuali.com.mx\/web\/wp-json\/wp\/v2\/media\/182358"}],"wp:attachment":[{"href":"https:\/\/kuali.com.mx\/web\/wp-json\/wp\/v2\/media?parent=182355"}],"wp:term":[{"taxonomy":"category","embeddable":true,"href":"https:\/\/kuali.com.mx\/web\/wp-json\/wp\/v2\/categories?post=182355"},{"taxonomy":"post_tag","embeddable":true,"href":"https:\/\/kuali.com.mx\/web\/wp-json\/wp\/v2\/tags?post=182355"}],"curies":[{"name":"wp","href":"https:\/\/api.w.org\/{rel}","templated":true}]}}