{"id":182347,"date":"2025-08-06T12:38:44","date_gmt":"2025-08-06T18:38:44","guid":{"rendered":"https:\/\/kuali.com.mx\/web\/?p=182347"},"modified":"2025-08-06T18:42:26","modified_gmt":"2025-08-07T00:42:26","slug":"mueren-175-periodistas-en-la-guerra-de-gaza","status":"publish","type":"post","link":"https:\/\/kuali.com.mx\/web\/2025\/08\/06\/mueren-175-periodistas-en-la-guerra-de-gaza\/","title":{"rendered":"MUEREN 175 PERIODISTAS EN LA GUERRA DE GAZA"},"content":{"rendered":"\n<p><strong><em>ENCUENTRO CON GOROSITO<\/em><\/strong><\/p>\n\n\n\n<p>Desde el mes de octubre 2023 que iniciaron las operaciones militares israel\u00edes en Gaza, como consecuencia del atentado terrorista de Ham\u00e1s a territorio israel\u00ed, 175 periodistas y trabajadores de los medios de comunicaci\u00f3n han perdido la vida, seg\u00fan datos de la Federaci\u00f3n Internacional de Periodistas (FIP).<\/p>\n\n\n\n<p>La FIP que alerta, que esta cifra que contin\u00faa aumentando, representa el mayor n\u00famero de muertes profesionales registradas en un solo conflicto desde que existen datos comparables a nivel internacional. La FIP ha hecho p\u00fablico un \u00faltimo informe en el que denuncia la extrema peligrosidad que enfrentan los profesionales de la informaci\u00f3n en los territorios palestinos ocupados por Israel.<\/p>\n\n\n\n<p>En un documento del 2 de agosto la FIP detalla que, de los 175 asesinados, 145 han sido plenamente identificados como periodistas profesionales. Adem\u00e1s, se informa de 18 casos m\u00e1s que est\u00e1n siendo verificados y de al menos 12 trabajadores de medios no acreditados que tambi\u00e9n han perdido la vida.<\/p>\n\n\n\n<p>El organismo internacional, que representa a m\u00e1s de 600 mil periodistas, en todo el mundo, se\u00f1ala \u201cque los periodistas han sido asesinados mientras desarrollaban su trabajo, mientras estaban con sus familias o mientras se refugiaban de los ataques\u201d. Tambi\u00e9n han sido v\u00edctimas junto a sus hijos y parejas en ataques que seg\u00fan denuncia la FIP, constituyen una \u201cviolaci\u00f3n sistem\u00e1tica del derecho internacional humanitario\u201d.<\/p>\n\n\n\n<p>Dominique Oradali\u00e9, quien es la presidenta de la FIP, ha exigido que se ponga fin a la impunidad de estos cr\u00edmenes: \u201cEl asesinato de periodistas no puede convertirse en un da\u00f1o colateral aceptable. Cada vida truncada representa un ataque contra el derecho a informar y a ser informado\u201d.<\/p>\n\n\n\n<p>Mientras que la ONG, Reporteros Sin Fronteras (RSF), ha condenado los ataques indiscriminados contra profesionales de los medios. En una nota reciente, la organizaci\u00f3n detalla que ha presentado dos denuncias ante la Corte Penal Internacional (CPI), documentando casos concretos de periodistas palestinos asesinados por fuego israel\u00ed, a pesar de estar claramente identificados como prensa. Seg\u00fan Reporteros Sin Fronteras, estos hechos \u201cpodr\u00edan constituir cr\u00edmenes de guerra\u201d.<\/p>\n\n\n\n<p>\u201cEl trabajo period\u00edstico en Gaza se ha convertido en una actividad de alto riesgo\u201d, ha se\u00f1alado el secretario general de RSF, Christophe Deloire, \u201cExigimos que se investiguen de forma urgente e independiente los ataques contra periodistas y que se depuren responsabilidades. La impunidad no puede ser la norma\u201d.<\/p>\n\n\n\n<p>La UNESCO, Organizaci\u00f3n de las Naciones Unidas para la Educaci\u00f3n, la Ciencia y la Cultura, tambi\u00e9n ha condenado en repetidas ocasiones los asesinatos de periodistas en Palestina. La directora general de la organizaci\u00f3n, Audrey Azoulay, ha recordado que \u201clos periodistas deben ser protegidos en todas las circunstancias, conforme al derecho internacional\u201d.&nbsp;<\/p>\n\n\n\n<p>En cada caso confirmado, la UNNESCO ha emitido comunicados oficiales, subrayando que \u201cla libertad de prensa e un pilar de toda sociedad democr\u00e1tica, incluso y especialmente en tiempos de guerra\u201d.<\/p>\n\n\n\n<p>Ante la gravedad de la situaci\u00f3n, la FIP ha reiterado su petici\u00f3n a la comunidad internacional para que intervenga y se lleve a cabo una investigaci\u00f3n exhaustiva e independiente que determine las responsabilidades y garantice justicia para las v\u00edctimas.<\/p>\n\n\n\n<p>La FIP tambi\u00e9n ha reclamado que se refuerce la protecci\u00f3n de periodistas en zonas de conflicto, conforme a las resoluciones de la Organizaci\u00f3n de las Naciones Unidas y la legislaci\u00f3n humanitaria vigente.<\/p>\n\n\n\n<p>En paralelo, se han multiplicado los llamamientos de organizaciones de los derechos humanos, sindicatos de periodistas y asociaciones profesionales para visibilizar la dimensi\u00f3n de esta tragedia, que no solo afecta a quienes trabajan en la informaci\u00f3n, sino tambi\u00e9n al conjunto de la sociedad civil palestina y a la libertad de expresi\u00f3n en toda la regi\u00f3n.<\/p>\n\n\n\n<p>La FIP concluye que la masacre de profesionales de los medios de comunicaci\u00f3n en Gaza, supone un desaf\u00edo de primer orden para el sistema internacional de derechos humanos. Cada asesinato silencia una voz, interrumpe una historia y priva al mundo de conocer la realidad de una poblaci\u00f3n atrapada en la guerra.&nbsp;<\/p>\n\n\n\n<p>Como han subrayado las principales organizaciones del sector a nivel global, no puede haber paz sin verdad, ni verdad sin periodistas vivos para contarla.<\/p>\n\n\n\n<p>&nbsp;&nbsp;&nbsp;&nbsp;&nbsp;&nbsp;&nbsp;&nbsp;&nbsp;&nbsp;\u00a1Hasta el pr\u00f3ximo encuentro\u2026!<\/p>\n\n\n\n<p>\u00a0\u00a0\u00a0\u00a0\u00a0\u00a0\u00a0\u00a0\u00a0\u00a0\u00a0\u00a0\u00a0\u00a0\u00a0\u00a0\u00a0\u00a0\u00a0\u00a0\u00a0\u00a0\u00a0\u00a0\u00a0\u00a0\u00a0\u00a0\u00a0\u00a0\u00a0\u00a0\u00a0\u00a0\u00a0\u00a0\u00a0\u00a0\u00a0\u00a0\u00a0\u00a0\u00a0\u00a0\u00a0\u00a0\u00a0\u00a0\u00a0\u00a0\u00a0\u00a0\u00a0\u00a0\u00a0\u00a0\u00a0<em><strong>\u00a0\u00a0Dr.(c).Washington Daniel Gorosito P\u00e9rez<\/strong><\/em><\/p>\n","protected":false},"excerpt":{"rendered":"ENCUENTRO CON GOROSITO Desde el mes de octubre 2023 que iniciaron las operaciones militares israel\u00edes en Gaza, como consecuencia del atentado terrorista de Ham\u00e1s a territorio israel\u00ed, 175 periodistas y trabajadores de los medios de comunicaci\u00f3n han perdido la vida, seg\u00fan datos de la Federaci\u00f3n Internacional de Periodistas (FIP). La FIP que alerta, que esta [&hellip;]","protected":false},"author":2,"featured_media":182349,"comment_status":"open","ping_status":"open","sticky":false,"template":"","format":"standard","meta":{"_seopress_robots_primary_cat":"none","_seopress_titles_title":"","_seopress_titles_desc":"","_seopress_robots_index":"","_monsterinsights_skip_tracking":false,"_monsterinsights_sitenote_active":false,"_monsterinsights_sitenote_note":"","_monsterinsights_sitenote_category":0,"footnotes":""},"categories":[3],"tags":[],"class_list":["post-182347","post","type-post","status-publish","format-standard","has-post-thumbnail","hentry","category-politica"],"yoast_head":"<!-- This site is optimized with the Yoast SEO plugin v27.4 - https:\/\/yoast.com\/product\/yoast-seo-wordpress\/ -->\n<title>MUEREN 175 PERIODISTAS EN LA GUERRA DE GAZA - Kuali<\/title>\n<meta name=\"robots\" content=\"index, follow, max-snippet:-1, max-image-preview:large, max-video-preview:-1\" \/>\n<link rel=\"canonical\" href=\"https:\/\/kuali.com.mx\/web\/2025\/08\/06\/mueren-175-periodistas-en-la-guerra-de-gaza\/\" \/>\n<meta property=\"og:locale\" content=\"es_MX\" \/>\n<meta property=\"og:type\" content=\"article\" \/>\n<meta property=\"og:title\" content=\"MUEREN 175 PERIODISTAS EN LA GUERRA DE GAZA - Kuali\" \/>\n<meta property=\"og:description\" content=\"ENCUENTRO CON GOROSITO Desde el mes de octubre 2023 que iniciaron las operaciones militares israel\u00edes en Gaza, como consecuencia del atentado terrorista de Ham\u00e1s a territorio israel\u00ed, 175 periodistas y trabajadores de los medios de comunicaci\u00f3n han perdido la vida, seg\u00fan datos de la Federaci\u00f3n Internacional de Periodistas (FIP). La FIP que alerta, que esta [&hellip;]\" \/>\n<meta property=\"og:url\" content=\"https:\/\/kuali.com.mx\/web\/2025\/08\/06\/mueren-175-periodistas-en-la-guerra-de-gaza\/\" \/>\n<meta property=\"og:site_name\" content=\"Kuali\" \/>\n<meta property=\"article:publisher\" content=\"https:\/\/kuali.com.mx\/web\/wp-content\/uploads\/2018\/04\/cropped-kuali_logo-1-1.png\" \/>\n<meta property=\"article:published_time\" content=\"2025-08-06T18:38:44+00:00\" \/>\n<meta property=\"article:modified_time\" content=\"2025-08-07T00:42:26+00:00\" \/>\n<meta property=\"og:image\" content=\"https:\/\/kuali.com.mx\/web\/wp-content\/uploads\/2025\/08\/PRENSA-2.jpg\" \/>\n\t<meta property=\"og:image:width\" content=\"1750\" \/>\n\t<meta property=\"og:image:height\" content=\"1166\" \/>\n\t<meta property=\"og:image:type\" content=\"image\/jpeg\" \/>\n<meta name=\"author\" content=\"Kuali Staff\" \/>\n<meta name=\"twitter:card\" content=\"summary_large_image\" \/>\n<meta name=\"twitter:creator\" content=\"@kuali_noticias\" \/>\n<meta name=\"twitter:site\" content=\"@kuali_noticias\" \/>\n<meta name=\"twitter:label1\" content=\"Escrito por\" \/>\n\t<meta name=\"twitter:data1\" content=\"Kuali Staff\" \/>\n\t<meta name=\"twitter:label2\" content=\"Tiempo de lectura\" \/>\n\t<meta name=\"twitter:data2\" content=\"4 minutos\" \/>\n<script type=\"application\/ld+json\" class=\"yoast-schema-graph\">{\"@context\":\"https:\\\/\\\/schema.org\",\"@graph\":[{\"@type\":\"Article\",\"@id\":\"https:\\\/\\\/kuali.com.mx\\\/web\\\/2025\\\/08\\\/06\\\/mueren-175-periodistas-en-la-guerra-de-gaza\\\/#article\",\"isPartOf\":{\"@id\":\"https:\\\/\\\/kuali.com.mx\\\/web\\\/2025\\\/08\\\/06\\\/mueren-175-periodistas-en-la-guerra-de-gaza\\\/\"},\"author\":{\"name\":\"Kuali Staff\",\"@id\":\"https:\\\/\\\/kuali.com.mx\\\/web\\\/#\\\/schema\\\/person\\\/6f89ffa8ecba9dae50662357923c5289\"},\"headline\":\"MUEREN 175 PERIODISTAS EN LA GUERRA DE GAZA\",\"datePublished\":\"2025-08-06T18:38:44+00:00\",\"dateModified\":\"2025-08-07T00:42:26+00:00\",\"mainEntityOfPage\":{\"@id\":\"https:\\\/\\\/kuali.com.mx\\\/web\\\/2025\\\/08\\\/06\\\/mueren-175-periodistas-en-la-guerra-de-gaza\\\/\"},\"wordCount\":736,\"commentCount\":0,\"image\":{\"@id\":\"https:\\\/\\\/kuali.com.mx\\\/web\\\/2025\\\/08\\\/06\\\/mueren-175-periodistas-en-la-guerra-de-gaza\\\/#primaryimage\"},\"thumbnailUrl\":\"https:\\\/\\\/kuali.com.mx\\\/web\\\/wp-content\\\/uploads\\\/2025\\\/08\\\/PRENSA-2.jpg\",\"articleSection\":[\"Pol\u00edtica\"],\"inLanguage\":\"es\",\"potentialAction\":[{\"@type\":\"CommentAction\",\"name\":\"Comment\",\"target\":[\"https:\\\/\\\/kuali.com.mx\\\/web\\\/2025\\\/08\\\/06\\\/mueren-175-periodistas-en-la-guerra-de-gaza\\\/#respond\"]}]},{\"@type\":\"WebPage\",\"@id\":\"https:\\\/\\\/kuali.com.mx\\\/web\\\/2025\\\/08\\\/06\\\/mueren-175-periodistas-en-la-guerra-de-gaza\\\/\",\"url\":\"https:\\\/\\\/kuali.com.mx\\\/web\\\/2025\\\/08\\\/06\\\/mueren-175-periodistas-en-la-guerra-de-gaza\\\/\",\"name\":\"MUEREN 175 PERIODISTAS EN LA GUERRA DE GAZA - Kuali\",\"isPartOf\":{\"@id\":\"https:\\\/\\\/kuali.com.mx\\\/web\\\/#website\"},\"primaryImageOfPage\":{\"@id\":\"https:\\\/\\\/kuali.com.mx\\\/web\\\/2025\\\/08\\\/06\\\/mueren-175-periodistas-en-la-guerra-de-gaza\\\/#primaryimage\"},\"image\":{\"@id\":\"https:\\\/\\\/kuali.com.mx\\\/web\\\/2025\\\/08\\\/06\\\/mueren-175-periodistas-en-la-guerra-de-gaza\\\/#primaryimage\"},\"thumbnailUrl\":\"https:\\\/\\\/kuali.com.mx\\\/web\\\/wp-content\\\/uploads\\\/2025\\\/08\\\/PRENSA-2.jpg\",\"datePublished\":\"2025-08-06T18:38:44+00:00\",\"dateModified\":\"2025-08-07T00:42:26+00:00\",\"author\":{\"@id\":\"https:\\\/\\\/kuali.com.mx\\\/web\\\/#\\\/schema\\\/person\\\/6f89ffa8ecba9dae50662357923c5289\"},\"breadcrumb\":{\"@id\":\"https:\\\/\\\/kuali.com.mx\\\/web\\\/2025\\\/08\\\/06\\\/mueren-175-periodistas-en-la-guerra-de-gaza\\\/#breadcrumb\"},\"inLanguage\":\"es\",\"potentialAction\":[{\"@type\":\"ReadAction\",\"target\":[\"https:\\\/\\\/kuali.com.mx\\\/web\\\/2025\\\/08\\\/06\\\/mueren-175-periodistas-en-la-guerra-de-gaza\\\/\"]}]},{\"@type\":\"ImageObject\",\"inLanguage\":\"es\",\"@id\":\"https:\\\/\\\/kuali.com.mx\\\/web\\\/2025\\\/08\\\/06\\\/mueren-175-periodistas-en-la-guerra-de-gaza\\\/#primaryimage\",\"url\":\"https:\\\/\\\/kuali.com.mx\\\/web\\\/wp-content\\\/uploads\\\/2025\\\/08\\\/PRENSA-2.jpg\",\"contentUrl\":\"https:\\\/\\\/kuali.com.mx\\\/web\\\/wp-content\\\/uploads\\\/2025\\\/08\\\/PRENSA-2.jpg\",\"width\":1750,\"height\":1166},{\"@type\":\"BreadcrumbList\",\"@id\":\"https:\\\/\\\/kuali.com.mx\\\/web\\\/2025\\\/08\\\/06\\\/mueren-175-periodistas-en-la-guerra-de-gaza\\\/#breadcrumb\",\"itemListElement\":[{\"@type\":\"ListItem\",\"position\":1,\"name\":\"Inicio\",\"item\":\"https:\\\/\\\/kuali.com.mx\\\/web\\\/\"},{\"@type\":\"ListItem\",\"position\":2,\"name\":\"MUEREN 175 PERIODISTAS EN LA GUERRA DE GAZA\"}]},{\"@type\":\"WebSite\",\"@id\":\"https:\\\/\\\/kuali.com.mx\\\/web\\\/#website\",\"url\":\"https:\\\/\\\/kuali.com.mx\\\/web\\\/\",\"name\":\"Kuali\",\"description\":\"\",\"potentialAction\":[{\"@type\":\"SearchAction\",\"target\":{\"@type\":\"EntryPoint\",\"urlTemplate\":\"https:\\\/\\\/kuali.com.mx\\\/web\\\/?s={search_term_string}\"},\"query-input\":{\"@type\":\"PropertyValueSpecification\",\"valueRequired\":true,\"valueName\":\"search_term_string\"}}],\"inLanguage\":\"es\"},{\"@type\":\"Person\",\"@id\":\"https:\\\/\\\/kuali.com.mx\\\/web\\\/#\\\/schema\\\/person\\\/6f89ffa8ecba9dae50662357923c5289\",\"name\":\"Kuali Staff\",\"image\":{\"@type\":\"ImageObject\",\"inLanguage\":\"es\",\"@id\":\"https:\\\/\\\/secure.gravatar.com\\\/avatar\\\/f917ad82e5ab71227a733c78b6e60715476f69ee6be59feee4eb5d9920c89e0f?s=96&d=mm&r=g\",\"url\":\"https:\\\/\\\/secure.gravatar.com\\\/avatar\\\/f917ad82e5ab71227a733c78b6e60715476f69ee6be59feee4eb5d9920c89e0f?s=96&d=mm&r=g\",\"contentUrl\":\"https:\\\/\\\/secure.gravatar.com\\\/avatar\\\/f917ad82e5ab71227a733c78b6e60715476f69ee6be59feee4eb5d9920c89e0f?s=96&d=mm&r=g\",\"caption\":\"Kuali Staff\"},\"url\":\"https:\\\/\\\/kuali.com.mx\\\/web\\\/author\\\/lagarto\\\/\"}]}<\/script>\n<!-- \/ Yoast SEO plugin. -->","yoast_head_json":{"title":"MUEREN 175 PERIODISTAS EN LA GUERRA DE GAZA - Kuali","robots":{"index":"index","follow":"follow","max-snippet":"max-snippet:-1","max-image-preview":"max-image-preview:large","max-video-preview":"max-video-preview:-1"},"canonical":"https:\/\/kuali.com.mx\/web\/2025\/08\/06\/mueren-175-periodistas-en-la-guerra-de-gaza\/","og_locale":"es_MX","og_type":"article","og_title":"MUEREN 175 PERIODISTAS EN LA GUERRA DE GAZA - Kuali","og_description":"ENCUENTRO CON GOROSITO Desde el mes de octubre 2023 que iniciaron las operaciones militares israel\u00edes en Gaza, como consecuencia del atentado terrorista de Ham\u00e1s a territorio israel\u00ed, 175 periodistas y trabajadores de los medios de comunicaci\u00f3n han perdido la vida, seg\u00fan datos de la Federaci\u00f3n Internacional de Periodistas (FIP). La FIP que alerta, que esta [&hellip;]","og_url":"https:\/\/kuali.com.mx\/web\/2025\/08\/06\/mueren-175-periodistas-en-la-guerra-de-gaza\/","og_site_name":"Kuali","article_publisher":"https:\/\/kuali.com.mx\/web\/wp-content\/uploads\/2018\/04\/cropped-kuali_logo-1-1.png","article_published_time":"2025-08-06T18:38:44+00:00","article_modified_time":"2025-08-07T00:42:26+00:00","og_image":[{"width":1750,"height":1166,"url":"https:\/\/kuali.com.mx\/web\/wp-content\/uploads\/2025\/08\/PRENSA-2.jpg","type":"image\/jpeg"}],"author":"Kuali Staff","twitter_card":"summary_large_image","twitter_creator":"@kuali_noticias","twitter_site":"@kuali_noticias","twitter_misc":{"Escrito por":"Kuali Staff","Tiempo de lectura":"4 minutos"},"schema":{"@context":"https:\/\/schema.org","@graph":[{"@type":"Article","@id":"https:\/\/kuali.com.mx\/web\/2025\/08\/06\/mueren-175-periodistas-en-la-guerra-de-gaza\/#article","isPartOf":{"@id":"https:\/\/kuali.com.mx\/web\/2025\/08\/06\/mueren-175-periodistas-en-la-guerra-de-gaza\/"},"author":{"name":"Kuali Staff","@id":"https:\/\/kuali.com.mx\/web\/#\/schema\/person\/6f89ffa8ecba9dae50662357923c5289"},"headline":"MUEREN 175 PERIODISTAS EN LA GUERRA DE GAZA","datePublished":"2025-08-06T18:38:44+00:00","dateModified":"2025-08-07T00:42:26+00:00","mainEntityOfPage":{"@id":"https:\/\/kuali.com.mx\/web\/2025\/08\/06\/mueren-175-periodistas-en-la-guerra-de-gaza\/"},"wordCount":736,"commentCount":0,"image":{"@id":"https:\/\/kuali.com.mx\/web\/2025\/08\/06\/mueren-175-periodistas-en-la-guerra-de-gaza\/#primaryimage"},"thumbnailUrl":"https:\/\/kuali.com.mx\/web\/wp-content\/uploads\/2025\/08\/PRENSA-2.jpg","articleSection":["Pol\u00edtica"],"inLanguage":"es","potentialAction":[{"@type":"CommentAction","name":"Comment","target":["https:\/\/kuali.com.mx\/web\/2025\/08\/06\/mueren-175-periodistas-en-la-guerra-de-gaza\/#respond"]}]},{"@type":"WebPage","@id":"https:\/\/kuali.com.mx\/web\/2025\/08\/06\/mueren-175-periodistas-en-la-guerra-de-gaza\/","url":"https:\/\/kuali.com.mx\/web\/2025\/08\/06\/mueren-175-periodistas-en-la-guerra-de-gaza\/","name":"MUEREN 175 PERIODISTAS EN LA GUERRA DE GAZA - Kuali","isPartOf":{"@id":"https:\/\/kuali.com.mx\/web\/#website"},"primaryImageOfPage":{"@id":"https:\/\/kuali.com.mx\/web\/2025\/08\/06\/mueren-175-periodistas-en-la-guerra-de-gaza\/#primaryimage"},"image":{"@id":"https:\/\/kuali.com.mx\/web\/2025\/08\/06\/mueren-175-periodistas-en-la-guerra-de-gaza\/#primaryimage"},"thumbnailUrl":"https:\/\/kuali.com.mx\/web\/wp-content\/uploads\/2025\/08\/PRENSA-2.jpg","datePublished":"2025-08-06T18:38:44+00:00","dateModified":"2025-08-07T00:42:26+00:00","author":{"@id":"https:\/\/kuali.com.mx\/web\/#\/schema\/person\/6f89ffa8ecba9dae50662357923c5289"},"breadcrumb":{"@id":"https:\/\/kuali.com.mx\/web\/2025\/08\/06\/mueren-175-periodistas-en-la-guerra-de-gaza\/#breadcrumb"},"inLanguage":"es","potentialAction":[{"@type":"ReadAction","target":["https:\/\/kuali.com.mx\/web\/2025\/08\/06\/mueren-175-periodistas-en-la-guerra-de-gaza\/"]}]},{"@type":"ImageObject","inLanguage":"es","@id":"https:\/\/kuali.com.mx\/web\/2025\/08\/06\/mueren-175-periodistas-en-la-guerra-de-gaza\/#primaryimage","url":"https:\/\/kuali.com.mx\/web\/wp-content\/uploads\/2025\/08\/PRENSA-2.jpg","contentUrl":"https:\/\/kuali.com.mx\/web\/wp-content\/uploads\/2025\/08\/PRENSA-2.jpg","width":1750,"height":1166},{"@type":"BreadcrumbList","@id":"https:\/\/kuali.com.mx\/web\/2025\/08\/06\/mueren-175-periodistas-en-la-guerra-de-gaza\/#breadcrumb","itemListElement":[{"@type":"ListItem","position":1,"name":"Inicio","item":"https:\/\/kuali.com.mx\/web\/"},{"@type":"ListItem","position":2,"name":"MUEREN 175 PERIODISTAS EN LA GUERRA DE GAZA"}]},{"@type":"WebSite","@id":"https:\/\/kuali.com.mx\/web\/#website","url":"https:\/\/kuali.com.mx\/web\/","name":"Kuali","description":"","potentialAction":[{"@type":"SearchAction","target":{"@type":"EntryPoint","urlTemplate":"https:\/\/kuali.com.mx\/web\/?s={search_term_string}"},"query-input":{"@type":"PropertyValueSpecification","valueRequired":true,"valueName":"search_term_string"}}],"inLanguage":"es"},{"@type":"Person","@id":"https:\/\/kuali.com.mx\/web\/#\/schema\/person\/6f89ffa8ecba9dae50662357923c5289","name":"Kuali Staff","image":{"@type":"ImageObject","inLanguage":"es","@id":"https:\/\/secure.gravatar.com\/avatar\/f917ad82e5ab71227a733c78b6e60715476f69ee6be59feee4eb5d9920c89e0f?s=96&d=mm&r=g","url":"https:\/\/secure.gravatar.com\/avatar\/f917ad82e5ab71227a733c78b6e60715476f69ee6be59feee4eb5d9920c89e0f?s=96&d=mm&r=g","contentUrl":"https:\/\/secure.gravatar.com\/avatar\/f917ad82e5ab71227a733c78b6e60715476f69ee6be59feee4eb5d9920c89e0f?s=96&d=mm&r=g","caption":"Kuali Staff"},"url":"https:\/\/kuali.com.mx\/web\/author\/lagarto\/"}]}},"_links":{"self":[{"href":"https:\/\/kuali.com.mx\/web\/wp-json\/wp\/v2\/posts\/182347","targetHints":{"allow":["GET"]}}],"collection":[{"href":"https:\/\/kuali.com.mx\/web\/wp-json\/wp\/v2\/posts"}],"about":[{"href":"https:\/\/kuali.com.mx\/web\/wp-json\/wp\/v2\/types\/post"}],"author":[{"embeddable":true,"href":"https:\/\/kuali.com.mx\/web\/wp-json\/wp\/v2\/users\/2"}],"replies":[{"embeddable":true,"href":"https:\/\/kuali.com.mx\/web\/wp-json\/wp\/v2\/comments?post=182347"}],"version-history":[{"count":2,"href":"https:\/\/kuali.com.mx\/web\/wp-json\/wp\/v2\/posts\/182347\/revisions"}],"predecessor-version":[{"id":182353,"href":"https:\/\/kuali.com.mx\/web\/wp-json\/wp\/v2\/posts\/182347\/revisions\/182353"}],"wp:featuredmedia":[{"embeddable":true,"href":"https:\/\/kuali.com.mx\/web\/wp-json\/wp\/v2\/media\/182349"}],"wp:attachment":[{"href":"https:\/\/kuali.com.mx\/web\/wp-json\/wp\/v2\/media?parent=182347"}],"wp:term":[{"taxonomy":"category","embeddable":true,"href":"https:\/\/kuali.com.mx\/web\/wp-json\/wp\/v2\/categories?post=182347"},{"taxonomy":"post_tag","embeddable":true,"href":"https:\/\/kuali.com.mx\/web\/wp-json\/wp\/v2\/tags?post=182347"}],"curies":[{"name":"wp","href":"https:\/\/api.w.org\/{rel}","templated":true}]}}