{"id":182163,"date":"2025-08-04T14:53:00","date_gmt":"2025-08-04T20:53:00","guid":{"rendered":"https:\/\/kuali.com.mx\/web\/?p=182163"},"modified":"2025-08-04T18:55:58","modified_gmt":"2025-08-05T00:55:58","slug":"renovaran-comites-municipales-del-pan","status":"publish","type":"post","link":"https:\/\/kuali.com.mx\/web\/2025\/08\/04\/renovaran-comites-municipales-del-pan\/","title":{"rendered":"RENOVAR\u00c1N COMIT\u00c9S MUNICIPALES DEL PAN"},"content":{"rendered":"\n<p><strong>Milagros Tadeo\/Le\u00f3n, Gto.-&nbsp;<\/strong>La renovaci\u00f3n de los 46 Comit\u00e9s Municipales del Partido Acci\u00f3n Nacional en el estado se llevar\u00e1 a cabo el pr\u00f3ximo 21 de septiembre a trav\u00e9s del m\u00e9todo de elecci\u00f3n interna.<\/p>\n\n\n\n<p>El dirigente del PAN en Guanajuato, Aldo M\u00e1rquez Becerra, se\u00f1al\u00f3 que en este proceso de renovaci\u00f3n se estar\u00e1 garantizando la paridad de g\u00e9nero para que, en al menos 24 municipios, los Comit\u00e9s Municipales queden presididos por una mujer.<\/p>\n\n\n\n<p>Detall\u00f3 que los municipios reservados para mujeres son Victoria, Villagr\u00e1n, Santa Cruz de Juventino Rosas, Tierra Blanca, Manuel Doblado, Tarandacuao, Pueblo Nuevo, Comonfort, Doctor Mora, Ac\u00e1mbaro, Irapuato, Salamanca, Ocampo, Santiago Maravat\u00edo, Morole\u00f3n, Cuer\u00e1maro, Uriangato, San Jos\u00e9 Iturbide, Cortazar, San Miguel de Allende, Coroneo, Atarjea, San Francisco del Rinc\u00f3n y Romita.<\/p>\n\n\n\n<p>En tanto, en los dem\u00e1s municipios podr\u00e1n competir hombres y mujeres, es decir, mantendr\u00e1n un esquema mixto que incluso podr\u00eda generar que m\u00e1s mujeres lleguen a las dirigencias municipales del PAN.<\/p>\n\n\n\n<p>\u201cEn el PAN nuestros procesos son democr\u00e1ticos, en los 46 Comit\u00e9s se van a llevar a cabo asambleas en donde participaran los m\u00e1s de 16 mil militantes, porque as\u00ed nos lo marcan los estatutos y nuestra normativa (\u2026) y bueno as\u00ed es como se resolvi\u00f3 de acuerdo al reglamento y estatuto\u201d, dijo.<\/p>\n\n\n\n<p>En otro aspecto, dijo que tambi\u00e9n se avecina el proceso de renovaci\u00f3n del Consejo Nacional del PAN y del Consejo Estatal, \u00f3rganos que ayudan a tomar decisiones estrat\u00e9gicas sobre la vida del partido, mismas que se renovar\u00e1n el 29 de noviembre en la Asamblea Nacional y el 19 de octubre en la Asamblea Estatal.<\/p>\n\n\n\n<p>ALEJANDRA NO EST\u00c1 MANIPULANDO EL PROCESO INTERNO<\/p>\n\n\n\n<p>Sobre las juntas de panistas que est\u00e1 orquestando la alcaldesa, Alejandra Guti\u00e9rrez Campos, el dirigente del PAN asegur\u00f3 que est\u00e1 en libertad de hacer estas reuniones y rechaz\u00f3 que las mismas tengan por objetivo posicionar a alg\u00fan liderazgo af\u00edn a Guti\u00e9rrez Campos.&nbsp;<\/p>\n","protected":false},"excerpt":{"rendered":"Milagros Tadeo\/Le\u00f3n, Gto.-&nbsp;La renovaci\u00f3n de los 46 Comit\u00e9s Municipales del Partido Acci\u00f3n Nacional en el estado se llevar\u00e1 a cabo el pr\u00f3ximo 21 de septiembre a trav\u00e9s del m\u00e9todo de elecci\u00f3n interna. El dirigente del PAN en Guanajuato, Aldo M\u00e1rquez Becerra, se\u00f1al\u00f3 que en este proceso de renovaci\u00f3n se estar\u00e1 garantizando la paridad de g\u00e9nero [&hellip;]","protected":false},"author":2,"featured_media":182166,"comment_status":"open","ping_status":"open","sticky":false,"template":"","format":"standard","meta":{"_seopress_robots_primary_cat":"none","_seopress_titles_title":"","_seopress_titles_desc":"","_seopress_robots_index":"","_monsterinsights_skip_tracking":false,"_monsterinsights_sitenote_active":false,"_monsterinsights_sitenote_note":"","_monsterinsights_sitenote_category":0,"footnotes":""},"categories":[1],"tags":[],"class_list":["post-182163","post","type-post","status-publish","format-standard","has-post-thumbnail","hentry","category-actualidad"],"yoast_head":"<!-- This site is optimized with the Yoast SEO plugin v27.4 - https:\/\/yoast.com\/product\/yoast-seo-wordpress\/ -->\n<title>RENOVAR\u00c1N COMIT\u00c9S MUNICIPALES DEL PAN - Kuali<\/title>\n<meta name=\"robots\" content=\"index, follow, max-snippet:-1, max-image-preview:large, max-video-preview:-1\" \/>\n<link rel=\"canonical\" href=\"https:\/\/kuali.com.mx\/web\/2025\/08\/04\/renovaran-comites-municipales-del-pan\/\" \/>\n<meta property=\"og:locale\" content=\"es_MX\" \/>\n<meta property=\"og:type\" content=\"article\" \/>\n<meta property=\"og:title\" content=\"RENOVAR\u00c1N COMIT\u00c9S MUNICIPALES DEL PAN - Kuali\" \/>\n<meta property=\"og:description\" content=\"Milagros Tadeo\/Le\u00f3n, Gto.-&nbsp;La renovaci\u00f3n de los 46 Comit\u00e9s Municipales del Partido Acci\u00f3n Nacional en el estado se llevar\u00e1 a cabo el pr\u00f3ximo 21 de septiembre a trav\u00e9s del m\u00e9todo de elecci\u00f3n interna. El dirigente del PAN en Guanajuato, Aldo M\u00e1rquez Becerra, se\u00f1al\u00f3 que en este proceso de renovaci\u00f3n se estar\u00e1 garantizando la paridad de g\u00e9nero [&hellip;]\" \/>\n<meta property=\"og:url\" content=\"https:\/\/kuali.com.mx\/web\/2025\/08\/04\/renovaran-comites-municipales-del-pan\/\" \/>\n<meta property=\"og:site_name\" content=\"Kuali\" \/>\n<meta property=\"article:publisher\" content=\"https:\/\/kuali.com.mx\/web\/wp-content\/uploads\/2018\/04\/cropped-kuali_logo-1-1.png\" \/>\n<meta property=\"article:published_time\" content=\"2025-08-04T20:53:00+00:00\" \/>\n<meta property=\"article:modified_time\" content=\"2025-08-05T00:55:58+00:00\" \/>\n<meta property=\"og:image\" content=\"https:\/\/kuali.com.mx\/web\/wp-content\/uploads\/2025\/08\/ALDO-2-scaled-e1754355318343.jpeg\" \/>\n\t<meta property=\"og:image:width\" content=\"1706\" \/>\n\t<meta property=\"og:image:height\" content=\"1084\" \/>\n\t<meta property=\"og:image:type\" content=\"image\/jpeg\" \/>\n<meta name=\"author\" content=\"Kuali Staff\" \/>\n<meta name=\"twitter:card\" content=\"summary_large_image\" \/>\n<meta name=\"twitter:creator\" content=\"@kuali_noticias\" \/>\n<meta name=\"twitter:site\" content=\"@kuali_noticias\" \/>\n<meta name=\"twitter:label1\" content=\"Escrito por\" \/>\n\t<meta name=\"twitter:data1\" content=\"Kuali Staff\" \/>\n\t<meta name=\"twitter:label2\" content=\"Tiempo de lectura\" \/>\n\t<meta name=\"twitter:data2\" content=\"2 minutos\" \/>\n<script type=\"application\/ld+json\" class=\"yoast-schema-graph\">{\"@context\":\"https:\\\/\\\/schema.org\",\"@graph\":[{\"@type\":\"Article\",\"@id\":\"https:\\\/\\\/kuali.com.mx\\\/web\\\/2025\\\/08\\\/04\\\/renovaran-comites-municipales-del-pan\\\/#article\",\"isPartOf\":{\"@id\":\"https:\\\/\\\/kuali.com.mx\\\/web\\\/2025\\\/08\\\/04\\\/renovaran-comites-municipales-del-pan\\\/\"},\"author\":{\"name\":\"Kuali Staff\",\"@id\":\"https:\\\/\\\/kuali.com.mx\\\/web\\\/#\\\/schema\\\/person\\\/6f89ffa8ecba9dae50662357923c5289\"},\"headline\":\"RENOVAR\u00c1N COMIT\u00c9S MUNICIPALES DEL PAN\",\"datePublished\":\"2025-08-04T20:53:00+00:00\",\"dateModified\":\"2025-08-05T00:55:58+00:00\",\"mainEntityOfPage\":{\"@id\":\"https:\\\/\\\/kuali.com.mx\\\/web\\\/2025\\\/08\\\/04\\\/renovaran-comites-municipales-del-pan\\\/\"},\"wordCount\":345,\"commentCount\":0,\"image\":{\"@id\":\"https:\\\/\\\/kuali.com.mx\\\/web\\\/2025\\\/08\\\/04\\\/renovaran-comites-municipales-del-pan\\\/#primaryimage\"},\"thumbnailUrl\":\"https:\\\/\\\/kuali.com.mx\\\/web\\\/wp-content\\\/uploads\\\/2025\\\/08\\\/ALDO-2-scaled-e1754355318343.jpeg\",\"articleSection\":[\"Versatil\"],\"inLanguage\":\"es\",\"potentialAction\":[{\"@type\":\"CommentAction\",\"name\":\"Comment\",\"target\":[\"https:\\\/\\\/kuali.com.mx\\\/web\\\/2025\\\/08\\\/04\\\/renovaran-comites-municipales-del-pan\\\/#respond\"]}]},{\"@type\":\"WebPage\",\"@id\":\"https:\\\/\\\/kuali.com.mx\\\/web\\\/2025\\\/08\\\/04\\\/renovaran-comites-municipales-del-pan\\\/\",\"url\":\"https:\\\/\\\/kuali.com.mx\\\/web\\\/2025\\\/08\\\/04\\\/renovaran-comites-municipales-del-pan\\\/\",\"name\":\"RENOVAR\u00c1N COMIT\u00c9S MUNICIPALES DEL PAN - Kuali\",\"isPartOf\":{\"@id\":\"https:\\\/\\\/kuali.com.mx\\\/web\\\/#website\"},\"primaryImageOfPage\":{\"@id\":\"https:\\\/\\\/kuali.com.mx\\\/web\\\/2025\\\/08\\\/04\\\/renovaran-comites-municipales-del-pan\\\/#primaryimage\"},\"image\":{\"@id\":\"https:\\\/\\\/kuali.com.mx\\\/web\\\/2025\\\/08\\\/04\\\/renovaran-comites-municipales-del-pan\\\/#primaryimage\"},\"thumbnailUrl\":\"https:\\\/\\\/kuali.com.mx\\\/web\\\/wp-content\\\/uploads\\\/2025\\\/08\\\/ALDO-2-scaled-e1754355318343.jpeg\",\"datePublished\":\"2025-08-04T20:53:00+00:00\",\"dateModified\":\"2025-08-05T00:55:58+00:00\",\"author\":{\"@id\":\"https:\\\/\\\/kuali.com.mx\\\/web\\\/#\\\/schema\\\/person\\\/6f89ffa8ecba9dae50662357923c5289\"},\"breadcrumb\":{\"@id\":\"https:\\\/\\\/kuali.com.mx\\\/web\\\/2025\\\/08\\\/04\\\/renovaran-comites-municipales-del-pan\\\/#breadcrumb\"},\"inLanguage\":\"es\",\"potentialAction\":[{\"@type\":\"ReadAction\",\"target\":[\"https:\\\/\\\/kuali.com.mx\\\/web\\\/2025\\\/08\\\/04\\\/renovaran-comites-municipales-del-pan\\\/\"]}]},{\"@type\":\"ImageObject\",\"inLanguage\":\"es\",\"@id\":\"https:\\\/\\\/kuali.com.mx\\\/web\\\/2025\\\/08\\\/04\\\/renovaran-comites-municipales-del-pan\\\/#primaryimage\",\"url\":\"https:\\\/\\\/kuali.com.mx\\\/web\\\/wp-content\\\/uploads\\\/2025\\\/08\\\/ALDO-2-scaled-e1754355318343.jpeg\",\"contentUrl\":\"https:\\\/\\\/kuali.com.mx\\\/web\\\/wp-content\\\/uploads\\\/2025\\\/08\\\/ALDO-2-scaled-e1754355318343.jpeg\",\"width\":1706,\"height\":1084},{\"@type\":\"BreadcrumbList\",\"@id\":\"https:\\\/\\\/kuali.com.mx\\\/web\\\/2025\\\/08\\\/04\\\/renovaran-comites-municipales-del-pan\\\/#breadcrumb\",\"itemListElement\":[{\"@type\":\"ListItem\",\"position\":1,\"name\":\"Inicio\",\"item\":\"https:\\\/\\\/kuali.com.mx\\\/web\\\/\"},{\"@type\":\"ListItem\",\"position\":2,\"name\":\"RENOVAR\u00c1N COMIT\u00c9S MUNICIPALES DEL PAN\"}]},{\"@type\":\"WebSite\",\"@id\":\"https:\\\/\\\/kuali.com.mx\\\/web\\\/#website\",\"url\":\"https:\\\/\\\/kuali.com.mx\\\/web\\\/\",\"name\":\"Kuali\",\"description\":\"\",\"potentialAction\":[{\"@type\":\"SearchAction\",\"target\":{\"@type\":\"EntryPoint\",\"urlTemplate\":\"https:\\\/\\\/kuali.com.mx\\\/web\\\/?s={search_term_string}\"},\"query-input\":{\"@type\":\"PropertyValueSpecification\",\"valueRequired\":true,\"valueName\":\"search_term_string\"}}],\"inLanguage\":\"es\"},{\"@type\":\"Person\",\"@id\":\"https:\\\/\\\/kuali.com.mx\\\/web\\\/#\\\/schema\\\/person\\\/6f89ffa8ecba9dae50662357923c5289\",\"name\":\"Kuali Staff\",\"image\":{\"@type\":\"ImageObject\",\"inLanguage\":\"es\",\"@id\":\"https:\\\/\\\/secure.gravatar.com\\\/avatar\\\/f917ad82e5ab71227a733c78b6e60715476f69ee6be59feee4eb5d9920c89e0f?s=96&d=mm&r=g\",\"url\":\"https:\\\/\\\/secure.gravatar.com\\\/avatar\\\/f917ad82e5ab71227a733c78b6e60715476f69ee6be59feee4eb5d9920c89e0f?s=96&d=mm&r=g\",\"contentUrl\":\"https:\\\/\\\/secure.gravatar.com\\\/avatar\\\/f917ad82e5ab71227a733c78b6e60715476f69ee6be59feee4eb5d9920c89e0f?s=96&d=mm&r=g\",\"caption\":\"Kuali Staff\"},\"url\":\"https:\\\/\\\/kuali.com.mx\\\/web\\\/author\\\/lagarto\\\/\"}]}<\/script>\n<!-- \/ Yoast SEO plugin. -->","yoast_head_json":{"title":"RENOVAR\u00c1N COMIT\u00c9S MUNICIPALES DEL PAN - Kuali","robots":{"index":"index","follow":"follow","max-snippet":"max-snippet:-1","max-image-preview":"max-image-preview:large","max-video-preview":"max-video-preview:-1"},"canonical":"https:\/\/kuali.com.mx\/web\/2025\/08\/04\/renovaran-comites-municipales-del-pan\/","og_locale":"es_MX","og_type":"article","og_title":"RENOVAR\u00c1N COMIT\u00c9S MUNICIPALES DEL PAN - Kuali","og_description":"Milagros Tadeo\/Le\u00f3n, Gto.-&nbsp;La renovaci\u00f3n de los 46 Comit\u00e9s Municipales del Partido Acci\u00f3n Nacional en el estado se llevar\u00e1 a cabo el pr\u00f3ximo 21 de septiembre a trav\u00e9s del m\u00e9todo de elecci\u00f3n interna. El dirigente del PAN en Guanajuato, Aldo M\u00e1rquez Becerra, se\u00f1al\u00f3 que en este proceso de renovaci\u00f3n se estar\u00e1 garantizando la paridad de g\u00e9nero [&hellip;]","og_url":"https:\/\/kuali.com.mx\/web\/2025\/08\/04\/renovaran-comites-municipales-del-pan\/","og_site_name":"Kuali","article_publisher":"https:\/\/kuali.com.mx\/web\/wp-content\/uploads\/2018\/04\/cropped-kuali_logo-1-1.png","article_published_time":"2025-08-04T20:53:00+00:00","article_modified_time":"2025-08-05T00:55:58+00:00","og_image":[{"width":1706,"height":1084,"url":"https:\/\/kuali.com.mx\/web\/wp-content\/uploads\/2025\/08\/ALDO-2-scaled-e1754355318343.jpeg","type":"image\/jpeg"}],"author":"Kuali Staff","twitter_card":"summary_large_image","twitter_creator":"@kuali_noticias","twitter_site":"@kuali_noticias","twitter_misc":{"Escrito por":"Kuali Staff","Tiempo de lectura":"2 minutos"},"schema":{"@context":"https:\/\/schema.org","@graph":[{"@type":"Article","@id":"https:\/\/kuali.com.mx\/web\/2025\/08\/04\/renovaran-comites-municipales-del-pan\/#article","isPartOf":{"@id":"https:\/\/kuali.com.mx\/web\/2025\/08\/04\/renovaran-comites-municipales-del-pan\/"},"author":{"name":"Kuali Staff","@id":"https:\/\/kuali.com.mx\/web\/#\/schema\/person\/6f89ffa8ecba9dae50662357923c5289"},"headline":"RENOVAR\u00c1N COMIT\u00c9S MUNICIPALES DEL PAN","datePublished":"2025-08-04T20:53:00+00:00","dateModified":"2025-08-05T00:55:58+00:00","mainEntityOfPage":{"@id":"https:\/\/kuali.com.mx\/web\/2025\/08\/04\/renovaran-comites-municipales-del-pan\/"},"wordCount":345,"commentCount":0,"image":{"@id":"https:\/\/kuali.com.mx\/web\/2025\/08\/04\/renovaran-comites-municipales-del-pan\/#primaryimage"},"thumbnailUrl":"https:\/\/kuali.com.mx\/web\/wp-content\/uploads\/2025\/08\/ALDO-2-scaled-e1754355318343.jpeg","articleSection":["Versatil"],"inLanguage":"es","potentialAction":[{"@type":"CommentAction","name":"Comment","target":["https:\/\/kuali.com.mx\/web\/2025\/08\/04\/renovaran-comites-municipales-del-pan\/#respond"]}]},{"@type":"WebPage","@id":"https:\/\/kuali.com.mx\/web\/2025\/08\/04\/renovaran-comites-municipales-del-pan\/","url":"https:\/\/kuali.com.mx\/web\/2025\/08\/04\/renovaran-comites-municipales-del-pan\/","name":"RENOVAR\u00c1N COMIT\u00c9S MUNICIPALES DEL PAN - Kuali","isPartOf":{"@id":"https:\/\/kuali.com.mx\/web\/#website"},"primaryImageOfPage":{"@id":"https:\/\/kuali.com.mx\/web\/2025\/08\/04\/renovaran-comites-municipales-del-pan\/#primaryimage"},"image":{"@id":"https:\/\/kuali.com.mx\/web\/2025\/08\/04\/renovaran-comites-municipales-del-pan\/#primaryimage"},"thumbnailUrl":"https:\/\/kuali.com.mx\/web\/wp-content\/uploads\/2025\/08\/ALDO-2-scaled-e1754355318343.jpeg","datePublished":"2025-08-04T20:53:00+00:00","dateModified":"2025-08-05T00:55:58+00:00","author":{"@id":"https:\/\/kuali.com.mx\/web\/#\/schema\/person\/6f89ffa8ecba9dae50662357923c5289"},"breadcrumb":{"@id":"https:\/\/kuali.com.mx\/web\/2025\/08\/04\/renovaran-comites-municipales-del-pan\/#breadcrumb"},"inLanguage":"es","potentialAction":[{"@type":"ReadAction","target":["https:\/\/kuali.com.mx\/web\/2025\/08\/04\/renovaran-comites-municipales-del-pan\/"]}]},{"@type":"ImageObject","inLanguage":"es","@id":"https:\/\/kuali.com.mx\/web\/2025\/08\/04\/renovaran-comites-municipales-del-pan\/#primaryimage","url":"https:\/\/kuali.com.mx\/web\/wp-content\/uploads\/2025\/08\/ALDO-2-scaled-e1754355318343.jpeg","contentUrl":"https:\/\/kuali.com.mx\/web\/wp-content\/uploads\/2025\/08\/ALDO-2-scaled-e1754355318343.jpeg","width":1706,"height":1084},{"@type":"BreadcrumbList","@id":"https:\/\/kuali.com.mx\/web\/2025\/08\/04\/renovaran-comites-municipales-del-pan\/#breadcrumb","itemListElement":[{"@type":"ListItem","position":1,"name":"Inicio","item":"https:\/\/kuali.com.mx\/web\/"},{"@type":"ListItem","position":2,"name":"RENOVAR\u00c1N COMIT\u00c9S MUNICIPALES DEL PAN"}]},{"@type":"WebSite","@id":"https:\/\/kuali.com.mx\/web\/#website","url":"https:\/\/kuali.com.mx\/web\/","name":"Kuali","description":"","potentialAction":[{"@type":"SearchAction","target":{"@type":"EntryPoint","urlTemplate":"https:\/\/kuali.com.mx\/web\/?s={search_term_string}"},"query-input":{"@type":"PropertyValueSpecification","valueRequired":true,"valueName":"search_term_string"}}],"inLanguage":"es"},{"@type":"Person","@id":"https:\/\/kuali.com.mx\/web\/#\/schema\/person\/6f89ffa8ecba9dae50662357923c5289","name":"Kuali Staff","image":{"@type":"ImageObject","inLanguage":"es","@id":"https:\/\/secure.gravatar.com\/avatar\/f917ad82e5ab71227a733c78b6e60715476f69ee6be59feee4eb5d9920c89e0f?s=96&d=mm&r=g","url":"https:\/\/secure.gravatar.com\/avatar\/f917ad82e5ab71227a733c78b6e60715476f69ee6be59feee4eb5d9920c89e0f?s=96&d=mm&r=g","contentUrl":"https:\/\/secure.gravatar.com\/avatar\/f917ad82e5ab71227a733c78b6e60715476f69ee6be59feee4eb5d9920c89e0f?s=96&d=mm&r=g","caption":"Kuali Staff"},"url":"https:\/\/kuali.com.mx\/web\/author\/lagarto\/"}]}},"_links":{"self":[{"href":"https:\/\/kuali.com.mx\/web\/wp-json\/wp\/v2\/posts\/182163","targetHints":{"allow":["GET"]}}],"collection":[{"href":"https:\/\/kuali.com.mx\/web\/wp-json\/wp\/v2\/posts"}],"about":[{"href":"https:\/\/kuali.com.mx\/web\/wp-json\/wp\/v2\/types\/post"}],"author":[{"embeddable":true,"href":"https:\/\/kuali.com.mx\/web\/wp-json\/wp\/v2\/users\/2"}],"replies":[{"embeddable":true,"href":"https:\/\/kuali.com.mx\/web\/wp-json\/wp\/v2\/comments?post=182163"}],"version-history":[{"count":1,"href":"https:\/\/kuali.com.mx\/web\/wp-json\/wp\/v2\/posts\/182163\/revisions"}],"predecessor-version":[{"id":182167,"href":"https:\/\/kuali.com.mx\/web\/wp-json\/wp\/v2\/posts\/182163\/revisions\/182167"}],"wp:featuredmedia":[{"embeddable":true,"href":"https:\/\/kuali.com.mx\/web\/wp-json\/wp\/v2\/media\/182166"}],"wp:attachment":[{"href":"https:\/\/kuali.com.mx\/web\/wp-json\/wp\/v2\/media?parent=182163"}],"wp:term":[{"taxonomy":"category","embeddable":true,"href":"https:\/\/kuali.com.mx\/web\/wp-json\/wp\/v2\/categories?post=182163"},{"taxonomy":"post_tag","embeddable":true,"href":"https:\/\/kuali.com.mx\/web\/wp-json\/wp\/v2\/tags?post=182163"}],"curies":[{"name":"wp","href":"https:\/\/api.w.org\/{rel}","templated":true}]}}