{"id":181072,"date":"2025-07-21T13:37:00","date_gmt":"2025-07-21T19:37:00","guid":{"rendered":"https:\/\/kuali.com.mx\/web\/?p=181072"},"modified":"2025-07-21T19:37:51","modified_gmt":"2025-07-22T01:37:51","slug":"agosto-mes-de-los-jovenes-en-leon","status":"publish","type":"post","link":"https:\/\/kuali.com.mx\/web\/2025\/07\/21\/agosto-mes-de-los-jovenes-en-leon\/","title":{"rendered":"AGOSTO, MES DE LOS J\u00d3VENES EN LE\u00d3N"},"content":{"rendered":"\n<p><strong><em>Kuali\/Le\u00f3n, Gto.- <\/em><\/strong>El gobierno de Le\u00f3n conmemorar\u00e1 a los j\u00f3venes del municipio con una agenda de actividades de baile, deportivas, con impulso a proyectos, apoyo a la salud metal y la entrega de Premio Municipal de las Juventudes.<\/p>\n\n\n\n<p>Las juventudes leonesas vibrar\u00e1n en agosto con m\u00faltiples actividades para conmemorar el mes de este sector poblacional que impulsa el crecimiento de Le\u00f3n con creatividad y talento.<\/p>\n\n\n\n<p>La presidenta municipal, Alejandra Guti\u00e9rrez Campos, encabez\u00f3 esta ma\u00f1ana la presentaci\u00f3n de la cartelera Agosto: Mes de las juventudes, que cuenta con un ambicioso programa coordinado por el Instituto Municipal de las Juventudes (IMJU).<\/p>\n\n\n\n<p>\u201cAqu\u00ed no hay pretexto, no se puede quedar atr\u00e1s ning\u00fan joven, porque lo que queremos es que se sumen a estas actividades; el 31% de la poblaci\u00f3n de Le\u00f3n son j\u00f3venes, imag\u00ednense la capacidad de mover y de hacer mejor esta ciudad, es la tercera parte pr\u00e1cticamente de la ciudad y que tienen en sus manos la posibilidad de que a Le\u00f3n le vaya much\u00edsimo mejor\u201d.<\/p>\n\n\n\n<p>La mun\u00edcipe destac\u00f3 la importancia de los j\u00f3venes, habilitar mecanismos para escucharlos, apoyarlos y respaldar sus sue\u00f1os y proyectos<\/p>\n\n\n\n<p>\u201cPara nosotros agosto es el mes de las juventudes y nosotros queremos seguir escuchando de manera permanente a todos los j\u00f3venes, porque queremos saber qu\u00e9 les duele, qu\u00e9 sienten, qu\u00e9 necesitan, c\u00f3mo podemos trabajar juntos, conocer sus talentos. Tenemos muchos talentos en Le\u00f3n\u201d, resalt\u00f3 Alejandra Guti\u00e9rrez.<\/p>\n\n\n\n<p>CARTELERA DE ACTIVIDADES DEL MES DE LAS JUVENTUDES<\/p>\n\n\n\n<p>La Presidencia Municipal dise\u00f1\u00f3 una gran variedad de actividades recreativas y divertidas para los j\u00f3venes, en las cuales logran hacer comunidad, se desenvuelven y crecen en su desarrollo personal.<\/p>\n\n\n\n<p>Entre ellas se encuentran actividades de baile como Huapalooza, competencia de huapango que inicia el 2 de agosto; El Aullido de la Manada, bailando al ritmo de la cumbia el 23 de agosto; y la develaci\u00f3n del mural Efecto N, en la que participaron por primera vez artistas locales y nacionales.<\/p>\n\n\n\n<p>El 6 de agosto se llevar\u00e1 a cabo el abanderamiento de corresponsabilidad social, donde los j\u00f3venes que han formado parte de las redes del IMJU y que desarrollaron actividades de corresponsabilidad recibir\u00e1n una beca para ejecutar sus proyectos.<\/p>\n\n\n\n<p>Conecta con tu salud mental es otro programa en el que se abandera a una red de psic\u00f3logos j\u00f3venes pertenecientes al instituto y quienes han dado acompa\u00f1amiento en cuanto a salud y bienestar mental y emocional en escuelas del municipio.<\/p>\n\n\n\n<p>Tambi\u00e9n se realizar\u00e1 la Carrera Atl\u00e9tica IMJU de 7 kil\u00f3metros, el 29 de agosto en el Parque Metropolitano de Le\u00f3n. El registro se abrir\u00e1 el primero de agosto a trav\u00e9s de las plataformas del IMJU.<\/p>\n\n\n\n<p>Para cerrar con broche de oro, se entregar\u00e1 el Premio de las Juventudes el 21 de agosto, que incluir\u00e1 15 categor\u00edas, 5 m\u00e1s que en 2024, para reconocer a m\u00e1s j\u00f3venes.<\/p>\n\n\n\n<p>Itzel Morales, ganadora del Premio Municipal de las Juventudes en 2024, comparti\u00f3 su experiencia con los presentes, al ganar con su proyecto enfocado en ense\u00f1ar a mujeres sobre medicina tradicional.<\/p>\n\n\n\n<p>\u201cSiempre es de creer en ti, en lo que eres capaz de hacer y en lo que puedes lograr a impactar. Haber ganado ese premio fue un gran escal\u00f3n y apoyo, primero que nada, para empoderarme a m\u00ed misma, saber que puedo y llegar a impactar a m\u00e1s personas\u201d, concluy\u00f3.<\/p>\n\n\n\n<p>El director general del Instituto Municipal de las Juventudes, Salvador Toledo Mu\u00f1oz, anunci\u00f3 que el IMJU recibir\u00e1 la placa de CONOCER, lo que lo avala como certificador de habilidades y competencias, a trav\u00e9s de programas como LOBO.<\/p>\n\n\n\n<p>Se\u00f1al\u00f3: \u201cA trav\u00e9s del programa LOBO muchos j\u00f3venes han tenido la oportunidad de desarrollar sus habilidades, de orientar sus proyectos de vida y sus planes de vida. Ya no solamente les damos esa habilidad blanda y esa habilidad dura, sino que ahora tambi\u00e9n podr\u00e1n estar certificados en competencia\u201d.<\/p>\n","protected":false},"excerpt":{"rendered":"Kuali\/Le\u00f3n, Gto.- El gobierno de Le\u00f3n conmemorar\u00e1 a los j\u00f3venes del municipio con una agenda de actividades de baile, deportivas, con impulso a proyectos, apoyo a la salud metal y la entrega de Premio Municipal de las Juventudes. Las juventudes leonesas vibrar\u00e1n en agosto con m\u00faltiples actividades para conmemorar el mes de este sector poblacional [&hellip;]","protected":false},"author":2,"featured_media":181075,"comment_status":"open","ping_status":"open","sticky":false,"template":"","format":"standard","meta":{"_seopress_robots_primary_cat":"none","_seopress_titles_title":"","_seopress_titles_desc":"","_seopress_robots_index":"","_monsterinsights_skip_tracking":false,"_monsterinsights_sitenote_active":false,"_monsterinsights_sitenote_note":"","_monsterinsights_sitenote_category":0,"footnotes":""},"categories":[3],"tags":[],"class_list":["post-181072","post","type-post","status-publish","format-standard","has-post-thumbnail","hentry","category-politica"],"yoast_head":"<!-- This site is optimized with the Yoast SEO plugin v27.4 - https:\/\/yoast.com\/product\/yoast-seo-wordpress\/ -->\n<title>AGOSTO, MES DE LOS J\u00d3VENES EN LE\u00d3N - Kuali<\/title>\n<meta name=\"robots\" content=\"index, follow, max-snippet:-1, max-image-preview:large, max-video-preview:-1\" \/>\n<link rel=\"canonical\" href=\"https:\/\/kuali.com.mx\/web\/2025\/07\/21\/agosto-mes-de-los-jovenes-en-leon\/\" \/>\n<meta property=\"og:locale\" content=\"es_MX\" \/>\n<meta property=\"og:type\" content=\"article\" \/>\n<meta property=\"og:title\" content=\"AGOSTO, MES DE LOS J\u00d3VENES EN LE\u00d3N - Kuali\" \/>\n<meta property=\"og:description\" content=\"Kuali\/Le\u00f3n, Gto.- El gobierno de Le\u00f3n conmemorar\u00e1 a los j\u00f3venes del municipio con una agenda de actividades de baile, deportivas, con impulso a proyectos, apoyo a la salud metal y la entrega de Premio Municipal de las Juventudes. Las juventudes leonesas vibrar\u00e1n en agosto con m\u00faltiples actividades para conmemorar el mes de este sector poblacional [&hellip;]\" \/>\n<meta property=\"og:url\" content=\"https:\/\/kuali.com.mx\/web\/2025\/07\/21\/agosto-mes-de-los-jovenes-en-leon\/\" \/>\n<meta property=\"og:site_name\" content=\"Kuali\" \/>\n<meta property=\"article:publisher\" content=\"https:\/\/kuali.com.mx\/web\/wp-content\/uploads\/2018\/04\/cropped-kuali_logo-1-1.png\" \/>\n<meta property=\"article:published_time\" content=\"2025-07-21T19:37:00+00:00\" \/>\n<meta property=\"article:modified_time\" content=\"2025-07-22T01:37:51+00:00\" \/>\n<meta property=\"og:image\" content=\"https:\/\/kuali.com.mx\/web\/wp-content\/uploads\/2025\/07\/mes-de-los-jovenes-scaled.jpg\" \/>\n\t<meta property=\"og:image:width\" content=\"2560\" \/>\n\t<meta property=\"og:image:height\" content=\"1895\" \/>\n\t<meta property=\"og:image:type\" content=\"image\/jpeg\" \/>\n<meta name=\"author\" content=\"Kuali Staff\" \/>\n<meta name=\"twitter:card\" content=\"summary_large_image\" \/>\n<meta name=\"twitter:creator\" content=\"@kuali_noticias\" \/>\n<meta name=\"twitter:site\" content=\"@kuali_noticias\" \/>\n<meta name=\"twitter:label1\" content=\"Escrito por\" \/>\n\t<meta name=\"twitter:data1\" content=\"Kuali Staff\" \/>\n\t<meta name=\"twitter:label2\" content=\"Tiempo de lectura\" \/>\n\t<meta name=\"twitter:data2\" content=\"3 minutos\" \/>\n<script type=\"application\/ld+json\" class=\"yoast-schema-graph\">{\"@context\":\"https:\\\/\\\/schema.org\",\"@graph\":[{\"@type\":\"Article\",\"@id\":\"https:\\\/\\\/kuali.com.mx\\\/web\\\/2025\\\/07\\\/21\\\/agosto-mes-de-los-jovenes-en-leon\\\/#article\",\"isPartOf\":{\"@id\":\"https:\\\/\\\/kuali.com.mx\\\/web\\\/2025\\\/07\\\/21\\\/agosto-mes-de-los-jovenes-en-leon\\\/\"},\"author\":{\"name\":\"Kuali Staff\",\"@id\":\"https:\\\/\\\/kuali.com.mx\\\/web\\\/#\\\/schema\\\/person\\\/6f89ffa8ecba9dae50662357923c5289\"},\"headline\":\"AGOSTO, MES DE LOS J\u00d3VENES EN LE\u00d3N\",\"datePublished\":\"2025-07-21T19:37:00+00:00\",\"dateModified\":\"2025-07-22T01:37:51+00:00\",\"mainEntityOfPage\":{\"@id\":\"https:\\\/\\\/kuali.com.mx\\\/web\\\/2025\\\/07\\\/21\\\/agosto-mes-de-los-jovenes-en-leon\\\/\"},\"wordCount\":678,\"commentCount\":0,\"image\":{\"@id\":\"https:\\\/\\\/kuali.com.mx\\\/web\\\/2025\\\/07\\\/21\\\/agosto-mes-de-los-jovenes-en-leon\\\/#primaryimage\"},\"thumbnailUrl\":\"https:\\\/\\\/kuali.com.mx\\\/web\\\/wp-content\\\/uploads\\\/2025\\\/07\\\/mes-de-los-jovenes-scaled.jpg\",\"articleSection\":[\"Pol\u00edtica\"],\"inLanguage\":\"es\",\"potentialAction\":[{\"@type\":\"CommentAction\",\"name\":\"Comment\",\"target\":[\"https:\\\/\\\/kuali.com.mx\\\/web\\\/2025\\\/07\\\/21\\\/agosto-mes-de-los-jovenes-en-leon\\\/#respond\"]}]},{\"@type\":\"WebPage\",\"@id\":\"https:\\\/\\\/kuali.com.mx\\\/web\\\/2025\\\/07\\\/21\\\/agosto-mes-de-los-jovenes-en-leon\\\/\",\"url\":\"https:\\\/\\\/kuali.com.mx\\\/web\\\/2025\\\/07\\\/21\\\/agosto-mes-de-los-jovenes-en-leon\\\/\",\"name\":\"AGOSTO, MES DE LOS J\u00d3VENES EN LE\u00d3N - Kuali\",\"isPartOf\":{\"@id\":\"https:\\\/\\\/kuali.com.mx\\\/web\\\/#website\"},\"primaryImageOfPage\":{\"@id\":\"https:\\\/\\\/kuali.com.mx\\\/web\\\/2025\\\/07\\\/21\\\/agosto-mes-de-los-jovenes-en-leon\\\/#primaryimage\"},\"image\":{\"@id\":\"https:\\\/\\\/kuali.com.mx\\\/web\\\/2025\\\/07\\\/21\\\/agosto-mes-de-los-jovenes-en-leon\\\/#primaryimage\"},\"thumbnailUrl\":\"https:\\\/\\\/kuali.com.mx\\\/web\\\/wp-content\\\/uploads\\\/2025\\\/07\\\/mes-de-los-jovenes-scaled.jpg\",\"datePublished\":\"2025-07-21T19:37:00+00:00\",\"dateModified\":\"2025-07-22T01:37:51+00:00\",\"author\":{\"@id\":\"https:\\\/\\\/kuali.com.mx\\\/web\\\/#\\\/schema\\\/person\\\/6f89ffa8ecba9dae50662357923c5289\"},\"breadcrumb\":{\"@id\":\"https:\\\/\\\/kuali.com.mx\\\/web\\\/2025\\\/07\\\/21\\\/agosto-mes-de-los-jovenes-en-leon\\\/#breadcrumb\"},\"inLanguage\":\"es\",\"potentialAction\":[{\"@type\":\"ReadAction\",\"target\":[\"https:\\\/\\\/kuali.com.mx\\\/web\\\/2025\\\/07\\\/21\\\/agosto-mes-de-los-jovenes-en-leon\\\/\"]}]},{\"@type\":\"ImageObject\",\"inLanguage\":\"es\",\"@id\":\"https:\\\/\\\/kuali.com.mx\\\/web\\\/2025\\\/07\\\/21\\\/agosto-mes-de-los-jovenes-en-leon\\\/#primaryimage\",\"url\":\"https:\\\/\\\/kuali.com.mx\\\/web\\\/wp-content\\\/uploads\\\/2025\\\/07\\\/mes-de-los-jovenes-scaled.jpg\",\"contentUrl\":\"https:\\\/\\\/kuali.com.mx\\\/web\\\/wp-content\\\/uploads\\\/2025\\\/07\\\/mes-de-los-jovenes-scaled.jpg\",\"width\":2560,\"height\":1895},{\"@type\":\"BreadcrumbList\",\"@id\":\"https:\\\/\\\/kuali.com.mx\\\/web\\\/2025\\\/07\\\/21\\\/agosto-mes-de-los-jovenes-en-leon\\\/#breadcrumb\",\"itemListElement\":[{\"@type\":\"ListItem\",\"position\":1,\"name\":\"Inicio\",\"item\":\"https:\\\/\\\/kuali.com.mx\\\/web\\\/\"},{\"@type\":\"ListItem\",\"position\":2,\"name\":\"AGOSTO, MES DE LOS J\u00d3VENES EN LE\u00d3N\"}]},{\"@type\":\"WebSite\",\"@id\":\"https:\\\/\\\/kuali.com.mx\\\/web\\\/#website\",\"url\":\"https:\\\/\\\/kuali.com.mx\\\/web\\\/\",\"name\":\"Kuali\",\"description\":\"\",\"potentialAction\":[{\"@type\":\"SearchAction\",\"target\":{\"@type\":\"EntryPoint\",\"urlTemplate\":\"https:\\\/\\\/kuali.com.mx\\\/web\\\/?s={search_term_string}\"},\"query-input\":{\"@type\":\"PropertyValueSpecification\",\"valueRequired\":true,\"valueName\":\"search_term_string\"}}],\"inLanguage\":\"es\"},{\"@type\":\"Person\",\"@id\":\"https:\\\/\\\/kuali.com.mx\\\/web\\\/#\\\/schema\\\/person\\\/6f89ffa8ecba9dae50662357923c5289\",\"name\":\"Kuali Staff\",\"image\":{\"@type\":\"ImageObject\",\"inLanguage\":\"es\",\"@id\":\"https:\\\/\\\/secure.gravatar.com\\\/avatar\\\/f917ad82e5ab71227a733c78b6e60715476f69ee6be59feee4eb5d9920c89e0f?s=96&d=mm&r=g\",\"url\":\"https:\\\/\\\/secure.gravatar.com\\\/avatar\\\/f917ad82e5ab71227a733c78b6e60715476f69ee6be59feee4eb5d9920c89e0f?s=96&d=mm&r=g\",\"contentUrl\":\"https:\\\/\\\/secure.gravatar.com\\\/avatar\\\/f917ad82e5ab71227a733c78b6e60715476f69ee6be59feee4eb5d9920c89e0f?s=96&d=mm&r=g\",\"caption\":\"Kuali Staff\"},\"url\":\"https:\\\/\\\/kuali.com.mx\\\/web\\\/author\\\/lagarto\\\/\"}]}<\/script>\n<!-- \/ Yoast SEO plugin. -->","yoast_head_json":{"title":"AGOSTO, MES DE LOS J\u00d3VENES EN LE\u00d3N - Kuali","robots":{"index":"index","follow":"follow","max-snippet":"max-snippet:-1","max-image-preview":"max-image-preview:large","max-video-preview":"max-video-preview:-1"},"canonical":"https:\/\/kuali.com.mx\/web\/2025\/07\/21\/agosto-mes-de-los-jovenes-en-leon\/","og_locale":"es_MX","og_type":"article","og_title":"AGOSTO, MES DE LOS J\u00d3VENES EN LE\u00d3N - Kuali","og_description":"Kuali\/Le\u00f3n, Gto.- El gobierno de Le\u00f3n conmemorar\u00e1 a los j\u00f3venes del municipio con una agenda de actividades de baile, deportivas, con impulso a proyectos, apoyo a la salud metal y la entrega de Premio Municipal de las Juventudes. Las juventudes leonesas vibrar\u00e1n en agosto con m\u00faltiples actividades para conmemorar el mes de este sector poblacional [&hellip;]","og_url":"https:\/\/kuali.com.mx\/web\/2025\/07\/21\/agosto-mes-de-los-jovenes-en-leon\/","og_site_name":"Kuali","article_publisher":"https:\/\/kuali.com.mx\/web\/wp-content\/uploads\/2018\/04\/cropped-kuali_logo-1-1.png","article_published_time":"2025-07-21T19:37:00+00:00","article_modified_time":"2025-07-22T01:37:51+00:00","og_image":[{"width":2560,"height":1895,"url":"https:\/\/kuali.com.mx\/web\/wp-content\/uploads\/2025\/07\/mes-de-los-jovenes-scaled.jpg","type":"image\/jpeg"}],"author":"Kuali Staff","twitter_card":"summary_large_image","twitter_creator":"@kuali_noticias","twitter_site":"@kuali_noticias","twitter_misc":{"Escrito por":"Kuali Staff","Tiempo de lectura":"3 minutos"},"schema":{"@context":"https:\/\/schema.org","@graph":[{"@type":"Article","@id":"https:\/\/kuali.com.mx\/web\/2025\/07\/21\/agosto-mes-de-los-jovenes-en-leon\/#article","isPartOf":{"@id":"https:\/\/kuali.com.mx\/web\/2025\/07\/21\/agosto-mes-de-los-jovenes-en-leon\/"},"author":{"name":"Kuali Staff","@id":"https:\/\/kuali.com.mx\/web\/#\/schema\/person\/6f89ffa8ecba9dae50662357923c5289"},"headline":"AGOSTO, MES DE LOS J\u00d3VENES EN LE\u00d3N","datePublished":"2025-07-21T19:37:00+00:00","dateModified":"2025-07-22T01:37:51+00:00","mainEntityOfPage":{"@id":"https:\/\/kuali.com.mx\/web\/2025\/07\/21\/agosto-mes-de-los-jovenes-en-leon\/"},"wordCount":678,"commentCount":0,"image":{"@id":"https:\/\/kuali.com.mx\/web\/2025\/07\/21\/agosto-mes-de-los-jovenes-en-leon\/#primaryimage"},"thumbnailUrl":"https:\/\/kuali.com.mx\/web\/wp-content\/uploads\/2025\/07\/mes-de-los-jovenes-scaled.jpg","articleSection":["Pol\u00edtica"],"inLanguage":"es","potentialAction":[{"@type":"CommentAction","name":"Comment","target":["https:\/\/kuali.com.mx\/web\/2025\/07\/21\/agosto-mes-de-los-jovenes-en-leon\/#respond"]}]},{"@type":"WebPage","@id":"https:\/\/kuali.com.mx\/web\/2025\/07\/21\/agosto-mes-de-los-jovenes-en-leon\/","url":"https:\/\/kuali.com.mx\/web\/2025\/07\/21\/agosto-mes-de-los-jovenes-en-leon\/","name":"AGOSTO, MES DE LOS J\u00d3VENES EN LE\u00d3N - Kuali","isPartOf":{"@id":"https:\/\/kuali.com.mx\/web\/#website"},"primaryImageOfPage":{"@id":"https:\/\/kuali.com.mx\/web\/2025\/07\/21\/agosto-mes-de-los-jovenes-en-leon\/#primaryimage"},"image":{"@id":"https:\/\/kuali.com.mx\/web\/2025\/07\/21\/agosto-mes-de-los-jovenes-en-leon\/#primaryimage"},"thumbnailUrl":"https:\/\/kuali.com.mx\/web\/wp-content\/uploads\/2025\/07\/mes-de-los-jovenes-scaled.jpg","datePublished":"2025-07-21T19:37:00+00:00","dateModified":"2025-07-22T01:37:51+00:00","author":{"@id":"https:\/\/kuali.com.mx\/web\/#\/schema\/person\/6f89ffa8ecba9dae50662357923c5289"},"breadcrumb":{"@id":"https:\/\/kuali.com.mx\/web\/2025\/07\/21\/agosto-mes-de-los-jovenes-en-leon\/#breadcrumb"},"inLanguage":"es","potentialAction":[{"@type":"ReadAction","target":["https:\/\/kuali.com.mx\/web\/2025\/07\/21\/agosto-mes-de-los-jovenes-en-leon\/"]}]},{"@type":"ImageObject","inLanguage":"es","@id":"https:\/\/kuali.com.mx\/web\/2025\/07\/21\/agosto-mes-de-los-jovenes-en-leon\/#primaryimage","url":"https:\/\/kuali.com.mx\/web\/wp-content\/uploads\/2025\/07\/mes-de-los-jovenes-scaled.jpg","contentUrl":"https:\/\/kuali.com.mx\/web\/wp-content\/uploads\/2025\/07\/mes-de-los-jovenes-scaled.jpg","width":2560,"height":1895},{"@type":"BreadcrumbList","@id":"https:\/\/kuali.com.mx\/web\/2025\/07\/21\/agosto-mes-de-los-jovenes-en-leon\/#breadcrumb","itemListElement":[{"@type":"ListItem","position":1,"name":"Inicio","item":"https:\/\/kuali.com.mx\/web\/"},{"@type":"ListItem","position":2,"name":"AGOSTO, MES DE LOS J\u00d3VENES EN LE\u00d3N"}]},{"@type":"WebSite","@id":"https:\/\/kuali.com.mx\/web\/#website","url":"https:\/\/kuali.com.mx\/web\/","name":"Kuali","description":"","potentialAction":[{"@type":"SearchAction","target":{"@type":"EntryPoint","urlTemplate":"https:\/\/kuali.com.mx\/web\/?s={search_term_string}"},"query-input":{"@type":"PropertyValueSpecification","valueRequired":true,"valueName":"search_term_string"}}],"inLanguage":"es"},{"@type":"Person","@id":"https:\/\/kuali.com.mx\/web\/#\/schema\/person\/6f89ffa8ecba9dae50662357923c5289","name":"Kuali Staff","image":{"@type":"ImageObject","inLanguage":"es","@id":"https:\/\/secure.gravatar.com\/avatar\/f917ad82e5ab71227a733c78b6e60715476f69ee6be59feee4eb5d9920c89e0f?s=96&d=mm&r=g","url":"https:\/\/secure.gravatar.com\/avatar\/f917ad82e5ab71227a733c78b6e60715476f69ee6be59feee4eb5d9920c89e0f?s=96&d=mm&r=g","contentUrl":"https:\/\/secure.gravatar.com\/avatar\/f917ad82e5ab71227a733c78b6e60715476f69ee6be59feee4eb5d9920c89e0f?s=96&d=mm&r=g","caption":"Kuali Staff"},"url":"https:\/\/kuali.com.mx\/web\/author\/lagarto\/"}]}},"_links":{"self":[{"href":"https:\/\/kuali.com.mx\/web\/wp-json\/wp\/v2\/posts\/181072","targetHints":{"allow":["GET"]}}],"collection":[{"href":"https:\/\/kuali.com.mx\/web\/wp-json\/wp\/v2\/posts"}],"about":[{"href":"https:\/\/kuali.com.mx\/web\/wp-json\/wp\/v2\/types\/post"}],"author":[{"embeddable":true,"href":"https:\/\/kuali.com.mx\/web\/wp-json\/wp\/v2\/users\/2"}],"replies":[{"embeddable":true,"href":"https:\/\/kuali.com.mx\/web\/wp-json\/wp\/v2\/comments?post=181072"}],"version-history":[{"count":1,"href":"https:\/\/kuali.com.mx\/web\/wp-json\/wp\/v2\/posts\/181072\/revisions"}],"predecessor-version":[{"id":181076,"href":"https:\/\/kuali.com.mx\/web\/wp-json\/wp\/v2\/posts\/181072\/revisions\/181076"}],"wp:featuredmedia":[{"embeddable":true,"href":"https:\/\/kuali.com.mx\/web\/wp-json\/wp\/v2\/media\/181075"}],"wp:attachment":[{"href":"https:\/\/kuali.com.mx\/web\/wp-json\/wp\/v2\/media?parent=181072"}],"wp:term":[{"taxonomy":"category","embeddable":true,"href":"https:\/\/kuali.com.mx\/web\/wp-json\/wp\/v2\/categories?post=181072"},{"taxonomy":"post_tag","embeddable":true,"href":"https:\/\/kuali.com.mx\/web\/wp-json\/wp\/v2\/tags?post=181072"}],"curies":[{"name":"wp","href":"https:\/\/api.w.org\/{rel}","templated":true}]}}