{"id":181060,"date":"2025-07-21T13:40:38","date_gmt":"2025-07-21T19:40:38","guid":{"rendered":"https:\/\/kuali.com.mx\/web\/?p=181060"},"modified":"2025-07-21T19:16:27","modified_gmt":"2025-07-22T01:16:27","slug":"esperan-ocupacion-hotelera-del-85","status":"publish","type":"post","link":"https:\/\/kuali.com.mx\/web\/2025\/07\/21\/esperan-ocupacion-hotelera-del-85\/","title":{"rendered":"ESPER\u00c1N OCUPACI\u00d3N HOTELERA DEL 85%"},"content":{"rendered":"\n<p><strong>Milagros Tadeo\/Le\u00f3n, Gto.-<\/strong>&nbsp;El presidente de la Asociaci\u00f3n de Hoteles y Moteles de Le\u00f3n (AHML),&nbsp;Eduardo&nbsp;Bujaidar&nbsp;Mu\u00f1oz, indic\u00f3 que durante esta semana esperan alcanzar una ocupaci\u00f3n hotelera del 85% ante el desarrollo del Festival Infantil y Juvenil de Voleibol Le\u00f3n 2025 y la Feria de Verano.<\/p>\n\n\n\n<p>Se\u00f1al\u00f3 que estos primeros d\u00edas de las vacaciones de verano podr\u00edan ser muy ben\u00e9ficos para el sector hotelero en la ciudad, el cual est\u00e1 integrado por 73 hoteles que est\u00e1n adheridos y una oferta de 8 mil 500 habitaciones.<\/p>\n\n\n\n<p>\u201cEs importante comentar que el Festival de Verano viene a complementar de manera importante la oferta de atractivos tur\u00edsticos para quienes nos visitan y con el anuncio de 12 d\u00edas m\u00e1s de vacaciones de verano para los muchachos de la escuela nos da oportunidad de que la temporada sea todav\u00eda m\u00e1s productiva para todos\u201d, dijo.<\/p>\n\n\n\n<p>Bujaidar Mu\u00f1oz dijo que la llegada de paseantes y turistas da vida al sector comercio y servicios, quien reiter\u00f3 no ha podido superar los niveles o indicadores que se ten\u00edan previo a la pandemia.<\/p>\n\n\n\n<p>Se\u00f1al\u00f3 que a efecto de poder garantizar las mejores condiciones de seguridad para los turistas se trabaja de forma directa con las autoridades estatales y municipales para que garanticen un despliegue o un operativo especial de vigilancia.<\/p>\n","protected":false},"excerpt":{"rendered":"Milagros Tadeo\/Le\u00f3n, Gto.-&nbsp;El presidente de la Asociaci\u00f3n de Hoteles y Moteles de Le\u00f3n (AHML),&nbsp;Eduardo&nbsp;Bujaidar&nbsp;Mu\u00f1oz, indic\u00f3 que durante esta semana esperan alcanzar una ocupaci\u00f3n hotelera del 85% ante el desarrollo del Festival Infantil y Juvenil de Voleibol Le\u00f3n 2025 y la Feria de Verano. Se\u00f1al\u00f3 que estos primeros d\u00edas de las vacaciones de verano podr\u00edan ser [&hellip;]","protected":false},"author":2,"featured_media":181063,"comment_status":"open","ping_status":"open","sticky":false,"template":"","format":"standard","meta":{"_seopress_robots_primary_cat":"none","_seopress_titles_title":"","_seopress_titles_desc":"","_seopress_robots_index":"","_monsterinsights_skip_tracking":false,"_monsterinsights_sitenote_active":false,"_monsterinsights_sitenote_note":"","_monsterinsights_sitenote_category":0,"footnotes":""},"categories":[13],"tags":[],"class_list":["post-181060","post","type-post","status-publish","format-standard","has-post-thumbnail","hentry","category-turismo"],"yoast_head":"<!-- This site is optimized with the Yoast SEO plugin v27.4 - https:\/\/yoast.com\/product\/yoast-seo-wordpress\/ -->\n<title>ESPER\u00c1N OCUPACI\u00d3N HOTELERA DEL 85% - Kuali<\/title>\n<meta name=\"robots\" content=\"index, follow, max-snippet:-1, max-image-preview:large, max-video-preview:-1\" \/>\n<link rel=\"canonical\" href=\"https:\/\/kuali.com.mx\/web\/2025\/07\/21\/esperan-ocupacion-hotelera-del-85\/\" \/>\n<meta property=\"og:locale\" content=\"es_MX\" \/>\n<meta property=\"og:type\" content=\"article\" \/>\n<meta property=\"og:title\" content=\"ESPER\u00c1N OCUPACI\u00d3N HOTELERA DEL 85% - Kuali\" \/>\n<meta property=\"og:description\" content=\"Milagros Tadeo\/Le\u00f3n, Gto.-&nbsp;El presidente de la Asociaci\u00f3n de Hoteles y Moteles de Le\u00f3n (AHML),&nbsp;Eduardo&nbsp;Bujaidar&nbsp;Mu\u00f1oz, indic\u00f3 que durante esta semana esperan alcanzar una ocupaci\u00f3n hotelera del 85% ante el desarrollo del Festival Infantil y Juvenil de Voleibol Le\u00f3n 2025 y la Feria de Verano. Se\u00f1al\u00f3 que estos primeros d\u00edas de las vacaciones de verano podr\u00edan ser [&hellip;]\" \/>\n<meta property=\"og:url\" content=\"https:\/\/kuali.com.mx\/web\/2025\/07\/21\/esperan-ocupacion-hotelera-del-85\/\" \/>\n<meta property=\"og:site_name\" content=\"Kuali\" \/>\n<meta property=\"article:publisher\" content=\"https:\/\/kuali.com.mx\/web\/wp-content\/uploads\/2018\/04\/cropped-kuali_logo-1-1.png\" \/>\n<meta property=\"article:published_time\" content=\"2025-07-21T19:40:38+00:00\" \/>\n<meta property=\"article:modified_time\" content=\"2025-07-22T01:16:27+00:00\" \/>\n<meta property=\"og:image\" content=\"https:\/\/kuali.com.mx\/web\/wp-content\/uploads\/2025\/07\/Eduardo-Bujaidar.jpeg\" \/>\n\t<meta property=\"og:image:width\" content=\"1600\" \/>\n\t<meta property=\"og:image:height\" content=\"900\" \/>\n\t<meta property=\"og:image:type\" content=\"image\/jpeg\" \/>\n<meta name=\"author\" content=\"Kuali Staff\" \/>\n<meta name=\"twitter:card\" content=\"summary_large_image\" \/>\n<meta name=\"twitter:creator\" content=\"@kuali_noticias\" \/>\n<meta name=\"twitter:site\" content=\"@kuali_noticias\" \/>\n<meta name=\"twitter:label1\" content=\"Escrito por\" \/>\n\t<meta name=\"twitter:data1\" content=\"Kuali Staff\" \/>\n\t<meta name=\"twitter:label2\" content=\"Tiempo de lectura\" \/>\n\t<meta name=\"twitter:data2\" content=\"1 minuto\" \/>\n<script type=\"application\/ld+json\" class=\"yoast-schema-graph\">{\"@context\":\"https:\\\/\\\/schema.org\",\"@graph\":[{\"@type\":\"Article\",\"@id\":\"https:\\\/\\\/kuali.com.mx\\\/web\\\/2025\\\/07\\\/21\\\/esperan-ocupacion-hotelera-del-85\\\/#article\",\"isPartOf\":{\"@id\":\"https:\\\/\\\/kuali.com.mx\\\/web\\\/2025\\\/07\\\/21\\\/esperan-ocupacion-hotelera-del-85\\\/\"},\"author\":{\"name\":\"Kuali Staff\",\"@id\":\"https:\\\/\\\/kuali.com.mx\\\/web\\\/#\\\/schema\\\/person\\\/6f89ffa8ecba9dae50662357923c5289\"},\"headline\":\"ESPER\u00c1N OCUPACI\u00d3N HOTELERA DEL 85%\",\"datePublished\":\"2025-07-21T19:40:38+00:00\",\"dateModified\":\"2025-07-22T01:16:27+00:00\",\"mainEntityOfPage\":{\"@id\":\"https:\\\/\\\/kuali.com.mx\\\/web\\\/2025\\\/07\\\/21\\\/esperan-ocupacion-hotelera-del-85\\\/\"},\"wordCount\":237,\"commentCount\":0,\"image\":{\"@id\":\"https:\\\/\\\/kuali.com.mx\\\/web\\\/2025\\\/07\\\/21\\\/esperan-ocupacion-hotelera-del-85\\\/#primaryimage\"},\"thumbnailUrl\":\"https:\\\/\\\/kuali.com.mx\\\/web\\\/wp-content\\\/uploads\\\/2025\\\/07\\\/Eduardo-Bujaidar.jpeg\",\"articleSection\":[\"Turismo\"],\"inLanguage\":\"es\",\"potentialAction\":[{\"@type\":\"CommentAction\",\"name\":\"Comment\",\"target\":[\"https:\\\/\\\/kuali.com.mx\\\/web\\\/2025\\\/07\\\/21\\\/esperan-ocupacion-hotelera-del-85\\\/#respond\"]}]},{\"@type\":\"WebPage\",\"@id\":\"https:\\\/\\\/kuali.com.mx\\\/web\\\/2025\\\/07\\\/21\\\/esperan-ocupacion-hotelera-del-85\\\/\",\"url\":\"https:\\\/\\\/kuali.com.mx\\\/web\\\/2025\\\/07\\\/21\\\/esperan-ocupacion-hotelera-del-85\\\/\",\"name\":\"ESPER\u00c1N OCUPACI\u00d3N HOTELERA DEL 85% - Kuali\",\"isPartOf\":{\"@id\":\"https:\\\/\\\/kuali.com.mx\\\/web\\\/#website\"},\"primaryImageOfPage\":{\"@id\":\"https:\\\/\\\/kuali.com.mx\\\/web\\\/2025\\\/07\\\/21\\\/esperan-ocupacion-hotelera-del-85\\\/#primaryimage\"},\"image\":{\"@id\":\"https:\\\/\\\/kuali.com.mx\\\/web\\\/2025\\\/07\\\/21\\\/esperan-ocupacion-hotelera-del-85\\\/#primaryimage\"},\"thumbnailUrl\":\"https:\\\/\\\/kuali.com.mx\\\/web\\\/wp-content\\\/uploads\\\/2025\\\/07\\\/Eduardo-Bujaidar.jpeg\",\"datePublished\":\"2025-07-21T19:40:38+00:00\",\"dateModified\":\"2025-07-22T01:16:27+00:00\",\"author\":{\"@id\":\"https:\\\/\\\/kuali.com.mx\\\/web\\\/#\\\/schema\\\/person\\\/6f89ffa8ecba9dae50662357923c5289\"},\"breadcrumb\":{\"@id\":\"https:\\\/\\\/kuali.com.mx\\\/web\\\/2025\\\/07\\\/21\\\/esperan-ocupacion-hotelera-del-85\\\/#breadcrumb\"},\"inLanguage\":\"es\",\"potentialAction\":[{\"@type\":\"ReadAction\",\"target\":[\"https:\\\/\\\/kuali.com.mx\\\/web\\\/2025\\\/07\\\/21\\\/esperan-ocupacion-hotelera-del-85\\\/\"]}]},{\"@type\":\"ImageObject\",\"inLanguage\":\"es\",\"@id\":\"https:\\\/\\\/kuali.com.mx\\\/web\\\/2025\\\/07\\\/21\\\/esperan-ocupacion-hotelera-del-85\\\/#primaryimage\",\"url\":\"https:\\\/\\\/kuali.com.mx\\\/web\\\/wp-content\\\/uploads\\\/2025\\\/07\\\/Eduardo-Bujaidar.jpeg\",\"contentUrl\":\"https:\\\/\\\/kuali.com.mx\\\/web\\\/wp-content\\\/uploads\\\/2025\\\/07\\\/Eduardo-Bujaidar.jpeg\",\"width\":1600,\"height\":900},{\"@type\":\"BreadcrumbList\",\"@id\":\"https:\\\/\\\/kuali.com.mx\\\/web\\\/2025\\\/07\\\/21\\\/esperan-ocupacion-hotelera-del-85\\\/#breadcrumb\",\"itemListElement\":[{\"@type\":\"ListItem\",\"position\":1,\"name\":\"Inicio\",\"item\":\"https:\\\/\\\/kuali.com.mx\\\/web\\\/\"},{\"@type\":\"ListItem\",\"position\":2,\"name\":\"ESPER\u00c1N OCUPACI\u00d3N HOTELERA DEL 85%\"}]},{\"@type\":\"WebSite\",\"@id\":\"https:\\\/\\\/kuali.com.mx\\\/web\\\/#website\",\"url\":\"https:\\\/\\\/kuali.com.mx\\\/web\\\/\",\"name\":\"Kuali\",\"description\":\"\",\"potentialAction\":[{\"@type\":\"SearchAction\",\"target\":{\"@type\":\"EntryPoint\",\"urlTemplate\":\"https:\\\/\\\/kuali.com.mx\\\/web\\\/?s={search_term_string}\"},\"query-input\":{\"@type\":\"PropertyValueSpecification\",\"valueRequired\":true,\"valueName\":\"search_term_string\"}}],\"inLanguage\":\"es\"},{\"@type\":\"Person\",\"@id\":\"https:\\\/\\\/kuali.com.mx\\\/web\\\/#\\\/schema\\\/person\\\/6f89ffa8ecba9dae50662357923c5289\",\"name\":\"Kuali Staff\",\"image\":{\"@type\":\"ImageObject\",\"inLanguage\":\"es\",\"@id\":\"https:\\\/\\\/secure.gravatar.com\\\/avatar\\\/f917ad82e5ab71227a733c78b6e60715476f69ee6be59feee4eb5d9920c89e0f?s=96&d=mm&r=g\",\"url\":\"https:\\\/\\\/secure.gravatar.com\\\/avatar\\\/f917ad82e5ab71227a733c78b6e60715476f69ee6be59feee4eb5d9920c89e0f?s=96&d=mm&r=g\",\"contentUrl\":\"https:\\\/\\\/secure.gravatar.com\\\/avatar\\\/f917ad82e5ab71227a733c78b6e60715476f69ee6be59feee4eb5d9920c89e0f?s=96&d=mm&r=g\",\"caption\":\"Kuali Staff\"},\"url\":\"https:\\\/\\\/kuali.com.mx\\\/web\\\/author\\\/lagarto\\\/\"}]}<\/script>\n<!-- \/ Yoast SEO plugin. -->","yoast_head_json":{"title":"ESPER\u00c1N OCUPACI\u00d3N HOTELERA DEL 85% - Kuali","robots":{"index":"index","follow":"follow","max-snippet":"max-snippet:-1","max-image-preview":"max-image-preview:large","max-video-preview":"max-video-preview:-1"},"canonical":"https:\/\/kuali.com.mx\/web\/2025\/07\/21\/esperan-ocupacion-hotelera-del-85\/","og_locale":"es_MX","og_type":"article","og_title":"ESPER\u00c1N OCUPACI\u00d3N HOTELERA DEL 85% - Kuali","og_description":"Milagros Tadeo\/Le\u00f3n, Gto.-&nbsp;El presidente de la Asociaci\u00f3n de Hoteles y Moteles de Le\u00f3n (AHML),&nbsp;Eduardo&nbsp;Bujaidar&nbsp;Mu\u00f1oz, indic\u00f3 que durante esta semana esperan alcanzar una ocupaci\u00f3n hotelera del 85% ante el desarrollo del Festival Infantil y Juvenil de Voleibol Le\u00f3n 2025 y la Feria de Verano. Se\u00f1al\u00f3 que estos primeros d\u00edas de las vacaciones de verano podr\u00edan ser [&hellip;]","og_url":"https:\/\/kuali.com.mx\/web\/2025\/07\/21\/esperan-ocupacion-hotelera-del-85\/","og_site_name":"Kuali","article_publisher":"https:\/\/kuali.com.mx\/web\/wp-content\/uploads\/2018\/04\/cropped-kuali_logo-1-1.png","article_published_time":"2025-07-21T19:40:38+00:00","article_modified_time":"2025-07-22T01:16:27+00:00","og_image":[{"width":1600,"height":900,"url":"https:\/\/kuali.com.mx\/web\/wp-content\/uploads\/2025\/07\/Eduardo-Bujaidar.jpeg","type":"image\/jpeg"}],"author":"Kuali Staff","twitter_card":"summary_large_image","twitter_creator":"@kuali_noticias","twitter_site":"@kuali_noticias","twitter_misc":{"Escrito por":"Kuali Staff","Tiempo de lectura":"1 minuto"},"schema":{"@context":"https:\/\/schema.org","@graph":[{"@type":"Article","@id":"https:\/\/kuali.com.mx\/web\/2025\/07\/21\/esperan-ocupacion-hotelera-del-85\/#article","isPartOf":{"@id":"https:\/\/kuali.com.mx\/web\/2025\/07\/21\/esperan-ocupacion-hotelera-del-85\/"},"author":{"name":"Kuali Staff","@id":"https:\/\/kuali.com.mx\/web\/#\/schema\/person\/6f89ffa8ecba9dae50662357923c5289"},"headline":"ESPER\u00c1N OCUPACI\u00d3N HOTELERA DEL 85%","datePublished":"2025-07-21T19:40:38+00:00","dateModified":"2025-07-22T01:16:27+00:00","mainEntityOfPage":{"@id":"https:\/\/kuali.com.mx\/web\/2025\/07\/21\/esperan-ocupacion-hotelera-del-85\/"},"wordCount":237,"commentCount":0,"image":{"@id":"https:\/\/kuali.com.mx\/web\/2025\/07\/21\/esperan-ocupacion-hotelera-del-85\/#primaryimage"},"thumbnailUrl":"https:\/\/kuali.com.mx\/web\/wp-content\/uploads\/2025\/07\/Eduardo-Bujaidar.jpeg","articleSection":["Turismo"],"inLanguage":"es","potentialAction":[{"@type":"CommentAction","name":"Comment","target":["https:\/\/kuali.com.mx\/web\/2025\/07\/21\/esperan-ocupacion-hotelera-del-85\/#respond"]}]},{"@type":"WebPage","@id":"https:\/\/kuali.com.mx\/web\/2025\/07\/21\/esperan-ocupacion-hotelera-del-85\/","url":"https:\/\/kuali.com.mx\/web\/2025\/07\/21\/esperan-ocupacion-hotelera-del-85\/","name":"ESPER\u00c1N OCUPACI\u00d3N HOTELERA DEL 85% - Kuali","isPartOf":{"@id":"https:\/\/kuali.com.mx\/web\/#website"},"primaryImageOfPage":{"@id":"https:\/\/kuali.com.mx\/web\/2025\/07\/21\/esperan-ocupacion-hotelera-del-85\/#primaryimage"},"image":{"@id":"https:\/\/kuali.com.mx\/web\/2025\/07\/21\/esperan-ocupacion-hotelera-del-85\/#primaryimage"},"thumbnailUrl":"https:\/\/kuali.com.mx\/web\/wp-content\/uploads\/2025\/07\/Eduardo-Bujaidar.jpeg","datePublished":"2025-07-21T19:40:38+00:00","dateModified":"2025-07-22T01:16:27+00:00","author":{"@id":"https:\/\/kuali.com.mx\/web\/#\/schema\/person\/6f89ffa8ecba9dae50662357923c5289"},"breadcrumb":{"@id":"https:\/\/kuali.com.mx\/web\/2025\/07\/21\/esperan-ocupacion-hotelera-del-85\/#breadcrumb"},"inLanguage":"es","potentialAction":[{"@type":"ReadAction","target":["https:\/\/kuali.com.mx\/web\/2025\/07\/21\/esperan-ocupacion-hotelera-del-85\/"]}]},{"@type":"ImageObject","inLanguage":"es","@id":"https:\/\/kuali.com.mx\/web\/2025\/07\/21\/esperan-ocupacion-hotelera-del-85\/#primaryimage","url":"https:\/\/kuali.com.mx\/web\/wp-content\/uploads\/2025\/07\/Eduardo-Bujaidar.jpeg","contentUrl":"https:\/\/kuali.com.mx\/web\/wp-content\/uploads\/2025\/07\/Eduardo-Bujaidar.jpeg","width":1600,"height":900},{"@type":"BreadcrumbList","@id":"https:\/\/kuali.com.mx\/web\/2025\/07\/21\/esperan-ocupacion-hotelera-del-85\/#breadcrumb","itemListElement":[{"@type":"ListItem","position":1,"name":"Inicio","item":"https:\/\/kuali.com.mx\/web\/"},{"@type":"ListItem","position":2,"name":"ESPER\u00c1N OCUPACI\u00d3N HOTELERA DEL 85%"}]},{"@type":"WebSite","@id":"https:\/\/kuali.com.mx\/web\/#website","url":"https:\/\/kuali.com.mx\/web\/","name":"Kuali","description":"","potentialAction":[{"@type":"SearchAction","target":{"@type":"EntryPoint","urlTemplate":"https:\/\/kuali.com.mx\/web\/?s={search_term_string}"},"query-input":{"@type":"PropertyValueSpecification","valueRequired":true,"valueName":"search_term_string"}}],"inLanguage":"es"},{"@type":"Person","@id":"https:\/\/kuali.com.mx\/web\/#\/schema\/person\/6f89ffa8ecba9dae50662357923c5289","name":"Kuali Staff","image":{"@type":"ImageObject","inLanguage":"es","@id":"https:\/\/secure.gravatar.com\/avatar\/f917ad82e5ab71227a733c78b6e60715476f69ee6be59feee4eb5d9920c89e0f?s=96&d=mm&r=g","url":"https:\/\/secure.gravatar.com\/avatar\/f917ad82e5ab71227a733c78b6e60715476f69ee6be59feee4eb5d9920c89e0f?s=96&d=mm&r=g","contentUrl":"https:\/\/secure.gravatar.com\/avatar\/f917ad82e5ab71227a733c78b6e60715476f69ee6be59feee4eb5d9920c89e0f?s=96&d=mm&r=g","caption":"Kuali Staff"},"url":"https:\/\/kuali.com.mx\/web\/author\/lagarto\/"}]}},"_links":{"self":[{"href":"https:\/\/kuali.com.mx\/web\/wp-json\/wp\/v2\/posts\/181060","targetHints":{"allow":["GET"]}}],"collection":[{"href":"https:\/\/kuali.com.mx\/web\/wp-json\/wp\/v2\/posts"}],"about":[{"href":"https:\/\/kuali.com.mx\/web\/wp-json\/wp\/v2\/types\/post"}],"author":[{"embeddable":true,"href":"https:\/\/kuali.com.mx\/web\/wp-json\/wp\/v2\/users\/2"}],"replies":[{"embeddable":true,"href":"https:\/\/kuali.com.mx\/web\/wp-json\/wp\/v2\/comments?post=181060"}],"version-history":[{"count":1,"href":"https:\/\/kuali.com.mx\/web\/wp-json\/wp\/v2\/posts\/181060\/revisions"}],"predecessor-version":[{"id":181064,"href":"https:\/\/kuali.com.mx\/web\/wp-json\/wp\/v2\/posts\/181060\/revisions\/181064"}],"wp:featuredmedia":[{"embeddable":true,"href":"https:\/\/kuali.com.mx\/web\/wp-json\/wp\/v2\/media\/181063"}],"wp:attachment":[{"href":"https:\/\/kuali.com.mx\/web\/wp-json\/wp\/v2\/media?parent=181060"}],"wp:term":[{"taxonomy":"category","embeddable":true,"href":"https:\/\/kuali.com.mx\/web\/wp-json\/wp\/v2\/categories?post=181060"},{"taxonomy":"post_tag","embeddable":true,"href":"https:\/\/kuali.com.mx\/web\/wp-json\/wp\/v2\/tags?post=181060"}],"curies":[{"name":"wp","href":"https:\/\/api.w.org\/{rel}","templated":true}]}}