{"id":181031,"date":"2025-07-21T12:45:44","date_gmt":"2025-07-21T18:45:44","guid":{"rendered":"https:\/\/kuali.com.mx\/web\/?p=181031"},"modified":"2025-07-21T18:43:37","modified_gmt":"2025-07-22T00:43:37","slug":"cambian-fecha-de-miercoles-ciudadano-por-vacaciones","status":"publish","type":"post","link":"https:\/\/kuali.com.mx\/web\/2025\/07\/21\/cambian-fecha-de-miercoles-ciudadano-por-vacaciones\/","title":{"rendered":"CAMBIAN FECHA DE \u201cMIERCOLES CIUDADANO\u201d POR VACACIONES"},"content":{"rendered":"\n<p><p class=\"MsoNormal\" style=\"margin: 0cm; font-size: medium; font-family: Calibri, sans-serif; white-space: normal; text-align: justify;\"><b><span style=\"font-family: Arial, sans-serif;\"><em><strong>Kuali\/Irapuato Gto.<\/strong><\/em>-<\/span><\/b><span style=\"font-family: Arial, sans-serif;\">La pr\u00f3xima edici\u00f3n del programa Mi\u00e9rcoles Ciudadano se llevar\u00e1 a cabo el 30 de julio en el patio de la Presidencia Municipal. <\/span><\/p><\/p>\n\n\n\n<p><p class=\"MsoNormal\" style=\"margin: 0cm; font-size: medium; font-family: Calibri, sans-serif; white-space: normal; text-align: justify;\"><span style=\"font-family: Arial, sans-serif;\">El cambio de fecha se debe a que, del 21 al 25 de julio, la Administraci\u00f3n P\u00fablica Municipal estar\u00e1 en periodo vacacional.<o:p>\u00a0<\/o:p>Los servicios ofrecidos a trav\u00e9s de Mi\u00e9rcoles Ciudadano se reanudar\u00e1n al finalizar la Semana Institucional, en su horario habitual de 10:00 de la ma\u00f1ana a 2:00 de la tarde, instalados tanto en el patio del Palacio Municipal como en el andador Sor Juana In\u00e9s de la Cruz.<o:p>\u00a0<\/o:p><\/span><\/p><\/p>\n\n\n\n<p><p class=\"MsoNormal\" style=\"margin: 0cm; font-size: medium; font-family: Calibri, sans-serif; white-space: normal; text-align: justify;\"><span style=\"font-family: Arial, sans-serif;\">Es importante destacar que, a pesar del periodo vacacional, los servicios p\u00fablicos operar\u00e1n con normalidad. Adem\u00e1s, la ciudadan\u00eda puede continuar realizando reportes, solicitudes o propuestas a trav\u00e9s de la l\u00ednea telef\u00f3nica 072, disponible los 365 d\u00edas del a\u00f1o, las 24 horas del d\u00eda.<o:p>\u00a0<\/o:p><\/span><\/p><\/p>\n\n\n\n<p><p class=\"MsoNormal\" style=\"margin: 0cm; font-size: medium; font-family: Calibri, sans-serif; white-space: normal; text-align: justify;\"><span style=\"font-family: Arial, sans-serif;\">El programa Mi\u00e9rcoles Ciudadano brinda atenci\u00f3n personalizada a trav\u00e9s de diversas dependencias municipales para la realizaci\u00f3n de tr\u00e1mites, denuncias, gestiones de apoyo y otros servicios. Asimismo, la Direcci\u00f3n de Salud Municipal ofrece atenci\u00f3n m\u00e9dica, dental y servicios gratuitos de esterilizaci\u00f3n de mascotas.<o:p>\u00a0<\/o:p><\/span><\/p><\/p>\n\n\n\n<p><span style=\"font-family: Arial, sans-serif; text-align: justify; white-space: normal; color: initial;\">Estas acciones forman parte del eje de atenci\u00f3n \u201cTu Alianza Ciudadana\u201d, incluido en el Programa de Gobierno Municipal encabezado por la presidenta Lorena Alfaro Garc\u00eda, que tiene como objetivo brindar soluciones a las necesidades y peticiones de las y los irapuatenses.\u00a0<\/span><\/p>\n","protected":false},"excerpt":{"rendered":"Kuali\/Irapuato Gto.-La pr\u00f3xima edici\u00f3n del programa Mi\u00e9rcoles Ciudadano se llevar\u00e1 a cabo el 30 de julio en el patio de la Presidencia Municipal. El cambio de fecha se debe a que, del 21 al 25 de julio, la Administraci\u00f3n P\u00fablica Municipal estar\u00e1 en periodo vacacional.\u00a0Los servicios ofrecidos a trav\u00e9s de Mi\u00e9rcoles Ciudadano se reanudar\u00e1n al [&hellip;]","protected":false},"author":2,"featured_media":181036,"comment_status":"open","ping_status":"open","sticky":false,"template":"","format":"standard","meta":{"_seopress_robots_primary_cat":"none","_seopress_titles_title":"","_seopress_titles_desc":"","_seopress_robots_index":"","_monsterinsights_skip_tracking":false,"_monsterinsights_sitenote_active":false,"_monsterinsights_sitenote_note":"","_monsterinsights_sitenote_category":0,"footnotes":""},"categories":[3],"tags":[],"class_list":["post-181031","post","type-post","status-publish","format-standard","has-post-thumbnail","hentry","category-politica"],"yoast_head":"<!-- This site is optimized with the Yoast SEO plugin v27.4 - https:\/\/yoast.com\/product\/yoast-seo-wordpress\/ -->\n<title>CAMBIAN FECHA DE \u201cMIERCOLES CIUDADANO\u201d POR VACACIONES - Kuali<\/title>\n<meta name=\"robots\" content=\"index, follow, max-snippet:-1, max-image-preview:large, max-video-preview:-1\" \/>\n<link rel=\"canonical\" href=\"https:\/\/kuali.com.mx\/web\/2025\/07\/21\/cambian-fecha-de-miercoles-ciudadano-por-vacaciones\/\" \/>\n<meta property=\"og:locale\" content=\"es_MX\" \/>\n<meta property=\"og:type\" content=\"article\" \/>\n<meta property=\"og:title\" content=\"CAMBIAN FECHA DE \u201cMIERCOLES CIUDADANO\u201d POR VACACIONES - Kuali\" \/>\n<meta property=\"og:description\" content=\"Kuali\/Irapuato Gto.-La pr\u00f3xima edici\u00f3n del programa Mi\u00e9rcoles Ciudadano se llevar\u00e1 a cabo el 30 de julio en el patio de la Presidencia Municipal. El cambio de fecha se debe a que, del 21 al 25 de julio, la Administraci\u00f3n P\u00fablica Municipal estar\u00e1 en periodo vacacional.\u00a0Los servicios ofrecidos a trav\u00e9s de Mi\u00e9rcoles Ciudadano se reanudar\u00e1n al [&hellip;]\" \/>\n<meta property=\"og:url\" content=\"https:\/\/kuali.com.mx\/web\/2025\/07\/21\/cambian-fecha-de-miercoles-ciudadano-por-vacaciones\/\" \/>\n<meta property=\"og:site_name\" content=\"Kuali\" \/>\n<meta property=\"article:publisher\" content=\"https:\/\/kuali.com.mx\/web\/wp-content\/uploads\/2018\/04\/cropped-kuali_logo-1-1.png\" \/>\n<meta property=\"article:published_time\" content=\"2025-07-21T18:45:44+00:00\" \/>\n<meta property=\"article:modified_time\" content=\"2025-07-22T00:43:37+00:00\" \/>\n<meta property=\"og:image\" content=\"https:\/\/kuali.com.mx\/web\/wp-content\/uploads\/2025\/07\/MIERCOLES.jpg\" \/>\n\t<meta property=\"og:image:width\" content=\"1750\" \/>\n\t<meta property=\"og:image:height\" content=\"857\" \/>\n\t<meta property=\"og:image:type\" content=\"image\/jpeg\" \/>\n<meta name=\"author\" content=\"Kuali Staff\" \/>\n<meta name=\"twitter:card\" content=\"summary_large_image\" \/>\n<meta name=\"twitter:creator\" content=\"@kuali_noticias\" \/>\n<meta name=\"twitter:site\" content=\"@kuali_noticias\" \/>\n<meta name=\"twitter:label1\" content=\"Escrito por\" \/>\n\t<meta name=\"twitter:data1\" content=\"Kuali Staff\" \/>\n\t<meta name=\"twitter:label2\" content=\"Tiempo de lectura\" \/>\n\t<meta name=\"twitter:data2\" content=\"1 minuto\" \/>\n<script type=\"application\/ld+json\" class=\"yoast-schema-graph\">{\"@context\":\"https:\\\/\\\/schema.org\",\"@graph\":[{\"@type\":\"Article\",\"@id\":\"https:\\\/\\\/kuali.com.mx\\\/web\\\/2025\\\/07\\\/21\\\/cambian-fecha-de-miercoles-ciudadano-por-vacaciones\\\/#article\",\"isPartOf\":{\"@id\":\"https:\\\/\\\/kuali.com.mx\\\/web\\\/2025\\\/07\\\/21\\\/cambian-fecha-de-miercoles-ciudadano-por-vacaciones\\\/\"},\"author\":{\"name\":\"Kuali Staff\",\"@id\":\"https:\\\/\\\/kuali.com.mx\\\/web\\\/#\\\/schema\\\/person\\\/6f89ffa8ecba9dae50662357923c5289\"},\"headline\":\"CAMBIAN FECHA DE \u201cMIERCOLES CIUDADANO\u201d POR VACACIONES\",\"datePublished\":\"2025-07-21T18:45:44+00:00\",\"dateModified\":\"2025-07-22T00:43:37+00:00\",\"mainEntityOfPage\":{\"@id\":\"https:\\\/\\\/kuali.com.mx\\\/web\\\/2025\\\/07\\\/21\\\/cambian-fecha-de-miercoles-ciudadano-por-vacaciones\\\/\"},\"wordCount\":251,\"commentCount\":0,\"image\":{\"@id\":\"https:\\\/\\\/kuali.com.mx\\\/web\\\/2025\\\/07\\\/21\\\/cambian-fecha-de-miercoles-ciudadano-por-vacaciones\\\/#primaryimage\"},\"thumbnailUrl\":\"https:\\\/\\\/kuali.com.mx\\\/web\\\/wp-content\\\/uploads\\\/2025\\\/07\\\/MIERCOLES.jpg\",\"articleSection\":[\"Pol\u00edtica\"],\"inLanguage\":\"es\",\"potentialAction\":[{\"@type\":\"CommentAction\",\"name\":\"Comment\",\"target\":[\"https:\\\/\\\/kuali.com.mx\\\/web\\\/2025\\\/07\\\/21\\\/cambian-fecha-de-miercoles-ciudadano-por-vacaciones\\\/#respond\"]}]},{\"@type\":\"WebPage\",\"@id\":\"https:\\\/\\\/kuali.com.mx\\\/web\\\/2025\\\/07\\\/21\\\/cambian-fecha-de-miercoles-ciudadano-por-vacaciones\\\/\",\"url\":\"https:\\\/\\\/kuali.com.mx\\\/web\\\/2025\\\/07\\\/21\\\/cambian-fecha-de-miercoles-ciudadano-por-vacaciones\\\/\",\"name\":\"CAMBIAN FECHA DE \u201cMIERCOLES CIUDADANO\u201d POR VACACIONES - Kuali\",\"isPartOf\":{\"@id\":\"https:\\\/\\\/kuali.com.mx\\\/web\\\/#website\"},\"primaryImageOfPage\":{\"@id\":\"https:\\\/\\\/kuali.com.mx\\\/web\\\/2025\\\/07\\\/21\\\/cambian-fecha-de-miercoles-ciudadano-por-vacaciones\\\/#primaryimage\"},\"image\":{\"@id\":\"https:\\\/\\\/kuali.com.mx\\\/web\\\/2025\\\/07\\\/21\\\/cambian-fecha-de-miercoles-ciudadano-por-vacaciones\\\/#primaryimage\"},\"thumbnailUrl\":\"https:\\\/\\\/kuali.com.mx\\\/web\\\/wp-content\\\/uploads\\\/2025\\\/07\\\/MIERCOLES.jpg\",\"datePublished\":\"2025-07-21T18:45:44+00:00\",\"dateModified\":\"2025-07-22T00:43:37+00:00\",\"author\":{\"@id\":\"https:\\\/\\\/kuali.com.mx\\\/web\\\/#\\\/schema\\\/person\\\/6f89ffa8ecba9dae50662357923c5289\"},\"breadcrumb\":{\"@id\":\"https:\\\/\\\/kuali.com.mx\\\/web\\\/2025\\\/07\\\/21\\\/cambian-fecha-de-miercoles-ciudadano-por-vacaciones\\\/#breadcrumb\"},\"inLanguage\":\"es\",\"potentialAction\":[{\"@type\":\"ReadAction\",\"target\":[\"https:\\\/\\\/kuali.com.mx\\\/web\\\/2025\\\/07\\\/21\\\/cambian-fecha-de-miercoles-ciudadano-por-vacaciones\\\/\"]}]},{\"@type\":\"ImageObject\",\"inLanguage\":\"es\",\"@id\":\"https:\\\/\\\/kuali.com.mx\\\/web\\\/2025\\\/07\\\/21\\\/cambian-fecha-de-miercoles-ciudadano-por-vacaciones\\\/#primaryimage\",\"url\":\"https:\\\/\\\/kuali.com.mx\\\/web\\\/wp-content\\\/uploads\\\/2025\\\/07\\\/MIERCOLES.jpg\",\"contentUrl\":\"https:\\\/\\\/kuali.com.mx\\\/web\\\/wp-content\\\/uploads\\\/2025\\\/07\\\/MIERCOLES.jpg\",\"width\":1750,\"height\":857},{\"@type\":\"BreadcrumbList\",\"@id\":\"https:\\\/\\\/kuali.com.mx\\\/web\\\/2025\\\/07\\\/21\\\/cambian-fecha-de-miercoles-ciudadano-por-vacaciones\\\/#breadcrumb\",\"itemListElement\":[{\"@type\":\"ListItem\",\"position\":1,\"name\":\"Inicio\",\"item\":\"https:\\\/\\\/kuali.com.mx\\\/web\\\/\"},{\"@type\":\"ListItem\",\"position\":2,\"name\":\"CAMBIAN FECHA DE \u201cMIERCOLES CIUDADANO\u201d POR VACACIONES\"}]},{\"@type\":\"WebSite\",\"@id\":\"https:\\\/\\\/kuali.com.mx\\\/web\\\/#website\",\"url\":\"https:\\\/\\\/kuali.com.mx\\\/web\\\/\",\"name\":\"Kuali\",\"description\":\"\",\"potentialAction\":[{\"@type\":\"SearchAction\",\"target\":{\"@type\":\"EntryPoint\",\"urlTemplate\":\"https:\\\/\\\/kuali.com.mx\\\/web\\\/?s={search_term_string}\"},\"query-input\":{\"@type\":\"PropertyValueSpecification\",\"valueRequired\":true,\"valueName\":\"search_term_string\"}}],\"inLanguage\":\"es\"},{\"@type\":\"Person\",\"@id\":\"https:\\\/\\\/kuali.com.mx\\\/web\\\/#\\\/schema\\\/person\\\/6f89ffa8ecba9dae50662357923c5289\",\"name\":\"Kuali Staff\",\"image\":{\"@type\":\"ImageObject\",\"inLanguage\":\"es\",\"@id\":\"https:\\\/\\\/secure.gravatar.com\\\/avatar\\\/f917ad82e5ab71227a733c78b6e60715476f69ee6be59feee4eb5d9920c89e0f?s=96&d=mm&r=g\",\"url\":\"https:\\\/\\\/secure.gravatar.com\\\/avatar\\\/f917ad82e5ab71227a733c78b6e60715476f69ee6be59feee4eb5d9920c89e0f?s=96&d=mm&r=g\",\"contentUrl\":\"https:\\\/\\\/secure.gravatar.com\\\/avatar\\\/f917ad82e5ab71227a733c78b6e60715476f69ee6be59feee4eb5d9920c89e0f?s=96&d=mm&r=g\",\"caption\":\"Kuali Staff\"},\"url\":\"https:\\\/\\\/kuali.com.mx\\\/web\\\/author\\\/lagarto\\\/\"}]}<\/script>\n<!-- \/ Yoast SEO plugin. -->","yoast_head_json":{"title":"CAMBIAN FECHA DE \u201cMIERCOLES CIUDADANO\u201d POR VACACIONES - Kuali","robots":{"index":"index","follow":"follow","max-snippet":"max-snippet:-1","max-image-preview":"max-image-preview:large","max-video-preview":"max-video-preview:-1"},"canonical":"https:\/\/kuali.com.mx\/web\/2025\/07\/21\/cambian-fecha-de-miercoles-ciudadano-por-vacaciones\/","og_locale":"es_MX","og_type":"article","og_title":"CAMBIAN FECHA DE \u201cMIERCOLES CIUDADANO\u201d POR VACACIONES - Kuali","og_description":"Kuali\/Irapuato Gto.-La pr\u00f3xima edici\u00f3n del programa Mi\u00e9rcoles Ciudadano se llevar\u00e1 a cabo el 30 de julio en el patio de la Presidencia Municipal. El cambio de fecha se debe a que, del 21 al 25 de julio, la Administraci\u00f3n P\u00fablica Municipal estar\u00e1 en periodo vacacional.\u00a0Los servicios ofrecidos a trav\u00e9s de Mi\u00e9rcoles Ciudadano se reanudar\u00e1n al [&hellip;]","og_url":"https:\/\/kuali.com.mx\/web\/2025\/07\/21\/cambian-fecha-de-miercoles-ciudadano-por-vacaciones\/","og_site_name":"Kuali","article_publisher":"https:\/\/kuali.com.mx\/web\/wp-content\/uploads\/2018\/04\/cropped-kuali_logo-1-1.png","article_published_time":"2025-07-21T18:45:44+00:00","article_modified_time":"2025-07-22T00:43:37+00:00","og_image":[{"width":1750,"height":857,"url":"https:\/\/kuali.com.mx\/web\/wp-content\/uploads\/2025\/07\/MIERCOLES.jpg","type":"image\/jpeg"}],"author":"Kuali Staff","twitter_card":"summary_large_image","twitter_creator":"@kuali_noticias","twitter_site":"@kuali_noticias","twitter_misc":{"Escrito por":"Kuali Staff","Tiempo de lectura":"1 minuto"},"schema":{"@context":"https:\/\/schema.org","@graph":[{"@type":"Article","@id":"https:\/\/kuali.com.mx\/web\/2025\/07\/21\/cambian-fecha-de-miercoles-ciudadano-por-vacaciones\/#article","isPartOf":{"@id":"https:\/\/kuali.com.mx\/web\/2025\/07\/21\/cambian-fecha-de-miercoles-ciudadano-por-vacaciones\/"},"author":{"name":"Kuali Staff","@id":"https:\/\/kuali.com.mx\/web\/#\/schema\/person\/6f89ffa8ecba9dae50662357923c5289"},"headline":"CAMBIAN FECHA DE \u201cMIERCOLES CIUDADANO\u201d POR VACACIONES","datePublished":"2025-07-21T18:45:44+00:00","dateModified":"2025-07-22T00:43:37+00:00","mainEntityOfPage":{"@id":"https:\/\/kuali.com.mx\/web\/2025\/07\/21\/cambian-fecha-de-miercoles-ciudadano-por-vacaciones\/"},"wordCount":251,"commentCount":0,"image":{"@id":"https:\/\/kuali.com.mx\/web\/2025\/07\/21\/cambian-fecha-de-miercoles-ciudadano-por-vacaciones\/#primaryimage"},"thumbnailUrl":"https:\/\/kuali.com.mx\/web\/wp-content\/uploads\/2025\/07\/MIERCOLES.jpg","articleSection":["Pol\u00edtica"],"inLanguage":"es","potentialAction":[{"@type":"CommentAction","name":"Comment","target":["https:\/\/kuali.com.mx\/web\/2025\/07\/21\/cambian-fecha-de-miercoles-ciudadano-por-vacaciones\/#respond"]}]},{"@type":"WebPage","@id":"https:\/\/kuali.com.mx\/web\/2025\/07\/21\/cambian-fecha-de-miercoles-ciudadano-por-vacaciones\/","url":"https:\/\/kuali.com.mx\/web\/2025\/07\/21\/cambian-fecha-de-miercoles-ciudadano-por-vacaciones\/","name":"CAMBIAN FECHA DE \u201cMIERCOLES CIUDADANO\u201d POR VACACIONES - Kuali","isPartOf":{"@id":"https:\/\/kuali.com.mx\/web\/#website"},"primaryImageOfPage":{"@id":"https:\/\/kuali.com.mx\/web\/2025\/07\/21\/cambian-fecha-de-miercoles-ciudadano-por-vacaciones\/#primaryimage"},"image":{"@id":"https:\/\/kuali.com.mx\/web\/2025\/07\/21\/cambian-fecha-de-miercoles-ciudadano-por-vacaciones\/#primaryimage"},"thumbnailUrl":"https:\/\/kuali.com.mx\/web\/wp-content\/uploads\/2025\/07\/MIERCOLES.jpg","datePublished":"2025-07-21T18:45:44+00:00","dateModified":"2025-07-22T00:43:37+00:00","author":{"@id":"https:\/\/kuali.com.mx\/web\/#\/schema\/person\/6f89ffa8ecba9dae50662357923c5289"},"breadcrumb":{"@id":"https:\/\/kuali.com.mx\/web\/2025\/07\/21\/cambian-fecha-de-miercoles-ciudadano-por-vacaciones\/#breadcrumb"},"inLanguage":"es","potentialAction":[{"@type":"ReadAction","target":["https:\/\/kuali.com.mx\/web\/2025\/07\/21\/cambian-fecha-de-miercoles-ciudadano-por-vacaciones\/"]}]},{"@type":"ImageObject","inLanguage":"es","@id":"https:\/\/kuali.com.mx\/web\/2025\/07\/21\/cambian-fecha-de-miercoles-ciudadano-por-vacaciones\/#primaryimage","url":"https:\/\/kuali.com.mx\/web\/wp-content\/uploads\/2025\/07\/MIERCOLES.jpg","contentUrl":"https:\/\/kuali.com.mx\/web\/wp-content\/uploads\/2025\/07\/MIERCOLES.jpg","width":1750,"height":857},{"@type":"BreadcrumbList","@id":"https:\/\/kuali.com.mx\/web\/2025\/07\/21\/cambian-fecha-de-miercoles-ciudadano-por-vacaciones\/#breadcrumb","itemListElement":[{"@type":"ListItem","position":1,"name":"Inicio","item":"https:\/\/kuali.com.mx\/web\/"},{"@type":"ListItem","position":2,"name":"CAMBIAN FECHA DE \u201cMIERCOLES CIUDADANO\u201d POR VACACIONES"}]},{"@type":"WebSite","@id":"https:\/\/kuali.com.mx\/web\/#website","url":"https:\/\/kuali.com.mx\/web\/","name":"Kuali","description":"","potentialAction":[{"@type":"SearchAction","target":{"@type":"EntryPoint","urlTemplate":"https:\/\/kuali.com.mx\/web\/?s={search_term_string}"},"query-input":{"@type":"PropertyValueSpecification","valueRequired":true,"valueName":"search_term_string"}}],"inLanguage":"es"},{"@type":"Person","@id":"https:\/\/kuali.com.mx\/web\/#\/schema\/person\/6f89ffa8ecba9dae50662357923c5289","name":"Kuali Staff","image":{"@type":"ImageObject","inLanguage":"es","@id":"https:\/\/secure.gravatar.com\/avatar\/f917ad82e5ab71227a733c78b6e60715476f69ee6be59feee4eb5d9920c89e0f?s=96&d=mm&r=g","url":"https:\/\/secure.gravatar.com\/avatar\/f917ad82e5ab71227a733c78b6e60715476f69ee6be59feee4eb5d9920c89e0f?s=96&d=mm&r=g","contentUrl":"https:\/\/secure.gravatar.com\/avatar\/f917ad82e5ab71227a733c78b6e60715476f69ee6be59feee4eb5d9920c89e0f?s=96&d=mm&r=g","caption":"Kuali Staff"},"url":"https:\/\/kuali.com.mx\/web\/author\/lagarto\/"}]}},"_links":{"self":[{"href":"https:\/\/kuali.com.mx\/web\/wp-json\/wp\/v2\/posts\/181031","targetHints":{"allow":["GET"]}}],"collection":[{"href":"https:\/\/kuali.com.mx\/web\/wp-json\/wp\/v2\/posts"}],"about":[{"href":"https:\/\/kuali.com.mx\/web\/wp-json\/wp\/v2\/types\/post"}],"author":[{"embeddable":true,"href":"https:\/\/kuali.com.mx\/web\/wp-json\/wp\/v2\/users\/2"}],"replies":[{"embeddable":true,"href":"https:\/\/kuali.com.mx\/web\/wp-json\/wp\/v2\/comments?post=181031"}],"version-history":[{"count":2,"href":"https:\/\/kuali.com.mx\/web\/wp-json\/wp\/v2\/posts\/181031\/revisions"}],"predecessor-version":[{"id":181044,"href":"https:\/\/kuali.com.mx\/web\/wp-json\/wp\/v2\/posts\/181031\/revisions\/181044"}],"wp:featuredmedia":[{"embeddable":true,"href":"https:\/\/kuali.com.mx\/web\/wp-json\/wp\/v2\/media\/181036"}],"wp:attachment":[{"href":"https:\/\/kuali.com.mx\/web\/wp-json\/wp\/v2\/media?parent=181031"}],"wp:term":[{"taxonomy":"category","embeddable":true,"href":"https:\/\/kuali.com.mx\/web\/wp-json\/wp\/v2\/categories?post=181031"},{"taxonomy":"post_tag","embeddable":true,"href":"https:\/\/kuali.com.mx\/web\/wp-json\/wp\/v2\/tags?post=181031"}],"curies":[{"name":"wp","href":"https:\/\/api.w.org\/{rel}","templated":true}]}}