{"id":181011,"date":"2025-07-21T12:00:02","date_gmt":"2025-07-21T18:00:02","guid":{"rendered":"https:\/\/kuali.com.mx\/web\/?p=181011"},"modified":"2025-07-21T12:00:11","modified_gmt":"2025-07-21T18:00:11","slug":"argentina-juicio-por-amia-a-ex-funcionarios-de-iran","status":"publish","type":"post","link":"https:\/\/kuali.com.mx\/web\/2025\/07\/21\/argentina-juicio-por-amia-a-ex-funcionarios-de-iran\/","title":{"rendered":"ARGENTINA: JUICIO POR AMIA A EX FUNCIONARIOS DE IR\u00c1N"},"content":{"rendered":"\n<p><em><strong>ENCUENTRO CON GOROSITO\u2026<\/strong><\/em><\/p>\n\n\n\n<p>La Rep\u00fablica Argentina juzgar\u00e1 en ausencia a exfuncionarios iran\u00edes por el atentado a la Asociaci\u00f3n Mutual Israelita Argentina (AMIA). Casi tres d\u00e9cadas despu\u00e9s del atentado terrorista a la sede de la mutual jud\u00eda AMIA en Buenos Aires, que dej\u00f3 85 muertos y m\u00e1s de 300 heridos.<\/p>\n\n\n\n<p>Argentina anunci\u00f3 que avanzar\u00e1 con un juicio en ausencia contra varios ex funcionarios de la Rep\u00fablica Isl\u00e1mica de Ir\u00e1n acusados de planear el atentado terrorista en la capital del pa\u00eds.<\/p>\n\n\n\n<p>La decisi\u00f3n da un giro hist\u00f3rico en la causa de la AMIA, que estuvo estancada durante d\u00e9cadas, y podr\u00eda sentar un precedente jur\u00eddico en la regi\u00f3n para juzgar cr\u00edmenes de lesa humanidad cuando los imputados no comparecen ante la justicia.<\/p>\n\n\n\n<p>El tribunal argentino que estudia el caso del ataque a la AMIA, ocurrido en 1994, autoriz\u00f3 la apertura de un juicio, en ausencia contra los exfuncionarios iran\u00edes acusados de la planificaci\u00f3n de dicho atentado.<\/p>\n\n\n\n<p>Esta decisi\u00f3n, anunciada el 26 de junio del 2025, representa un hecho sin precedentes en la historia judicial del pa\u00eds y se basa en una ley aprobada por el Congreso el a\u00f1o 2024 que permite este tipo de procesos para delitos de lesa humanidad.<\/p>\n\n\n\n<p>La norma fue promovida en el marco del hist\u00f3rico reclamo de justicia por parte de las v\u00edctimas del atentado. Entre los acusados aparecen figuras claves del antiguo r\u00e9gimen iran\u00ed, incluido el ex Ministro de Defensa Ahmad Vahidi, actualmente protegido por su condici\u00f3n de funcionario en ejercicio.<\/p>\n\n\n\n<p>La justicia argentina sostiene que hay evidencia suficiente que vincula a los altos mandos iran\u00edes y a Hezbollah con el atentado terrorista. El juicio en ausencia, aunque simb\u00f3lico, en t\u00e9rminos pr\u00e1cticos, busca reconstruir los hechos p\u00fablicamente, emitir condenas judiciales y fortalecer los pedidos de captura a nivel internacional.<\/p>\n\n\n\n<p>Ir\u00e1n rechaz\u00f3 sistem\u00e1ticamente las acusaciones sobre su presunta participaci\u00f3n en el atentado, calific\u00e1ndolas de infundadas y pol\u00edticamente motivadas. La ausencia de colaboraci\u00f3n de Teher\u00e1n fue una de las principales razones que llevaron a Argentina a avanzar con el juicio en ausencia.<\/p>\n\n\n\n<p>Pese a las \u00f3rdenes de captura internacional emitidas por Interpol, los acusados nunca fueron extraditados, ni juzgados, y en muchos casos, continuaron ocupando cargos p\u00fablicos en la Rep\u00fablica Isl\u00e1mica de Ir\u00e1n.<\/p>\n\n\n\n<p>Esta situaci\u00f3n ha generado tensiones diplom\u00e1ticas recurrentes y obstaculizando cualquier avance bilateral en materia judicial. El juicio podr\u00eda tener repercusiones a nivel regional e incluso global.<\/p>\n\n\n\n<p>En Am\u00e9rica Latina, donde crecen las preocupaciones por la influencia iran\u00ed y el accionar de Hezbollah, el caso AMIA vuelve a instalarse como un s\u00edmbolo del debate sobre terrorismo, impunidad y soberan\u00eda judicial. Adem\u00e1s organizaciones de derechos humanos y comunidades jud\u00edas en todo el mundo han respaldado el proceso como un paso necesario hacia la verdad.<\/p>\n\n\n\n<p>Por primera vez en la historia, el Parlamento israel\u00ed, rendir\u00e1 un homenaje oficial a las v\u00edctimas del atentado, con la participaci\u00f3n del presidente del Parlamento, Amir Ohana, miembros de la Knesset (Parlamento), ministros del Gobierno, el Gran Rabino de Israel, Rav Kalman Ver, y el embajador argentino en Israel, Axel Wahnish.<\/p>\n\n\n\n<p>Dicho acto ser\u00e1 tambi\u00e9n una oportunidad para subrayar los lazos que unen a la Rep\u00fablica Argentina con el Estado de Israel, en especial desde la asunci\u00f3n del presidente Javier Milei, quien se ha posicionado como un firme aliado del pueblo israel\u00ed, en tiempo donde queda en evidencia que la Rep\u00fablica Isl\u00e1mica de Ir\u00e1n representa una amenaza que debe ser enfrentada.<\/p>\n\n\n\n<p>&nbsp;&nbsp;&nbsp;&nbsp;&nbsp;&nbsp;&nbsp;&nbsp;&nbsp;&nbsp;&nbsp;\u00a1Hasta el pr\u00f3ximo encuentro\u2026!<\/p>\n\n\n\n<p>\u00a0\u00a0\u00a0\u00a0\u00a0\u00a0\u00a0\u00a0\u00a0\u00a0\u00a0\u00a0\u00a0\u00a0\u00a0\u00a0\u00a0\u00a0\u00a0\u00a0\u00a0\u00a0\u00a0\u00a0\u00a0\u00a0\u00a0\u00a0\u00a0\u00a0\u00a0\u00a0\u00a0\u00a0\u00a0\u00a0\u00a0\u00a0\u00a0\u00a0\u00a0\u00a0\u00a0\u00a0\u00a0\u00a0\u00a0\u00a0\u00a0\u00a0\u00a0\u00a0\u00a0\u00a0\u00a0\u00a0\u00a0\u00a0<em><strong>\u00a0\u00a0Dr.(c).Washington Daniel Gorosito P\u00e9rez<\/strong><\/em><\/p>\n","protected":false},"excerpt":{"rendered":"ENCUENTRO CON GOROSITO\u2026 La Rep\u00fablica Argentina juzgar\u00e1 en ausencia a exfuncionarios iran\u00edes por el atentado a la Asociaci\u00f3n Mutual Israelita Argentina (AMIA). Casi tres d\u00e9cadas despu\u00e9s del atentado terrorista a la sede de la mutual jud\u00eda AMIA en Buenos Aires, que dej\u00f3 85 muertos y m\u00e1s de 300 heridos. Argentina anunci\u00f3 que avanzar\u00e1 con un [&hellip;]","protected":false},"author":2,"featured_media":181013,"comment_status":"open","ping_status":"open","sticky":false,"template":"","format":"standard","meta":{"_seopress_robots_primary_cat":"none","_seopress_titles_title":"","_seopress_titles_desc":"","_seopress_robots_index":"","_monsterinsights_skip_tracking":false,"_monsterinsights_sitenote_active":false,"_monsterinsights_sitenote_note":"","_monsterinsights_sitenote_category":0,"footnotes":""},"categories":[3],"tags":[],"class_list":["post-181011","post","type-post","status-publish","format-standard","has-post-thumbnail","hentry","category-politica"],"yoast_head":"<!-- This site is optimized with the Yoast SEO plugin v27.4 - https:\/\/yoast.com\/product\/yoast-seo-wordpress\/ -->\n<title>ARGENTINA: JUICIO POR AMIA A EX FUNCIONARIOS DE IR\u00c1N - Kuali<\/title>\n<meta name=\"robots\" content=\"index, follow, max-snippet:-1, max-image-preview:large, max-video-preview:-1\" \/>\n<link rel=\"canonical\" href=\"https:\/\/kuali.com.mx\/web\/2025\/07\/21\/argentina-juicio-por-amia-a-ex-funcionarios-de-iran\/\" \/>\n<meta property=\"og:locale\" content=\"es_MX\" \/>\n<meta property=\"og:type\" content=\"article\" \/>\n<meta property=\"og:title\" content=\"ARGENTINA: JUICIO POR AMIA A EX FUNCIONARIOS DE IR\u00c1N - Kuali\" \/>\n<meta property=\"og:description\" content=\"ENCUENTRO CON GOROSITO\u2026 La Rep\u00fablica Argentina juzgar\u00e1 en ausencia a exfuncionarios iran\u00edes por el atentado a la Asociaci\u00f3n Mutual Israelita Argentina (AMIA). Casi tres d\u00e9cadas despu\u00e9s del atentado terrorista a la sede de la mutual jud\u00eda AMIA en Buenos Aires, que dej\u00f3 85 muertos y m\u00e1s de 300 heridos. Argentina anunci\u00f3 que avanzar\u00e1 con un [&hellip;]\" \/>\n<meta property=\"og:url\" content=\"https:\/\/kuali.com.mx\/web\/2025\/07\/21\/argentina-juicio-por-amia-a-ex-funcionarios-de-iran\/\" \/>\n<meta property=\"og:site_name\" content=\"Kuali\" \/>\n<meta property=\"article:publisher\" content=\"https:\/\/kuali.com.mx\/web\/wp-content\/uploads\/2018\/04\/cropped-kuali_logo-1-1.png\" \/>\n<meta property=\"article:published_time\" content=\"2025-07-21T18:00:02+00:00\" \/>\n<meta property=\"article:modified_time\" content=\"2025-07-21T18:00:11+00:00\" \/>\n<meta property=\"og:image\" content=\"https:\/\/kuali.com.mx\/web\/wp-content\/uploads\/2025\/07\/JUZGAN.jpg\" \/>\n\t<meta property=\"og:image:width\" content=\"1750\" \/>\n\t<meta property=\"og:image:height\" content=\"775\" \/>\n\t<meta property=\"og:image:type\" content=\"image\/jpeg\" \/>\n<meta name=\"author\" content=\"Kuali Staff\" \/>\n<meta name=\"twitter:card\" content=\"summary_large_image\" \/>\n<meta name=\"twitter:creator\" content=\"@kuali_noticias\" \/>\n<meta name=\"twitter:site\" content=\"@kuali_noticias\" \/>\n<meta name=\"twitter:label1\" content=\"Escrito por\" \/>\n\t<meta name=\"twitter:data1\" content=\"Kuali Staff\" \/>\n\t<meta name=\"twitter:label2\" content=\"Tiempo de lectura\" \/>\n\t<meta name=\"twitter:data2\" content=\"3 minutos\" \/>\n<script type=\"application\/ld+json\" class=\"yoast-schema-graph\">{\"@context\":\"https:\\\/\\\/schema.org\",\"@graph\":[{\"@type\":\"Article\",\"@id\":\"https:\\\/\\\/kuali.com.mx\\\/web\\\/2025\\\/07\\\/21\\\/argentina-juicio-por-amia-a-ex-funcionarios-de-iran\\\/#article\",\"isPartOf\":{\"@id\":\"https:\\\/\\\/kuali.com.mx\\\/web\\\/2025\\\/07\\\/21\\\/argentina-juicio-por-amia-a-ex-funcionarios-de-iran\\\/\"},\"author\":{\"name\":\"Kuali Staff\",\"@id\":\"https:\\\/\\\/kuali.com.mx\\\/web\\\/#\\\/schema\\\/person\\\/6f89ffa8ecba9dae50662357923c5289\"},\"headline\":\"ARGENTINA: JUICIO POR AMIA A EX FUNCIONARIOS DE IR\u00c1N\",\"datePublished\":\"2025-07-21T18:00:02+00:00\",\"dateModified\":\"2025-07-21T18:00:11+00:00\",\"mainEntityOfPage\":{\"@id\":\"https:\\\/\\\/kuali.com.mx\\\/web\\\/2025\\\/07\\\/21\\\/argentina-juicio-por-amia-a-ex-funcionarios-de-iran\\\/\"},\"wordCount\":642,\"commentCount\":0,\"image\":{\"@id\":\"https:\\\/\\\/kuali.com.mx\\\/web\\\/2025\\\/07\\\/21\\\/argentina-juicio-por-amia-a-ex-funcionarios-de-iran\\\/#primaryimage\"},\"thumbnailUrl\":\"https:\\\/\\\/kuali.com.mx\\\/web\\\/wp-content\\\/uploads\\\/2025\\\/07\\\/JUZGAN.jpg\",\"articleSection\":[\"Pol\u00edtica\"],\"inLanguage\":\"es\",\"potentialAction\":[{\"@type\":\"CommentAction\",\"name\":\"Comment\",\"target\":[\"https:\\\/\\\/kuali.com.mx\\\/web\\\/2025\\\/07\\\/21\\\/argentina-juicio-por-amia-a-ex-funcionarios-de-iran\\\/#respond\"]}]},{\"@type\":\"WebPage\",\"@id\":\"https:\\\/\\\/kuali.com.mx\\\/web\\\/2025\\\/07\\\/21\\\/argentina-juicio-por-amia-a-ex-funcionarios-de-iran\\\/\",\"url\":\"https:\\\/\\\/kuali.com.mx\\\/web\\\/2025\\\/07\\\/21\\\/argentina-juicio-por-amia-a-ex-funcionarios-de-iran\\\/\",\"name\":\"ARGENTINA: JUICIO POR AMIA A EX FUNCIONARIOS DE IR\u00c1N - Kuali\",\"isPartOf\":{\"@id\":\"https:\\\/\\\/kuali.com.mx\\\/web\\\/#website\"},\"primaryImageOfPage\":{\"@id\":\"https:\\\/\\\/kuali.com.mx\\\/web\\\/2025\\\/07\\\/21\\\/argentina-juicio-por-amia-a-ex-funcionarios-de-iran\\\/#primaryimage\"},\"image\":{\"@id\":\"https:\\\/\\\/kuali.com.mx\\\/web\\\/2025\\\/07\\\/21\\\/argentina-juicio-por-amia-a-ex-funcionarios-de-iran\\\/#primaryimage\"},\"thumbnailUrl\":\"https:\\\/\\\/kuali.com.mx\\\/web\\\/wp-content\\\/uploads\\\/2025\\\/07\\\/JUZGAN.jpg\",\"datePublished\":\"2025-07-21T18:00:02+00:00\",\"dateModified\":\"2025-07-21T18:00:11+00:00\",\"author\":{\"@id\":\"https:\\\/\\\/kuali.com.mx\\\/web\\\/#\\\/schema\\\/person\\\/6f89ffa8ecba9dae50662357923c5289\"},\"breadcrumb\":{\"@id\":\"https:\\\/\\\/kuali.com.mx\\\/web\\\/2025\\\/07\\\/21\\\/argentina-juicio-por-amia-a-ex-funcionarios-de-iran\\\/#breadcrumb\"},\"inLanguage\":\"es\",\"potentialAction\":[{\"@type\":\"ReadAction\",\"target\":[\"https:\\\/\\\/kuali.com.mx\\\/web\\\/2025\\\/07\\\/21\\\/argentina-juicio-por-amia-a-ex-funcionarios-de-iran\\\/\"]}]},{\"@type\":\"ImageObject\",\"inLanguage\":\"es\",\"@id\":\"https:\\\/\\\/kuali.com.mx\\\/web\\\/2025\\\/07\\\/21\\\/argentina-juicio-por-amia-a-ex-funcionarios-de-iran\\\/#primaryimage\",\"url\":\"https:\\\/\\\/kuali.com.mx\\\/web\\\/wp-content\\\/uploads\\\/2025\\\/07\\\/JUZGAN.jpg\",\"contentUrl\":\"https:\\\/\\\/kuali.com.mx\\\/web\\\/wp-content\\\/uploads\\\/2025\\\/07\\\/JUZGAN.jpg\",\"width\":1750,\"height\":775},{\"@type\":\"BreadcrumbList\",\"@id\":\"https:\\\/\\\/kuali.com.mx\\\/web\\\/2025\\\/07\\\/21\\\/argentina-juicio-por-amia-a-ex-funcionarios-de-iran\\\/#breadcrumb\",\"itemListElement\":[{\"@type\":\"ListItem\",\"position\":1,\"name\":\"Inicio\",\"item\":\"https:\\\/\\\/kuali.com.mx\\\/web\\\/\"},{\"@type\":\"ListItem\",\"position\":2,\"name\":\"ARGENTINA: JUICIO POR AMIA A EX FUNCIONARIOS DE IR\u00c1N\"}]},{\"@type\":\"WebSite\",\"@id\":\"https:\\\/\\\/kuali.com.mx\\\/web\\\/#website\",\"url\":\"https:\\\/\\\/kuali.com.mx\\\/web\\\/\",\"name\":\"Kuali\",\"description\":\"\",\"potentialAction\":[{\"@type\":\"SearchAction\",\"target\":{\"@type\":\"EntryPoint\",\"urlTemplate\":\"https:\\\/\\\/kuali.com.mx\\\/web\\\/?s={search_term_string}\"},\"query-input\":{\"@type\":\"PropertyValueSpecification\",\"valueRequired\":true,\"valueName\":\"search_term_string\"}}],\"inLanguage\":\"es\"},{\"@type\":\"Person\",\"@id\":\"https:\\\/\\\/kuali.com.mx\\\/web\\\/#\\\/schema\\\/person\\\/6f89ffa8ecba9dae50662357923c5289\",\"name\":\"Kuali Staff\",\"image\":{\"@type\":\"ImageObject\",\"inLanguage\":\"es\",\"@id\":\"https:\\\/\\\/secure.gravatar.com\\\/avatar\\\/f917ad82e5ab71227a733c78b6e60715476f69ee6be59feee4eb5d9920c89e0f?s=96&d=mm&r=g\",\"url\":\"https:\\\/\\\/secure.gravatar.com\\\/avatar\\\/f917ad82e5ab71227a733c78b6e60715476f69ee6be59feee4eb5d9920c89e0f?s=96&d=mm&r=g\",\"contentUrl\":\"https:\\\/\\\/secure.gravatar.com\\\/avatar\\\/f917ad82e5ab71227a733c78b6e60715476f69ee6be59feee4eb5d9920c89e0f?s=96&d=mm&r=g\",\"caption\":\"Kuali Staff\"},\"url\":\"https:\\\/\\\/kuali.com.mx\\\/web\\\/author\\\/lagarto\\\/\"}]}<\/script>\n<!-- \/ Yoast SEO plugin. -->","yoast_head_json":{"title":"ARGENTINA: JUICIO POR AMIA A EX FUNCIONARIOS DE IR\u00c1N - Kuali","robots":{"index":"index","follow":"follow","max-snippet":"max-snippet:-1","max-image-preview":"max-image-preview:large","max-video-preview":"max-video-preview:-1"},"canonical":"https:\/\/kuali.com.mx\/web\/2025\/07\/21\/argentina-juicio-por-amia-a-ex-funcionarios-de-iran\/","og_locale":"es_MX","og_type":"article","og_title":"ARGENTINA: JUICIO POR AMIA A EX FUNCIONARIOS DE IR\u00c1N - Kuali","og_description":"ENCUENTRO CON GOROSITO\u2026 La Rep\u00fablica Argentina juzgar\u00e1 en ausencia a exfuncionarios iran\u00edes por el atentado a la Asociaci\u00f3n Mutual Israelita Argentina (AMIA). Casi tres d\u00e9cadas despu\u00e9s del atentado terrorista a la sede de la mutual jud\u00eda AMIA en Buenos Aires, que dej\u00f3 85 muertos y m\u00e1s de 300 heridos. Argentina anunci\u00f3 que avanzar\u00e1 con un [&hellip;]","og_url":"https:\/\/kuali.com.mx\/web\/2025\/07\/21\/argentina-juicio-por-amia-a-ex-funcionarios-de-iran\/","og_site_name":"Kuali","article_publisher":"https:\/\/kuali.com.mx\/web\/wp-content\/uploads\/2018\/04\/cropped-kuali_logo-1-1.png","article_published_time":"2025-07-21T18:00:02+00:00","article_modified_time":"2025-07-21T18:00:11+00:00","og_image":[{"width":1750,"height":775,"url":"https:\/\/kuali.com.mx\/web\/wp-content\/uploads\/2025\/07\/JUZGAN.jpg","type":"image\/jpeg"}],"author":"Kuali Staff","twitter_card":"summary_large_image","twitter_creator":"@kuali_noticias","twitter_site":"@kuali_noticias","twitter_misc":{"Escrito por":"Kuali Staff","Tiempo de lectura":"3 minutos"},"schema":{"@context":"https:\/\/schema.org","@graph":[{"@type":"Article","@id":"https:\/\/kuali.com.mx\/web\/2025\/07\/21\/argentina-juicio-por-amia-a-ex-funcionarios-de-iran\/#article","isPartOf":{"@id":"https:\/\/kuali.com.mx\/web\/2025\/07\/21\/argentina-juicio-por-amia-a-ex-funcionarios-de-iran\/"},"author":{"name":"Kuali Staff","@id":"https:\/\/kuali.com.mx\/web\/#\/schema\/person\/6f89ffa8ecba9dae50662357923c5289"},"headline":"ARGENTINA: JUICIO POR AMIA A EX FUNCIONARIOS DE IR\u00c1N","datePublished":"2025-07-21T18:00:02+00:00","dateModified":"2025-07-21T18:00:11+00:00","mainEntityOfPage":{"@id":"https:\/\/kuali.com.mx\/web\/2025\/07\/21\/argentina-juicio-por-amia-a-ex-funcionarios-de-iran\/"},"wordCount":642,"commentCount":0,"image":{"@id":"https:\/\/kuali.com.mx\/web\/2025\/07\/21\/argentina-juicio-por-amia-a-ex-funcionarios-de-iran\/#primaryimage"},"thumbnailUrl":"https:\/\/kuali.com.mx\/web\/wp-content\/uploads\/2025\/07\/JUZGAN.jpg","articleSection":["Pol\u00edtica"],"inLanguage":"es","potentialAction":[{"@type":"CommentAction","name":"Comment","target":["https:\/\/kuali.com.mx\/web\/2025\/07\/21\/argentina-juicio-por-amia-a-ex-funcionarios-de-iran\/#respond"]}]},{"@type":"WebPage","@id":"https:\/\/kuali.com.mx\/web\/2025\/07\/21\/argentina-juicio-por-amia-a-ex-funcionarios-de-iran\/","url":"https:\/\/kuali.com.mx\/web\/2025\/07\/21\/argentina-juicio-por-amia-a-ex-funcionarios-de-iran\/","name":"ARGENTINA: JUICIO POR AMIA A EX FUNCIONARIOS DE IR\u00c1N - Kuali","isPartOf":{"@id":"https:\/\/kuali.com.mx\/web\/#website"},"primaryImageOfPage":{"@id":"https:\/\/kuali.com.mx\/web\/2025\/07\/21\/argentina-juicio-por-amia-a-ex-funcionarios-de-iran\/#primaryimage"},"image":{"@id":"https:\/\/kuali.com.mx\/web\/2025\/07\/21\/argentina-juicio-por-amia-a-ex-funcionarios-de-iran\/#primaryimage"},"thumbnailUrl":"https:\/\/kuali.com.mx\/web\/wp-content\/uploads\/2025\/07\/JUZGAN.jpg","datePublished":"2025-07-21T18:00:02+00:00","dateModified":"2025-07-21T18:00:11+00:00","author":{"@id":"https:\/\/kuali.com.mx\/web\/#\/schema\/person\/6f89ffa8ecba9dae50662357923c5289"},"breadcrumb":{"@id":"https:\/\/kuali.com.mx\/web\/2025\/07\/21\/argentina-juicio-por-amia-a-ex-funcionarios-de-iran\/#breadcrumb"},"inLanguage":"es","potentialAction":[{"@type":"ReadAction","target":["https:\/\/kuali.com.mx\/web\/2025\/07\/21\/argentina-juicio-por-amia-a-ex-funcionarios-de-iran\/"]}]},{"@type":"ImageObject","inLanguage":"es","@id":"https:\/\/kuali.com.mx\/web\/2025\/07\/21\/argentina-juicio-por-amia-a-ex-funcionarios-de-iran\/#primaryimage","url":"https:\/\/kuali.com.mx\/web\/wp-content\/uploads\/2025\/07\/JUZGAN.jpg","contentUrl":"https:\/\/kuali.com.mx\/web\/wp-content\/uploads\/2025\/07\/JUZGAN.jpg","width":1750,"height":775},{"@type":"BreadcrumbList","@id":"https:\/\/kuali.com.mx\/web\/2025\/07\/21\/argentina-juicio-por-amia-a-ex-funcionarios-de-iran\/#breadcrumb","itemListElement":[{"@type":"ListItem","position":1,"name":"Inicio","item":"https:\/\/kuali.com.mx\/web\/"},{"@type":"ListItem","position":2,"name":"ARGENTINA: JUICIO POR AMIA A EX FUNCIONARIOS DE IR\u00c1N"}]},{"@type":"WebSite","@id":"https:\/\/kuali.com.mx\/web\/#website","url":"https:\/\/kuali.com.mx\/web\/","name":"Kuali","description":"","potentialAction":[{"@type":"SearchAction","target":{"@type":"EntryPoint","urlTemplate":"https:\/\/kuali.com.mx\/web\/?s={search_term_string}"},"query-input":{"@type":"PropertyValueSpecification","valueRequired":true,"valueName":"search_term_string"}}],"inLanguage":"es"},{"@type":"Person","@id":"https:\/\/kuali.com.mx\/web\/#\/schema\/person\/6f89ffa8ecba9dae50662357923c5289","name":"Kuali Staff","image":{"@type":"ImageObject","inLanguage":"es","@id":"https:\/\/secure.gravatar.com\/avatar\/f917ad82e5ab71227a733c78b6e60715476f69ee6be59feee4eb5d9920c89e0f?s=96&d=mm&r=g","url":"https:\/\/secure.gravatar.com\/avatar\/f917ad82e5ab71227a733c78b6e60715476f69ee6be59feee4eb5d9920c89e0f?s=96&d=mm&r=g","contentUrl":"https:\/\/secure.gravatar.com\/avatar\/f917ad82e5ab71227a733c78b6e60715476f69ee6be59feee4eb5d9920c89e0f?s=96&d=mm&r=g","caption":"Kuali Staff"},"url":"https:\/\/kuali.com.mx\/web\/author\/lagarto\/"}]}},"_links":{"self":[{"href":"https:\/\/kuali.com.mx\/web\/wp-json\/wp\/v2\/posts\/181011","targetHints":{"allow":["GET"]}}],"collection":[{"href":"https:\/\/kuali.com.mx\/web\/wp-json\/wp\/v2\/posts"}],"about":[{"href":"https:\/\/kuali.com.mx\/web\/wp-json\/wp\/v2\/types\/post"}],"author":[{"embeddable":true,"href":"https:\/\/kuali.com.mx\/web\/wp-json\/wp\/v2\/users\/2"}],"replies":[{"embeddable":true,"href":"https:\/\/kuali.com.mx\/web\/wp-json\/wp\/v2\/comments?post=181011"}],"version-history":[{"count":1,"href":"https:\/\/kuali.com.mx\/web\/wp-json\/wp\/v2\/posts\/181011\/revisions"}],"predecessor-version":[{"id":181014,"href":"https:\/\/kuali.com.mx\/web\/wp-json\/wp\/v2\/posts\/181011\/revisions\/181014"}],"wp:featuredmedia":[{"embeddable":true,"href":"https:\/\/kuali.com.mx\/web\/wp-json\/wp\/v2\/media\/181013"}],"wp:attachment":[{"href":"https:\/\/kuali.com.mx\/web\/wp-json\/wp\/v2\/media?parent=181011"}],"wp:term":[{"taxonomy":"category","embeddable":true,"href":"https:\/\/kuali.com.mx\/web\/wp-json\/wp\/v2\/categories?post=181011"},{"taxonomy":"post_tag","embeddable":true,"href":"https:\/\/kuali.com.mx\/web\/wp-json\/wp\/v2\/tags?post=181011"}],"curies":[{"name":"wp","href":"https:\/\/api.w.org\/{rel}","templated":true}]}}