{"id":180978,"date":"2025-07-20T18:47:15","date_gmt":"2025-07-21T00:47:15","guid":{"rendered":"https:\/\/kuali.com.mx\/web\/?p=180978"},"modified":"2025-07-20T18:47:17","modified_gmt":"2025-07-21T00:47:17","slug":"temen-migrantes-guanajuatenses-ser-deportados","status":"publish","type":"post","link":"https:\/\/kuali.com.mx\/web\/2025\/07\/20\/temen-migrantes-guanajuatenses-ser-deportados\/","title":{"rendered":"TEMEN MIGRANTES GUANAJUATENSES SER DEPORTADOS"},"content":{"rendered":"\n<p><strong>Milagros Tadeo\/Le\u00f3n, Gto.-&nbsp;<\/strong>El secretario de Gobierno, Jorge Jim\u00e9nez Lona, revel\u00f3 que, tras su viaje a Chicago, Illinois, los migrantes guanajuatenses le externaron que analizan la posibilidad de regresar a Guanajuato derivado de la pol\u00edtica migratoria del presidente Donald Trump.<\/p>\n\n\n\n<p>Este s\u00e1bado, el secretario de Gobierno estuvo en Chicago, en donde tom\u00f3 protesta a 5 nuevos clubes de migrantes guanajuatenses que fortalecen los lazos con Yuriria, Irapuato, Ocampo y San Miguel de Allende.<\/p>\n\n\n\n<p>Dijo que, aunque las redadas no son a la escala de las que se registran en los \u00c1ngeles ya se est\u00e1n registrando algunos operativos en Chicago, lo cual comienza a generar temor entre los migrantes guanajuatenses.<\/p>\n\n\n\n<p>\u201cEs complejo, ayer, justo ten\u00edamos un evento que se llama el Picnic que es un evento de los clubes de Yuriria, normalmente esperan entre 600 a 800 personas, pero hab\u00eda s\u00f3lo 200 personas y nos refieren que hay temor y complejidad, y aunque no es de manera abrupta como s\u00ed es un los \u00c1ngeles, pero en Chicago se est\u00e1n viendo redadas que antes no se ve\u00edan y s\u00ed les genera preocupaci\u00f3n\u201d, destac\u00f3.<\/p>\n\n\n\n<p>Se\u00f1al\u00f3 que en Illinois viven 67 mil migrantes guanajuatenses con quienes se est\u00e1 trabajando para impulsar proyectos en sus municipios de origen y tambi\u00e9n se les est\u00e1 dando asesor\u00eda ante las redadas que existen en Estados Unidos.<\/p>\n\n\n\n<p>\u201cMuchos de ellos nos dec\u00edan que ante la situaci\u00f3n que se vive quieren regresar de manera voluntaria, est\u00e1n analizando los municipios y los lugares y mecanismos, y nosotros debemos facilitarles; les platicamos la facilidad que tienen del Registro Civil, vamos a tener el d\u00eda 16 el Consulado sobre Ruedas, quieren sacar la doble nacionalidad de sus hijos y quieren que lleguen como mexicanos, los vamos a estar apoyando\u201d, concluy\u00f3.<\/p>\n","protected":false},"excerpt":{"rendered":"Milagros Tadeo\/Le\u00f3n, Gto.-&nbsp;El secretario de Gobierno, Jorge Jim\u00e9nez Lona, revel\u00f3 que, tras su viaje a Chicago, Illinois, los migrantes guanajuatenses le externaron que analizan la posibilidad de regresar a Guanajuato derivado de la pol\u00edtica migratoria del presidente Donald Trump. Este s\u00e1bado, el secretario de Gobierno estuvo en Chicago, en donde tom\u00f3 protesta a 5 nuevos [&hellip;]","protected":false},"author":2,"featured_media":169739,"comment_status":"open","ping_status":"open","sticky":false,"template":"","format":"standard","meta":{"_seopress_robots_primary_cat":"none","_seopress_titles_title":"","_seopress_titles_desc":"","_seopress_robots_index":"","_monsterinsights_skip_tracking":false,"_monsterinsights_sitenote_active":false,"_monsterinsights_sitenote_note":"","_monsterinsights_sitenote_category":0,"footnotes":""},"categories":[3],"tags":[],"class_list":["post-180978","post","type-post","status-publish","format-standard","has-post-thumbnail","hentry","category-politica"],"yoast_head":"<!-- This site is optimized with the Yoast SEO plugin v27.4 - https:\/\/yoast.com\/product\/yoast-seo-wordpress\/ -->\n<title>TEMEN MIGRANTES GUANAJUATENSES SER DEPORTADOS - Kuali<\/title>\n<meta name=\"robots\" content=\"index, follow, max-snippet:-1, max-image-preview:large, max-video-preview:-1\" \/>\n<link rel=\"canonical\" href=\"https:\/\/kuali.com.mx\/web\/2025\/07\/20\/temen-migrantes-guanajuatenses-ser-deportados\/\" \/>\n<meta property=\"og:locale\" content=\"es_MX\" \/>\n<meta property=\"og:type\" content=\"article\" \/>\n<meta property=\"og:title\" content=\"TEMEN MIGRANTES GUANAJUATENSES SER DEPORTADOS - Kuali\" \/>\n<meta property=\"og:description\" content=\"Milagros Tadeo\/Le\u00f3n, Gto.-&nbsp;El secretario de Gobierno, Jorge Jim\u00e9nez Lona, revel\u00f3 que, tras su viaje a Chicago, Illinois, los migrantes guanajuatenses le externaron que analizan la posibilidad de regresar a Guanajuato derivado de la pol\u00edtica migratoria del presidente Donald Trump. Este s\u00e1bado, el secretario de Gobierno estuvo en Chicago, en donde tom\u00f3 protesta a 5 nuevos [&hellip;]\" \/>\n<meta property=\"og:url\" content=\"https:\/\/kuali.com.mx\/web\/2025\/07\/20\/temen-migrantes-guanajuatenses-ser-deportados\/\" \/>\n<meta property=\"og:site_name\" content=\"Kuali\" \/>\n<meta property=\"article:publisher\" content=\"https:\/\/kuali.com.mx\/web\/wp-content\/uploads\/2018\/04\/cropped-kuali_logo-1-1.png\" \/>\n<meta property=\"article:published_time\" content=\"2025-07-21T00:47:15+00:00\" \/>\n<meta property=\"article:modified_time\" content=\"2025-07-21T00:47:17+00:00\" \/>\n<meta property=\"og:image\" content=\"https:\/\/kuali.com.mx\/web\/wp-content\/uploads\/2025\/02\/Retorno-de-migrantes-preparatorianos.gif\" \/>\n\t<meta property=\"og:image:width\" content=\"1700\" \/>\n\t<meta property=\"og:image:height\" content=\"750\" \/>\n\t<meta property=\"og:image:type\" content=\"image\/gif\" \/>\n<meta name=\"author\" content=\"Kuali Staff\" \/>\n<meta name=\"twitter:card\" content=\"summary_large_image\" \/>\n<meta name=\"twitter:creator\" content=\"@kuali_noticias\" \/>\n<meta name=\"twitter:site\" content=\"@kuali_noticias\" \/>\n<meta name=\"twitter:label1\" content=\"Escrito por\" \/>\n\t<meta name=\"twitter:data1\" content=\"Kuali Staff\" \/>\n\t<meta name=\"twitter:label2\" content=\"Tiempo de lectura\" \/>\n\t<meta name=\"twitter:data2\" content=\"2 minutos\" \/>\n<script type=\"application\/ld+json\" class=\"yoast-schema-graph\">{\"@context\":\"https:\\\/\\\/schema.org\",\"@graph\":[{\"@type\":\"Article\",\"@id\":\"https:\\\/\\\/kuali.com.mx\\\/web\\\/2025\\\/07\\\/20\\\/temen-migrantes-guanajuatenses-ser-deportados\\\/#article\",\"isPartOf\":{\"@id\":\"https:\\\/\\\/kuali.com.mx\\\/web\\\/2025\\\/07\\\/20\\\/temen-migrantes-guanajuatenses-ser-deportados\\\/\"},\"author\":{\"name\":\"Kuali Staff\",\"@id\":\"https:\\\/\\\/kuali.com.mx\\\/web\\\/#\\\/schema\\\/person\\\/6f89ffa8ecba9dae50662357923c5289\"},\"headline\":\"TEMEN MIGRANTES GUANAJUATENSES SER DEPORTADOS\",\"datePublished\":\"2025-07-21T00:47:15+00:00\",\"dateModified\":\"2025-07-21T00:47:17+00:00\",\"mainEntityOfPage\":{\"@id\":\"https:\\\/\\\/kuali.com.mx\\\/web\\\/2025\\\/07\\\/20\\\/temen-migrantes-guanajuatenses-ser-deportados\\\/\"},\"wordCount\":307,\"commentCount\":0,\"image\":{\"@id\":\"https:\\\/\\\/kuali.com.mx\\\/web\\\/2025\\\/07\\\/20\\\/temen-migrantes-guanajuatenses-ser-deportados\\\/#primaryimage\"},\"thumbnailUrl\":\"https:\\\/\\\/kuali.com.mx\\\/web\\\/wp-content\\\/uploads\\\/2025\\\/02\\\/Retorno-de-migrantes-preparatorianos.gif\",\"articleSection\":[\"Pol\u00edtica\"],\"inLanguage\":\"es\",\"potentialAction\":[{\"@type\":\"CommentAction\",\"name\":\"Comment\",\"target\":[\"https:\\\/\\\/kuali.com.mx\\\/web\\\/2025\\\/07\\\/20\\\/temen-migrantes-guanajuatenses-ser-deportados\\\/#respond\"]}]},{\"@type\":\"WebPage\",\"@id\":\"https:\\\/\\\/kuali.com.mx\\\/web\\\/2025\\\/07\\\/20\\\/temen-migrantes-guanajuatenses-ser-deportados\\\/\",\"url\":\"https:\\\/\\\/kuali.com.mx\\\/web\\\/2025\\\/07\\\/20\\\/temen-migrantes-guanajuatenses-ser-deportados\\\/\",\"name\":\"TEMEN MIGRANTES GUANAJUATENSES SER DEPORTADOS - Kuali\",\"isPartOf\":{\"@id\":\"https:\\\/\\\/kuali.com.mx\\\/web\\\/#website\"},\"primaryImageOfPage\":{\"@id\":\"https:\\\/\\\/kuali.com.mx\\\/web\\\/2025\\\/07\\\/20\\\/temen-migrantes-guanajuatenses-ser-deportados\\\/#primaryimage\"},\"image\":{\"@id\":\"https:\\\/\\\/kuali.com.mx\\\/web\\\/2025\\\/07\\\/20\\\/temen-migrantes-guanajuatenses-ser-deportados\\\/#primaryimage\"},\"thumbnailUrl\":\"https:\\\/\\\/kuali.com.mx\\\/web\\\/wp-content\\\/uploads\\\/2025\\\/02\\\/Retorno-de-migrantes-preparatorianos.gif\",\"datePublished\":\"2025-07-21T00:47:15+00:00\",\"dateModified\":\"2025-07-21T00:47:17+00:00\",\"author\":{\"@id\":\"https:\\\/\\\/kuali.com.mx\\\/web\\\/#\\\/schema\\\/person\\\/6f89ffa8ecba9dae50662357923c5289\"},\"breadcrumb\":{\"@id\":\"https:\\\/\\\/kuali.com.mx\\\/web\\\/2025\\\/07\\\/20\\\/temen-migrantes-guanajuatenses-ser-deportados\\\/#breadcrumb\"},\"inLanguage\":\"es\",\"potentialAction\":[{\"@type\":\"ReadAction\",\"target\":[\"https:\\\/\\\/kuali.com.mx\\\/web\\\/2025\\\/07\\\/20\\\/temen-migrantes-guanajuatenses-ser-deportados\\\/\"]}]},{\"@type\":\"ImageObject\",\"inLanguage\":\"es\",\"@id\":\"https:\\\/\\\/kuali.com.mx\\\/web\\\/2025\\\/07\\\/20\\\/temen-migrantes-guanajuatenses-ser-deportados\\\/#primaryimage\",\"url\":\"https:\\\/\\\/kuali.com.mx\\\/web\\\/wp-content\\\/uploads\\\/2025\\\/02\\\/Retorno-de-migrantes-preparatorianos.gif\",\"contentUrl\":\"https:\\\/\\\/kuali.com.mx\\\/web\\\/wp-content\\\/uploads\\\/2025\\\/02\\\/Retorno-de-migrantes-preparatorianos.gif\",\"width\":1700,\"height\":750},{\"@type\":\"BreadcrumbList\",\"@id\":\"https:\\\/\\\/kuali.com.mx\\\/web\\\/2025\\\/07\\\/20\\\/temen-migrantes-guanajuatenses-ser-deportados\\\/#breadcrumb\",\"itemListElement\":[{\"@type\":\"ListItem\",\"position\":1,\"name\":\"Inicio\",\"item\":\"https:\\\/\\\/kuali.com.mx\\\/web\\\/\"},{\"@type\":\"ListItem\",\"position\":2,\"name\":\"TEMEN MIGRANTES GUANAJUATENSES SER DEPORTADOS\"}]},{\"@type\":\"WebSite\",\"@id\":\"https:\\\/\\\/kuali.com.mx\\\/web\\\/#website\",\"url\":\"https:\\\/\\\/kuali.com.mx\\\/web\\\/\",\"name\":\"Kuali\",\"description\":\"\",\"potentialAction\":[{\"@type\":\"SearchAction\",\"target\":{\"@type\":\"EntryPoint\",\"urlTemplate\":\"https:\\\/\\\/kuali.com.mx\\\/web\\\/?s={search_term_string}\"},\"query-input\":{\"@type\":\"PropertyValueSpecification\",\"valueRequired\":true,\"valueName\":\"search_term_string\"}}],\"inLanguage\":\"es\"},{\"@type\":\"Person\",\"@id\":\"https:\\\/\\\/kuali.com.mx\\\/web\\\/#\\\/schema\\\/person\\\/6f89ffa8ecba9dae50662357923c5289\",\"name\":\"Kuali Staff\",\"image\":{\"@type\":\"ImageObject\",\"inLanguage\":\"es\",\"@id\":\"https:\\\/\\\/secure.gravatar.com\\\/avatar\\\/f917ad82e5ab71227a733c78b6e60715476f69ee6be59feee4eb5d9920c89e0f?s=96&d=mm&r=g\",\"url\":\"https:\\\/\\\/secure.gravatar.com\\\/avatar\\\/f917ad82e5ab71227a733c78b6e60715476f69ee6be59feee4eb5d9920c89e0f?s=96&d=mm&r=g\",\"contentUrl\":\"https:\\\/\\\/secure.gravatar.com\\\/avatar\\\/f917ad82e5ab71227a733c78b6e60715476f69ee6be59feee4eb5d9920c89e0f?s=96&d=mm&r=g\",\"caption\":\"Kuali Staff\"},\"url\":\"https:\\\/\\\/kuali.com.mx\\\/web\\\/author\\\/lagarto\\\/\"}]}<\/script>\n<!-- \/ Yoast SEO plugin. -->","yoast_head_json":{"title":"TEMEN MIGRANTES GUANAJUATENSES SER DEPORTADOS - Kuali","robots":{"index":"index","follow":"follow","max-snippet":"max-snippet:-1","max-image-preview":"max-image-preview:large","max-video-preview":"max-video-preview:-1"},"canonical":"https:\/\/kuali.com.mx\/web\/2025\/07\/20\/temen-migrantes-guanajuatenses-ser-deportados\/","og_locale":"es_MX","og_type":"article","og_title":"TEMEN MIGRANTES GUANAJUATENSES SER DEPORTADOS - Kuali","og_description":"Milagros Tadeo\/Le\u00f3n, Gto.-&nbsp;El secretario de Gobierno, Jorge Jim\u00e9nez Lona, revel\u00f3 que, tras su viaje a Chicago, Illinois, los migrantes guanajuatenses le externaron que analizan la posibilidad de regresar a Guanajuato derivado de la pol\u00edtica migratoria del presidente Donald Trump. Este s\u00e1bado, el secretario de Gobierno estuvo en Chicago, en donde tom\u00f3 protesta a 5 nuevos [&hellip;]","og_url":"https:\/\/kuali.com.mx\/web\/2025\/07\/20\/temen-migrantes-guanajuatenses-ser-deportados\/","og_site_name":"Kuali","article_publisher":"https:\/\/kuali.com.mx\/web\/wp-content\/uploads\/2018\/04\/cropped-kuali_logo-1-1.png","article_published_time":"2025-07-21T00:47:15+00:00","article_modified_time":"2025-07-21T00:47:17+00:00","og_image":[{"width":1700,"height":750,"url":"https:\/\/kuali.com.mx\/web\/wp-content\/uploads\/2025\/02\/Retorno-de-migrantes-preparatorianos.gif","type":"image\/gif"}],"author":"Kuali Staff","twitter_card":"summary_large_image","twitter_creator":"@kuali_noticias","twitter_site":"@kuali_noticias","twitter_misc":{"Escrito por":"Kuali Staff","Tiempo de lectura":"2 minutos"},"schema":{"@context":"https:\/\/schema.org","@graph":[{"@type":"Article","@id":"https:\/\/kuali.com.mx\/web\/2025\/07\/20\/temen-migrantes-guanajuatenses-ser-deportados\/#article","isPartOf":{"@id":"https:\/\/kuali.com.mx\/web\/2025\/07\/20\/temen-migrantes-guanajuatenses-ser-deportados\/"},"author":{"name":"Kuali Staff","@id":"https:\/\/kuali.com.mx\/web\/#\/schema\/person\/6f89ffa8ecba9dae50662357923c5289"},"headline":"TEMEN MIGRANTES GUANAJUATENSES SER DEPORTADOS","datePublished":"2025-07-21T00:47:15+00:00","dateModified":"2025-07-21T00:47:17+00:00","mainEntityOfPage":{"@id":"https:\/\/kuali.com.mx\/web\/2025\/07\/20\/temen-migrantes-guanajuatenses-ser-deportados\/"},"wordCount":307,"commentCount":0,"image":{"@id":"https:\/\/kuali.com.mx\/web\/2025\/07\/20\/temen-migrantes-guanajuatenses-ser-deportados\/#primaryimage"},"thumbnailUrl":"https:\/\/kuali.com.mx\/web\/wp-content\/uploads\/2025\/02\/Retorno-de-migrantes-preparatorianos.gif","articleSection":["Pol\u00edtica"],"inLanguage":"es","potentialAction":[{"@type":"CommentAction","name":"Comment","target":["https:\/\/kuali.com.mx\/web\/2025\/07\/20\/temen-migrantes-guanajuatenses-ser-deportados\/#respond"]}]},{"@type":"WebPage","@id":"https:\/\/kuali.com.mx\/web\/2025\/07\/20\/temen-migrantes-guanajuatenses-ser-deportados\/","url":"https:\/\/kuali.com.mx\/web\/2025\/07\/20\/temen-migrantes-guanajuatenses-ser-deportados\/","name":"TEMEN MIGRANTES GUANAJUATENSES SER DEPORTADOS - Kuali","isPartOf":{"@id":"https:\/\/kuali.com.mx\/web\/#website"},"primaryImageOfPage":{"@id":"https:\/\/kuali.com.mx\/web\/2025\/07\/20\/temen-migrantes-guanajuatenses-ser-deportados\/#primaryimage"},"image":{"@id":"https:\/\/kuali.com.mx\/web\/2025\/07\/20\/temen-migrantes-guanajuatenses-ser-deportados\/#primaryimage"},"thumbnailUrl":"https:\/\/kuali.com.mx\/web\/wp-content\/uploads\/2025\/02\/Retorno-de-migrantes-preparatorianos.gif","datePublished":"2025-07-21T00:47:15+00:00","dateModified":"2025-07-21T00:47:17+00:00","author":{"@id":"https:\/\/kuali.com.mx\/web\/#\/schema\/person\/6f89ffa8ecba9dae50662357923c5289"},"breadcrumb":{"@id":"https:\/\/kuali.com.mx\/web\/2025\/07\/20\/temen-migrantes-guanajuatenses-ser-deportados\/#breadcrumb"},"inLanguage":"es","potentialAction":[{"@type":"ReadAction","target":["https:\/\/kuali.com.mx\/web\/2025\/07\/20\/temen-migrantes-guanajuatenses-ser-deportados\/"]}]},{"@type":"ImageObject","inLanguage":"es","@id":"https:\/\/kuali.com.mx\/web\/2025\/07\/20\/temen-migrantes-guanajuatenses-ser-deportados\/#primaryimage","url":"https:\/\/kuali.com.mx\/web\/wp-content\/uploads\/2025\/02\/Retorno-de-migrantes-preparatorianos.gif","contentUrl":"https:\/\/kuali.com.mx\/web\/wp-content\/uploads\/2025\/02\/Retorno-de-migrantes-preparatorianos.gif","width":1700,"height":750},{"@type":"BreadcrumbList","@id":"https:\/\/kuali.com.mx\/web\/2025\/07\/20\/temen-migrantes-guanajuatenses-ser-deportados\/#breadcrumb","itemListElement":[{"@type":"ListItem","position":1,"name":"Inicio","item":"https:\/\/kuali.com.mx\/web\/"},{"@type":"ListItem","position":2,"name":"TEMEN MIGRANTES GUANAJUATENSES SER DEPORTADOS"}]},{"@type":"WebSite","@id":"https:\/\/kuali.com.mx\/web\/#website","url":"https:\/\/kuali.com.mx\/web\/","name":"Kuali","description":"","potentialAction":[{"@type":"SearchAction","target":{"@type":"EntryPoint","urlTemplate":"https:\/\/kuali.com.mx\/web\/?s={search_term_string}"},"query-input":{"@type":"PropertyValueSpecification","valueRequired":true,"valueName":"search_term_string"}}],"inLanguage":"es"},{"@type":"Person","@id":"https:\/\/kuali.com.mx\/web\/#\/schema\/person\/6f89ffa8ecba9dae50662357923c5289","name":"Kuali Staff","image":{"@type":"ImageObject","inLanguage":"es","@id":"https:\/\/secure.gravatar.com\/avatar\/f917ad82e5ab71227a733c78b6e60715476f69ee6be59feee4eb5d9920c89e0f?s=96&d=mm&r=g","url":"https:\/\/secure.gravatar.com\/avatar\/f917ad82e5ab71227a733c78b6e60715476f69ee6be59feee4eb5d9920c89e0f?s=96&d=mm&r=g","contentUrl":"https:\/\/secure.gravatar.com\/avatar\/f917ad82e5ab71227a733c78b6e60715476f69ee6be59feee4eb5d9920c89e0f?s=96&d=mm&r=g","caption":"Kuali Staff"},"url":"https:\/\/kuali.com.mx\/web\/author\/lagarto\/"}]}},"_links":{"self":[{"href":"https:\/\/kuali.com.mx\/web\/wp-json\/wp\/v2\/posts\/180978","targetHints":{"allow":["GET"]}}],"collection":[{"href":"https:\/\/kuali.com.mx\/web\/wp-json\/wp\/v2\/posts"}],"about":[{"href":"https:\/\/kuali.com.mx\/web\/wp-json\/wp\/v2\/types\/post"}],"author":[{"embeddable":true,"href":"https:\/\/kuali.com.mx\/web\/wp-json\/wp\/v2\/users\/2"}],"replies":[{"embeddable":true,"href":"https:\/\/kuali.com.mx\/web\/wp-json\/wp\/v2\/comments?post=180978"}],"version-history":[{"count":1,"href":"https:\/\/kuali.com.mx\/web\/wp-json\/wp\/v2\/posts\/180978\/revisions"}],"predecessor-version":[{"id":180981,"href":"https:\/\/kuali.com.mx\/web\/wp-json\/wp\/v2\/posts\/180978\/revisions\/180981"}],"wp:featuredmedia":[{"embeddable":true,"href":"https:\/\/kuali.com.mx\/web\/wp-json\/wp\/v2\/media\/169739"}],"wp:attachment":[{"href":"https:\/\/kuali.com.mx\/web\/wp-json\/wp\/v2\/media?parent=180978"}],"wp:term":[{"taxonomy":"category","embeddable":true,"href":"https:\/\/kuali.com.mx\/web\/wp-json\/wp\/v2\/categories?post=180978"},{"taxonomy":"post_tag","embeddable":true,"href":"https:\/\/kuali.com.mx\/web\/wp-json\/wp\/v2\/tags?post=180978"}],"curies":[{"name":"wp","href":"https:\/\/api.w.org\/{rel}","templated":true}]}}