{"id":180919,"date":"2025-07-19T21:45:45","date_gmt":"2025-07-20T03:45:45","guid":{"rendered":"https:\/\/kuali.com.mx\/web\/?p=180919"},"modified":"2025-07-20T19:15:24","modified_gmt":"2025-07-21T01:15:24","slug":"exigen-localizar-a-la-joven-sarahi-vazquez","status":"publish","type":"post","link":"https:\/\/kuali.com.mx\/web\/2025\/07\/19\/exigen-localizar-a-la-joven-sarahi-vazquez\/","title":{"rendered":"EXIGEN LOCALIZAR A LA JOVEN SARAHI V\u00c1ZQUEZ"},"content":{"rendered":"\n<p><strong><em>Jeshael Rivera Villal\u00f3n\/San Jos\u00e9 de Iturbide, Gto.-<\/em><\/strong> Decenas de personas, en su mayor\u00eda mujeres, realizaron una marcha pac\u00edfica para exigir a las autoridades que se logre la localizaci\u00f3n de Sarahi V\u00e1zquez V\u00e1zquez, joven de 25 a\u00f1os, quien tiene m\u00e1s de 10 d\u00edas desaparecida.<\/p>\n\n\n\n<p>La marcha se convoc\u00f3 a las 4 de la tarde partiendo de la Alameda Benito Ju\u00e1rez para llegar al jard\u00edn principal.<\/p>\n\n\n\n<p>Personas vestidas de blanco y con pancartas con mensajes de justicia le mostraron su respaldo y solidaridad a los familiares de la joven de la cual no se tiene informaci\u00f3n desde el pasado 8 de julio.<\/p>\n\n\n\n<p>\u201cHoy falta una mujer, d\u00f3nde est\u00e1 Sarita, exigimos justicia, ni una menos\u201d, eran parte de las consignas.<\/p>\n\n\n\n<p>El contingente lleg\u00f3 al monumento bicentenario y de ah\u00ed enfil\u00f3 por la carretera Constituci\u00f3n, sigui\u00f3 por Prolongaci\u00f3n Moctezuma hasta llegar a la plaza principal.<\/p>\n\n\n\n<figure class=\"wp-block-image size-large\"><img loading=\"lazy\" decoding=\"async\" width=\"860\" height=\"1024\" src=\"https:\/\/kuali.com.mx\/web\/wp-content\/uploads\/2025\/07\/Zarahi-alerta-alba-860x1024.jpeg\" alt=\"\" class=\"wp-image-180925\" srcset=\"https:\/\/kuali.com.mx\/web\/wp-content\/uploads\/2025\/07\/Zarahi-alerta-alba-860x1024.jpeg 860w, https:\/\/kuali.com.mx\/web\/wp-content\/uploads\/2025\/07\/Zarahi-alerta-alba-252x300.jpeg 252w, https:\/\/kuali.com.mx\/web\/wp-content\/uploads\/2025\/07\/Zarahi-alerta-alba-768x914.jpeg 768w, https:\/\/kuali.com.mx\/web\/wp-content\/uploads\/2025\/07\/Zarahi-alerta-alba-97x116.jpeg 97w, https:\/\/kuali.com.mx\/web\/wp-content\/uploads\/2025\/07\/Zarahi-alerta-alba.jpeg 1075w\" sizes=\"auto, (max-width: 860px) 100vw, 860px\" \/><\/figure>\n\n\n\n<p>Ah\u00ed, frente al palacio de gobierno, lanzaron mensajes contundentes exigiendo a las autoridades \u201cuna respuesta ya\u201d, pues no es posible que haya salido a vender algo y se la hayan llevado.<\/p>\n\n\n\n<p>\u201cLa queremos viva, la queremos de regreso\u201d tambi\u00e9n se remarc\u00f3.<\/p>\n\n\n\n<p>El protocolo ALBA fue activado, pues desde hace 11 d\u00edas no se sabe nada de la joven de 25 a\u00f1os.<\/p>\n\n\n\n<p>La tarjeta informativa ha sido compartida incluso por autoridades de otros municipios y cientos de personas la han replicado en redes sociales.<\/p>\n\n\n\n<p>Sin embargo, no se han dado a conocer mayores detalles de su paradero o avances en la investigaci\u00f3n para localizarla.<\/p>\n\n\n\n<p>Fue por eso que se convoc\u00f3 la marcha, pues se est\u00e1 pidiendo a las autoridades acciones m\u00e1s contundentes que permitan encontrarla con vida, pues se teme por su integridad.<\/p>\n\n\n\n<p>En la fachada de la presidencia municipal, se pintaron manos de color naranja y moradas y se pegaron mensajes remarcando el reclamo social a las autoridades por el caso.<\/p>\n","protected":false},"excerpt":{"rendered":"Jeshael Rivera Villal\u00f3n\/San Jos\u00e9 de Iturbide, Gto.- Decenas de personas, en su mayor\u00eda mujeres, realizaron una marcha pac\u00edfica para exigir a las autoridades que se logre la localizaci\u00f3n de Sarahi V\u00e1zquez V\u00e1zquez, joven de 25 a\u00f1os, quien tiene m\u00e1s de 10 d\u00edas desaparecida. La marcha se convoc\u00f3 a las 4 de la tarde partiendo de [&hellip;]","protected":false},"author":2,"featured_media":180922,"comment_status":"open","ping_status":"open","sticky":false,"template":"","format":"standard","meta":{"_seopress_robots_primary_cat":"none","_seopress_titles_title":"","_seopress_titles_desc":"","_seopress_robots_index":"","_monsterinsights_skip_tracking":false,"_monsterinsights_sitenote_active":false,"_monsterinsights_sitenote_note":"","_monsterinsights_sitenote_category":0,"footnotes":""},"categories":[14],"tags":[],"class_list":["post-180919","post","type-post","status-publish","format-standard","has-post-thumbnail","hentry","category-derechos"],"yoast_head":"<!-- This site is optimized with the Yoast SEO plugin v27.4 - https:\/\/yoast.com\/product\/yoast-seo-wordpress\/ -->\n<title>EXIGEN LOCALIZAR A LA JOVEN SARAHI V\u00c1ZQUEZ - Kuali<\/title>\n<meta name=\"robots\" content=\"index, follow, max-snippet:-1, max-image-preview:large, max-video-preview:-1\" \/>\n<link rel=\"canonical\" href=\"https:\/\/kuali.com.mx\/web\/2025\/07\/19\/exigen-localizar-a-la-joven-sarahi-vazquez\/\" \/>\n<meta property=\"og:locale\" content=\"es_MX\" \/>\n<meta property=\"og:type\" content=\"article\" \/>\n<meta property=\"og:title\" content=\"EXIGEN LOCALIZAR A LA JOVEN SARAHI V\u00c1ZQUEZ - Kuali\" \/>\n<meta property=\"og:description\" content=\"Jeshael Rivera Villal\u00f3n\/San Jos\u00e9 de Iturbide, Gto.- Decenas de personas, en su mayor\u00eda mujeres, realizaron una marcha pac\u00edfica para exigir a las autoridades que se logre la localizaci\u00f3n de Sarahi V\u00e1zquez V\u00e1zquez, joven de 25 a\u00f1os, quien tiene m\u00e1s de 10 d\u00edas desaparecida. La marcha se convoc\u00f3 a las 4 de la tarde partiendo de [&hellip;]\" \/>\n<meta property=\"og:url\" content=\"https:\/\/kuali.com.mx\/web\/2025\/07\/19\/exigen-localizar-a-la-joven-sarahi-vazquez\/\" \/>\n<meta property=\"og:site_name\" content=\"Kuali\" \/>\n<meta property=\"article:publisher\" content=\"https:\/\/kuali.com.mx\/web\/wp-content\/uploads\/2018\/04\/cropped-kuali_logo-1-1.png\" \/>\n<meta property=\"article:published_time\" content=\"2025-07-20T03:45:45+00:00\" \/>\n<meta property=\"article:modified_time\" content=\"2025-07-21T01:15:24+00:00\" \/>\n<meta property=\"og:image\" content=\"https:\/\/kuali.com.mx\/web\/wp-content\/uploads\/2025\/07\/Marcha-para-localizar-a-Zarai-SJI.jpeg\" \/>\n\t<meta property=\"og:image:width\" content=\"1280\" \/>\n\t<meta property=\"og:image:height\" content=\"764\" \/>\n\t<meta property=\"og:image:type\" content=\"image\/jpeg\" \/>\n<meta name=\"author\" content=\"Kuali Staff\" \/>\n<meta name=\"twitter:card\" content=\"summary_large_image\" \/>\n<meta name=\"twitter:creator\" content=\"@kuali_noticias\" \/>\n<meta name=\"twitter:site\" content=\"@kuali_noticias\" \/>\n<meta name=\"twitter:label1\" content=\"Escrito por\" \/>\n\t<meta name=\"twitter:data1\" content=\"Kuali Staff\" \/>\n\t<meta name=\"twitter:label2\" content=\"Tiempo de lectura\" \/>\n\t<meta name=\"twitter:data2\" content=\"2 minutos\" \/>\n<script type=\"application\/ld+json\" class=\"yoast-schema-graph\">{\"@context\":\"https:\\\/\\\/schema.org\",\"@graph\":[{\"@type\":\"Article\",\"@id\":\"https:\\\/\\\/kuali.com.mx\\\/web\\\/2025\\\/07\\\/19\\\/exigen-localizar-a-la-joven-sarahi-vazquez\\\/#article\",\"isPartOf\":{\"@id\":\"https:\\\/\\\/kuali.com.mx\\\/web\\\/2025\\\/07\\\/19\\\/exigen-localizar-a-la-joven-sarahi-vazquez\\\/\"},\"author\":{\"name\":\"Kuali Staff\",\"@id\":\"https:\\\/\\\/kuali.com.mx\\\/web\\\/#\\\/schema\\\/person\\\/6f89ffa8ecba9dae50662357923c5289\"},\"headline\":\"EXIGEN LOCALIZAR A LA JOVEN SARAHI V\u00c1ZQUEZ\",\"datePublished\":\"2025-07-20T03:45:45+00:00\",\"dateModified\":\"2025-07-21T01:15:24+00:00\",\"mainEntityOfPage\":{\"@id\":\"https:\\\/\\\/kuali.com.mx\\\/web\\\/2025\\\/07\\\/19\\\/exigen-localizar-a-la-joven-sarahi-vazquez\\\/\"},\"wordCount\":326,\"commentCount\":0,\"image\":{\"@id\":\"https:\\\/\\\/kuali.com.mx\\\/web\\\/2025\\\/07\\\/19\\\/exigen-localizar-a-la-joven-sarahi-vazquez\\\/#primaryimage\"},\"thumbnailUrl\":\"https:\\\/\\\/kuali.com.mx\\\/web\\\/wp-content\\\/uploads\\\/2025\\\/07\\\/Marcha-para-localizar-a-Zarai-SJI.jpeg\",\"articleSection\":[\"Derechos Humanos\"],\"inLanguage\":\"es\",\"potentialAction\":[{\"@type\":\"CommentAction\",\"name\":\"Comment\",\"target\":[\"https:\\\/\\\/kuali.com.mx\\\/web\\\/2025\\\/07\\\/19\\\/exigen-localizar-a-la-joven-sarahi-vazquez\\\/#respond\"]}]},{\"@type\":\"WebPage\",\"@id\":\"https:\\\/\\\/kuali.com.mx\\\/web\\\/2025\\\/07\\\/19\\\/exigen-localizar-a-la-joven-sarahi-vazquez\\\/\",\"url\":\"https:\\\/\\\/kuali.com.mx\\\/web\\\/2025\\\/07\\\/19\\\/exigen-localizar-a-la-joven-sarahi-vazquez\\\/\",\"name\":\"EXIGEN LOCALIZAR A LA JOVEN SARAHI V\u00c1ZQUEZ - Kuali\",\"isPartOf\":{\"@id\":\"https:\\\/\\\/kuali.com.mx\\\/web\\\/#website\"},\"primaryImageOfPage\":{\"@id\":\"https:\\\/\\\/kuali.com.mx\\\/web\\\/2025\\\/07\\\/19\\\/exigen-localizar-a-la-joven-sarahi-vazquez\\\/#primaryimage\"},\"image\":{\"@id\":\"https:\\\/\\\/kuali.com.mx\\\/web\\\/2025\\\/07\\\/19\\\/exigen-localizar-a-la-joven-sarahi-vazquez\\\/#primaryimage\"},\"thumbnailUrl\":\"https:\\\/\\\/kuali.com.mx\\\/web\\\/wp-content\\\/uploads\\\/2025\\\/07\\\/Marcha-para-localizar-a-Zarai-SJI.jpeg\",\"datePublished\":\"2025-07-20T03:45:45+00:00\",\"dateModified\":\"2025-07-21T01:15:24+00:00\",\"author\":{\"@id\":\"https:\\\/\\\/kuali.com.mx\\\/web\\\/#\\\/schema\\\/person\\\/6f89ffa8ecba9dae50662357923c5289\"},\"breadcrumb\":{\"@id\":\"https:\\\/\\\/kuali.com.mx\\\/web\\\/2025\\\/07\\\/19\\\/exigen-localizar-a-la-joven-sarahi-vazquez\\\/#breadcrumb\"},\"inLanguage\":\"es\",\"potentialAction\":[{\"@type\":\"ReadAction\",\"target\":[\"https:\\\/\\\/kuali.com.mx\\\/web\\\/2025\\\/07\\\/19\\\/exigen-localizar-a-la-joven-sarahi-vazquez\\\/\"]}]},{\"@type\":\"ImageObject\",\"inLanguage\":\"es\",\"@id\":\"https:\\\/\\\/kuali.com.mx\\\/web\\\/2025\\\/07\\\/19\\\/exigen-localizar-a-la-joven-sarahi-vazquez\\\/#primaryimage\",\"url\":\"https:\\\/\\\/kuali.com.mx\\\/web\\\/wp-content\\\/uploads\\\/2025\\\/07\\\/Marcha-para-localizar-a-Zarai-SJI.jpeg\",\"contentUrl\":\"https:\\\/\\\/kuali.com.mx\\\/web\\\/wp-content\\\/uploads\\\/2025\\\/07\\\/Marcha-para-localizar-a-Zarai-SJI.jpeg\",\"width\":1280,\"height\":764},{\"@type\":\"BreadcrumbList\",\"@id\":\"https:\\\/\\\/kuali.com.mx\\\/web\\\/2025\\\/07\\\/19\\\/exigen-localizar-a-la-joven-sarahi-vazquez\\\/#breadcrumb\",\"itemListElement\":[{\"@type\":\"ListItem\",\"position\":1,\"name\":\"Inicio\",\"item\":\"https:\\\/\\\/kuali.com.mx\\\/web\\\/\"},{\"@type\":\"ListItem\",\"position\":2,\"name\":\"EXIGEN LOCALIZAR A LA JOVEN SARAHI V\u00c1ZQUEZ\"}]},{\"@type\":\"WebSite\",\"@id\":\"https:\\\/\\\/kuali.com.mx\\\/web\\\/#website\",\"url\":\"https:\\\/\\\/kuali.com.mx\\\/web\\\/\",\"name\":\"Kuali\",\"description\":\"\",\"potentialAction\":[{\"@type\":\"SearchAction\",\"target\":{\"@type\":\"EntryPoint\",\"urlTemplate\":\"https:\\\/\\\/kuali.com.mx\\\/web\\\/?s={search_term_string}\"},\"query-input\":{\"@type\":\"PropertyValueSpecification\",\"valueRequired\":true,\"valueName\":\"search_term_string\"}}],\"inLanguage\":\"es\"},{\"@type\":\"Person\",\"@id\":\"https:\\\/\\\/kuali.com.mx\\\/web\\\/#\\\/schema\\\/person\\\/6f89ffa8ecba9dae50662357923c5289\",\"name\":\"Kuali Staff\",\"image\":{\"@type\":\"ImageObject\",\"inLanguage\":\"es\",\"@id\":\"https:\\\/\\\/secure.gravatar.com\\\/avatar\\\/f917ad82e5ab71227a733c78b6e60715476f69ee6be59feee4eb5d9920c89e0f?s=96&d=mm&r=g\",\"url\":\"https:\\\/\\\/secure.gravatar.com\\\/avatar\\\/f917ad82e5ab71227a733c78b6e60715476f69ee6be59feee4eb5d9920c89e0f?s=96&d=mm&r=g\",\"contentUrl\":\"https:\\\/\\\/secure.gravatar.com\\\/avatar\\\/f917ad82e5ab71227a733c78b6e60715476f69ee6be59feee4eb5d9920c89e0f?s=96&d=mm&r=g\",\"caption\":\"Kuali Staff\"},\"url\":\"https:\\\/\\\/kuali.com.mx\\\/web\\\/author\\\/lagarto\\\/\"}]}<\/script>\n<!-- \/ Yoast SEO plugin. -->","yoast_head_json":{"title":"EXIGEN LOCALIZAR A LA JOVEN SARAHI V\u00c1ZQUEZ - Kuali","robots":{"index":"index","follow":"follow","max-snippet":"max-snippet:-1","max-image-preview":"max-image-preview:large","max-video-preview":"max-video-preview:-1"},"canonical":"https:\/\/kuali.com.mx\/web\/2025\/07\/19\/exigen-localizar-a-la-joven-sarahi-vazquez\/","og_locale":"es_MX","og_type":"article","og_title":"EXIGEN LOCALIZAR A LA JOVEN SARAHI V\u00c1ZQUEZ - Kuali","og_description":"Jeshael Rivera Villal\u00f3n\/San Jos\u00e9 de Iturbide, Gto.- Decenas de personas, en su mayor\u00eda mujeres, realizaron una marcha pac\u00edfica para exigir a las autoridades que se logre la localizaci\u00f3n de Sarahi V\u00e1zquez V\u00e1zquez, joven de 25 a\u00f1os, quien tiene m\u00e1s de 10 d\u00edas desaparecida. La marcha se convoc\u00f3 a las 4 de la tarde partiendo de [&hellip;]","og_url":"https:\/\/kuali.com.mx\/web\/2025\/07\/19\/exigen-localizar-a-la-joven-sarahi-vazquez\/","og_site_name":"Kuali","article_publisher":"https:\/\/kuali.com.mx\/web\/wp-content\/uploads\/2018\/04\/cropped-kuali_logo-1-1.png","article_published_time":"2025-07-20T03:45:45+00:00","article_modified_time":"2025-07-21T01:15:24+00:00","og_image":[{"width":1280,"height":764,"url":"https:\/\/kuali.com.mx\/web\/wp-content\/uploads\/2025\/07\/Marcha-para-localizar-a-Zarai-SJI.jpeg","type":"image\/jpeg"}],"author":"Kuali Staff","twitter_card":"summary_large_image","twitter_creator":"@kuali_noticias","twitter_site":"@kuali_noticias","twitter_misc":{"Escrito por":"Kuali Staff","Tiempo de lectura":"2 minutos"},"schema":{"@context":"https:\/\/schema.org","@graph":[{"@type":"Article","@id":"https:\/\/kuali.com.mx\/web\/2025\/07\/19\/exigen-localizar-a-la-joven-sarahi-vazquez\/#article","isPartOf":{"@id":"https:\/\/kuali.com.mx\/web\/2025\/07\/19\/exigen-localizar-a-la-joven-sarahi-vazquez\/"},"author":{"name":"Kuali Staff","@id":"https:\/\/kuali.com.mx\/web\/#\/schema\/person\/6f89ffa8ecba9dae50662357923c5289"},"headline":"EXIGEN LOCALIZAR A LA JOVEN SARAHI V\u00c1ZQUEZ","datePublished":"2025-07-20T03:45:45+00:00","dateModified":"2025-07-21T01:15:24+00:00","mainEntityOfPage":{"@id":"https:\/\/kuali.com.mx\/web\/2025\/07\/19\/exigen-localizar-a-la-joven-sarahi-vazquez\/"},"wordCount":326,"commentCount":0,"image":{"@id":"https:\/\/kuali.com.mx\/web\/2025\/07\/19\/exigen-localizar-a-la-joven-sarahi-vazquez\/#primaryimage"},"thumbnailUrl":"https:\/\/kuali.com.mx\/web\/wp-content\/uploads\/2025\/07\/Marcha-para-localizar-a-Zarai-SJI.jpeg","articleSection":["Derechos Humanos"],"inLanguage":"es","potentialAction":[{"@type":"CommentAction","name":"Comment","target":["https:\/\/kuali.com.mx\/web\/2025\/07\/19\/exigen-localizar-a-la-joven-sarahi-vazquez\/#respond"]}]},{"@type":"WebPage","@id":"https:\/\/kuali.com.mx\/web\/2025\/07\/19\/exigen-localizar-a-la-joven-sarahi-vazquez\/","url":"https:\/\/kuali.com.mx\/web\/2025\/07\/19\/exigen-localizar-a-la-joven-sarahi-vazquez\/","name":"EXIGEN LOCALIZAR A LA JOVEN SARAHI V\u00c1ZQUEZ - Kuali","isPartOf":{"@id":"https:\/\/kuali.com.mx\/web\/#website"},"primaryImageOfPage":{"@id":"https:\/\/kuali.com.mx\/web\/2025\/07\/19\/exigen-localizar-a-la-joven-sarahi-vazquez\/#primaryimage"},"image":{"@id":"https:\/\/kuali.com.mx\/web\/2025\/07\/19\/exigen-localizar-a-la-joven-sarahi-vazquez\/#primaryimage"},"thumbnailUrl":"https:\/\/kuali.com.mx\/web\/wp-content\/uploads\/2025\/07\/Marcha-para-localizar-a-Zarai-SJI.jpeg","datePublished":"2025-07-20T03:45:45+00:00","dateModified":"2025-07-21T01:15:24+00:00","author":{"@id":"https:\/\/kuali.com.mx\/web\/#\/schema\/person\/6f89ffa8ecba9dae50662357923c5289"},"breadcrumb":{"@id":"https:\/\/kuali.com.mx\/web\/2025\/07\/19\/exigen-localizar-a-la-joven-sarahi-vazquez\/#breadcrumb"},"inLanguage":"es","potentialAction":[{"@type":"ReadAction","target":["https:\/\/kuali.com.mx\/web\/2025\/07\/19\/exigen-localizar-a-la-joven-sarahi-vazquez\/"]}]},{"@type":"ImageObject","inLanguage":"es","@id":"https:\/\/kuali.com.mx\/web\/2025\/07\/19\/exigen-localizar-a-la-joven-sarahi-vazquez\/#primaryimage","url":"https:\/\/kuali.com.mx\/web\/wp-content\/uploads\/2025\/07\/Marcha-para-localizar-a-Zarai-SJI.jpeg","contentUrl":"https:\/\/kuali.com.mx\/web\/wp-content\/uploads\/2025\/07\/Marcha-para-localizar-a-Zarai-SJI.jpeg","width":1280,"height":764},{"@type":"BreadcrumbList","@id":"https:\/\/kuali.com.mx\/web\/2025\/07\/19\/exigen-localizar-a-la-joven-sarahi-vazquez\/#breadcrumb","itemListElement":[{"@type":"ListItem","position":1,"name":"Inicio","item":"https:\/\/kuali.com.mx\/web\/"},{"@type":"ListItem","position":2,"name":"EXIGEN LOCALIZAR A LA JOVEN SARAHI V\u00c1ZQUEZ"}]},{"@type":"WebSite","@id":"https:\/\/kuali.com.mx\/web\/#website","url":"https:\/\/kuali.com.mx\/web\/","name":"Kuali","description":"","potentialAction":[{"@type":"SearchAction","target":{"@type":"EntryPoint","urlTemplate":"https:\/\/kuali.com.mx\/web\/?s={search_term_string}"},"query-input":{"@type":"PropertyValueSpecification","valueRequired":true,"valueName":"search_term_string"}}],"inLanguage":"es"},{"@type":"Person","@id":"https:\/\/kuali.com.mx\/web\/#\/schema\/person\/6f89ffa8ecba9dae50662357923c5289","name":"Kuali Staff","image":{"@type":"ImageObject","inLanguage":"es","@id":"https:\/\/secure.gravatar.com\/avatar\/f917ad82e5ab71227a733c78b6e60715476f69ee6be59feee4eb5d9920c89e0f?s=96&d=mm&r=g","url":"https:\/\/secure.gravatar.com\/avatar\/f917ad82e5ab71227a733c78b6e60715476f69ee6be59feee4eb5d9920c89e0f?s=96&d=mm&r=g","contentUrl":"https:\/\/secure.gravatar.com\/avatar\/f917ad82e5ab71227a733c78b6e60715476f69ee6be59feee4eb5d9920c89e0f?s=96&d=mm&r=g","caption":"Kuali Staff"},"url":"https:\/\/kuali.com.mx\/web\/author\/lagarto\/"}]}},"_links":{"self":[{"href":"https:\/\/kuali.com.mx\/web\/wp-json\/wp\/v2\/posts\/180919","targetHints":{"allow":["GET"]}}],"collection":[{"href":"https:\/\/kuali.com.mx\/web\/wp-json\/wp\/v2\/posts"}],"about":[{"href":"https:\/\/kuali.com.mx\/web\/wp-json\/wp\/v2\/types\/post"}],"author":[{"embeddable":true,"href":"https:\/\/kuali.com.mx\/web\/wp-json\/wp\/v2\/users\/2"}],"replies":[{"embeddable":true,"href":"https:\/\/kuali.com.mx\/web\/wp-json\/wp\/v2\/comments?post=180919"}],"version-history":[{"count":3,"href":"https:\/\/kuali.com.mx\/web\/wp-json\/wp\/v2\/posts\/180919\/revisions"}],"predecessor-version":[{"id":180995,"href":"https:\/\/kuali.com.mx\/web\/wp-json\/wp\/v2\/posts\/180919\/revisions\/180995"}],"wp:featuredmedia":[{"embeddable":true,"href":"https:\/\/kuali.com.mx\/web\/wp-json\/wp\/v2\/media\/180922"}],"wp:attachment":[{"href":"https:\/\/kuali.com.mx\/web\/wp-json\/wp\/v2\/media?parent=180919"}],"wp:term":[{"taxonomy":"category","embeddable":true,"href":"https:\/\/kuali.com.mx\/web\/wp-json\/wp\/v2\/categories?post=180919"},{"taxonomy":"post_tag","embeddable":true,"href":"https:\/\/kuali.com.mx\/web\/wp-json\/wp\/v2\/tags?post=180919"}],"curies":[{"name":"wp","href":"https:\/\/api.w.org\/{rel}","templated":true}]}}