{"id":180910,"date":"2025-07-19T19:19:27","date_gmt":"2025-07-20T01:19:27","guid":{"rendered":"https:\/\/kuali.com.mx\/web\/?p=180910"},"modified":"2025-07-20T07:30:40","modified_gmt":"2025-07-20T13:30:40","slug":"encuentran-a-joven-de-guanajuato-en-silao","status":"publish","type":"post","link":"https:\/\/kuali.com.mx\/web\/2025\/07\/19\/encuentran-a-joven-de-guanajuato-en-silao\/","title":{"rendered":"ENCUENTRAN A JOVEN DE GUANAJUATO EN SILAO"},"content":{"rendered":"\n<p><strong><em>Kuali\/Silao, Gto.-<\/em><\/strong> La C\u00e9lula Municipal de B\u00fasqueda de Personas encontr\u00f3 en Silao al joven capitalino Andr\u00e9s, de 20 a\u00f1os de edad, tras cuatro d\u00edas de intensa b\u00fasqueda.<\/p>\n\n\n\n<p>El joven hab\u00eda sido reportado como no localizado desde el pasado mi\u00e9rcoles por su mam\u00e1, quien solicit\u00f3 el apoyo de la Secretar\u00eda de Seguridad Ciudadana para dar con el paradero de su hijo, inform\u00f3 la Presidencia Municipal de Silao en un comunicado.<\/p>\n\n\n\n<p>La C\u00e9lula Municipal de B\u00fasqueda activ\u00f3 sus protocolos en cuanto se recibi\u00f3 el reporte, en apego a los principios de actuaci\u00f3n inmediata, coordinaci\u00f3n interinstitucional y enfoque centrado en la protecci\u00f3n de los derechos humanos.<\/p>\n\n\n\n<p>Tras labores de investigaci\u00f3n, la C\u00e9lula Municipal logr\u00f3 dar con el paradero del joven en el fraccionamiento La Curva. Al confirmarse su identidad y luego de revisarse su estado f\u00edsico, fue posible el reencuentro con su familia.<\/p>\n","protected":false},"excerpt":{"rendered":"Kuali\/Silao, Gto.- La C\u00e9lula Municipal de B\u00fasqueda de Personas encontr\u00f3 en Silao al joven capitalino Andr\u00e9s, de 20 a\u00f1os de edad, tras cuatro d\u00edas de intensa b\u00fasqueda. El joven hab\u00eda sido reportado como no localizado desde el pasado mi\u00e9rcoles por su mam\u00e1, quien solicit\u00f3 el apoyo de la Secretar\u00eda de Seguridad Ciudadana para dar con [&hellip;]","protected":false},"author":2,"featured_media":180913,"comment_status":"open","ping_status":"open","sticky":false,"template":"","format":"standard","meta":{"_seopress_robots_primary_cat":"none","_seopress_titles_title":"","_seopress_titles_desc":"","_seopress_robots_index":"","_monsterinsights_skip_tracking":false,"_monsterinsights_sitenote_active":false,"_monsterinsights_sitenote_note":"","_monsterinsights_sitenote_category":0,"footnotes":""},"categories":[3],"tags":[5346,4512,12],"class_list":["post-180910","post","type-post","status-publish","format-standard","has-post-thumbnail","hentry","category-politica","tag-celula-de-busqueda-de-personas","tag-personas-extraviadas","tag-silao"],"yoast_head":"<!-- This site is optimized with the Yoast SEO plugin v27.4 - https:\/\/yoast.com\/product\/yoast-seo-wordpress\/ -->\n<title>ENCUENTRAN A JOVEN DE GUANAJUATO EN SILAO - Kuali<\/title>\n<meta name=\"robots\" content=\"index, follow, max-snippet:-1, max-image-preview:large, max-video-preview:-1\" \/>\n<link rel=\"canonical\" href=\"https:\/\/kuali.com.mx\/web\/2025\/07\/19\/encuentran-a-joven-de-guanajuato-en-silao\/\" \/>\n<meta property=\"og:locale\" content=\"es_MX\" \/>\n<meta property=\"og:type\" content=\"article\" \/>\n<meta property=\"og:title\" content=\"ENCUENTRAN A JOVEN DE GUANAJUATO EN SILAO - Kuali\" \/>\n<meta property=\"og:description\" content=\"Kuali\/Silao, Gto.- La C\u00e9lula Municipal de B\u00fasqueda de Personas encontr\u00f3 en Silao al joven capitalino Andr\u00e9s, de 20 a\u00f1os de edad, tras cuatro d\u00edas de intensa b\u00fasqueda. El joven hab\u00eda sido reportado como no localizado desde el pasado mi\u00e9rcoles por su mam\u00e1, quien solicit\u00f3 el apoyo de la Secretar\u00eda de Seguridad Ciudadana para dar con [&hellip;]\" \/>\n<meta property=\"og:url\" content=\"https:\/\/kuali.com.mx\/web\/2025\/07\/19\/encuentran-a-joven-de-guanajuato-en-silao\/\" \/>\n<meta property=\"og:site_name\" content=\"Kuali\" \/>\n<meta property=\"article:publisher\" content=\"https:\/\/kuali.com.mx\/web\/wp-content\/uploads\/2018\/04\/cropped-kuali_logo-1-1.png\" \/>\n<meta property=\"article:published_time\" content=\"2025-07-20T01:19:27+00:00\" \/>\n<meta property=\"article:modified_time\" content=\"2025-07-20T13:30:40+00:00\" \/>\n<meta property=\"og:image\" content=\"https:\/\/kuali.com.mx\/web\/wp-content\/uploads\/2025\/07\/Joven-de-Guanajuato-localizado-en-Silao.gif\" \/>\n\t<meta property=\"og:image:width\" content=\"1700\" \/>\n\t<meta property=\"og:image:height\" content=\"750\" \/>\n\t<meta property=\"og:image:type\" content=\"image\/gif\" \/>\n<meta name=\"author\" content=\"Kuali Staff\" \/>\n<meta name=\"twitter:card\" content=\"summary_large_image\" \/>\n<meta name=\"twitter:creator\" content=\"@kuali_noticias\" \/>\n<meta name=\"twitter:site\" content=\"@kuali_noticias\" \/>\n<meta name=\"twitter:label1\" content=\"Escrito por\" \/>\n\t<meta name=\"twitter:data1\" content=\"Kuali Staff\" \/>\n\t<meta name=\"twitter:label2\" content=\"Tiempo de lectura\" \/>\n\t<meta name=\"twitter:data2\" content=\"1 minuto\" \/>\n<script type=\"application\/ld+json\" class=\"yoast-schema-graph\">{\"@context\":\"https:\\\/\\\/schema.org\",\"@graph\":[{\"@type\":\"Article\",\"@id\":\"https:\\\/\\\/kuali.com.mx\\\/web\\\/2025\\\/07\\\/19\\\/encuentran-a-joven-de-guanajuato-en-silao\\\/#article\",\"isPartOf\":{\"@id\":\"https:\\\/\\\/kuali.com.mx\\\/web\\\/2025\\\/07\\\/19\\\/encuentran-a-joven-de-guanajuato-en-silao\\\/\"},\"author\":{\"name\":\"Kuali Staff\",\"@id\":\"https:\\\/\\\/kuali.com.mx\\\/web\\\/#\\\/schema\\\/person\\\/6f89ffa8ecba9dae50662357923c5289\"},\"headline\":\"ENCUENTRAN A JOVEN DE GUANAJUATO EN SILAO\",\"datePublished\":\"2025-07-20T01:19:27+00:00\",\"dateModified\":\"2025-07-20T13:30:40+00:00\",\"mainEntityOfPage\":{\"@id\":\"https:\\\/\\\/kuali.com.mx\\\/web\\\/2025\\\/07\\\/19\\\/encuentran-a-joven-de-guanajuato-en-silao\\\/\"},\"wordCount\":165,\"commentCount\":0,\"image\":{\"@id\":\"https:\\\/\\\/kuali.com.mx\\\/web\\\/2025\\\/07\\\/19\\\/encuentran-a-joven-de-guanajuato-en-silao\\\/#primaryimage\"},\"thumbnailUrl\":\"https:\\\/\\\/kuali.com.mx\\\/web\\\/wp-content\\\/uploads\\\/2025\\\/07\\\/Joven-de-Guanajuato-localizado-en-Silao.gif\",\"keywords\":[\"C\u00e9lula de b\u00fasqueda de personas\",\"Personas extraviadas\",\"Silao\"],\"articleSection\":[\"Pol\u00edtica\"],\"inLanguage\":\"es\",\"potentialAction\":[{\"@type\":\"CommentAction\",\"name\":\"Comment\",\"target\":[\"https:\\\/\\\/kuali.com.mx\\\/web\\\/2025\\\/07\\\/19\\\/encuentran-a-joven-de-guanajuato-en-silao\\\/#respond\"]}]},{\"@type\":\"WebPage\",\"@id\":\"https:\\\/\\\/kuali.com.mx\\\/web\\\/2025\\\/07\\\/19\\\/encuentran-a-joven-de-guanajuato-en-silao\\\/\",\"url\":\"https:\\\/\\\/kuali.com.mx\\\/web\\\/2025\\\/07\\\/19\\\/encuentran-a-joven-de-guanajuato-en-silao\\\/\",\"name\":\"ENCUENTRAN A JOVEN DE GUANAJUATO EN SILAO - Kuali\",\"isPartOf\":{\"@id\":\"https:\\\/\\\/kuali.com.mx\\\/web\\\/#website\"},\"primaryImageOfPage\":{\"@id\":\"https:\\\/\\\/kuali.com.mx\\\/web\\\/2025\\\/07\\\/19\\\/encuentran-a-joven-de-guanajuato-en-silao\\\/#primaryimage\"},\"image\":{\"@id\":\"https:\\\/\\\/kuali.com.mx\\\/web\\\/2025\\\/07\\\/19\\\/encuentran-a-joven-de-guanajuato-en-silao\\\/#primaryimage\"},\"thumbnailUrl\":\"https:\\\/\\\/kuali.com.mx\\\/web\\\/wp-content\\\/uploads\\\/2025\\\/07\\\/Joven-de-Guanajuato-localizado-en-Silao.gif\",\"datePublished\":\"2025-07-20T01:19:27+00:00\",\"dateModified\":\"2025-07-20T13:30:40+00:00\",\"author\":{\"@id\":\"https:\\\/\\\/kuali.com.mx\\\/web\\\/#\\\/schema\\\/person\\\/6f89ffa8ecba9dae50662357923c5289\"},\"breadcrumb\":{\"@id\":\"https:\\\/\\\/kuali.com.mx\\\/web\\\/2025\\\/07\\\/19\\\/encuentran-a-joven-de-guanajuato-en-silao\\\/#breadcrumb\"},\"inLanguage\":\"es\",\"potentialAction\":[{\"@type\":\"ReadAction\",\"target\":[\"https:\\\/\\\/kuali.com.mx\\\/web\\\/2025\\\/07\\\/19\\\/encuentran-a-joven-de-guanajuato-en-silao\\\/\"]}]},{\"@type\":\"ImageObject\",\"inLanguage\":\"es\",\"@id\":\"https:\\\/\\\/kuali.com.mx\\\/web\\\/2025\\\/07\\\/19\\\/encuentran-a-joven-de-guanajuato-en-silao\\\/#primaryimage\",\"url\":\"https:\\\/\\\/kuali.com.mx\\\/web\\\/wp-content\\\/uploads\\\/2025\\\/07\\\/Joven-de-Guanajuato-localizado-en-Silao.gif\",\"contentUrl\":\"https:\\\/\\\/kuali.com.mx\\\/web\\\/wp-content\\\/uploads\\\/2025\\\/07\\\/Joven-de-Guanajuato-localizado-en-Silao.gif\",\"width\":1700,\"height\":750},{\"@type\":\"BreadcrumbList\",\"@id\":\"https:\\\/\\\/kuali.com.mx\\\/web\\\/2025\\\/07\\\/19\\\/encuentran-a-joven-de-guanajuato-en-silao\\\/#breadcrumb\",\"itemListElement\":[{\"@type\":\"ListItem\",\"position\":1,\"name\":\"Inicio\",\"item\":\"https:\\\/\\\/kuali.com.mx\\\/web\\\/\"},{\"@type\":\"ListItem\",\"position\":2,\"name\":\"ENCUENTRAN A JOVEN DE GUANAJUATO EN SILAO\"}]},{\"@type\":\"WebSite\",\"@id\":\"https:\\\/\\\/kuali.com.mx\\\/web\\\/#website\",\"url\":\"https:\\\/\\\/kuali.com.mx\\\/web\\\/\",\"name\":\"Kuali\",\"description\":\"\",\"potentialAction\":[{\"@type\":\"SearchAction\",\"target\":{\"@type\":\"EntryPoint\",\"urlTemplate\":\"https:\\\/\\\/kuali.com.mx\\\/web\\\/?s={search_term_string}\"},\"query-input\":{\"@type\":\"PropertyValueSpecification\",\"valueRequired\":true,\"valueName\":\"search_term_string\"}}],\"inLanguage\":\"es\"},{\"@type\":\"Person\",\"@id\":\"https:\\\/\\\/kuali.com.mx\\\/web\\\/#\\\/schema\\\/person\\\/6f89ffa8ecba9dae50662357923c5289\",\"name\":\"Kuali Staff\",\"image\":{\"@type\":\"ImageObject\",\"inLanguage\":\"es\",\"@id\":\"https:\\\/\\\/secure.gravatar.com\\\/avatar\\\/f917ad82e5ab71227a733c78b6e60715476f69ee6be59feee4eb5d9920c89e0f?s=96&d=mm&r=g\",\"url\":\"https:\\\/\\\/secure.gravatar.com\\\/avatar\\\/f917ad82e5ab71227a733c78b6e60715476f69ee6be59feee4eb5d9920c89e0f?s=96&d=mm&r=g\",\"contentUrl\":\"https:\\\/\\\/secure.gravatar.com\\\/avatar\\\/f917ad82e5ab71227a733c78b6e60715476f69ee6be59feee4eb5d9920c89e0f?s=96&d=mm&r=g\",\"caption\":\"Kuali Staff\"},\"url\":\"https:\\\/\\\/kuali.com.mx\\\/web\\\/author\\\/lagarto\\\/\"}]}<\/script>\n<!-- \/ Yoast SEO plugin. -->","yoast_head_json":{"title":"ENCUENTRAN A JOVEN DE GUANAJUATO EN SILAO - Kuali","robots":{"index":"index","follow":"follow","max-snippet":"max-snippet:-1","max-image-preview":"max-image-preview:large","max-video-preview":"max-video-preview:-1"},"canonical":"https:\/\/kuali.com.mx\/web\/2025\/07\/19\/encuentran-a-joven-de-guanajuato-en-silao\/","og_locale":"es_MX","og_type":"article","og_title":"ENCUENTRAN A JOVEN DE GUANAJUATO EN SILAO - Kuali","og_description":"Kuali\/Silao, Gto.- La C\u00e9lula Municipal de B\u00fasqueda de Personas encontr\u00f3 en Silao al joven capitalino Andr\u00e9s, de 20 a\u00f1os de edad, tras cuatro d\u00edas de intensa b\u00fasqueda. El joven hab\u00eda sido reportado como no localizado desde el pasado mi\u00e9rcoles por su mam\u00e1, quien solicit\u00f3 el apoyo de la Secretar\u00eda de Seguridad Ciudadana para dar con [&hellip;]","og_url":"https:\/\/kuali.com.mx\/web\/2025\/07\/19\/encuentran-a-joven-de-guanajuato-en-silao\/","og_site_name":"Kuali","article_publisher":"https:\/\/kuali.com.mx\/web\/wp-content\/uploads\/2018\/04\/cropped-kuali_logo-1-1.png","article_published_time":"2025-07-20T01:19:27+00:00","article_modified_time":"2025-07-20T13:30:40+00:00","og_image":[{"width":1700,"height":750,"url":"https:\/\/kuali.com.mx\/web\/wp-content\/uploads\/2025\/07\/Joven-de-Guanajuato-localizado-en-Silao.gif","type":"image\/gif"}],"author":"Kuali Staff","twitter_card":"summary_large_image","twitter_creator":"@kuali_noticias","twitter_site":"@kuali_noticias","twitter_misc":{"Escrito por":"Kuali Staff","Tiempo de lectura":"1 minuto"},"schema":{"@context":"https:\/\/schema.org","@graph":[{"@type":"Article","@id":"https:\/\/kuali.com.mx\/web\/2025\/07\/19\/encuentran-a-joven-de-guanajuato-en-silao\/#article","isPartOf":{"@id":"https:\/\/kuali.com.mx\/web\/2025\/07\/19\/encuentran-a-joven-de-guanajuato-en-silao\/"},"author":{"name":"Kuali Staff","@id":"https:\/\/kuali.com.mx\/web\/#\/schema\/person\/6f89ffa8ecba9dae50662357923c5289"},"headline":"ENCUENTRAN A JOVEN DE GUANAJUATO EN SILAO","datePublished":"2025-07-20T01:19:27+00:00","dateModified":"2025-07-20T13:30:40+00:00","mainEntityOfPage":{"@id":"https:\/\/kuali.com.mx\/web\/2025\/07\/19\/encuentran-a-joven-de-guanajuato-en-silao\/"},"wordCount":165,"commentCount":0,"image":{"@id":"https:\/\/kuali.com.mx\/web\/2025\/07\/19\/encuentran-a-joven-de-guanajuato-en-silao\/#primaryimage"},"thumbnailUrl":"https:\/\/kuali.com.mx\/web\/wp-content\/uploads\/2025\/07\/Joven-de-Guanajuato-localizado-en-Silao.gif","keywords":["C\u00e9lula de b\u00fasqueda de personas","Personas extraviadas","Silao"],"articleSection":["Pol\u00edtica"],"inLanguage":"es","potentialAction":[{"@type":"CommentAction","name":"Comment","target":["https:\/\/kuali.com.mx\/web\/2025\/07\/19\/encuentran-a-joven-de-guanajuato-en-silao\/#respond"]}]},{"@type":"WebPage","@id":"https:\/\/kuali.com.mx\/web\/2025\/07\/19\/encuentran-a-joven-de-guanajuato-en-silao\/","url":"https:\/\/kuali.com.mx\/web\/2025\/07\/19\/encuentran-a-joven-de-guanajuato-en-silao\/","name":"ENCUENTRAN A JOVEN DE GUANAJUATO EN SILAO - Kuali","isPartOf":{"@id":"https:\/\/kuali.com.mx\/web\/#website"},"primaryImageOfPage":{"@id":"https:\/\/kuali.com.mx\/web\/2025\/07\/19\/encuentran-a-joven-de-guanajuato-en-silao\/#primaryimage"},"image":{"@id":"https:\/\/kuali.com.mx\/web\/2025\/07\/19\/encuentran-a-joven-de-guanajuato-en-silao\/#primaryimage"},"thumbnailUrl":"https:\/\/kuali.com.mx\/web\/wp-content\/uploads\/2025\/07\/Joven-de-Guanajuato-localizado-en-Silao.gif","datePublished":"2025-07-20T01:19:27+00:00","dateModified":"2025-07-20T13:30:40+00:00","author":{"@id":"https:\/\/kuali.com.mx\/web\/#\/schema\/person\/6f89ffa8ecba9dae50662357923c5289"},"breadcrumb":{"@id":"https:\/\/kuali.com.mx\/web\/2025\/07\/19\/encuentran-a-joven-de-guanajuato-en-silao\/#breadcrumb"},"inLanguage":"es","potentialAction":[{"@type":"ReadAction","target":["https:\/\/kuali.com.mx\/web\/2025\/07\/19\/encuentran-a-joven-de-guanajuato-en-silao\/"]}]},{"@type":"ImageObject","inLanguage":"es","@id":"https:\/\/kuali.com.mx\/web\/2025\/07\/19\/encuentran-a-joven-de-guanajuato-en-silao\/#primaryimage","url":"https:\/\/kuali.com.mx\/web\/wp-content\/uploads\/2025\/07\/Joven-de-Guanajuato-localizado-en-Silao.gif","contentUrl":"https:\/\/kuali.com.mx\/web\/wp-content\/uploads\/2025\/07\/Joven-de-Guanajuato-localizado-en-Silao.gif","width":1700,"height":750},{"@type":"BreadcrumbList","@id":"https:\/\/kuali.com.mx\/web\/2025\/07\/19\/encuentran-a-joven-de-guanajuato-en-silao\/#breadcrumb","itemListElement":[{"@type":"ListItem","position":1,"name":"Inicio","item":"https:\/\/kuali.com.mx\/web\/"},{"@type":"ListItem","position":2,"name":"ENCUENTRAN A JOVEN DE GUANAJUATO EN SILAO"}]},{"@type":"WebSite","@id":"https:\/\/kuali.com.mx\/web\/#website","url":"https:\/\/kuali.com.mx\/web\/","name":"Kuali","description":"","potentialAction":[{"@type":"SearchAction","target":{"@type":"EntryPoint","urlTemplate":"https:\/\/kuali.com.mx\/web\/?s={search_term_string}"},"query-input":{"@type":"PropertyValueSpecification","valueRequired":true,"valueName":"search_term_string"}}],"inLanguage":"es"},{"@type":"Person","@id":"https:\/\/kuali.com.mx\/web\/#\/schema\/person\/6f89ffa8ecba9dae50662357923c5289","name":"Kuali Staff","image":{"@type":"ImageObject","inLanguage":"es","@id":"https:\/\/secure.gravatar.com\/avatar\/f917ad82e5ab71227a733c78b6e60715476f69ee6be59feee4eb5d9920c89e0f?s=96&d=mm&r=g","url":"https:\/\/secure.gravatar.com\/avatar\/f917ad82e5ab71227a733c78b6e60715476f69ee6be59feee4eb5d9920c89e0f?s=96&d=mm&r=g","contentUrl":"https:\/\/secure.gravatar.com\/avatar\/f917ad82e5ab71227a733c78b6e60715476f69ee6be59feee4eb5d9920c89e0f?s=96&d=mm&r=g","caption":"Kuali Staff"},"url":"https:\/\/kuali.com.mx\/web\/author\/lagarto\/"}]}},"_links":{"self":[{"href":"https:\/\/kuali.com.mx\/web\/wp-json\/wp\/v2\/posts\/180910","targetHints":{"allow":["GET"]}}],"collection":[{"href":"https:\/\/kuali.com.mx\/web\/wp-json\/wp\/v2\/posts"}],"about":[{"href":"https:\/\/kuali.com.mx\/web\/wp-json\/wp\/v2\/types\/post"}],"author":[{"embeddable":true,"href":"https:\/\/kuali.com.mx\/web\/wp-json\/wp\/v2\/users\/2"}],"replies":[{"embeddable":true,"href":"https:\/\/kuali.com.mx\/web\/wp-json\/wp\/v2\/comments?post=180910"}],"version-history":[{"count":3,"href":"https:\/\/kuali.com.mx\/web\/wp-json\/wp\/v2\/posts\/180910\/revisions"}],"predecessor-version":[{"id":180934,"href":"https:\/\/kuali.com.mx\/web\/wp-json\/wp\/v2\/posts\/180910\/revisions\/180934"}],"wp:featuredmedia":[{"embeddable":true,"href":"https:\/\/kuali.com.mx\/web\/wp-json\/wp\/v2\/media\/180913"}],"wp:attachment":[{"href":"https:\/\/kuali.com.mx\/web\/wp-json\/wp\/v2\/media?parent=180910"}],"wp:term":[{"taxonomy":"category","embeddable":true,"href":"https:\/\/kuali.com.mx\/web\/wp-json\/wp\/v2\/categories?post=180910"},{"taxonomy":"post_tag","embeddable":true,"href":"https:\/\/kuali.com.mx\/web\/wp-json\/wp\/v2\/tags?post=180910"}],"curies":[{"name":"wp","href":"https:\/\/api.w.org\/{rel}","templated":true}]}}