{"id":180905,"date":"2025-07-20T12:00:00","date_gmt":"2025-07-20T18:00:00","guid":{"rendered":"https:\/\/kuali.com.mx\/web\/?p=180905"},"modified":"2025-07-19T18:55:42","modified_gmt":"2025-07-20T00:55:42","slug":"llega-danza-de-eslovenia-al-treatro-del-bicentenario","status":"publish","type":"post","link":"https:\/\/kuali.com.mx\/web\/2025\/07\/20\/llega-danza-de-eslovenia-al-treatro-del-bicentenario\/","title":{"rendered":"LLEGA DANZA DE ESLOVENIA AL TREATRO DEL BICENTENARIO"},"content":{"rendered":"\n<p>Kuali\/Le\u00f3n, Gto.- La danza contempor\u00e1nea de Eslovenia llegar\u00e1 al Teatro del Bicentenario Roberto Plascencia Salda\u00f1a a cargo de la reconocida core\u00f3grafa y bailarina Ur\u0161ka Centa y el actor Domen Novak, quienes interpretar\u00e1n la obra \"All\u00e1, en el jard\u00edn\", una pieza de danza-teatro.<\/p>\n\n\n\n<p><em>All\u00e1, en el jard\u00edn<\/em>\u00a0es una invitaci\u00f3n al universo compartido de dos individuos que revelan, desde la escucha, la sensibilidad y el cuerpo, nuevas formas de conexi\u00f3n con el entorno. A partir de su pr\u00e1ctica de escuchar a escondidas a la naturaleza, los int\u00e9rpretes descubren mundos sonoros y visuales que traducen a trav\u00e9s del movimiento. El jard\u00edn se convierte en un microcosmos de relaciones humanas, un espacio de juego, comunidad y contemplaci\u00f3n, donde las secuencias lineales de los acontecimientos son cuestionadas desde la intuici\u00f3n, el ritmo y la curiosidad.<\/p>\n\n\n\n<p>La primera funci\u00f3n se llevar\u00e1 a cabo el s\u00e1bado dos de agosto, a las 8:00 de la noche, en el Teatro Estudio del Teatro del Bicentenario Roberto Plasencia Salda\u00f1a, en la ciudad de Le\u00f3n. <\/p>\n\n\n\n<p>La entrada es gratuita con boleto, el cual podr\u00e1 recogerse el viernes primero de agosto en la taquilla del teatro. Se entregar\u00e1n m\u00e1ximo dos boletos por persona hasta agotar localidades. <\/p>\n\n\n\n<p>La segunda funci\u00f3n ser\u00e1 el jueves siete de agosto en el Teatro Ju\u00e1rez de Guanajuato capital, tambi\u00e9n a las 8:00 de la noche. En este caso, el acceso ser\u00e1 gratuito y sin boleto, con entrada libre hasta llenar aforo. La duraci\u00f3n aproximada de la obra es de 60 minutos, sin intermedio, y se recomienda para mayores de 15 a\u00f1os de edad.<\/p>\n\n\n\n<p><strong>Impartir\u00e1n taller<\/strong><\/p>\n\n\n\n<p>Como parte de la visita art\u00edstica, Ur\u0161ka Centa impartir\u00e1 el taller intensivo\u00a0<em>Topograf\u00eda del cuerpo<\/em>, los d\u00edas s\u00e1bado dos y domingo tres de agosto, de 10:00 de la ma\u00f1ana a 2:00 de la tarde. Est\u00e1 dirigido a bailarines con experiencia, as\u00ed como a performers, creadores esc\u00e9nicos y artistas interesados en investigar el cuerpo como medio de creaci\u00f3n. Se propone una exploraci\u00f3n del cuerpo entendido como archivo, mapa y fuente de significado, entrelazando pr\u00e1cticas som\u00e1ticas, flamenco, danza contempor\u00e1nea, exploraciones vocales y r\u00edtmicas.<\/p>\n\n\n\n<p>A trav\u00e9s de tareas sensoriales, micro movimientos, impulsos sonoros, palmas, zapateados, voz y dibujo, las y los participantes profundizar\u00e1n en su propia topograf\u00eda art\u00edstica: registros corporales de experiencias pasadas, influencias culturales y paisajes internos. Se trabajar\u00e1 el \u00e9nfasis en la escucha, la improvisaci\u00f3n y la presencia, promoviendo la conexi\u00f3n entre distintos lenguajes art\u00edsticos y el cruce de or\u00edgenes culturales y corporales que cada persona aporta, y en donde emergen las expresiones m\u00e1s complejas y aut\u00e9nticas.<\/p>\n\n\n\n<p>El taller no tiene costo, pero requiere registro previo a trav\u00e9s del siguiente formulario en l\u00ednea:&nbsp;<\/p>\n\n\n\n<p><a href=\"https:\/\/docs.google.com\/forms\/d\/e\/1FAIpQLSc9V1R7kMhHe-uefu1YOLyL5cyvC5zVn4eJu0i0AEySMkUiZw\/viewform?usp=header\">https:\/\/docs.google.com\/forms\/d\/e\/1FAIpQLSc9V1R7kMhHe-uefu1YOLyL5cyvC5zVn4eJu0i0AEySMkUiZw\/viewform?usp=header<\/a><\/p>\n\n\n\n<p>El cupo es limitado. Se recomienda acudir con ropa de trabajo, libreta para apuntes y, de ser posible, zapatos de flamenco.<\/p>\n","protected":false},"excerpt":{"rendered":"Kuali\/Le\u00f3n, Gto.- La danza contempor\u00e1nea de Eslovenia llegar\u00e1 al Teatro del Bicentenario Roberto Plascencia Salda\u00f1a a cargo de la reconocida core\u00f3grafa y bailarina Ur\u0161ka Centa y el actor Domen Novak, quienes interpretar\u00e1n la obra \"All\u00e1, en el jard\u00edn\", una pieza de danza-teatro. All\u00e1, en el jard\u00edn\u00a0es una invitaci\u00f3n al universo compartido de dos individuos que [&hellip;]","protected":false},"author":2,"featured_media":180908,"comment_status":"open","ping_status":"open","sticky":false,"template":"","format":"standard","meta":{"_seopress_robots_primary_cat":"none","_seopress_titles_title":"","_seopress_titles_desc":"","_seopress_robots_index":"","_monsterinsights_skip_tracking":false,"_monsterinsights_sitenote_active":false,"_monsterinsights_sitenote_note":"","_monsterinsights_sitenote_category":0,"footnotes":""},"categories":[8],"tags":[127,939,598,5537,5535,9,126,5536],"class_list":["post-180905","post","type-post","status-publish","format-standard","has-post-thumbnail","hentry","category-espectaculos","tag-arte-y-cultura","tag-artes-escenicas","tag-danza","tag-domen-novak","tag-eslovenia","tag-guanajuato","tag-teatro","tag-urska-centa"],"yoast_head":"<!-- This site is optimized with the Yoast SEO plugin v27.4 - https:\/\/yoast.com\/product\/yoast-seo-wordpress\/ -->\n<title>LLEGA DANZA DE ESLOVENIA AL TREATRO DEL BICENTENARIO - Kuali<\/title>\n<meta name=\"robots\" content=\"index, follow, max-snippet:-1, max-image-preview:large, max-video-preview:-1\" \/>\n<link rel=\"canonical\" href=\"https:\/\/kuali.com.mx\/web\/2025\/07\/20\/llega-danza-de-eslovenia-al-treatro-del-bicentenario\/\" \/>\n<meta property=\"og:locale\" content=\"es_MX\" \/>\n<meta property=\"og:type\" content=\"article\" \/>\n<meta property=\"og:title\" content=\"LLEGA DANZA DE ESLOVENIA AL TREATRO DEL BICENTENARIO - Kuali\" \/>\n<meta property=\"og:description\" content=\"Kuali\/Le\u00f3n, Gto.- La danza contempor\u00e1nea de Eslovenia llegar\u00e1 al Teatro del Bicentenario Roberto Plascencia Salda\u00f1a a cargo de la reconocida core\u00f3grafa y bailarina Ur\u0161ka Centa y el actor Domen Novak, quienes interpretar\u00e1n la obra &quot;All\u00e1, en el jard\u00edn&quot;, una pieza de danza-teatro. All\u00e1, en el jard\u00edn\u00a0es una invitaci\u00f3n al universo compartido de dos individuos que [&hellip;]\" \/>\n<meta property=\"og:url\" content=\"https:\/\/kuali.com.mx\/web\/2025\/07\/20\/llega-danza-de-eslovenia-al-treatro-del-bicentenario\/\" \/>\n<meta property=\"og:site_name\" content=\"Kuali\" \/>\n<meta property=\"article:publisher\" content=\"https:\/\/kuali.com.mx\/web\/wp-content\/uploads\/2018\/04\/cropped-kuali_logo-1-1.png\" \/>\n<meta property=\"article:published_time\" content=\"2025-07-20T18:00:00+00:00\" \/>\n<meta property=\"og:image\" content=\"https:\/\/kuali.com.mx\/web\/wp-content\/uploads\/2025\/07\/Danza-Alla-en-el-Jardin.gif\" \/>\n\t<meta property=\"og:image:width\" content=\"1700\" \/>\n\t<meta property=\"og:image:height\" content=\"750\" \/>\n\t<meta property=\"og:image:type\" content=\"image\/gif\" \/>\n<meta name=\"author\" content=\"Kuali Staff\" \/>\n<meta name=\"twitter:card\" content=\"summary_large_image\" \/>\n<meta name=\"twitter:creator\" content=\"@kuali_noticias\" \/>\n<meta name=\"twitter:site\" content=\"@kuali_noticias\" \/>\n<meta name=\"twitter:label1\" content=\"Escrito por\" \/>\n\t<meta name=\"twitter:data1\" content=\"Kuali Staff\" \/>\n\t<meta name=\"twitter:label2\" content=\"Tiempo de lectura\" \/>\n\t<meta name=\"twitter:data2\" content=\"3 minutos\" \/>\n<script type=\"application\/ld+json\" class=\"yoast-schema-graph\">{\"@context\":\"https:\\\/\\\/schema.org\",\"@graph\":[{\"@type\":\"Article\",\"@id\":\"https:\\\/\\\/kuali.com.mx\\\/web\\\/2025\\\/07\\\/20\\\/llega-danza-de-eslovenia-al-treatro-del-bicentenario\\\/#article\",\"isPartOf\":{\"@id\":\"https:\\\/\\\/kuali.com.mx\\\/web\\\/2025\\\/07\\\/20\\\/llega-danza-de-eslovenia-al-treatro-del-bicentenario\\\/\"},\"author\":{\"name\":\"Kuali Staff\",\"@id\":\"https:\\\/\\\/kuali.com.mx\\\/web\\\/#\\\/schema\\\/person\\\/6f89ffa8ecba9dae50662357923c5289\"},\"headline\":\"LLEGA DANZA DE ESLOVENIA AL TREATRO DEL BICENTENARIO\",\"datePublished\":\"2025-07-20T18:00:00+00:00\",\"mainEntityOfPage\":{\"@id\":\"https:\\\/\\\/kuali.com.mx\\\/web\\\/2025\\\/07\\\/20\\\/llega-danza-de-eslovenia-al-treatro-del-bicentenario\\\/\"},\"wordCount\":529,\"commentCount\":0,\"image\":{\"@id\":\"https:\\\/\\\/kuali.com.mx\\\/web\\\/2025\\\/07\\\/20\\\/llega-danza-de-eslovenia-al-treatro-del-bicentenario\\\/#primaryimage\"},\"thumbnailUrl\":\"https:\\\/\\\/kuali.com.mx\\\/web\\\/wp-content\\\/uploads\\\/2025\\\/07\\\/Danza-Alla-en-el-Jardin.gif\",\"keywords\":[\"Arte y cultura\",\"Artes esc\u00e9nicas\",\"Danza\",\"Domen Novak\",\"Eslovenia\",\"Guanajuato\",\"Teatro\",\"Ur\u0161ka Centa\"],\"articleSection\":[\"Cultura\"],\"inLanguage\":\"es\",\"potentialAction\":[{\"@type\":\"CommentAction\",\"name\":\"Comment\",\"target\":[\"https:\\\/\\\/kuali.com.mx\\\/web\\\/2025\\\/07\\\/20\\\/llega-danza-de-eslovenia-al-treatro-del-bicentenario\\\/#respond\"]}]},{\"@type\":\"WebPage\",\"@id\":\"https:\\\/\\\/kuali.com.mx\\\/web\\\/2025\\\/07\\\/20\\\/llega-danza-de-eslovenia-al-treatro-del-bicentenario\\\/\",\"url\":\"https:\\\/\\\/kuali.com.mx\\\/web\\\/2025\\\/07\\\/20\\\/llega-danza-de-eslovenia-al-treatro-del-bicentenario\\\/\",\"name\":\"LLEGA DANZA DE ESLOVENIA AL TREATRO DEL BICENTENARIO - Kuali\",\"isPartOf\":{\"@id\":\"https:\\\/\\\/kuali.com.mx\\\/web\\\/#website\"},\"primaryImageOfPage\":{\"@id\":\"https:\\\/\\\/kuali.com.mx\\\/web\\\/2025\\\/07\\\/20\\\/llega-danza-de-eslovenia-al-treatro-del-bicentenario\\\/#primaryimage\"},\"image\":{\"@id\":\"https:\\\/\\\/kuali.com.mx\\\/web\\\/2025\\\/07\\\/20\\\/llega-danza-de-eslovenia-al-treatro-del-bicentenario\\\/#primaryimage\"},\"thumbnailUrl\":\"https:\\\/\\\/kuali.com.mx\\\/web\\\/wp-content\\\/uploads\\\/2025\\\/07\\\/Danza-Alla-en-el-Jardin.gif\",\"datePublished\":\"2025-07-20T18:00:00+00:00\",\"author\":{\"@id\":\"https:\\\/\\\/kuali.com.mx\\\/web\\\/#\\\/schema\\\/person\\\/6f89ffa8ecba9dae50662357923c5289\"},\"breadcrumb\":{\"@id\":\"https:\\\/\\\/kuali.com.mx\\\/web\\\/2025\\\/07\\\/20\\\/llega-danza-de-eslovenia-al-treatro-del-bicentenario\\\/#breadcrumb\"},\"inLanguage\":\"es\",\"potentialAction\":[{\"@type\":\"ReadAction\",\"target\":[\"https:\\\/\\\/kuali.com.mx\\\/web\\\/2025\\\/07\\\/20\\\/llega-danza-de-eslovenia-al-treatro-del-bicentenario\\\/\"]}]},{\"@type\":\"ImageObject\",\"inLanguage\":\"es\",\"@id\":\"https:\\\/\\\/kuali.com.mx\\\/web\\\/2025\\\/07\\\/20\\\/llega-danza-de-eslovenia-al-treatro-del-bicentenario\\\/#primaryimage\",\"url\":\"https:\\\/\\\/kuali.com.mx\\\/web\\\/wp-content\\\/uploads\\\/2025\\\/07\\\/Danza-Alla-en-el-Jardin.gif\",\"contentUrl\":\"https:\\\/\\\/kuali.com.mx\\\/web\\\/wp-content\\\/uploads\\\/2025\\\/07\\\/Danza-Alla-en-el-Jardin.gif\",\"width\":1700,\"height\":750},{\"@type\":\"BreadcrumbList\",\"@id\":\"https:\\\/\\\/kuali.com.mx\\\/web\\\/2025\\\/07\\\/20\\\/llega-danza-de-eslovenia-al-treatro-del-bicentenario\\\/#breadcrumb\",\"itemListElement\":[{\"@type\":\"ListItem\",\"position\":1,\"name\":\"Inicio\",\"item\":\"https:\\\/\\\/kuali.com.mx\\\/web\\\/\"},{\"@type\":\"ListItem\",\"position\":2,\"name\":\"LLEGA DANZA DE ESLOVENIA AL TREATRO DEL BICENTENARIO\"}]},{\"@type\":\"WebSite\",\"@id\":\"https:\\\/\\\/kuali.com.mx\\\/web\\\/#website\",\"url\":\"https:\\\/\\\/kuali.com.mx\\\/web\\\/\",\"name\":\"Kuali\",\"description\":\"\",\"potentialAction\":[{\"@type\":\"SearchAction\",\"target\":{\"@type\":\"EntryPoint\",\"urlTemplate\":\"https:\\\/\\\/kuali.com.mx\\\/web\\\/?s={search_term_string}\"},\"query-input\":{\"@type\":\"PropertyValueSpecification\",\"valueRequired\":true,\"valueName\":\"search_term_string\"}}],\"inLanguage\":\"es\"},{\"@type\":\"Person\",\"@id\":\"https:\\\/\\\/kuali.com.mx\\\/web\\\/#\\\/schema\\\/person\\\/6f89ffa8ecba9dae50662357923c5289\",\"name\":\"Kuali Staff\",\"image\":{\"@type\":\"ImageObject\",\"inLanguage\":\"es\",\"@id\":\"https:\\\/\\\/secure.gravatar.com\\\/avatar\\\/f917ad82e5ab71227a733c78b6e60715476f69ee6be59feee4eb5d9920c89e0f?s=96&d=mm&r=g\",\"url\":\"https:\\\/\\\/secure.gravatar.com\\\/avatar\\\/f917ad82e5ab71227a733c78b6e60715476f69ee6be59feee4eb5d9920c89e0f?s=96&d=mm&r=g\",\"contentUrl\":\"https:\\\/\\\/secure.gravatar.com\\\/avatar\\\/f917ad82e5ab71227a733c78b6e60715476f69ee6be59feee4eb5d9920c89e0f?s=96&d=mm&r=g\",\"caption\":\"Kuali Staff\"},\"url\":\"https:\\\/\\\/kuali.com.mx\\\/web\\\/author\\\/lagarto\\\/\"}]}<\/script>\n<!-- \/ Yoast SEO plugin. -->","yoast_head_json":{"title":"LLEGA DANZA DE ESLOVENIA AL TREATRO DEL BICENTENARIO - Kuali","robots":{"index":"index","follow":"follow","max-snippet":"max-snippet:-1","max-image-preview":"max-image-preview:large","max-video-preview":"max-video-preview:-1"},"canonical":"https:\/\/kuali.com.mx\/web\/2025\/07\/20\/llega-danza-de-eslovenia-al-treatro-del-bicentenario\/","og_locale":"es_MX","og_type":"article","og_title":"LLEGA DANZA DE ESLOVENIA AL TREATRO DEL BICENTENARIO - Kuali","og_description":"Kuali\/Le\u00f3n, Gto.- La danza contempor\u00e1nea de Eslovenia llegar\u00e1 al Teatro del Bicentenario Roberto Plascencia Salda\u00f1a a cargo de la reconocida core\u00f3grafa y bailarina Ur\u0161ka Centa y el actor Domen Novak, quienes interpretar\u00e1n la obra \"All\u00e1, en el jard\u00edn\", una pieza de danza-teatro. All\u00e1, en el jard\u00edn\u00a0es una invitaci\u00f3n al universo compartido de dos individuos que [&hellip;]","og_url":"https:\/\/kuali.com.mx\/web\/2025\/07\/20\/llega-danza-de-eslovenia-al-treatro-del-bicentenario\/","og_site_name":"Kuali","article_publisher":"https:\/\/kuali.com.mx\/web\/wp-content\/uploads\/2018\/04\/cropped-kuali_logo-1-1.png","article_published_time":"2025-07-20T18:00:00+00:00","og_image":[{"width":1700,"height":750,"url":"https:\/\/kuali.com.mx\/web\/wp-content\/uploads\/2025\/07\/Danza-Alla-en-el-Jardin.gif","type":"image\/gif"}],"author":"Kuali Staff","twitter_card":"summary_large_image","twitter_creator":"@kuali_noticias","twitter_site":"@kuali_noticias","twitter_misc":{"Escrito por":"Kuali Staff","Tiempo de lectura":"3 minutos"},"schema":{"@context":"https:\/\/schema.org","@graph":[{"@type":"Article","@id":"https:\/\/kuali.com.mx\/web\/2025\/07\/20\/llega-danza-de-eslovenia-al-treatro-del-bicentenario\/#article","isPartOf":{"@id":"https:\/\/kuali.com.mx\/web\/2025\/07\/20\/llega-danza-de-eslovenia-al-treatro-del-bicentenario\/"},"author":{"name":"Kuali Staff","@id":"https:\/\/kuali.com.mx\/web\/#\/schema\/person\/6f89ffa8ecba9dae50662357923c5289"},"headline":"LLEGA DANZA DE ESLOVENIA AL TREATRO DEL BICENTENARIO","datePublished":"2025-07-20T18:00:00+00:00","mainEntityOfPage":{"@id":"https:\/\/kuali.com.mx\/web\/2025\/07\/20\/llega-danza-de-eslovenia-al-treatro-del-bicentenario\/"},"wordCount":529,"commentCount":0,"image":{"@id":"https:\/\/kuali.com.mx\/web\/2025\/07\/20\/llega-danza-de-eslovenia-al-treatro-del-bicentenario\/#primaryimage"},"thumbnailUrl":"https:\/\/kuali.com.mx\/web\/wp-content\/uploads\/2025\/07\/Danza-Alla-en-el-Jardin.gif","keywords":["Arte y cultura","Artes esc\u00e9nicas","Danza","Domen Novak","Eslovenia","Guanajuato","Teatro","Ur\u0161ka Centa"],"articleSection":["Cultura"],"inLanguage":"es","potentialAction":[{"@type":"CommentAction","name":"Comment","target":["https:\/\/kuali.com.mx\/web\/2025\/07\/20\/llega-danza-de-eslovenia-al-treatro-del-bicentenario\/#respond"]}]},{"@type":"WebPage","@id":"https:\/\/kuali.com.mx\/web\/2025\/07\/20\/llega-danza-de-eslovenia-al-treatro-del-bicentenario\/","url":"https:\/\/kuali.com.mx\/web\/2025\/07\/20\/llega-danza-de-eslovenia-al-treatro-del-bicentenario\/","name":"LLEGA DANZA DE ESLOVENIA AL TREATRO DEL BICENTENARIO - Kuali","isPartOf":{"@id":"https:\/\/kuali.com.mx\/web\/#website"},"primaryImageOfPage":{"@id":"https:\/\/kuali.com.mx\/web\/2025\/07\/20\/llega-danza-de-eslovenia-al-treatro-del-bicentenario\/#primaryimage"},"image":{"@id":"https:\/\/kuali.com.mx\/web\/2025\/07\/20\/llega-danza-de-eslovenia-al-treatro-del-bicentenario\/#primaryimage"},"thumbnailUrl":"https:\/\/kuali.com.mx\/web\/wp-content\/uploads\/2025\/07\/Danza-Alla-en-el-Jardin.gif","datePublished":"2025-07-20T18:00:00+00:00","author":{"@id":"https:\/\/kuali.com.mx\/web\/#\/schema\/person\/6f89ffa8ecba9dae50662357923c5289"},"breadcrumb":{"@id":"https:\/\/kuali.com.mx\/web\/2025\/07\/20\/llega-danza-de-eslovenia-al-treatro-del-bicentenario\/#breadcrumb"},"inLanguage":"es","potentialAction":[{"@type":"ReadAction","target":["https:\/\/kuali.com.mx\/web\/2025\/07\/20\/llega-danza-de-eslovenia-al-treatro-del-bicentenario\/"]}]},{"@type":"ImageObject","inLanguage":"es","@id":"https:\/\/kuali.com.mx\/web\/2025\/07\/20\/llega-danza-de-eslovenia-al-treatro-del-bicentenario\/#primaryimage","url":"https:\/\/kuali.com.mx\/web\/wp-content\/uploads\/2025\/07\/Danza-Alla-en-el-Jardin.gif","contentUrl":"https:\/\/kuali.com.mx\/web\/wp-content\/uploads\/2025\/07\/Danza-Alla-en-el-Jardin.gif","width":1700,"height":750},{"@type":"BreadcrumbList","@id":"https:\/\/kuali.com.mx\/web\/2025\/07\/20\/llega-danza-de-eslovenia-al-treatro-del-bicentenario\/#breadcrumb","itemListElement":[{"@type":"ListItem","position":1,"name":"Inicio","item":"https:\/\/kuali.com.mx\/web\/"},{"@type":"ListItem","position":2,"name":"LLEGA DANZA DE ESLOVENIA AL TREATRO DEL BICENTENARIO"}]},{"@type":"WebSite","@id":"https:\/\/kuali.com.mx\/web\/#website","url":"https:\/\/kuali.com.mx\/web\/","name":"Kuali","description":"","potentialAction":[{"@type":"SearchAction","target":{"@type":"EntryPoint","urlTemplate":"https:\/\/kuali.com.mx\/web\/?s={search_term_string}"},"query-input":{"@type":"PropertyValueSpecification","valueRequired":true,"valueName":"search_term_string"}}],"inLanguage":"es"},{"@type":"Person","@id":"https:\/\/kuali.com.mx\/web\/#\/schema\/person\/6f89ffa8ecba9dae50662357923c5289","name":"Kuali Staff","image":{"@type":"ImageObject","inLanguage":"es","@id":"https:\/\/secure.gravatar.com\/avatar\/f917ad82e5ab71227a733c78b6e60715476f69ee6be59feee4eb5d9920c89e0f?s=96&d=mm&r=g","url":"https:\/\/secure.gravatar.com\/avatar\/f917ad82e5ab71227a733c78b6e60715476f69ee6be59feee4eb5d9920c89e0f?s=96&d=mm&r=g","contentUrl":"https:\/\/secure.gravatar.com\/avatar\/f917ad82e5ab71227a733c78b6e60715476f69ee6be59feee4eb5d9920c89e0f?s=96&d=mm&r=g","caption":"Kuali Staff"},"url":"https:\/\/kuali.com.mx\/web\/author\/lagarto\/"}]}},"_links":{"self":[{"href":"https:\/\/kuali.com.mx\/web\/wp-json\/wp\/v2\/posts\/180905","targetHints":{"allow":["GET"]}}],"collection":[{"href":"https:\/\/kuali.com.mx\/web\/wp-json\/wp\/v2\/posts"}],"about":[{"href":"https:\/\/kuali.com.mx\/web\/wp-json\/wp\/v2\/types\/post"}],"author":[{"embeddable":true,"href":"https:\/\/kuali.com.mx\/web\/wp-json\/wp\/v2\/users\/2"}],"replies":[{"embeddable":true,"href":"https:\/\/kuali.com.mx\/web\/wp-json\/wp\/v2\/comments?post=180905"}],"version-history":[{"count":1,"href":"https:\/\/kuali.com.mx\/web\/wp-json\/wp\/v2\/posts\/180905\/revisions"}],"predecessor-version":[{"id":180909,"href":"https:\/\/kuali.com.mx\/web\/wp-json\/wp\/v2\/posts\/180905\/revisions\/180909"}],"wp:featuredmedia":[{"embeddable":true,"href":"https:\/\/kuali.com.mx\/web\/wp-json\/wp\/v2\/media\/180908"}],"wp:attachment":[{"href":"https:\/\/kuali.com.mx\/web\/wp-json\/wp\/v2\/media?parent=180905"}],"wp:term":[{"taxonomy":"category","embeddable":true,"href":"https:\/\/kuali.com.mx\/web\/wp-json\/wp\/v2\/categories?post=180905"},{"taxonomy":"post_tag","embeddable":true,"href":"https:\/\/kuali.com.mx\/web\/wp-json\/wp\/v2\/tags?post=180905"}],"curies":[{"name":"wp","href":"https:\/\/api.w.org\/{rel}","templated":true}]}}