{"id":180811,"date":"2025-07-18T12:39:53","date_gmt":"2025-07-18T18:39:53","guid":{"rendered":"https:\/\/kuali.com.mx\/web\/?p=180811"},"modified":"2025-07-18T22:46:34","modified_gmt":"2025-07-19T04:46:34","slug":"trabajara-ieeg-con-ug-y-derechos-humanos","status":"publish","type":"post","link":"https:\/\/kuali.com.mx\/web\/2025\/07\/18\/trabajara-ieeg-con-ug-y-derechos-humanos\/","title":{"rendered":"TRABAJAR\u00c1 IEEG CON UG Y DERECHOS HUMANOS"},"content":{"rendered":"\n<p>Kuali\/Guanajuato, Gto.- El Consejo General del Instituto Electoral del Estado de Guanajuato (IEEG) aprob\u00f3 la firma de convenios con la Universidad de Guanajuato (UG) y la Secretar\u00eda de Derechos Humanos del Estado de Guanajuato.<\/p>\n\n\n\n<p>Para fortalecer sus procesos internos y promover la mejora continua, el instituto considera de suma importancia la firma del convenio de colaboraci\u00f3n con la UG, que tiene por finalidad establecer las bases para desarrollar el proyecto de vinculaci\u00f3n titulado \u201cModernizaci\u00f3n de la gesti\u00f3n de RRHH del IEEG\u201d.<\/p>\n\n\n\n<p>A partir de este instrumento, se prev\u00e9\u0301 atender desde una aproximaci\u00f3n especializada, necesidades espec\u00edficas respecto a los recursos humanos del Instituto que provean beneficios comunes con la participaci\u00f3n de las personas profesoras y estudiantes de los diferentes perfiles acad\u00e9micos de la UG, lo que\u00a0 encamina a una mejora sustantiva en la eficiencia institucional, el cumplimiento normativo, la planeaci\u00f3n estrat\u00e9gica de la gesti\u00f3n del personal y la promoci\u00f3n de una cultura organizacional basada en buenas pr\u00e1cticas; la colaboraci\u00f3n con la UG permite aprovechar el conocimiento especializado de sus cuerpos acad\u00e9micos y el potencial de formaci\u00f3n de sus estudiantes, inform\u00f3 el IEEG.<\/p>\n\n\n\n<p><strong>Convenio con la Secretar\u00eda de Derechos Humanos<\/strong><\/p>\n\n\n\n<p>El Consejo General tambi\u00e9n aprob\u00f3 la celebraci\u00f3n del convenio de colaboraci\u00f3n con la Secretar\u00eda de Derechos Humanos del Estado de Guanajuato, que tiene por objeto formalizar la coordinaci\u00f3n entre ambas instituciones con el fin de apoyarse mutuamente en acciones que promuevan la protecci\u00f3n, promoci\u00f3n, respeto y garant\u00eda de los derechos humanos de la poblaci\u00f3n guanajuatense en el \u00e1mbito pol\u00edtico-electoral, de manera espec\u00edfica de personas que integran grupos de atenci\u00f3n prioritaria como lo son migrantes, personas en contexto de movilidad, pueblos y comunidades ind\u00edgenas, personas afromexicanas, poblaciones de la diversidad sexual y de g\u00e9nero, y personas con discapacidad.\u00a0\u00a0\u00a0\u00a0\u00a0\u00a0\u00a0<\/p>\n","protected":false},"excerpt":{"rendered":"Kuali\/Guanajuato, Gto.- El Consejo General del Instituto Electoral del Estado de Guanajuato (IEEG) aprob\u00f3 la firma de convenios con la Universidad de Guanajuato (UG) y la Secretar\u00eda de Derechos Humanos del Estado de Guanajuato. Para fortalecer sus procesos internos y promover la mejora continua, el instituto considera de suma importancia la firma del convenio de [&hellip;]","protected":false},"author":2,"featured_media":180814,"comment_status":"open","ping_status":"open","sticky":false,"template":"","format":"standard","meta":{"_seopress_robots_primary_cat":"none","_seopress_titles_title":"","_seopress_titles_desc":"","_seopress_robots_index":"","_monsterinsights_skip_tracking":false,"_monsterinsights_sitenote_active":false,"_monsterinsights_sitenote_note":"","_monsterinsights_sitenote_category":0,"footnotes":""},"categories":[3],"tags":[2437,100,133,1804],"class_list":["post-180811","post","type-post","status-publish","format-standard","has-post-thumbnail","hentry","category-politica","tag-convenios","tag-derechos-humanos","tag-ieeg","tag-ug"],"yoast_head":"<!-- This site is optimized with the Yoast SEO plugin v27.4 - https:\/\/yoast.com\/product\/yoast-seo-wordpress\/ -->\n<title>TRABAJAR\u00c1 IEEG CON UG Y DERECHOS HUMANOS - Kuali<\/title>\n<meta name=\"robots\" content=\"index, follow, max-snippet:-1, max-image-preview:large, max-video-preview:-1\" \/>\n<link rel=\"canonical\" href=\"https:\/\/kuali.com.mx\/web\/2025\/07\/18\/trabajara-ieeg-con-ug-y-derechos-humanos\/\" \/>\n<meta property=\"og:locale\" content=\"es_MX\" \/>\n<meta property=\"og:type\" content=\"article\" \/>\n<meta property=\"og:title\" content=\"TRABAJAR\u00c1 IEEG CON UG Y DERECHOS HUMANOS - Kuali\" \/>\n<meta property=\"og:description\" content=\"Kuali\/Guanajuato, Gto.- El Consejo General del Instituto Electoral del Estado de Guanajuato (IEEG) aprob\u00f3 la firma de convenios con la Universidad de Guanajuato (UG) y la Secretar\u00eda de Derechos Humanos del Estado de Guanajuato. Para fortalecer sus procesos internos y promover la mejora continua, el instituto considera de suma importancia la firma del convenio de [&hellip;]\" \/>\n<meta property=\"og:url\" content=\"https:\/\/kuali.com.mx\/web\/2025\/07\/18\/trabajara-ieeg-con-ug-y-derechos-humanos\/\" \/>\n<meta property=\"og:site_name\" content=\"Kuali\" \/>\n<meta property=\"article:publisher\" content=\"https:\/\/kuali.com.mx\/web\/wp-content\/uploads\/2018\/04\/cropped-kuali_logo-1-1.png\" \/>\n<meta property=\"article:published_time\" content=\"2025-07-18T18:39:53+00:00\" \/>\n<meta property=\"article:modified_time\" content=\"2025-07-19T04:46:34+00:00\" \/>\n<meta property=\"og:image\" content=\"https:\/\/kuali.com.mx\/web\/wp-content\/uploads\/2025\/07\/Sesion-IEEG.gif\" \/>\n\t<meta property=\"og:image:width\" content=\"1786\" \/>\n\t<meta property=\"og:image:height\" content=\"750\" \/>\n\t<meta property=\"og:image:type\" content=\"image\/gif\" \/>\n<meta name=\"author\" content=\"Kuali Staff\" \/>\n<meta name=\"twitter:card\" content=\"summary_large_image\" \/>\n<meta name=\"twitter:creator\" content=\"@kuali_noticias\" \/>\n<meta name=\"twitter:site\" content=\"@kuali_noticias\" \/>\n<meta name=\"twitter:label1\" content=\"Escrito por\" \/>\n\t<meta name=\"twitter:data1\" content=\"Kuali Staff\" \/>\n\t<meta name=\"twitter:label2\" content=\"Tiempo de lectura\" \/>\n\t<meta name=\"twitter:data2\" content=\"2 minutos\" \/>\n<script type=\"application\/ld+json\" class=\"yoast-schema-graph\">{\"@context\":\"https:\\\/\\\/schema.org\",\"@graph\":[{\"@type\":\"Article\",\"@id\":\"https:\\\/\\\/kuali.com.mx\\\/web\\\/2025\\\/07\\\/18\\\/trabajara-ieeg-con-ug-y-derechos-humanos\\\/#article\",\"isPartOf\":{\"@id\":\"https:\\\/\\\/kuali.com.mx\\\/web\\\/2025\\\/07\\\/18\\\/trabajara-ieeg-con-ug-y-derechos-humanos\\\/\"},\"author\":{\"name\":\"Kuali Staff\",\"@id\":\"https:\\\/\\\/kuali.com.mx\\\/web\\\/#\\\/schema\\\/person\\\/6f89ffa8ecba9dae50662357923c5289\"},\"headline\":\"TRABAJAR\u00c1 IEEG CON UG Y DERECHOS HUMANOS\",\"datePublished\":\"2025-07-18T18:39:53+00:00\",\"dateModified\":\"2025-07-19T04:46:34+00:00\",\"mainEntityOfPage\":{\"@id\":\"https:\\\/\\\/kuali.com.mx\\\/web\\\/2025\\\/07\\\/18\\\/trabajara-ieeg-con-ug-y-derechos-humanos\\\/\"},\"wordCount\":326,\"commentCount\":0,\"image\":{\"@id\":\"https:\\\/\\\/kuali.com.mx\\\/web\\\/2025\\\/07\\\/18\\\/trabajara-ieeg-con-ug-y-derechos-humanos\\\/#primaryimage\"},\"thumbnailUrl\":\"https:\\\/\\\/kuali.com.mx\\\/web\\\/wp-content\\\/uploads\\\/2025\\\/07\\\/Sesion-IEEG.gif\",\"keywords\":[\"Convenios\",\"Derechos Humanos\",\"IEEG\",\"UG\"],\"articleSection\":[\"Pol\u00edtica\"],\"inLanguage\":\"es\",\"potentialAction\":[{\"@type\":\"CommentAction\",\"name\":\"Comment\",\"target\":[\"https:\\\/\\\/kuali.com.mx\\\/web\\\/2025\\\/07\\\/18\\\/trabajara-ieeg-con-ug-y-derechos-humanos\\\/#respond\"]}]},{\"@type\":\"WebPage\",\"@id\":\"https:\\\/\\\/kuali.com.mx\\\/web\\\/2025\\\/07\\\/18\\\/trabajara-ieeg-con-ug-y-derechos-humanos\\\/\",\"url\":\"https:\\\/\\\/kuali.com.mx\\\/web\\\/2025\\\/07\\\/18\\\/trabajara-ieeg-con-ug-y-derechos-humanos\\\/\",\"name\":\"TRABAJAR\u00c1 IEEG CON UG Y DERECHOS HUMANOS - Kuali\",\"isPartOf\":{\"@id\":\"https:\\\/\\\/kuali.com.mx\\\/web\\\/#website\"},\"primaryImageOfPage\":{\"@id\":\"https:\\\/\\\/kuali.com.mx\\\/web\\\/2025\\\/07\\\/18\\\/trabajara-ieeg-con-ug-y-derechos-humanos\\\/#primaryimage\"},\"image\":{\"@id\":\"https:\\\/\\\/kuali.com.mx\\\/web\\\/2025\\\/07\\\/18\\\/trabajara-ieeg-con-ug-y-derechos-humanos\\\/#primaryimage\"},\"thumbnailUrl\":\"https:\\\/\\\/kuali.com.mx\\\/web\\\/wp-content\\\/uploads\\\/2025\\\/07\\\/Sesion-IEEG.gif\",\"datePublished\":\"2025-07-18T18:39:53+00:00\",\"dateModified\":\"2025-07-19T04:46:34+00:00\",\"author\":{\"@id\":\"https:\\\/\\\/kuali.com.mx\\\/web\\\/#\\\/schema\\\/person\\\/6f89ffa8ecba9dae50662357923c5289\"},\"breadcrumb\":{\"@id\":\"https:\\\/\\\/kuali.com.mx\\\/web\\\/2025\\\/07\\\/18\\\/trabajara-ieeg-con-ug-y-derechos-humanos\\\/#breadcrumb\"},\"inLanguage\":\"es\",\"potentialAction\":[{\"@type\":\"ReadAction\",\"target\":[\"https:\\\/\\\/kuali.com.mx\\\/web\\\/2025\\\/07\\\/18\\\/trabajara-ieeg-con-ug-y-derechos-humanos\\\/\"]}]},{\"@type\":\"ImageObject\",\"inLanguage\":\"es\",\"@id\":\"https:\\\/\\\/kuali.com.mx\\\/web\\\/2025\\\/07\\\/18\\\/trabajara-ieeg-con-ug-y-derechos-humanos\\\/#primaryimage\",\"url\":\"https:\\\/\\\/kuali.com.mx\\\/web\\\/wp-content\\\/uploads\\\/2025\\\/07\\\/Sesion-IEEG.gif\",\"contentUrl\":\"https:\\\/\\\/kuali.com.mx\\\/web\\\/wp-content\\\/uploads\\\/2025\\\/07\\\/Sesion-IEEG.gif\",\"width\":1786,\"height\":750},{\"@type\":\"BreadcrumbList\",\"@id\":\"https:\\\/\\\/kuali.com.mx\\\/web\\\/2025\\\/07\\\/18\\\/trabajara-ieeg-con-ug-y-derechos-humanos\\\/#breadcrumb\",\"itemListElement\":[{\"@type\":\"ListItem\",\"position\":1,\"name\":\"Inicio\",\"item\":\"https:\\\/\\\/kuali.com.mx\\\/web\\\/\"},{\"@type\":\"ListItem\",\"position\":2,\"name\":\"TRABAJAR\u00c1 IEEG CON UG Y DERECHOS HUMANOS\"}]},{\"@type\":\"WebSite\",\"@id\":\"https:\\\/\\\/kuali.com.mx\\\/web\\\/#website\",\"url\":\"https:\\\/\\\/kuali.com.mx\\\/web\\\/\",\"name\":\"Kuali\",\"description\":\"\",\"potentialAction\":[{\"@type\":\"SearchAction\",\"target\":{\"@type\":\"EntryPoint\",\"urlTemplate\":\"https:\\\/\\\/kuali.com.mx\\\/web\\\/?s={search_term_string}\"},\"query-input\":{\"@type\":\"PropertyValueSpecification\",\"valueRequired\":true,\"valueName\":\"search_term_string\"}}],\"inLanguage\":\"es\"},{\"@type\":\"Person\",\"@id\":\"https:\\\/\\\/kuali.com.mx\\\/web\\\/#\\\/schema\\\/person\\\/6f89ffa8ecba9dae50662357923c5289\",\"name\":\"Kuali Staff\",\"image\":{\"@type\":\"ImageObject\",\"inLanguage\":\"es\",\"@id\":\"https:\\\/\\\/secure.gravatar.com\\\/avatar\\\/f917ad82e5ab71227a733c78b6e60715476f69ee6be59feee4eb5d9920c89e0f?s=96&d=mm&r=g\",\"url\":\"https:\\\/\\\/secure.gravatar.com\\\/avatar\\\/f917ad82e5ab71227a733c78b6e60715476f69ee6be59feee4eb5d9920c89e0f?s=96&d=mm&r=g\",\"contentUrl\":\"https:\\\/\\\/secure.gravatar.com\\\/avatar\\\/f917ad82e5ab71227a733c78b6e60715476f69ee6be59feee4eb5d9920c89e0f?s=96&d=mm&r=g\",\"caption\":\"Kuali Staff\"},\"url\":\"https:\\\/\\\/kuali.com.mx\\\/web\\\/author\\\/lagarto\\\/\"}]}<\/script>\n<!-- \/ Yoast SEO plugin. -->","yoast_head_json":{"title":"TRABAJAR\u00c1 IEEG CON UG Y DERECHOS HUMANOS - Kuali","robots":{"index":"index","follow":"follow","max-snippet":"max-snippet:-1","max-image-preview":"max-image-preview:large","max-video-preview":"max-video-preview:-1"},"canonical":"https:\/\/kuali.com.mx\/web\/2025\/07\/18\/trabajara-ieeg-con-ug-y-derechos-humanos\/","og_locale":"es_MX","og_type":"article","og_title":"TRABAJAR\u00c1 IEEG CON UG Y DERECHOS HUMANOS - Kuali","og_description":"Kuali\/Guanajuato, Gto.- El Consejo General del Instituto Electoral del Estado de Guanajuato (IEEG) aprob\u00f3 la firma de convenios con la Universidad de Guanajuato (UG) y la Secretar\u00eda de Derechos Humanos del Estado de Guanajuato. Para fortalecer sus procesos internos y promover la mejora continua, el instituto considera de suma importancia la firma del convenio de [&hellip;]","og_url":"https:\/\/kuali.com.mx\/web\/2025\/07\/18\/trabajara-ieeg-con-ug-y-derechos-humanos\/","og_site_name":"Kuali","article_publisher":"https:\/\/kuali.com.mx\/web\/wp-content\/uploads\/2018\/04\/cropped-kuali_logo-1-1.png","article_published_time":"2025-07-18T18:39:53+00:00","article_modified_time":"2025-07-19T04:46:34+00:00","og_image":[{"width":1786,"height":750,"url":"https:\/\/kuali.com.mx\/web\/wp-content\/uploads\/2025\/07\/Sesion-IEEG.gif","type":"image\/gif"}],"author":"Kuali Staff","twitter_card":"summary_large_image","twitter_creator":"@kuali_noticias","twitter_site":"@kuali_noticias","twitter_misc":{"Escrito por":"Kuali Staff","Tiempo de lectura":"2 minutos"},"schema":{"@context":"https:\/\/schema.org","@graph":[{"@type":"Article","@id":"https:\/\/kuali.com.mx\/web\/2025\/07\/18\/trabajara-ieeg-con-ug-y-derechos-humanos\/#article","isPartOf":{"@id":"https:\/\/kuali.com.mx\/web\/2025\/07\/18\/trabajara-ieeg-con-ug-y-derechos-humanos\/"},"author":{"name":"Kuali Staff","@id":"https:\/\/kuali.com.mx\/web\/#\/schema\/person\/6f89ffa8ecba9dae50662357923c5289"},"headline":"TRABAJAR\u00c1 IEEG CON UG Y DERECHOS HUMANOS","datePublished":"2025-07-18T18:39:53+00:00","dateModified":"2025-07-19T04:46:34+00:00","mainEntityOfPage":{"@id":"https:\/\/kuali.com.mx\/web\/2025\/07\/18\/trabajara-ieeg-con-ug-y-derechos-humanos\/"},"wordCount":326,"commentCount":0,"image":{"@id":"https:\/\/kuali.com.mx\/web\/2025\/07\/18\/trabajara-ieeg-con-ug-y-derechos-humanos\/#primaryimage"},"thumbnailUrl":"https:\/\/kuali.com.mx\/web\/wp-content\/uploads\/2025\/07\/Sesion-IEEG.gif","keywords":["Convenios","Derechos Humanos","IEEG","UG"],"articleSection":["Pol\u00edtica"],"inLanguage":"es","potentialAction":[{"@type":"CommentAction","name":"Comment","target":["https:\/\/kuali.com.mx\/web\/2025\/07\/18\/trabajara-ieeg-con-ug-y-derechos-humanos\/#respond"]}]},{"@type":"WebPage","@id":"https:\/\/kuali.com.mx\/web\/2025\/07\/18\/trabajara-ieeg-con-ug-y-derechos-humanos\/","url":"https:\/\/kuali.com.mx\/web\/2025\/07\/18\/trabajara-ieeg-con-ug-y-derechos-humanos\/","name":"TRABAJAR\u00c1 IEEG CON UG Y DERECHOS HUMANOS - Kuali","isPartOf":{"@id":"https:\/\/kuali.com.mx\/web\/#website"},"primaryImageOfPage":{"@id":"https:\/\/kuali.com.mx\/web\/2025\/07\/18\/trabajara-ieeg-con-ug-y-derechos-humanos\/#primaryimage"},"image":{"@id":"https:\/\/kuali.com.mx\/web\/2025\/07\/18\/trabajara-ieeg-con-ug-y-derechos-humanos\/#primaryimage"},"thumbnailUrl":"https:\/\/kuali.com.mx\/web\/wp-content\/uploads\/2025\/07\/Sesion-IEEG.gif","datePublished":"2025-07-18T18:39:53+00:00","dateModified":"2025-07-19T04:46:34+00:00","author":{"@id":"https:\/\/kuali.com.mx\/web\/#\/schema\/person\/6f89ffa8ecba9dae50662357923c5289"},"breadcrumb":{"@id":"https:\/\/kuali.com.mx\/web\/2025\/07\/18\/trabajara-ieeg-con-ug-y-derechos-humanos\/#breadcrumb"},"inLanguage":"es","potentialAction":[{"@type":"ReadAction","target":["https:\/\/kuali.com.mx\/web\/2025\/07\/18\/trabajara-ieeg-con-ug-y-derechos-humanos\/"]}]},{"@type":"ImageObject","inLanguage":"es","@id":"https:\/\/kuali.com.mx\/web\/2025\/07\/18\/trabajara-ieeg-con-ug-y-derechos-humanos\/#primaryimage","url":"https:\/\/kuali.com.mx\/web\/wp-content\/uploads\/2025\/07\/Sesion-IEEG.gif","contentUrl":"https:\/\/kuali.com.mx\/web\/wp-content\/uploads\/2025\/07\/Sesion-IEEG.gif","width":1786,"height":750},{"@type":"BreadcrumbList","@id":"https:\/\/kuali.com.mx\/web\/2025\/07\/18\/trabajara-ieeg-con-ug-y-derechos-humanos\/#breadcrumb","itemListElement":[{"@type":"ListItem","position":1,"name":"Inicio","item":"https:\/\/kuali.com.mx\/web\/"},{"@type":"ListItem","position":2,"name":"TRABAJAR\u00c1 IEEG CON UG Y DERECHOS HUMANOS"}]},{"@type":"WebSite","@id":"https:\/\/kuali.com.mx\/web\/#website","url":"https:\/\/kuali.com.mx\/web\/","name":"Kuali","description":"","potentialAction":[{"@type":"SearchAction","target":{"@type":"EntryPoint","urlTemplate":"https:\/\/kuali.com.mx\/web\/?s={search_term_string}"},"query-input":{"@type":"PropertyValueSpecification","valueRequired":true,"valueName":"search_term_string"}}],"inLanguage":"es"},{"@type":"Person","@id":"https:\/\/kuali.com.mx\/web\/#\/schema\/person\/6f89ffa8ecba9dae50662357923c5289","name":"Kuali Staff","image":{"@type":"ImageObject","inLanguage":"es","@id":"https:\/\/secure.gravatar.com\/avatar\/f917ad82e5ab71227a733c78b6e60715476f69ee6be59feee4eb5d9920c89e0f?s=96&d=mm&r=g","url":"https:\/\/secure.gravatar.com\/avatar\/f917ad82e5ab71227a733c78b6e60715476f69ee6be59feee4eb5d9920c89e0f?s=96&d=mm&r=g","contentUrl":"https:\/\/secure.gravatar.com\/avatar\/f917ad82e5ab71227a733c78b6e60715476f69ee6be59feee4eb5d9920c89e0f?s=96&d=mm&r=g","caption":"Kuali Staff"},"url":"https:\/\/kuali.com.mx\/web\/author\/lagarto\/"}]}},"_links":{"self":[{"href":"https:\/\/kuali.com.mx\/web\/wp-json\/wp\/v2\/posts\/180811","targetHints":{"allow":["GET"]}}],"collection":[{"href":"https:\/\/kuali.com.mx\/web\/wp-json\/wp\/v2\/posts"}],"about":[{"href":"https:\/\/kuali.com.mx\/web\/wp-json\/wp\/v2\/types\/post"}],"author":[{"embeddable":true,"href":"https:\/\/kuali.com.mx\/web\/wp-json\/wp\/v2\/users\/2"}],"replies":[{"embeddable":true,"href":"https:\/\/kuali.com.mx\/web\/wp-json\/wp\/v2\/comments?post=180811"}],"version-history":[{"count":1,"href":"https:\/\/kuali.com.mx\/web\/wp-json\/wp\/v2\/posts\/180811\/revisions"}],"predecessor-version":[{"id":180815,"href":"https:\/\/kuali.com.mx\/web\/wp-json\/wp\/v2\/posts\/180811\/revisions\/180815"}],"wp:featuredmedia":[{"embeddable":true,"href":"https:\/\/kuali.com.mx\/web\/wp-json\/wp\/v2\/media\/180814"}],"wp:attachment":[{"href":"https:\/\/kuali.com.mx\/web\/wp-json\/wp\/v2\/media?parent=180811"}],"wp:term":[{"taxonomy":"category","embeddable":true,"href":"https:\/\/kuali.com.mx\/web\/wp-json\/wp\/v2\/categories?post=180811"},{"taxonomy":"post_tag","embeddable":true,"href":"https:\/\/kuali.com.mx\/web\/wp-json\/wp\/v2\/tags?post=180811"}],"curies":[{"name":"wp","href":"https:\/\/api.w.org\/{rel}","templated":true}]}}