{"id":180731,"date":"2025-07-17T21:49:39","date_gmt":"2025-07-18T03:49:39","guid":{"rendered":"https:\/\/kuali.com.mx\/web\/?p=180731"},"modified":"2025-07-19T13:48:25","modified_gmt":"2025-07-19T19:48:25","slug":"implementaran-protoloco-de-seguridad-en-festival-de-verano","status":"publish","type":"post","link":"https:\/\/kuali.com.mx\/web\/2025\/07\/17\/implementaran-protoloco-de-seguridad-en-festival-de-verano\/","title":{"rendered":"IMPLEMENTAR\u00c1N PROTOLOCO DE SEGURIDAD EN FESTIVAL DE VERANO"},"content":{"rendered":"\n<p><strong><em>Kuali\/Le\u00f3n, Gto.- <\/em><\/strong>El Patronato de la Feria Estatal de Le\u00f3n y Parque Ecol\u00f3gico inform\u00f3 que el protocolo \u201cPausa por tu Seguridad\u201d se implementar\u00e1 de manera diaria durante todo el Festival de Verano.<\/p>\n\n\n\n<p>Este programa, implementado desde 2020, tiene como finalidad salvaguardar la integridad de las y los visitantes, a trav\u00e9s de revisiones preventivas y aleatorias a los juegos mec\u00e1nicos instalados en el recinto ferial.<\/p>\n\n\n\n<p>Las inspecciones estar\u00e1n a cargo del personal de Gesti\u00f3n de Riesgos del Patronato, en coordinaci\u00f3n con la Direcci\u00f3n de Protecci\u00f3n Civil Municipal, y contemplan pausas temporales en la operaci\u00f3n de los juegos para llevar a cabo la revisi\u00f3n de aspectos clave como:<\/p>\n\n\n\n<p>\u2022 Componentes el\u00e9ctricos, mec\u00e1nicos e hidr\u00e1ulicos<br>\u2022 Accesorios de seguridad y botiquines<br>\u2022 Extintores y cableado<br>\u2022 Condiciones f\u00edsicas del \u00e1rea de instalaci\u00f3n y del operador<br>\u2022 Bit\u00e1cora de mantenimiento del juego.<\/p>\n\n\n\n<p>Adem\u00e1s, se verifica que cada juego cuente con los dict\u00e1menes estructurales y el\u00e9ctricos vigentes, emitidos por peritos especializados, as\u00ed como con la p\u00f3liza de seguro correspondiente.<\/p>\n\n\n\n<p>En caso de detectarse alguna anomal\u00eda que represente un riesgo para los usuarios, el juego ser\u00e1 suspendido temporalmente hasta que se realice la reparaci\u00f3n y se obtenga la autorizaci\u00f3n para su reactivaci\u00f3n.<\/p>\n\n\n\n<p>Con esta medida, el Patronato de la Feria Estatal de Le\u00f3n reafirma su compromiso con la seguridad, la prevenci\u00f3n y la confianza de las miles de familias que vivir\u00e1n el verano en Le\u00f3n.<\/p>\n\n\n\n<p>\u00a1Nos vemos del 19 de julio al 03 de agosto en el Festival de Verano Vive Le\u00f3n 2025!<\/p>\n","protected":false},"excerpt":{"rendered":"Kuali\/Le\u00f3n, Gto.- El Patronato de la Feria Estatal de Le\u00f3n y Parque Ecol\u00f3gico inform\u00f3 que el protocolo \u201cPausa por tu Seguridad\u201d se implementar\u00e1 de manera diaria durante todo el Festival de Verano. Este programa, implementado desde 2020, tiene como finalidad salvaguardar la integridad de las y los visitantes, a trav\u00e9s de revisiones preventivas y aleatorias [&hellip;]","protected":false},"author":2,"featured_media":180734,"comment_status":"open","ping_status":"open","sticky":false,"template":"","format":"standard","meta":{"_seopress_robots_primary_cat":"none","_seopress_titles_title":"","_seopress_titles_desc":"","_seopress_robots_index":"","_monsterinsights_skip_tracking":false,"_monsterinsights_sitenote_active":false,"_monsterinsights_sitenote_note":"","_monsterinsights_sitenote_category":0,"footnotes":""},"categories":[3],"tags":[],"class_list":["post-180731","post","type-post","status-publish","format-standard","has-post-thumbnail","hentry","category-politica"],"yoast_head":"<!-- This site is optimized with the Yoast SEO plugin v27.4 - https:\/\/yoast.com\/product\/yoast-seo-wordpress\/ -->\n<title>IMPLEMENTAR\u00c1N PROTOLOCO DE SEGURIDAD EN FESTIVAL DE VERANO - Kuali<\/title>\n<meta name=\"robots\" content=\"index, follow, max-snippet:-1, max-image-preview:large, max-video-preview:-1\" \/>\n<link rel=\"canonical\" href=\"https:\/\/kuali.com.mx\/web\/2025\/07\/17\/implementaran-protoloco-de-seguridad-en-festival-de-verano\/\" \/>\n<meta property=\"og:locale\" content=\"es_MX\" \/>\n<meta property=\"og:type\" content=\"article\" \/>\n<meta property=\"og:title\" content=\"IMPLEMENTAR\u00c1N PROTOLOCO DE SEGURIDAD EN FESTIVAL DE VERANO - Kuali\" \/>\n<meta property=\"og:description\" content=\"Kuali\/Le\u00f3n, Gto.- El Patronato de la Feria Estatal de Le\u00f3n y Parque Ecol\u00f3gico inform\u00f3 que el protocolo \u201cPausa por tu Seguridad\u201d se implementar\u00e1 de manera diaria durante todo el Festival de Verano. Este programa, implementado desde 2020, tiene como finalidad salvaguardar la integridad de las y los visitantes, a trav\u00e9s de revisiones preventivas y aleatorias [&hellip;]\" \/>\n<meta property=\"og:url\" content=\"https:\/\/kuali.com.mx\/web\/2025\/07\/17\/implementaran-protoloco-de-seguridad-en-festival-de-verano\/\" \/>\n<meta property=\"og:site_name\" content=\"Kuali\" \/>\n<meta property=\"article:publisher\" content=\"https:\/\/kuali.com.mx\/web\/wp-content\/uploads\/2018\/04\/cropped-kuali_logo-1-1.png\" \/>\n<meta property=\"article:published_time\" content=\"2025-07-18T03:49:39+00:00\" \/>\n<meta property=\"article:modified_time\" content=\"2025-07-19T19:48:25+00:00\" \/>\n<meta property=\"og:image\" content=\"https:\/\/kuali.com.mx\/web\/wp-content\/uploads\/2025\/07\/Festival-Verano-PC.jpg\" \/>\n\t<meta property=\"og:image:width\" content=\"719\" \/>\n\t<meta property=\"og:image:height\" content=\"719\" \/>\n\t<meta property=\"og:image:type\" content=\"image\/jpeg\" \/>\n<meta name=\"author\" content=\"Kuali Staff\" \/>\n<meta name=\"twitter:card\" content=\"summary_large_image\" \/>\n<meta name=\"twitter:creator\" content=\"@kuali_noticias\" \/>\n<meta name=\"twitter:site\" content=\"@kuali_noticias\" \/>\n<meta name=\"twitter:label1\" content=\"Escrito por\" \/>\n\t<meta name=\"twitter:data1\" content=\"Kuali Staff\" \/>\n\t<meta name=\"twitter:label2\" content=\"Tiempo de lectura\" \/>\n\t<meta name=\"twitter:data2\" content=\"1 minuto\" \/>\n<script type=\"application\/ld+json\" class=\"yoast-schema-graph\">{\"@context\":\"https:\\\/\\\/schema.org\",\"@graph\":[{\"@type\":\"Article\",\"@id\":\"https:\\\/\\\/kuali.com.mx\\\/web\\\/2025\\\/07\\\/17\\\/implementaran-protoloco-de-seguridad-en-festival-de-verano\\\/#article\",\"isPartOf\":{\"@id\":\"https:\\\/\\\/kuali.com.mx\\\/web\\\/2025\\\/07\\\/17\\\/implementaran-protoloco-de-seguridad-en-festival-de-verano\\\/\"},\"author\":{\"name\":\"Kuali Staff\",\"@id\":\"https:\\\/\\\/kuali.com.mx\\\/web\\\/#\\\/schema\\\/person\\\/6f89ffa8ecba9dae50662357923c5289\"},\"headline\":\"IMPLEMENTAR\u00c1N PROTOLOCO DE SEGURIDAD EN FESTIVAL DE VERANO\",\"datePublished\":\"2025-07-18T03:49:39+00:00\",\"dateModified\":\"2025-07-19T19:48:25+00:00\",\"mainEntityOfPage\":{\"@id\":\"https:\\\/\\\/kuali.com.mx\\\/web\\\/2025\\\/07\\\/17\\\/implementaran-protoloco-de-seguridad-en-festival-de-verano\\\/\"},\"wordCount\":280,\"commentCount\":0,\"image\":{\"@id\":\"https:\\\/\\\/kuali.com.mx\\\/web\\\/2025\\\/07\\\/17\\\/implementaran-protoloco-de-seguridad-en-festival-de-verano\\\/#primaryimage\"},\"thumbnailUrl\":\"https:\\\/\\\/kuali.com.mx\\\/web\\\/wp-content\\\/uploads\\\/2025\\\/07\\\/Festival-Verano-PC.jpg\",\"articleSection\":[\"Pol\u00edtica\"],\"inLanguage\":\"es\",\"potentialAction\":[{\"@type\":\"CommentAction\",\"name\":\"Comment\",\"target\":[\"https:\\\/\\\/kuali.com.mx\\\/web\\\/2025\\\/07\\\/17\\\/implementaran-protoloco-de-seguridad-en-festival-de-verano\\\/#respond\"]}]},{\"@type\":\"WebPage\",\"@id\":\"https:\\\/\\\/kuali.com.mx\\\/web\\\/2025\\\/07\\\/17\\\/implementaran-protoloco-de-seguridad-en-festival-de-verano\\\/\",\"url\":\"https:\\\/\\\/kuali.com.mx\\\/web\\\/2025\\\/07\\\/17\\\/implementaran-protoloco-de-seguridad-en-festival-de-verano\\\/\",\"name\":\"IMPLEMENTAR\u00c1N PROTOLOCO DE SEGURIDAD EN FESTIVAL DE VERANO - Kuali\",\"isPartOf\":{\"@id\":\"https:\\\/\\\/kuali.com.mx\\\/web\\\/#website\"},\"primaryImageOfPage\":{\"@id\":\"https:\\\/\\\/kuali.com.mx\\\/web\\\/2025\\\/07\\\/17\\\/implementaran-protoloco-de-seguridad-en-festival-de-verano\\\/#primaryimage\"},\"image\":{\"@id\":\"https:\\\/\\\/kuali.com.mx\\\/web\\\/2025\\\/07\\\/17\\\/implementaran-protoloco-de-seguridad-en-festival-de-verano\\\/#primaryimage\"},\"thumbnailUrl\":\"https:\\\/\\\/kuali.com.mx\\\/web\\\/wp-content\\\/uploads\\\/2025\\\/07\\\/Festival-Verano-PC.jpg\",\"datePublished\":\"2025-07-18T03:49:39+00:00\",\"dateModified\":\"2025-07-19T19:48:25+00:00\",\"author\":{\"@id\":\"https:\\\/\\\/kuali.com.mx\\\/web\\\/#\\\/schema\\\/person\\\/6f89ffa8ecba9dae50662357923c5289\"},\"breadcrumb\":{\"@id\":\"https:\\\/\\\/kuali.com.mx\\\/web\\\/2025\\\/07\\\/17\\\/implementaran-protoloco-de-seguridad-en-festival-de-verano\\\/#breadcrumb\"},\"inLanguage\":\"es\",\"potentialAction\":[{\"@type\":\"ReadAction\",\"target\":[\"https:\\\/\\\/kuali.com.mx\\\/web\\\/2025\\\/07\\\/17\\\/implementaran-protoloco-de-seguridad-en-festival-de-verano\\\/\"]}]},{\"@type\":\"ImageObject\",\"inLanguage\":\"es\",\"@id\":\"https:\\\/\\\/kuali.com.mx\\\/web\\\/2025\\\/07\\\/17\\\/implementaran-protoloco-de-seguridad-en-festival-de-verano\\\/#primaryimage\",\"url\":\"https:\\\/\\\/kuali.com.mx\\\/web\\\/wp-content\\\/uploads\\\/2025\\\/07\\\/Festival-Verano-PC.jpg\",\"contentUrl\":\"https:\\\/\\\/kuali.com.mx\\\/web\\\/wp-content\\\/uploads\\\/2025\\\/07\\\/Festival-Verano-PC.jpg\",\"width\":719,\"height\":719},{\"@type\":\"BreadcrumbList\",\"@id\":\"https:\\\/\\\/kuali.com.mx\\\/web\\\/2025\\\/07\\\/17\\\/implementaran-protoloco-de-seguridad-en-festival-de-verano\\\/#breadcrumb\",\"itemListElement\":[{\"@type\":\"ListItem\",\"position\":1,\"name\":\"Inicio\",\"item\":\"https:\\\/\\\/kuali.com.mx\\\/web\\\/\"},{\"@type\":\"ListItem\",\"position\":2,\"name\":\"IMPLEMENTAR\u00c1N PROTOLOCO DE SEGURIDAD EN FESTIVAL DE VERANO\"}]},{\"@type\":\"WebSite\",\"@id\":\"https:\\\/\\\/kuali.com.mx\\\/web\\\/#website\",\"url\":\"https:\\\/\\\/kuali.com.mx\\\/web\\\/\",\"name\":\"Kuali\",\"description\":\"\",\"potentialAction\":[{\"@type\":\"SearchAction\",\"target\":{\"@type\":\"EntryPoint\",\"urlTemplate\":\"https:\\\/\\\/kuali.com.mx\\\/web\\\/?s={search_term_string}\"},\"query-input\":{\"@type\":\"PropertyValueSpecification\",\"valueRequired\":true,\"valueName\":\"search_term_string\"}}],\"inLanguage\":\"es\"},{\"@type\":\"Person\",\"@id\":\"https:\\\/\\\/kuali.com.mx\\\/web\\\/#\\\/schema\\\/person\\\/6f89ffa8ecba9dae50662357923c5289\",\"name\":\"Kuali Staff\",\"image\":{\"@type\":\"ImageObject\",\"inLanguage\":\"es\",\"@id\":\"https:\\\/\\\/secure.gravatar.com\\\/avatar\\\/f917ad82e5ab71227a733c78b6e60715476f69ee6be59feee4eb5d9920c89e0f?s=96&d=mm&r=g\",\"url\":\"https:\\\/\\\/secure.gravatar.com\\\/avatar\\\/f917ad82e5ab71227a733c78b6e60715476f69ee6be59feee4eb5d9920c89e0f?s=96&d=mm&r=g\",\"contentUrl\":\"https:\\\/\\\/secure.gravatar.com\\\/avatar\\\/f917ad82e5ab71227a733c78b6e60715476f69ee6be59feee4eb5d9920c89e0f?s=96&d=mm&r=g\",\"caption\":\"Kuali Staff\"},\"url\":\"https:\\\/\\\/kuali.com.mx\\\/web\\\/author\\\/lagarto\\\/\"}]}<\/script>\n<!-- \/ Yoast SEO plugin. -->","yoast_head_json":{"title":"IMPLEMENTAR\u00c1N PROTOLOCO DE SEGURIDAD EN FESTIVAL DE VERANO - Kuali","robots":{"index":"index","follow":"follow","max-snippet":"max-snippet:-1","max-image-preview":"max-image-preview:large","max-video-preview":"max-video-preview:-1"},"canonical":"https:\/\/kuali.com.mx\/web\/2025\/07\/17\/implementaran-protoloco-de-seguridad-en-festival-de-verano\/","og_locale":"es_MX","og_type":"article","og_title":"IMPLEMENTAR\u00c1N PROTOLOCO DE SEGURIDAD EN FESTIVAL DE VERANO - Kuali","og_description":"Kuali\/Le\u00f3n, Gto.- El Patronato de la Feria Estatal de Le\u00f3n y Parque Ecol\u00f3gico inform\u00f3 que el protocolo \u201cPausa por tu Seguridad\u201d se implementar\u00e1 de manera diaria durante todo el Festival de Verano. Este programa, implementado desde 2020, tiene como finalidad salvaguardar la integridad de las y los visitantes, a trav\u00e9s de revisiones preventivas y aleatorias [&hellip;]","og_url":"https:\/\/kuali.com.mx\/web\/2025\/07\/17\/implementaran-protoloco-de-seguridad-en-festival-de-verano\/","og_site_name":"Kuali","article_publisher":"https:\/\/kuali.com.mx\/web\/wp-content\/uploads\/2018\/04\/cropped-kuali_logo-1-1.png","article_published_time":"2025-07-18T03:49:39+00:00","article_modified_time":"2025-07-19T19:48:25+00:00","og_image":[{"width":719,"height":719,"url":"https:\/\/kuali.com.mx\/web\/wp-content\/uploads\/2025\/07\/Festival-Verano-PC.jpg","type":"image\/jpeg"}],"author":"Kuali Staff","twitter_card":"summary_large_image","twitter_creator":"@kuali_noticias","twitter_site":"@kuali_noticias","twitter_misc":{"Escrito por":"Kuali Staff","Tiempo de lectura":"1 minuto"},"schema":{"@context":"https:\/\/schema.org","@graph":[{"@type":"Article","@id":"https:\/\/kuali.com.mx\/web\/2025\/07\/17\/implementaran-protoloco-de-seguridad-en-festival-de-verano\/#article","isPartOf":{"@id":"https:\/\/kuali.com.mx\/web\/2025\/07\/17\/implementaran-protoloco-de-seguridad-en-festival-de-verano\/"},"author":{"name":"Kuali Staff","@id":"https:\/\/kuali.com.mx\/web\/#\/schema\/person\/6f89ffa8ecba9dae50662357923c5289"},"headline":"IMPLEMENTAR\u00c1N PROTOLOCO DE SEGURIDAD EN FESTIVAL DE VERANO","datePublished":"2025-07-18T03:49:39+00:00","dateModified":"2025-07-19T19:48:25+00:00","mainEntityOfPage":{"@id":"https:\/\/kuali.com.mx\/web\/2025\/07\/17\/implementaran-protoloco-de-seguridad-en-festival-de-verano\/"},"wordCount":280,"commentCount":0,"image":{"@id":"https:\/\/kuali.com.mx\/web\/2025\/07\/17\/implementaran-protoloco-de-seguridad-en-festival-de-verano\/#primaryimage"},"thumbnailUrl":"https:\/\/kuali.com.mx\/web\/wp-content\/uploads\/2025\/07\/Festival-Verano-PC.jpg","articleSection":["Pol\u00edtica"],"inLanguage":"es","potentialAction":[{"@type":"CommentAction","name":"Comment","target":["https:\/\/kuali.com.mx\/web\/2025\/07\/17\/implementaran-protoloco-de-seguridad-en-festival-de-verano\/#respond"]}]},{"@type":"WebPage","@id":"https:\/\/kuali.com.mx\/web\/2025\/07\/17\/implementaran-protoloco-de-seguridad-en-festival-de-verano\/","url":"https:\/\/kuali.com.mx\/web\/2025\/07\/17\/implementaran-protoloco-de-seguridad-en-festival-de-verano\/","name":"IMPLEMENTAR\u00c1N PROTOLOCO DE SEGURIDAD EN FESTIVAL DE VERANO - Kuali","isPartOf":{"@id":"https:\/\/kuali.com.mx\/web\/#website"},"primaryImageOfPage":{"@id":"https:\/\/kuali.com.mx\/web\/2025\/07\/17\/implementaran-protoloco-de-seguridad-en-festival-de-verano\/#primaryimage"},"image":{"@id":"https:\/\/kuali.com.mx\/web\/2025\/07\/17\/implementaran-protoloco-de-seguridad-en-festival-de-verano\/#primaryimage"},"thumbnailUrl":"https:\/\/kuali.com.mx\/web\/wp-content\/uploads\/2025\/07\/Festival-Verano-PC.jpg","datePublished":"2025-07-18T03:49:39+00:00","dateModified":"2025-07-19T19:48:25+00:00","author":{"@id":"https:\/\/kuali.com.mx\/web\/#\/schema\/person\/6f89ffa8ecba9dae50662357923c5289"},"breadcrumb":{"@id":"https:\/\/kuali.com.mx\/web\/2025\/07\/17\/implementaran-protoloco-de-seguridad-en-festival-de-verano\/#breadcrumb"},"inLanguage":"es","potentialAction":[{"@type":"ReadAction","target":["https:\/\/kuali.com.mx\/web\/2025\/07\/17\/implementaran-protoloco-de-seguridad-en-festival-de-verano\/"]}]},{"@type":"ImageObject","inLanguage":"es","@id":"https:\/\/kuali.com.mx\/web\/2025\/07\/17\/implementaran-protoloco-de-seguridad-en-festival-de-verano\/#primaryimage","url":"https:\/\/kuali.com.mx\/web\/wp-content\/uploads\/2025\/07\/Festival-Verano-PC.jpg","contentUrl":"https:\/\/kuali.com.mx\/web\/wp-content\/uploads\/2025\/07\/Festival-Verano-PC.jpg","width":719,"height":719},{"@type":"BreadcrumbList","@id":"https:\/\/kuali.com.mx\/web\/2025\/07\/17\/implementaran-protoloco-de-seguridad-en-festival-de-verano\/#breadcrumb","itemListElement":[{"@type":"ListItem","position":1,"name":"Inicio","item":"https:\/\/kuali.com.mx\/web\/"},{"@type":"ListItem","position":2,"name":"IMPLEMENTAR\u00c1N PROTOLOCO DE SEGURIDAD EN FESTIVAL DE VERANO"}]},{"@type":"WebSite","@id":"https:\/\/kuali.com.mx\/web\/#website","url":"https:\/\/kuali.com.mx\/web\/","name":"Kuali","description":"","potentialAction":[{"@type":"SearchAction","target":{"@type":"EntryPoint","urlTemplate":"https:\/\/kuali.com.mx\/web\/?s={search_term_string}"},"query-input":{"@type":"PropertyValueSpecification","valueRequired":true,"valueName":"search_term_string"}}],"inLanguage":"es"},{"@type":"Person","@id":"https:\/\/kuali.com.mx\/web\/#\/schema\/person\/6f89ffa8ecba9dae50662357923c5289","name":"Kuali Staff","image":{"@type":"ImageObject","inLanguage":"es","@id":"https:\/\/secure.gravatar.com\/avatar\/f917ad82e5ab71227a733c78b6e60715476f69ee6be59feee4eb5d9920c89e0f?s=96&d=mm&r=g","url":"https:\/\/secure.gravatar.com\/avatar\/f917ad82e5ab71227a733c78b6e60715476f69ee6be59feee4eb5d9920c89e0f?s=96&d=mm&r=g","contentUrl":"https:\/\/secure.gravatar.com\/avatar\/f917ad82e5ab71227a733c78b6e60715476f69ee6be59feee4eb5d9920c89e0f?s=96&d=mm&r=g","caption":"Kuali Staff"},"url":"https:\/\/kuali.com.mx\/web\/author\/lagarto\/"}]}},"_links":{"self":[{"href":"https:\/\/kuali.com.mx\/web\/wp-json\/wp\/v2\/posts\/180731","targetHints":{"allow":["GET"]}}],"collection":[{"href":"https:\/\/kuali.com.mx\/web\/wp-json\/wp\/v2\/posts"}],"about":[{"href":"https:\/\/kuali.com.mx\/web\/wp-json\/wp\/v2\/types\/post"}],"author":[{"embeddable":true,"href":"https:\/\/kuali.com.mx\/web\/wp-json\/wp\/v2\/users\/2"}],"replies":[{"embeddable":true,"href":"https:\/\/kuali.com.mx\/web\/wp-json\/wp\/v2\/comments?post=180731"}],"version-history":[{"count":2,"href":"https:\/\/kuali.com.mx\/web\/wp-json\/wp\/v2\/posts\/180731\/revisions"}],"predecessor-version":[{"id":180846,"href":"https:\/\/kuali.com.mx\/web\/wp-json\/wp\/v2\/posts\/180731\/revisions\/180846"}],"wp:featuredmedia":[{"embeddable":true,"href":"https:\/\/kuali.com.mx\/web\/wp-json\/wp\/v2\/media\/180734"}],"wp:attachment":[{"href":"https:\/\/kuali.com.mx\/web\/wp-json\/wp\/v2\/media?parent=180731"}],"wp:term":[{"taxonomy":"category","embeddable":true,"href":"https:\/\/kuali.com.mx\/web\/wp-json\/wp\/v2\/categories?post=180731"},{"taxonomy":"post_tag","embeddable":true,"href":"https:\/\/kuali.com.mx\/web\/wp-json\/wp\/v2\/tags?post=180731"}],"curies":[{"name":"wp","href":"https:\/\/api.w.org\/{rel}","templated":true}]}}