{"id":180726,"date":"2025-07-17T22:13:01","date_gmt":"2025-07-18T04:13:01","guid":{"rendered":"https:\/\/kuali.com.mx\/web\/?p=180726"},"modified":"2025-07-18T10:34:17","modified_gmt":"2025-07-18T16:34:17","slug":"pierden-empleo-trabajadores-de-fabrica-clausurada","status":"publish","type":"post","link":"https:\/\/kuali.com.mx\/web\/2025\/07\/17\/pierden-empleo-trabajadores-de-fabrica-clausurada\/","title":{"rendered":"PIERDEN EMPLEO TRABAJADORES DE F\u00c1BRICA CLAUSURADA"},"content":{"rendered":"\n<p><strong><em>Bernardo Monroy\/San Francisco del Rinc\u00f3n, Gto.-<\/em><\/strong> El cateo al negocio de calzado en la colonia El Llano, en San Francisco del Rinc\u00f3n, ha dejado consternaci\u00f3n en muchas personas, quienes perdieron su empleo y por tanto, el sustento para sus familias. En entrevista, Tom\u00e1s Reyes, miembro de la asociaci\u00f3n 'La voz del pueblo', se\u00f1ala que la empresa incautada operaba en regla, y exige apoyo a las autoridades pidiendo una cosa: trabajo.<\/p>\n\n\n\n<p>Desde la madrugada del mi\u00e9rcoles, hubo un cateo de una bodega en la colonia El Llano, en el que se decomisaron toneladas enteras de supuesto calzado pirata.<\/p>\n\n\n\n<p> Estos operativos se han llevado a cabo de forma constante en San Francisco del Rinc\u00f3n. El problema surge cuando los empleados de dichas fabricas se quedan sin trabajo.<\/p>\n\n\n\n<p>Reyes es enf\u00e1tico:<\/p>\n\n\n\n<p>&nbsp;\u201cQueremos hacer un comunicado a las autoridades estatales y federales, que nosotros estamos actuando legalmente. Respecto al cateo de ayer, la marca es legal, est\u00e1 registrada y est\u00e1 establecida: se llama Mi. Jr. La molestia de todo es que esto es fundamental para la econom\u00eda del municipio, entre ellos me cuento yo. A como est\u00e1n las ventas, que hay muy poco trabajo, nos est\u00e1 afectando a todos. Esta empresa daba trabajo a 66 personas\u201d.<\/p>\n\n\n\n<p>Reyes se\u00f1ala que, justamente lo que no se busca, es que la gente se quede sin trabajo, sobre todo con lo dif\u00edcil que est\u00e1 la situaci\u00f3n, y que en la desesperaci\u00f3n, empiecen a delinquir. \u201cNo queremos que la delincuencia se dispare. Hacemos un llamado a las autoridades estatales o federales. Supuestamente el cateo de ayer ven\u00eda de M\u00e9xico, era federal\u201d.<\/p>\n\n\n\n<p>\u201cActualmente, hay muchos eventos como la Feria del Sombrero o la Parrillada del Rinc\u00f3n, y todo eso est\u00e1 muy bien, pero el calzado es lo que le da la econom\u00eda al pueblo, por eso necesitamos que se nos apoye, que no se nos deje morir solo. Ya ni tierras hay para cultivar. Las pocas que quedan se est\u00e1n usando para el agave\u201d.<\/p>\n\n\n\n<p>\u201cEl gobierno municipal nos ha dado la espalda. \u00c9l es quien deber\u00eda de representarnos\u201d, sentencia.<\/p>\n\n\n\n<p>En ocasiones anteriores, la asociaci\u00f3n 'La voz del pueblo' ha realizado marchas y protestas que recorren las principales arterias comerciales de San Francisco del Rinc\u00f3n, y culminan en la Plaza Principal. De momento, lo fundamental es seguir buscando apoyo y asesor\u00eda en la v\u00eda legal, tal como se\u00f1ala Tom\u00e1s:<\/p>\n\n\n\n<p>\u201cNosotros no estamos en contra de la autoridad, sino todo lo contrario, los apoyamos. Pero queremos que nos digan c\u00f3mo hacerle para que los pocos o muchos que quedan en la ilegalidad, se hagan legales, porque en San Pancho hay muchosa tallercitos que viven al d\u00eda y no tienen para una dada de alta\u201d.<\/p>\n","protected":false},"excerpt":{"rendered":"Bernardo Monroy\/San Francisco del Rinc\u00f3n, Gto.- El cateo al negocio de calzado en la colonia El Llano, en San Francisco del Rinc\u00f3n, ha dejado consternaci\u00f3n en muchas personas, quienes perdieron su empleo y por tanto, el sustento para sus familias. En entrevista, Tom\u00e1s Reyes, miembro de la asociaci\u00f3n 'La voz del pueblo', se\u00f1ala que la [&hellip;]","protected":false},"author":2,"featured_media":180729,"comment_status":"open","ping_status":"open","sticky":false,"template":"","format":"standard","meta":{"_seopress_robots_primary_cat":"none","_seopress_titles_title":"","_seopress_titles_desc":"","_seopress_robots_index":"","_monsterinsights_skip_tracking":false,"_monsterinsights_sitenote_active":false,"_monsterinsights_sitenote_note":"","_monsterinsights_sitenote_category":0,"footnotes":""},"categories":[1],"tags":[],"class_list":["post-180726","post","type-post","status-publish","format-standard","has-post-thumbnail","hentry","category-actualidad"],"yoast_head":"<!-- This site is optimized with the Yoast SEO plugin v27.4 - https:\/\/yoast.com\/product\/yoast-seo-wordpress\/ -->\n<title>PIERDEN EMPLEO TRABAJADORES DE F\u00c1BRICA CLAUSURADA - Kuali<\/title>\n<meta name=\"robots\" content=\"index, follow, max-snippet:-1, max-image-preview:large, max-video-preview:-1\" \/>\n<link rel=\"canonical\" href=\"https:\/\/kuali.com.mx\/web\/2025\/07\/17\/pierden-empleo-trabajadores-de-fabrica-clausurada\/\" \/>\n<meta property=\"og:locale\" content=\"es_MX\" \/>\n<meta property=\"og:type\" content=\"article\" \/>\n<meta property=\"og:title\" content=\"PIERDEN EMPLEO TRABAJADORES DE F\u00c1BRICA CLAUSURADA - Kuali\" \/>\n<meta property=\"og:description\" content=\"Bernardo Monroy\/San Francisco del Rinc\u00f3n, Gto.- El cateo al negocio de calzado en la colonia El Llano, en San Francisco del Rinc\u00f3n, ha dejado consternaci\u00f3n en muchas personas, quienes perdieron su empleo y por tanto, el sustento para sus familias. En entrevista, Tom\u00e1s Reyes, miembro de la asociaci\u00f3n &#039;La voz del pueblo&#039;, se\u00f1ala que la [&hellip;]\" \/>\n<meta property=\"og:url\" content=\"https:\/\/kuali.com.mx\/web\/2025\/07\/17\/pierden-empleo-trabajadores-de-fabrica-clausurada\/\" \/>\n<meta property=\"og:site_name\" content=\"Kuali\" \/>\n<meta property=\"article:publisher\" content=\"https:\/\/kuali.com.mx\/web\/wp-content\/uploads\/2018\/04\/cropped-kuali_logo-1-1.png\" \/>\n<meta property=\"article:published_time\" content=\"2025-07-18T04:13:01+00:00\" \/>\n<meta property=\"article:modified_time\" content=\"2025-07-18T16:34:17+00:00\" \/>\n<meta property=\"og:image\" content=\"https:\/\/kuali.com.mx\/web\/wp-content\/uploads\/2025\/07\/Policia-SFR.jpeg\" \/>\n\t<meta property=\"og:image:width\" content=\"1600\" \/>\n\t<meta property=\"og:image:height\" content=\"1200\" \/>\n\t<meta property=\"og:image:type\" content=\"image\/jpeg\" \/>\n<meta name=\"author\" content=\"Kuali Staff\" \/>\n<meta name=\"twitter:card\" content=\"summary_large_image\" \/>\n<meta name=\"twitter:creator\" content=\"@kuali_noticias\" \/>\n<meta name=\"twitter:site\" content=\"@kuali_noticias\" \/>\n<meta name=\"twitter:label1\" content=\"Escrito por\" \/>\n\t<meta name=\"twitter:data1\" content=\"Kuali Staff\" \/>\n\t<meta name=\"twitter:label2\" content=\"Tiempo de lectura\" \/>\n\t<meta name=\"twitter:data2\" content=\"2 minutos\" \/>\n<script type=\"application\/ld+json\" class=\"yoast-schema-graph\">{\"@context\":\"https:\\\/\\\/schema.org\",\"@graph\":[{\"@type\":\"Article\",\"@id\":\"https:\\\/\\\/kuali.com.mx\\\/web\\\/2025\\\/07\\\/17\\\/pierden-empleo-trabajadores-de-fabrica-clausurada\\\/#article\",\"isPartOf\":{\"@id\":\"https:\\\/\\\/kuali.com.mx\\\/web\\\/2025\\\/07\\\/17\\\/pierden-empleo-trabajadores-de-fabrica-clausurada\\\/\"},\"author\":{\"name\":\"Kuali Staff\",\"@id\":\"https:\\\/\\\/kuali.com.mx\\\/web\\\/#\\\/schema\\\/person\\\/6f89ffa8ecba9dae50662357923c5289\"},\"headline\":\"PIERDEN EMPLEO TRABAJADORES DE F\u00c1BRICA CLAUSURADA\",\"datePublished\":\"2025-07-18T04:13:01+00:00\",\"dateModified\":\"2025-07-18T16:34:17+00:00\",\"mainEntityOfPage\":{\"@id\":\"https:\\\/\\\/kuali.com.mx\\\/web\\\/2025\\\/07\\\/17\\\/pierden-empleo-trabajadores-de-fabrica-clausurada\\\/\"},\"wordCount\":480,\"commentCount\":0,\"image\":{\"@id\":\"https:\\\/\\\/kuali.com.mx\\\/web\\\/2025\\\/07\\\/17\\\/pierden-empleo-trabajadores-de-fabrica-clausurada\\\/#primaryimage\"},\"thumbnailUrl\":\"https:\\\/\\\/kuali.com.mx\\\/web\\\/wp-content\\\/uploads\\\/2025\\\/07\\\/Policia-SFR.jpeg\",\"articleSection\":[\"Versatil\"],\"inLanguage\":\"es\",\"potentialAction\":[{\"@type\":\"CommentAction\",\"name\":\"Comment\",\"target\":[\"https:\\\/\\\/kuali.com.mx\\\/web\\\/2025\\\/07\\\/17\\\/pierden-empleo-trabajadores-de-fabrica-clausurada\\\/#respond\"]}]},{\"@type\":\"WebPage\",\"@id\":\"https:\\\/\\\/kuali.com.mx\\\/web\\\/2025\\\/07\\\/17\\\/pierden-empleo-trabajadores-de-fabrica-clausurada\\\/\",\"url\":\"https:\\\/\\\/kuali.com.mx\\\/web\\\/2025\\\/07\\\/17\\\/pierden-empleo-trabajadores-de-fabrica-clausurada\\\/\",\"name\":\"PIERDEN EMPLEO TRABAJADORES DE F\u00c1BRICA CLAUSURADA - Kuali\",\"isPartOf\":{\"@id\":\"https:\\\/\\\/kuali.com.mx\\\/web\\\/#website\"},\"primaryImageOfPage\":{\"@id\":\"https:\\\/\\\/kuali.com.mx\\\/web\\\/2025\\\/07\\\/17\\\/pierden-empleo-trabajadores-de-fabrica-clausurada\\\/#primaryimage\"},\"image\":{\"@id\":\"https:\\\/\\\/kuali.com.mx\\\/web\\\/2025\\\/07\\\/17\\\/pierden-empleo-trabajadores-de-fabrica-clausurada\\\/#primaryimage\"},\"thumbnailUrl\":\"https:\\\/\\\/kuali.com.mx\\\/web\\\/wp-content\\\/uploads\\\/2025\\\/07\\\/Policia-SFR.jpeg\",\"datePublished\":\"2025-07-18T04:13:01+00:00\",\"dateModified\":\"2025-07-18T16:34:17+00:00\",\"author\":{\"@id\":\"https:\\\/\\\/kuali.com.mx\\\/web\\\/#\\\/schema\\\/person\\\/6f89ffa8ecba9dae50662357923c5289\"},\"breadcrumb\":{\"@id\":\"https:\\\/\\\/kuali.com.mx\\\/web\\\/2025\\\/07\\\/17\\\/pierden-empleo-trabajadores-de-fabrica-clausurada\\\/#breadcrumb\"},\"inLanguage\":\"es\",\"potentialAction\":[{\"@type\":\"ReadAction\",\"target\":[\"https:\\\/\\\/kuali.com.mx\\\/web\\\/2025\\\/07\\\/17\\\/pierden-empleo-trabajadores-de-fabrica-clausurada\\\/\"]}]},{\"@type\":\"ImageObject\",\"inLanguage\":\"es\",\"@id\":\"https:\\\/\\\/kuali.com.mx\\\/web\\\/2025\\\/07\\\/17\\\/pierden-empleo-trabajadores-de-fabrica-clausurada\\\/#primaryimage\",\"url\":\"https:\\\/\\\/kuali.com.mx\\\/web\\\/wp-content\\\/uploads\\\/2025\\\/07\\\/Policia-SFR.jpeg\",\"contentUrl\":\"https:\\\/\\\/kuali.com.mx\\\/web\\\/wp-content\\\/uploads\\\/2025\\\/07\\\/Policia-SFR.jpeg\",\"width\":1600,\"height\":1200},{\"@type\":\"BreadcrumbList\",\"@id\":\"https:\\\/\\\/kuali.com.mx\\\/web\\\/2025\\\/07\\\/17\\\/pierden-empleo-trabajadores-de-fabrica-clausurada\\\/#breadcrumb\",\"itemListElement\":[{\"@type\":\"ListItem\",\"position\":1,\"name\":\"Inicio\",\"item\":\"https:\\\/\\\/kuali.com.mx\\\/web\\\/\"},{\"@type\":\"ListItem\",\"position\":2,\"name\":\"PIERDEN EMPLEO TRABAJADORES DE F\u00c1BRICA CLAUSURADA\"}]},{\"@type\":\"WebSite\",\"@id\":\"https:\\\/\\\/kuali.com.mx\\\/web\\\/#website\",\"url\":\"https:\\\/\\\/kuali.com.mx\\\/web\\\/\",\"name\":\"Kuali\",\"description\":\"\",\"potentialAction\":[{\"@type\":\"SearchAction\",\"target\":{\"@type\":\"EntryPoint\",\"urlTemplate\":\"https:\\\/\\\/kuali.com.mx\\\/web\\\/?s={search_term_string}\"},\"query-input\":{\"@type\":\"PropertyValueSpecification\",\"valueRequired\":true,\"valueName\":\"search_term_string\"}}],\"inLanguage\":\"es\"},{\"@type\":\"Person\",\"@id\":\"https:\\\/\\\/kuali.com.mx\\\/web\\\/#\\\/schema\\\/person\\\/6f89ffa8ecba9dae50662357923c5289\",\"name\":\"Kuali Staff\",\"image\":{\"@type\":\"ImageObject\",\"inLanguage\":\"es\",\"@id\":\"https:\\\/\\\/secure.gravatar.com\\\/avatar\\\/f917ad82e5ab71227a733c78b6e60715476f69ee6be59feee4eb5d9920c89e0f?s=96&d=mm&r=g\",\"url\":\"https:\\\/\\\/secure.gravatar.com\\\/avatar\\\/f917ad82e5ab71227a733c78b6e60715476f69ee6be59feee4eb5d9920c89e0f?s=96&d=mm&r=g\",\"contentUrl\":\"https:\\\/\\\/secure.gravatar.com\\\/avatar\\\/f917ad82e5ab71227a733c78b6e60715476f69ee6be59feee4eb5d9920c89e0f?s=96&d=mm&r=g\",\"caption\":\"Kuali Staff\"},\"url\":\"https:\\\/\\\/kuali.com.mx\\\/web\\\/author\\\/lagarto\\\/\"}]}<\/script>\n<!-- \/ Yoast SEO plugin. -->","yoast_head_json":{"title":"PIERDEN EMPLEO TRABAJADORES DE F\u00c1BRICA CLAUSURADA - Kuali","robots":{"index":"index","follow":"follow","max-snippet":"max-snippet:-1","max-image-preview":"max-image-preview:large","max-video-preview":"max-video-preview:-1"},"canonical":"https:\/\/kuali.com.mx\/web\/2025\/07\/17\/pierden-empleo-trabajadores-de-fabrica-clausurada\/","og_locale":"es_MX","og_type":"article","og_title":"PIERDEN EMPLEO TRABAJADORES DE F\u00c1BRICA CLAUSURADA - Kuali","og_description":"Bernardo Monroy\/San Francisco del Rinc\u00f3n, Gto.- El cateo al negocio de calzado en la colonia El Llano, en San Francisco del Rinc\u00f3n, ha dejado consternaci\u00f3n en muchas personas, quienes perdieron su empleo y por tanto, el sustento para sus familias. En entrevista, Tom\u00e1s Reyes, miembro de la asociaci\u00f3n 'La voz del pueblo', se\u00f1ala que la [&hellip;]","og_url":"https:\/\/kuali.com.mx\/web\/2025\/07\/17\/pierden-empleo-trabajadores-de-fabrica-clausurada\/","og_site_name":"Kuali","article_publisher":"https:\/\/kuali.com.mx\/web\/wp-content\/uploads\/2018\/04\/cropped-kuali_logo-1-1.png","article_published_time":"2025-07-18T04:13:01+00:00","article_modified_time":"2025-07-18T16:34:17+00:00","og_image":[{"width":1600,"height":1200,"url":"https:\/\/kuali.com.mx\/web\/wp-content\/uploads\/2025\/07\/Policia-SFR.jpeg","type":"image\/jpeg"}],"author":"Kuali Staff","twitter_card":"summary_large_image","twitter_creator":"@kuali_noticias","twitter_site":"@kuali_noticias","twitter_misc":{"Escrito por":"Kuali Staff","Tiempo de lectura":"2 minutos"},"schema":{"@context":"https:\/\/schema.org","@graph":[{"@type":"Article","@id":"https:\/\/kuali.com.mx\/web\/2025\/07\/17\/pierden-empleo-trabajadores-de-fabrica-clausurada\/#article","isPartOf":{"@id":"https:\/\/kuali.com.mx\/web\/2025\/07\/17\/pierden-empleo-trabajadores-de-fabrica-clausurada\/"},"author":{"name":"Kuali Staff","@id":"https:\/\/kuali.com.mx\/web\/#\/schema\/person\/6f89ffa8ecba9dae50662357923c5289"},"headline":"PIERDEN EMPLEO TRABAJADORES DE F\u00c1BRICA CLAUSURADA","datePublished":"2025-07-18T04:13:01+00:00","dateModified":"2025-07-18T16:34:17+00:00","mainEntityOfPage":{"@id":"https:\/\/kuali.com.mx\/web\/2025\/07\/17\/pierden-empleo-trabajadores-de-fabrica-clausurada\/"},"wordCount":480,"commentCount":0,"image":{"@id":"https:\/\/kuali.com.mx\/web\/2025\/07\/17\/pierden-empleo-trabajadores-de-fabrica-clausurada\/#primaryimage"},"thumbnailUrl":"https:\/\/kuali.com.mx\/web\/wp-content\/uploads\/2025\/07\/Policia-SFR.jpeg","articleSection":["Versatil"],"inLanguage":"es","potentialAction":[{"@type":"CommentAction","name":"Comment","target":["https:\/\/kuali.com.mx\/web\/2025\/07\/17\/pierden-empleo-trabajadores-de-fabrica-clausurada\/#respond"]}]},{"@type":"WebPage","@id":"https:\/\/kuali.com.mx\/web\/2025\/07\/17\/pierden-empleo-trabajadores-de-fabrica-clausurada\/","url":"https:\/\/kuali.com.mx\/web\/2025\/07\/17\/pierden-empleo-trabajadores-de-fabrica-clausurada\/","name":"PIERDEN EMPLEO TRABAJADORES DE F\u00c1BRICA CLAUSURADA - Kuali","isPartOf":{"@id":"https:\/\/kuali.com.mx\/web\/#website"},"primaryImageOfPage":{"@id":"https:\/\/kuali.com.mx\/web\/2025\/07\/17\/pierden-empleo-trabajadores-de-fabrica-clausurada\/#primaryimage"},"image":{"@id":"https:\/\/kuali.com.mx\/web\/2025\/07\/17\/pierden-empleo-trabajadores-de-fabrica-clausurada\/#primaryimage"},"thumbnailUrl":"https:\/\/kuali.com.mx\/web\/wp-content\/uploads\/2025\/07\/Policia-SFR.jpeg","datePublished":"2025-07-18T04:13:01+00:00","dateModified":"2025-07-18T16:34:17+00:00","author":{"@id":"https:\/\/kuali.com.mx\/web\/#\/schema\/person\/6f89ffa8ecba9dae50662357923c5289"},"breadcrumb":{"@id":"https:\/\/kuali.com.mx\/web\/2025\/07\/17\/pierden-empleo-trabajadores-de-fabrica-clausurada\/#breadcrumb"},"inLanguage":"es","potentialAction":[{"@type":"ReadAction","target":["https:\/\/kuali.com.mx\/web\/2025\/07\/17\/pierden-empleo-trabajadores-de-fabrica-clausurada\/"]}]},{"@type":"ImageObject","inLanguage":"es","@id":"https:\/\/kuali.com.mx\/web\/2025\/07\/17\/pierden-empleo-trabajadores-de-fabrica-clausurada\/#primaryimage","url":"https:\/\/kuali.com.mx\/web\/wp-content\/uploads\/2025\/07\/Policia-SFR.jpeg","contentUrl":"https:\/\/kuali.com.mx\/web\/wp-content\/uploads\/2025\/07\/Policia-SFR.jpeg","width":1600,"height":1200},{"@type":"BreadcrumbList","@id":"https:\/\/kuali.com.mx\/web\/2025\/07\/17\/pierden-empleo-trabajadores-de-fabrica-clausurada\/#breadcrumb","itemListElement":[{"@type":"ListItem","position":1,"name":"Inicio","item":"https:\/\/kuali.com.mx\/web\/"},{"@type":"ListItem","position":2,"name":"PIERDEN EMPLEO TRABAJADORES DE F\u00c1BRICA CLAUSURADA"}]},{"@type":"WebSite","@id":"https:\/\/kuali.com.mx\/web\/#website","url":"https:\/\/kuali.com.mx\/web\/","name":"Kuali","description":"","potentialAction":[{"@type":"SearchAction","target":{"@type":"EntryPoint","urlTemplate":"https:\/\/kuali.com.mx\/web\/?s={search_term_string}"},"query-input":{"@type":"PropertyValueSpecification","valueRequired":true,"valueName":"search_term_string"}}],"inLanguage":"es"},{"@type":"Person","@id":"https:\/\/kuali.com.mx\/web\/#\/schema\/person\/6f89ffa8ecba9dae50662357923c5289","name":"Kuali Staff","image":{"@type":"ImageObject","inLanguage":"es","@id":"https:\/\/secure.gravatar.com\/avatar\/f917ad82e5ab71227a733c78b6e60715476f69ee6be59feee4eb5d9920c89e0f?s=96&d=mm&r=g","url":"https:\/\/secure.gravatar.com\/avatar\/f917ad82e5ab71227a733c78b6e60715476f69ee6be59feee4eb5d9920c89e0f?s=96&d=mm&r=g","contentUrl":"https:\/\/secure.gravatar.com\/avatar\/f917ad82e5ab71227a733c78b6e60715476f69ee6be59feee4eb5d9920c89e0f?s=96&d=mm&r=g","caption":"Kuali Staff"},"url":"https:\/\/kuali.com.mx\/web\/author\/lagarto\/"}]}},"_links":{"self":[{"href":"https:\/\/kuali.com.mx\/web\/wp-json\/wp\/v2\/posts\/180726","targetHints":{"allow":["GET"]}}],"collection":[{"href":"https:\/\/kuali.com.mx\/web\/wp-json\/wp\/v2\/posts"}],"about":[{"href":"https:\/\/kuali.com.mx\/web\/wp-json\/wp\/v2\/types\/post"}],"author":[{"embeddable":true,"href":"https:\/\/kuali.com.mx\/web\/wp-json\/wp\/v2\/users\/2"}],"replies":[{"embeddable":true,"href":"https:\/\/kuali.com.mx\/web\/wp-json\/wp\/v2\/comments?post=180726"}],"version-history":[{"count":2,"href":"https:\/\/kuali.com.mx\/web\/wp-json\/wp\/v2\/posts\/180726\/revisions"}],"predecessor-version":[{"id":180749,"href":"https:\/\/kuali.com.mx\/web\/wp-json\/wp\/v2\/posts\/180726\/revisions\/180749"}],"wp:featuredmedia":[{"embeddable":true,"href":"https:\/\/kuali.com.mx\/web\/wp-json\/wp\/v2\/media\/180729"}],"wp:attachment":[{"href":"https:\/\/kuali.com.mx\/web\/wp-json\/wp\/v2\/media?parent=180726"}],"wp:term":[{"taxonomy":"category","embeddable":true,"href":"https:\/\/kuali.com.mx\/web\/wp-json\/wp\/v2\/categories?post=180726"},{"taxonomy":"post_tag","embeddable":true,"href":"https:\/\/kuali.com.mx\/web\/wp-json\/wp\/v2\/tags?post=180726"}],"curies":[{"name":"wp","href":"https:\/\/api.w.org\/{rel}","templated":true}]}}