{"id":180706,"date":"2025-07-17T18:15:41","date_gmt":"2025-07-18T00:15:41","guid":{"rendered":"https:\/\/kuali.com.mx\/web\/?p=180706"},"modified":"2025-07-17T22:08:23","modified_gmt":"2025-07-18T04:08:23","slug":"no-hubo-rescates-porque-nadie-esta-a-fuerza-jornalero","status":"publish","type":"post","link":"https:\/\/kuali.com.mx\/web\/2025\/07\/17\/no-hubo-rescates-porque-nadie-esta-a-fuerza-jornalero\/","title":{"rendered":"NO HUBO \u201cRESCATES\u201d PORQUE NADIE EST\u00c1 A FUERZA: JORNALERO"},"content":{"rendered":"\n<p><strong>Alicia Arias\/Dolores Hidalgo, Gto.- <\/strong>Jornaleros ind\u00edgenas que trabajan Agroverdi S.A. de C.V. niegan que sean forzados o explotados laboralmente y que se les obligue a vivir en el albergue que les presta la empresa.<\/p>\n\n\n\n<p>\u201cNadie est\u00e1 aqu\u00ed a la fuerza porque nadie se va. Toda la gente es libre, los ni\u00f1os pasean y hay seguridad para que no le pase a nada a nadie\u201d, coment\u00f3 en entrevista para <strong>Kuali<\/strong> uno de los jornaleros que pidi\u00f3 omitir su nombre por motivos de seguridad.<\/p>\n\n\n\n<p>As\u00ed fue como el trabajador que lleva seis a\u00f1os laborando para Agroverdi desminti\u00f3 la versi\u00f3n de la Fiscal\u00eda General del Estado de Guanajuato (FGEG), informo que el viernes 11 de julio intervino la zona de dormitorios del albergue debido a una investigaci\u00f3n \u201cpor el delito de trata de personas con fines de explotaci\u00f3n laboral\u201d, donde hab\u00eda 720 personas \u201cen condiciones de vulnerabilidad\u201d.<\/p>\n\n\n\n<iframe loading=\"lazy\" src=\"https:\/\/www.facebook.com\/plugins\/video.php?height=314&href=https%3A%2F%2Fwww.facebook.com%2FKualiNoticias%2Fvideos%2F1747826462518188%2F&show_text=true&width=560&t=0\" width=\"560\" height=\"429\" style=\"border:none;overflow:hidden\" scrolling=\"no\" frameborder=\"0\" allowfullscreen=\"true\" allow=\"autoplay; clipboard-write; encrypted-media; picture-in-picture; web-share\" allowFullScreen=\"true\"><\/iframe>\n\n\n\n<p>Originario de Tlapla, Guerrero, el jornalero cont\u00f3 que tiene seis a\u00f1os viajando al estado de Guanajuato para trabajar en Agroverdi, empresa de capital chino, ubicada en la comunidad rural El Ramillete, del municipio de Dolores Hidalgo, dedicada al cultivo de hortalizas, la mayor\u00eda para los mercados de Estados Unidos y Canad\u00e1.<\/p>\n\n\n\n<p>\u201cAunque los horarios son un poco excesivos nos pagan las horas extras, a diferencia de los estados del sur, donde s\u00ed hay empresas pero el pago es el m\u00ednimo\u201d, coment\u00f3; adem\u00e1s, dijo contar con seguro social y cuando termina su contrato la empresa les paga su finiquito y les proporciona transporte con sanitarios para el regreso a sus hogares y los respectivos alientos para los empleados sus familias, ya que muchos viajan en compa\u00f1\u00eda de sus hijos, a quienes dejan en el albergue dela empresa mientras ellos cumplen con la jornada laboral.<\/p>\n\n\n\n<p>\u00c9l, al igual que la mayor\u00eda de los jornaleros, se hospedan en el albergue cada vez que vienen a trabajar, un lugar que considera adecuado porque no hay lodo y \u201cporque nosotros, los pobres, estamos acostumbrados a otro tipo de vida\u201d.<\/p>\n\n\n\n<figure class=\"wp-block-image size-large\"><img loading=\"lazy\" decoding=\"async\" width=\"1024\" height=\"452\" src=\"https:\/\/kuali.com.mx\/web\/wp-content\/uploads\/2025\/07\/Albergue-jornaleros-Agroverdi-5-1024x452.gif\" alt=\"\" class=\"wp-image-180710\" srcset=\"https:\/\/kuali.com.mx\/web\/wp-content\/uploads\/2025\/07\/Albergue-jornaleros-Agroverdi-5-1024x452.gif 1024w, https:\/\/kuali.com.mx\/web\/wp-content\/uploads\/2025\/07\/Albergue-jornaleros-Agroverdi-5-300x132.gif 300w, https:\/\/kuali.com.mx\/web\/wp-content\/uploads\/2025\/07\/Albergue-jornaleros-Agroverdi-5-768x339.gif 768w, https:\/\/kuali.com.mx\/web\/wp-content\/uploads\/2025\/07\/Albergue-jornaleros-Agroverdi-5-1536x678.gif 1536w, https:\/\/kuali.com.mx\/web\/wp-content\/uploads\/2025\/07\/Albergue-jornaleros-Agroverdi-5-228x101.gif 228w\" sizes=\"auto, (max-width: 1024px) 100vw, 1024px\" \/><figcaption class=\"wp-element-caption\">El albergue de la empresa Agroverdi S.A. de C.V. es gratuito para sus trabajadores. FOTO: ALICIA ARIAS<\/figcaption><\/figure>\n\n\n\n<p>Dijo que los due\u00f1os, de origen chino, tratan bien a los mexicanos \u201cporque los que no tenemos estudio, tenemos la mano de obra y la labor de lo que es el cultivo de campo abierto y de campo cerrado\u201d.<\/p>\n\n\n\n<p>\u201cNo nos tienen aqu\u00ed a la fuerza. Llevo cinco a\u00f1os aqu\u00ed y siempre hemos tenido la libertad. Nadie est\u00e1 aqu\u00ed a la fuerza porque nadie se va. Toda la gente es libre, los ni\u00f1os pasean y hay seguridad para que no le pase a nada a nadie\u201d, narr\u00f3 el entrevistado.<\/p>\n\n\n\n<p>\u201cEstamos en una empresa que tiene seguro y tienen a los guardias que nos est\u00e1n cuidando. Aqu\u00ed os sentimos seguros\u201d, expres\u00f3.<\/p>\n\n\n\n<p>Propiedad de Agroverdi, el albergue, es operado por un patronato. Cuenta con dormitorios para cerca de 650 personas, guarder\u00eda, cocina, ba\u00f1os para mujeres y hombres, \u00e1rea de lavaderos, enfermer\u00eda, una tienda que est\u00e1 a cargo de los mismos trabajadores, patio, c\u00e1maras de seguridad y vigilancia privada, que es pagada por la empresa. <\/p>\n\n\n\n<figure class=\"wp-block-image size-large\"><img loading=\"lazy\" decoding=\"async\" width=\"1024\" height=\"452\" src=\"https:\/\/kuali.com.mx\/web\/wp-content\/uploads\/2025\/07\/Albergue-jornaleros-Agroverdi-1-1024x452.gif\" alt=\"\" class=\"wp-image-180711\" srcset=\"https:\/\/kuali.com.mx\/web\/wp-content\/uploads\/2025\/07\/Albergue-jornaleros-Agroverdi-1-1024x452.gif 1024w, https:\/\/kuali.com.mx\/web\/wp-content\/uploads\/2025\/07\/Albergue-jornaleros-Agroverdi-1-300x132.gif 300w, https:\/\/kuali.com.mx\/web\/wp-content\/uploads\/2025\/07\/Albergue-jornaleros-Agroverdi-1-768x339.gif 768w, https:\/\/kuali.com.mx\/web\/wp-content\/uploads\/2025\/07\/Albergue-jornaleros-Agroverdi-1-1536x678.gif 1536w, https:\/\/kuali.com.mx\/web\/wp-content\/uploads\/2025\/07\/Albergue-jornaleros-Agroverdi-1-228x101.gif 228w\" sizes=\"auto, (max-width: 1024px) 100vw, 1024px\" \/><\/figure>\n\n\n\n<p>Es gratuito para los trabajadores y es parte de los \u201cservicios que presta la empresa de manera extraordinaria a sus trabajadores\u201d, asegur\u00f3 Jos\u00e9 de Jes\u00fas Espinoza Moreno, abogado representante legal de Agroverdi.<\/p>\n\n\n\n<p>Hasta el momento, la fiscal\u00eda de Guanajuato no ha tomado declaraci\u00f3n ministerial a alguno de los trabajadores que se encontraban en el albergue el 11 de julio, cuando \u201cse supone que rescataron a las personas y se supone, cuando menos, deben tomarles la declaraci\u00f3n ministerial para que se pudiera ejercitar acci\u00f3n ministerial y no declar\u00f3 a nadie\u201d, denunci\u00f3 el abogado en entrevista con los medio de comunicaci\u00f3n a quienes abri\u00f3 las puertas del albergue este jueves para que se conozcan las condiciones en la que opera el lugar.<\/p>\n\n\n\n<p>Actualmente en el albergue se encuentran cerca de 650 personas, entre ellas cerca de 120 menores de edad que viajan con sus padres, inform\u00f3 el representante legal.<\/p>\n\n\n\n<figure class=\"wp-block-embed is-type-wp-embed is-provider-kuali wp-block-embed-kuali\"><div class=\"wp-block-embed__wrapper\">\n<blockquote class=\"wp-embedded-content\" data-secret=\"p7Ro8MR6iQ\"><a href=\"https:\/\/kuali.com.mx\/web\/2025\/07\/17\/denunciaran-al-fiscal-de-guanajuato-por-abuso-de-autoridad\/\">DENUNCIAR\u00c1N AL FISCAL DE GUANAJUATO POR ABUSO DE AUTORIDAD<\/a><\/blockquote><iframe loading=\"lazy\" class=\"wp-embedded-content\" sandbox=\"allow-scripts\" security=\"restricted\" style=\"position: absolute; visibility: hidden;\" title=\"&#8220;DENUNCIAR\u00c1N AL FISCAL DE GUANAJUATO POR ABUSO DE AUTORIDAD&#8221; &#8212; Kuali\" src=\"https:\/\/kuali.com.mx\/web\/2025\/07\/17\/denunciaran-al-fiscal-de-guanajuato-por-abuso-de-autoridad\/embed\/#?secret=eKkLSzZ2pk#?secret=p7Ro8MR6iQ\" data-secret=\"p7Ro8MR6iQ\" width=\"600\" height=\"338\" frameborder=\"0\" marginwidth=\"0\" marginheight=\"0\" scrolling=\"no\"><\/iframe>\n<\/div><\/figure>\n","protected":false},"excerpt":{"rendered":"Alicia Arias\/Dolores Hidalgo, Gto.- Jornaleros ind\u00edgenas que trabajan Agroverdi S.A. de C.V. niegan que sean forzados o explotados laboralmente y que se les obligue a vivir en el albergue que les presta la empresa. \u201cNadie est\u00e1 aqu\u00ed a la fuerza porque nadie se va. Toda la gente es libre, los ni\u00f1os pasean y hay seguridad [&hellip;]","protected":false},"author":2,"featured_media":180709,"comment_status":"open","ping_status":"open","sticky":false,"template":"","format":"standard","meta":{"_seopress_robots_primary_cat":"none","_seopress_titles_title":"","_seopress_titles_desc":"","_seopress_robots_index":"","_monsterinsights_skip_tracking":false,"_monsterinsights_sitenote_active":false,"_monsterinsights_sitenote_note":"","_monsterinsights_sitenote_category":0,"footnotes":""},"categories":[14,3],"tags":[5522,100,1067,125,86,4187,106],"class_list":["post-180706","post","type-post","status-publish","format-standard","has-post-thumbnail","hentry","category-derechos","category-politica","tag-agroverdi","tag-derechos-humanos","tag-dolores-hidalgo","tag-empleo","tag-indigenas","tag-jornaleros-migrantes","tag-trabajo"],"yoast_head":"<!-- This site is optimized with the Yoast SEO plugin v27.4 - https:\/\/yoast.com\/product\/yoast-seo-wordpress\/ -->\n<title>NO HUBO \u201cRESCATES\u201d PORQUE NADIE EST\u00c1 A FUERZA: JORNALERO - Kuali<\/title>\n<meta name=\"robots\" content=\"index, follow, max-snippet:-1, max-image-preview:large, max-video-preview:-1\" \/>\n<link rel=\"canonical\" href=\"https:\/\/kuali.com.mx\/web\/2025\/07\/17\/no-hubo-rescates-porque-nadie-esta-a-fuerza-jornalero\/\" \/>\n<meta property=\"og:locale\" content=\"es_MX\" \/>\n<meta property=\"og:type\" content=\"article\" \/>\n<meta property=\"og:title\" content=\"NO HUBO \u201cRESCATES\u201d PORQUE NADIE EST\u00c1 A FUERZA: JORNALERO - Kuali\" \/>\n<meta property=\"og:description\" content=\"Alicia Arias\/Dolores Hidalgo, Gto.- Jornaleros ind\u00edgenas que trabajan Agroverdi S.A. de C.V. niegan que sean forzados o explotados laboralmente y que se les obligue a vivir en el albergue que les presta la empresa. \u201cNadie est\u00e1 aqu\u00ed a la fuerza porque nadie se va. Toda la gente es libre, los ni\u00f1os pasean y hay seguridad [&hellip;]\" \/>\n<meta property=\"og:url\" content=\"https:\/\/kuali.com.mx\/web\/2025\/07\/17\/no-hubo-rescates-porque-nadie-esta-a-fuerza-jornalero\/\" \/>\n<meta property=\"og:site_name\" content=\"Kuali\" \/>\n<meta property=\"article:publisher\" content=\"https:\/\/kuali.com.mx\/web\/wp-content\/uploads\/2018\/04\/cropped-kuali_logo-1-1.png\" \/>\n<meta property=\"article:published_time\" content=\"2025-07-18T00:15:41+00:00\" \/>\n<meta property=\"article:modified_time\" content=\"2025-07-18T04:08:23+00:00\" \/>\n<meta property=\"og:image\" content=\"https:\/\/kuali.com.mx\/web\/wp-content\/uploads\/2025\/07\/Albergue-jornaleros-Agroverdi-2.gif\" \/>\n\t<meta property=\"og:image:width\" content=\"1700\" \/>\n\t<meta property=\"og:image:height\" content=\"750\" \/>\n\t<meta property=\"og:image:type\" content=\"image\/gif\" \/>\n<meta name=\"author\" content=\"Kuali Staff\" \/>\n<meta name=\"twitter:card\" content=\"summary_large_image\" \/>\n<meta name=\"twitter:creator\" content=\"@kuali_noticias\" \/>\n<meta name=\"twitter:site\" content=\"@kuali_noticias\" \/>\n<meta name=\"twitter:label1\" content=\"Escrito por\" \/>\n\t<meta name=\"twitter:data1\" content=\"Kuali Staff\" \/>\n\t<meta name=\"twitter:label2\" content=\"Tiempo de lectura\" \/>\n\t<meta name=\"twitter:data2\" content=\"3 minutos\" \/>\n<script type=\"application\/ld+json\" class=\"yoast-schema-graph\">{\"@context\":\"https:\\\/\\\/schema.org\",\"@graph\":[{\"@type\":\"Article\",\"@id\":\"https:\\\/\\\/kuali.com.mx\\\/web\\\/2025\\\/07\\\/17\\\/no-hubo-rescates-porque-nadie-esta-a-fuerza-jornalero\\\/#article\",\"isPartOf\":{\"@id\":\"https:\\\/\\\/kuali.com.mx\\\/web\\\/2025\\\/07\\\/17\\\/no-hubo-rescates-porque-nadie-esta-a-fuerza-jornalero\\\/\"},\"author\":{\"name\":\"Kuali Staff\",\"@id\":\"https:\\\/\\\/kuali.com.mx\\\/web\\\/#\\\/schema\\\/person\\\/6f89ffa8ecba9dae50662357923c5289\"},\"headline\":\"NO HUBO \u201cRESCATES\u201d PORQUE NADIE EST\u00c1 A FUERZA: JORNALERO\",\"datePublished\":\"2025-07-18T00:15:41+00:00\",\"dateModified\":\"2025-07-18T04:08:23+00:00\",\"mainEntityOfPage\":{\"@id\":\"https:\\\/\\\/kuali.com.mx\\\/web\\\/2025\\\/07\\\/17\\\/no-hubo-rescates-porque-nadie-esta-a-fuerza-jornalero\\\/\"},\"wordCount\":697,\"commentCount\":0,\"image\":{\"@id\":\"https:\\\/\\\/kuali.com.mx\\\/web\\\/2025\\\/07\\\/17\\\/no-hubo-rescates-porque-nadie-esta-a-fuerza-jornalero\\\/#primaryimage\"},\"thumbnailUrl\":\"https:\\\/\\\/kuali.com.mx\\\/web\\\/wp-content\\\/uploads\\\/2025\\\/07\\\/Albergue-jornaleros-Agroverdi-2.gif\",\"keywords\":[\"Agroverdi\",\"Derechos Humanos\",\"Dolores Hidalgo\",\"Empleo\",\"indigenas\",\"Jornaleros Migrantes\",\"Trabajo\"],\"articleSection\":[\"Derechos Humanos\",\"Pol\u00edtica\"],\"inLanguage\":\"es\",\"potentialAction\":[{\"@type\":\"CommentAction\",\"name\":\"Comment\",\"target\":[\"https:\\\/\\\/kuali.com.mx\\\/web\\\/2025\\\/07\\\/17\\\/no-hubo-rescates-porque-nadie-esta-a-fuerza-jornalero\\\/#respond\"]}]},{\"@type\":\"WebPage\",\"@id\":\"https:\\\/\\\/kuali.com.mx\\\/web\\\/2025\\\/07\\\/17\\\/no-hubo-rescates-porque-nadie-esta-a-fuerza-jornalero\\\/\",\"url\":\"https:\\\/\\\/kuali.com.mx\\\/web\\\/2025\\\/07\\\/17\\\/no-hubo-rescates-porque-nadie-esta-a-fuerza-jornalero\\\/\",\"name\":\"NO HUBO \u201cRESCATES\u201d PORQUE NADIE EST\u00c1 A FUERZA: JORNALERO - Kuali\",\"isPartOf\":{\"@id\":\"https:\\\/\\\/kuali.com.mx\\\/web\\\/#website\"},\"primaryImageOfPage\":{\"@id\":\"https:\\\/\\\/kuali.com.mx\\\/web\\\/2025\\\/07\\\/17\\\/no-hubo-rescates-porque-nadie-esta-a-fuerza-jornalero\\\/#primaryimage\"},\"image\":{\"@id\":\"https:\\\/\\\/kuali.com.mx\\\/web\\\/2025\\\/07\\\/17\\\/no-hubo-rescates-porque-nadie-esta-a-fuerza-jornalero\\\/#primaryimage\"},\"thumbnailUrl\":\"https:\\\/\\\/kuali.com.mx\\\/web\\\/wp-content\\\/uploads\\\/2025\\\/07\\\/Albergue-jornaleros-Agroverdi-2.gif\",\"datePublished\":\"2025-07-18T00:15:41+00:00\",\"dateModified\":\"2025-07-18T04:08:23+00:00\",\"author\":{\"@id\":\"https:\\\/\\\/kuali.com.mx\\\/web\\\/#\\\/schema\\\/person\\\/6f89ffa8ecba9dae50662357923c5289\"},\"breadcrumb\":{\"@id\":\"https:\\\/\\\/kuali.com.mx\\\/web\\\/2025\\\/07\\\/17\\\/no-hubo-rescates-porque-nadie-esta-a-fuerza-jornalero\\\/#breadcrumb\"},\"inLanguage\":\"es\",\"potentialAction\":[{\"@type\":\"ReadAction\",\"target\":[\"https:\\\/\\\/kuali.com.mx\\\/web\\\/2025\\\/07\\\/17\\\/no-hubo-rescates-porque-nadie-esta-a-fuerza-jornalero\\\/\"]}]},{\"@type\":\"ImageObject\",\"inLanguage\":\"es\",\"@id\":\"https:\\\/\\\/kuali.com.mx\\\/web\\\/2025\\\/07\\\/17\\\/no-hubo-rescates-porque-nadie-esta-a-fuerza-jornalero\\\/#primaryimage\",\"url\":\"https:\\\/\\\/kuali.com.mx\\\/web\\\/wp-content\\\/uploads\\\/2025\\\/07\\\/Albergue-jornaleros-Agroverdi-2.gif\",\"contentUrl\":\"https:\\\/\\\/kuali.com.mx\\\/web\\\/wp-content\\\/uploads\\\/2025\\\/07\\\/Albergue-jornaleros-Agroverdi-2.gif\",\"width\":1700,\"height\":750},{\"@type\":\"BreadcrumbList\",\"@id\":\"https:\\\/\\\/kuali.com.mx\\\/web\\\/2025\\\/07\\\/17\\\/no-hubo-rescates-porque-nadie-esta-a-fuerza-jornalero\\\/#breadcrumb\",\"itemListElement\":[{\"@type\":\"ListItem\",\"position\":1,\"name\":\"Inicio\",\"item\":\"https:\\\/\\\/kuali.com.mx\\\/web\\\/\"},{\"@type\":\"ListItem\",\"position\":2,\"name\":\"NO HUBO \u201cRESCATES\u201d PORQUE NADIE EST\u00c1 A FUERZA: JORNALERO\"}]},{\"@type\":\"WebSite\",\"@id\":\"https:\\\/\\\/kuali.com.mx\\\/web\\\/#website\",\"url\":\"https:\\\/\\\/kuali.com.mx\\\/web\\\/\",\"name\":\"Kuali\",\"description\":\"\",\"potentialAction\":[{\"@type\":\"SearchAction\",\"target\":{\"@type\":\"EntryPoint\",\"urlTemplate\":\"https:\\\/\\\/kuali.com.mx\\\/web\\\/?s={search_term_string}\"},\"query-input\":{\"@type\":\"PropertyValueSpecification\",\"valueRequired\":true,\"valueName\":\"search_term_string\"}}],\"inLanguage\":\"es\"},{\"@type\":\"Person\",\"@id\":\"https:\\\/\\\/kuali.com.mx\\\/web\\\/#\\\/schema\\\/person\\\/6f89ffa8ecba9dae50662357923c5289\",\"name\":\"Kuali Staff\",\"image\":{\"@type\":\"ImageObject\",\"inLanguage\":\"es\",\"@id\":\"https:\\\/\\\/secure.gravatar.com\\\/avatar\\\/f917ad82e5ab71227a733c78b6e60715476f69ee6be59feee4eb5d9920c89e0f?s=96&d=mm&r=g\",\"url\":\"https:\\\/\\\/secure.gravatar.com\\\/avatar\\\/f917ad82e5ab71227a733c78b6e60715476f69ee6be59feee4eb5d9920c89e0f?s=96&d=mm&r=g\",\"contentUrl\":\"https:\\\/\\\/secure.gravatar.com\\\/avatar\\\/f917ad82e5ab71227a733c78b6e60715476f69ee6be59feee4eb5d9920c89e0f?s=96&d=mm&r=g\",\"caption\":\"Kuali Staff\"},\"url\":\"https:\\\/\\\/kuali.com.mx\\\/web\\\/author\\\/lagarto\\\/\"}]}<\/script>\n<!-- \/ Yoast SEO plugin. -->","yoast_head_json":{"title":"NO HUBO \u201cRESCATES\u201d PORQUE NADIE EST\u00c1 A FUERZA: JORNALERO - Kuali","robots":{"index":"index","follow":"follow","max-snippet":"max-snippet:-1","max-image-preview":"max-image-preview:large","max-video-preview":"max-video-preview:-1"},"canonical":"https:\/\/kuali.com.mx\/web\/2025\/07\/17\/no-hubo-rescates-porque-nadie-esta-a-fuerza-jornalero\/","og_locale":"es_MX","og_type":"article","og_title":"NO HUBO \u201cRESCATES\u201d PORQUE NADIE EST\u00c1 A FUERZA: JORNALERO - Kuali","og_description":"Alicia Arias\/Dolores Hidalgo, Gto.- Jornaleros ind\u00edgenas que trabajan Agroverdi S.A. de C.V. niegan que sean forzados o explotados laboralmente y que se les obligue a vivir en el albergue que les presta la empresa. \u201cNadie est\u00e1 aqu\u00ed a la fuerza porque nadie se va. Toda la gente es libre, los ni\u00f1os pasean y hay seguridad [&hellip;]","og_url":"https:\/\/kuali.com.mx\/web\/2025\/07\/17\/no-hubo-rescates-porque-nadie-esta-a-fuerza-jornalero\/","og_site_name":"Kuali","article_publisher":"https:\/\/kuali.com.mx\/web\/wp-content\/uploads\/2018\/04\/cropped-kuali_logo-1-1.png","article_published_time":"2025-07-18T00:15:41+00:00","article_modified_time":"2025-07-18T04:08:23+00:00","og_image":[{"width":1700,"height":750,"url":"https:\/\/kuali.com.mx\/web\/wp-content\/uploads\/2025\/07\/Albergue-jornaleros-Agroverdi-2.gif","type":"image\/gif"}],"author":"Kuali Staff","twitter_card":"summary_large_image","twitter_creator":"@kuali_noticias","twitter_site":"@kuali_noticias","twitter_misc":{"Escrito por":"Kuali Staff","Tiempo de lectura":"3 minutos"},"schema":{"@context":"https:\/\/schema.org","@graph":[{"@type":"Article","@id":"https:\/\/kuali.com.mx\/web\/2025\/07\/17\/no-hubo-rescates-porque-nadie-esta-a-fuerza-jornalero\/#article","isPartOf":{"@id":"https:\/\/kuali.com.mx\/web\/2025\/07\/17\/no-hubo-rescates-porque-nadie-esta-a-fuerza-jornalero\/"},"author":{"name":"Kuali Staff","@id":"https:\/\/kuali.com.mx\/web\/#\/schema\/person\/6f89ffa8ecba9dae50662357923c5289"},"headline":"NO HUBO \u201cRESCATES\u201d PORQUE NADIE EST\u00c1 A FUERZA: JORNALERO","datePublished":"2025-07-18T00:15:41+00:00","dateModified":"2025-07-18T04:08:23+00:00","mainEntityOfPage":{"@id":"https:\/\/kuali.com.mx\/web\/2025\/07\/17\/no-hubo-rescates-porque-nadie-esta-a-fuerza-jornalero\/"},"wordCount":697,"commentCount":0,"image":{"@id":"https:\/\/kuali.com.mx\/web\/2025\/07\/17\/no-hubo-rescates-porque-nadie-esta-a-fuerza-jornalero\/#primaryimage"},"thumbnailUrl":"https:\/\/kuali.com.mx\/web\/wp-content\/uploads\/2025\/07\/Albergue-jornaleros-Agroverdi-2.gif","keywords":["Agroverdi","Derechos Humanos","Dolores Hidalgo","Empleo","indigenas","Jornaleros Migrantes","Trabajo"],"articleSection":["Derechos Humanos","Pol\u00edtica"],"inLanguage":"es","potentialAction":[{"@type":"CommentAction","name":"Comment","target":["https:\/\/kuali.com.mx\/web\/2025\/07\/17\/no-hubo-rescates-porque-nadie-esta-a-fuerza-jornalero\/#respond"]}]},{"@type":"WebPage","@id":"https:\/\/kuali.com.mx\/web\/2025\/07\/17\/no-hubo-rescates-porque-nadie-esta-a-fuerza-jornalero\/","url":"https:\/\/kuali.com.mx\/web\/2025\/07\/17\/no-hubo-rescates-porque-nadie-esta-a-fuerza-jornalero\/","name":"NO HUBO \u201cRESCATES\u201d PORQUE NADIE EST\u00c1 A FUERZA: JORNALERO - Kuali","isPartOf":{"@id":"https:\/\/kuali.com.mx\/web\/#website"},"primaryImageOfPage":{"@id":"https:\/\/kuali.com.mx\/web\/2025\/07\/17\/no-hubo-rescates-porque-nadie-esta-a-fuerza-jornalero\/#primaryimage"},"image":{"@id":"https:\/\/kuali.com.mx\/web\/2025\/07\/17\/no-hubo-rescates-porque-nadie-esta-a-fuerza-jornalero\/#primaryimage"},"thumbnailUrl":"https:\/\/kuali.com.mx\/web\/wp-content\/uploads\/2025\/07\/Albergue-jornaleros-Agroverdi-2.gif","datePublished":"2025-07-18T00:15:41+00:00","dateModified":"2025-07-18T04:08:23+00:00","author":{"@id":"https:\/\/kuali.com.mx\/web\/#\/schema\/person\/6f89ffa8ecba9dae50662357923c5289"},"breadcrumb":{"@id":"https:\/\/kuali.com.mx\/web\/2025\/07\/17\/no-hubo-rescates-porque-nadie-esta-a-fuerza-jornalero\/#breadcrumb"},"inLanguage":"es","potentialAction":[{"@type":"ReadAction","target":["https:\/\/kuali.com.mx\/web\/2025\/07\/17\/no-hubo-rescates-porque-nadie-esta-a-fuerza-jornalero\/"]}]},{"@type":"ImageObject","inLanguage":"es","@id":"https:\/\/kuali.com.mx\/web\/2025\/07\/17\/no-hubo-rescates-porque-nadie-esta-a-fuerza-jornalero\/#primaryimage","url":"https:\/\/kuali.com.mx\/web\/wp-content\/uploads\/2025\/07\/Albergue-jornaleros-Agroverdi-2.gif","contentUrl":"https:\/\/kuali.com.mx\/web\/wp-content\/uploads\/2025\/07\/Albergue-jornaleros-Agroverdi-2.gif","width":1700,"height":750},{"@type":"BreadcrumbList","@id":"https:\/\/kuali.com.mx\/web\/2025\/07\/17\/no-hubo-rescates-porque-nadie-esta-a-fuerza-jornalero\/#breadcrumb","itemListElement":[{"@type":"ListItem","position":1,"name":"Inicio","item":"https:\/\/kuali.com.mx\/web\/"},{"@type":"ListItem","position":2,"name":"NO HUBO \u201cRESCATES\u201d PORQUE NADIE EST\u00c1 A FUERZA: JORNALERO"}]},{"@type":"WebSite","@id":"https:\/\/kuali.com.mx\/web\/#website","url":"https:\/\/kuali.com.mx\/web\/","name":"Kuali","description":"","potentialAction":[{"@type":"SearchAction","target":{"@type":"EntryPoint","urlTemplate":"https:\/\/kuali.com.mx\/web\/?s={search_term_string}"},"query-input":{"@type":"PropertyValueSpecification","valueRequired":true,"valueName":"search_term_string"}}],"inLanguage":"es"},{"@type":"Person","@id":"https:\/\/kuali.com.mx\/web\/#\/schema\/person\/6f89ffa8ecba9dae50662357923c5289","name":"Kuali Staff","image":{"@type":"ImageObject","inLanguage":"es","@id":"https:\/\/secure.gravatar.com\/avatar\/f917ad82e5ab71227a733c78b6e60715476f69ee6be59feee4eb5d9920c89e0f?s=96&d=mm&r=g","url":"https:\/\/secure.gravatar.com\/avatar\/f917ad82e5ab71227a733c78b6e60715476f69ee6be59feee4eb5d9920c89e0f?s=96&d=mm&r=g","contentUrl":"https:\/\/secure.gravatar.com\/avatar\/f917ad82e5ab71227a733c78b6e60715476f69ee6be59feee4eb5d9920c89e0f?s=96&d=mm&r=g","caption":"Kuali Staff"},"url":"https:\/\/kuali.com.mx\/web\/author\/lagarto\/"}]}},"_links":{"self":[{"href":"https:\/\/kuali.com.mx\/web\/wp-json\/wp\/v2\/posts\/180706","targetHints":{"allow":["GET"]}}],"collection":[{"href":"https:\/\/kuali.com.mx\/web\/wp-json\/wp\/v2\/posts"}],"about":[{"href":"https:\/\/kuali.com.mx\/web\/wp-json\/wp\/v2\/types\/post"}],"author":[{"embeddable":true,"href":"https:\/\/kuali.com.mx\/web\/wp-json\/wp\/v2\/users\/2"}],"replies":[{"embeddable":true,"href":"https:\/\/kuali.com.mx\/web\/wp-json\/wp\/v2\/comments?post=180706"}],"version-history":[{"count":2,"href":"https:\/\/kuali.com.mx\/web\/wp-json\/wp\/v2\/posts\/180706\/revisions"}],"predecessor-version":[{"id":180725,"href":"https:\/\/kuali.com.mx\/web\/wp-json\/wp\/v2\/posts\/180706\/revisions\/180725"}],"wp:featuredmedia":[{"embeddable":true,"href":"https:\/\/kuali.com.mx\/web\/wp-json\/wp\/v2\/media\/180709"}],"wp:attachment":[{"href":"https:\/\/kuali.com.mx\/web\/wp-json\/wp\/v2\/media?parent=180706"}],"wp:term":[{"taxonomy":"category","embeddable":true,"href":"https:\/\/kuali.com.mx\/web\/wp-json\/wp\/v2\/categories?post=180706"},{"taxonomy":"post_tag","embeddable":true,"href":"https:\/\/kuali.com.mx\/web\/wp-json\/wp\/v2\/tags?post=180706"}],"curies":[{"name":"wp","href":"https:\/\/api.w.org\/{rel}","templated":true}]}}