{"id":180661,"date":"2025-07-17T12:06:26","date_gmt":"2025-07-17T18:06:26","guid":{"rendered":"https:\/\/kuali.com.mx\/web\/?p=180661"},"modified":"2025-07-17T12:06:28","modified_gmt":"2025-07-17T18:06:28","slug":"espana-10o-cile-sera-en-peru-en-homenaje-a-vargas-llosa","status":"publish","type":"post","link":"https:\/\/kuali.com.mx\/web\/2025\/07\/17\/espana-10o-cile-sera-en-peru-en-homenaje-a-vargas-llosa\/","title":{"rendered":"ESPA\u00d1A: 10\u00ba CILE SER\u00c1 EN PER\u00da EN HOMENAJE A VARGAS LLOSA"},"content":{"rendered":"\n<p><em><strong>ENCUENTRO CON GOROSITO\u2026<\/strong><\/em><\/p>\n\n\n\n<p>La 10\u00aa edici\u00f3n del Congreso Internacional de la Lengua Espa\u00f1ola (Cile), ser\u00e1 del 17 al 25 de octubre 2025, en la ciudad de Arequipa (Per\u00fa), bajo el lema: \u201cGrandes desaf\u00edos de la lengua espa\u00f1ola: mestizaje e interculturalidad, lenguaje claro y accesible, culturas digitales e inteligencia artificial\u201d. Esta edici\u00f3n adem\u00e1s, rendir\u00e1 homenaje al escritor peruano-espa\u00f1ol, fallecido recientemente Mario Vargas Llosa y que es nativo de Arequipa.<\/p>\n\n\n\n<p>Se present\u00f3 el evento en Madrid, en la sede del Instituto Cervantes. El Congreso contar\u00e1 con la presencia del rey Felipe VI de Espa\u00f1a y de la presidenta de Per\u00fa, Dina Boluarte.<\/p>\n\n\n\n<p>El director de la Real Academia Espa\u00f1ola de la Lengua (RAE) y presidente de la Asociaci\u00f3n de Academias de la Lengua Espa\u00f1ola (Asale), Santiago Mu\u00f1oz Machado, extern\u00f3 en la presentaci\u00f3n del evento m\u00e1s importante de la lengua espa\u00f1ola:&nbsp;<\/p>\n\n\n\n<p>\u201cArequipa nos estaba esperando desde hace ya varios a\u00f1os\u201d, Mu\u00f1oz record\u00f3 que la propuesta para realizar el evento en esta ciudad del Per\u00fa, declarada por la Unesco Patrimonio Mundial de la Humanidad, est\u00e1 en pie desde la edici\u00f3n de 2019 en C\u00f3rdoba (Argentina) y se ratific\u00f3 en 2023 en C\u00e1diz (Espa\u00f1a).<\/p>\n\n\n\n<p>El evento estar\u00e1 dividido en tres secciones tem\u00e1ticas y el programa acad\u00e9mico fue estructurado posterior al estudio de 235 propuestas, 224 de ellas \u201cde todas las academias hermanas\u201d de la Asale que \u201chan sido acogidas por la RAE, seleccionadas y acordadas con el Cervantes\u201d.<\/p>\n\n\n\n<p>Los desaf\u00edos de la interculturalidad en la comunidad global, ser\u00e1 el primer eje tem\u00e1tico del congreso, el segundo, sobre el lenguaje claro y accesible y el tercero, abordar\u00e1 la relaci\u00f3n de nuestra lengua con las culturas digitales y la inteligencia artificial.<\/p>\n\n\n\n<p>Mu\u00f1oz Machado, agreg\u00f3 que se celebrar\u00e1 una sesi\u00f3n especial, posterior al acto de apertura, dedicada al acad\u00e9mico Mario Vargas Llosa, quien \u201ctuvo la idea que el congreso se realizara en Arequipa y, siguiendo su criterio, las academias, lo aprobaron de un modo entusiasta\u201d.<\/p>\n\n\n\n<p>\u201cSe nos ha muerto antes de que llegara a celebrarse el Cile, de modo que, dada su importancia para la literatura y las letras espa\u00f1olas, el rendirle un homenaje en aquel lugar donde naci\u00f3 nos parec\u00eda absolutamente obligado, afirm\u00f3 el director de la Real Academia Espa\u00f1ola de la Lengua (RAE).<\/p>\n\n\n\n<p>Mientras que el escritor Luis Garc\u00eda Montero, director del Instituto Cervantes, dijo. \u201cArequipa es herencia y ejemplo del mestizaje y ser\u00e1 un encuentro que supone continuar una tradici\u00f3n muy \u00fatil a la hora de tomar conciencia de la importancia de la lengua espa\u00f1ola en el horizonte internacional desde el punto de vista econ\u00f3mico y social\u201d.<\/p>\n\n\n\n<p>A su vez, Carlos Ch\u00e1vez- Taffur, presidente de la Comisi\u00f3n Organizadora y del Grupo de Trabajo del X Cile del Ministerio de Relaciones Exteriores del Per\u00fa, extern\u00f3: \u201cEl espa\u00f1ol es una lengua fundamental para el Per\u00fa. En ella, desde el mismo siglo XVI, empez\u00f3 tambi\u00e9n a levantarse el edificio de la monumental cultura letrada del Per\u00fa, entre cuyos autores fundacionales sobresalen las figuras se\u00f1eras del Inca Garcilaso de la Vega y de Felipe Guam\u00e1n Poma de Ayala, que tanto han enriquecido el patrimonio com\u00fan de la cultura prehisp\u00e1nica\u201d, agreg\u00f3 el diplom\u00e1tico.<\/p>\n\n\n\n<p>Comparto el programa del 10\u00ba Congreso Internacional de la Lengua Espa\u00f1ola:<\/p>\n\n\n\n<p>\u201cEl espa\u00f1ol, lengua mestiza. Interculturalidad y comunidad global: un desaf\u00edo permanente\u201d. Es el t\u00edtulo de la primera secci\u00f3n del Congreso Internacional de la Lengua Espa\u00f1ola 2025. Comprender\u00e1 una secci\u00f3n plenaria con una ponencia general y dos mesas de di\u00e1logo: \u201cAm\u00e9rica y el primer mestizaje global Fortalezas y debilidades. La construcci\u00f3n de un porvenir com\u00fan\u201d y \u201cUnidad y diversidad en el di\u00e1logo intercultural\u201d.&nbsp;<\/p>\n\n\n\n<p>Adem\u00e1s, habr\u00e1 una serie de paneles simult\u00e1neos&nbsp;&nbsp;que abordar\u00e1n cuestiones relacionadas con el mestizaje: encuentros y transferencias actuales entre el espa\u00f1ol y las lenguas originarias americanas, el espa\u00f1ol como lengua de integraci\u00f3n y puente intercultural , y el mestizaje ling\u00fc\u00edstico y la construcci\u00f3n de nuevas identidades culturales, o el mapa transcultural de la literatura contempor\u00e1nea en espa\u00f1ol.<\/p>\n\n\n\n<p>Tambi\u00e9n habr\u00e1 lugar para la lengua espa\u00f1ola, ciencia y literatura; migraci\u00f3n, y el exilio y la interculturalidad , el espa\u00f1ol de Estados Unidos y las claves de su presente y futuro: la convivencia de lenguas y culturas en la comunidad iberoamericana; las hibridaciones ling\u00fc\u00edsticas y culturales en las fronteras del espa\u00f1ol.<\/p>\n\n\n\n<p>La variedad gastron\u00f3mica en el idioma com\u00fan; la integraci\u00f3n de la diversidad ling\u00fc\u00edstica en las obras acad\u00e9micas prehisp\u00e1nicas; la incidencia del quechua, el aimara, y las lenguas amaz\u00f3nicas en la configuraci\u00f3n del espa\u00f1ol andino, y la influencia mutua y riqueza transcultural, la trascendencia de Miguel de Cervantes y su obra en Am\u00e9rica, y el reconocimiento literario del mestizaje ling\u00fc\u00edstico peruano.<\/p>\n\n\n\n<p>La segunda secci\u00f3n, tratar\u00e1, sobre el lenguaje claro y accesible, adem\u00e1s de una ponencia general, tendr\u00e1 dos mesas de di\u00e1logo tituladas: \u201cComprensi\u00f3n del lenguaje y derechos humanos. La claridad ling\u00fc\u00edstica y su aplicaci\u00f3n como servicio ciudadano\u201d y \u201cLa accesibilidad comunicativa como derecho y deber\u201d.<\/p>\n\n\n\n<p>En los paneles simult\u00e1neos de esta segunda secci\u00f3n se reflexionar\u00e1 sobre los fundamentos del lenguaje claro y el nuevo concepto de la norma ling\u00fc\u00edstica y su incidencia en la funci\u00f3n de las academias, el espa\u00f1ol como lengua de inclusi\u00f3n y acceso universal, lenguaje y pol\u00edtica; lenguaje claro y poderes p\u00fablicos, y la claridad de los lenguajes especializados.<\/p>\n\n\n\n<p>Esta secci\u00f3n tambi\u00e9n tratar\u00e1 sobre la inteligencia artificial al servicio del lenguaje claro y la comunicaci\u00f3n accesible; lenguaje claro y transparencia ling\u00fc\u00edstica en los medios de comunicaci\u00f3n y la publicidad; educaci\u00f3n en lenguaje claro y accesible y su incorporaci\u00f3n a la ense\u00f1anza universitaria; la traducci\u00f3n como herramienta de acceso ling\u00fc\u00edstico; claridad, mestizaje y&nbsp;&nbsp;creaci\u00f3n literaria;&nbsp;&nbsp;y lengua e imagen.<\/p>\n\n\n\n<p>Adem\u00e1s se hablar\u00e1 sobre la Red Panhisp\u00e1nica de Lenguaje Claro y Accesible y se plantear\u00e1n los retos de esta iniciativa global e inclusiva al servicio de la comunidad impulsada por la RAE,&nbsp;&nbsp;que ostenta la Secretar\u00eda Permanente.<\/p>\n\n\n\n<p>La sesi\u00f3n plenaria de la tercera secci\u00f3n: \u201cLengua espa\u00f1ola, culturas digitales e inteligencia artificial (IA)\u201d, tambi\u00e9n incluir\u00e1 una ponencia general y dos mesas de di\u00e1logo: \u201cCulturas digitales y espa\u00f1ol global: un cambio de modelo. El desaf\u00edo de preservar la unidad de la lengua en el&nbsp;&nbsp;entorno digital\u201d y \u201cUnidad y diversidad de la lengua espa\u00f1ola e inteligencia artificial. El impacto de la inteligencia artificial&nbsp;&nbsp;en el desarrollo del espa\u00f1ol.&nbsp;&nbsp;Retos y oportunidades\u201d.<\/p>\n\n\n\n<p>En los paneles simult\u00e1neos se discutir\u00e1 sobre la construcci\u00f3n de identidades culturales en la era de la IA, accesibilidad, inclusi\u00f3n, e igualdad social en la cultura digital: literatura, cine comunicaci\u00f3n&nbsp;&nbsp;digital y efectos de la inteligencia artificial en los medios de comunicaci\u00f3n y en la creaci\u00f3n, o la inteligencia artificial como coautora.<\/p>\n\n\n\n<p>Tambi\u00e9n sobre los corpus y el reto de los modelos de lenguaje de gran tama\u00f1o para la lengua espa\u00f1ola; traducci\u00f3n, correcci\u00f3n e inteligencia artificial, periodismo digital e inteligencia artificial en los medios de comunicaci\u00f3n, el uso de la inteligencia artificial en la ense\u00f1anza de la lengua espa\u00f1ola, el lenguaje de la ciencia en la cultura digital; \u00e9tica y responsabilidad en la aplicaci\u00f3n de la inteligencia artificial a la lengua.<\/p>\n\n\n\n<p>Las humanidades digitales para el espa\u00f1ol de Am\u00e9rica, las tecnolog\u00edas emergentes en la ense\u00f1anza del espa\u00f1ol como lengua extranjera y la relaci\u00f3n entre lengua y la industria digital, ser\u00e1n otros de los temas sobre los que se reflexionar\u00e1 en este encuentro, en el que tambi\u00e9n se hablar\u00e1 del proyecto TeresIA, para la investigaci\u00f3n&nbsp;&nbsp;sobre terminolog\u00eda e inteligencia artificial en las lenguas de Espa\u00f1a, la terminolog\u00eda en espa\u00f1ol y el multiling\u00fcismo digital. Igualmente, el Proyecto Lengua Espa\u00f1ola e Inteligencia Artificial (Leia), ideado y liderado por la RAE, ser\u00e1 otro de los protagonistas de las jornadas del 10\u00ba Congreso Internacional de la lengua Espa\u00f1ola.<\/p>\n\n\n\n<p>Recordemos que el primer Congreso Internacional de la Lengua Espa\u00f1ola, fue en 1997 en Zacatecas (M\u00e9xico), 2\u00ba en Valladolid (Espa\u00f1a\u00b4, 2001). 3\u00ba Rosario (Argentina, 2004), 4\u00ba Cartagena de Indias (Colombia 2007), 5\u00ba Valpara\u00edso (Chile,, 2010, celebrado en l\u00ednea a causa del terremoto) 6\u00ba Panam\u00e1 (Panam\u00e1, 2013) 7\u00ba San Juan (Puerto Rico, 2016) 8\u00ba C\u00f3rdoba (Argentina, 2019) y 9\u00ba C\u00e1diz (Espa\u00f1a, 2023).&nbsp;<\/p>\n\n\n\n<p>Tengamos presente que el Cile,&nbsp;&nbsp;es la cita m\u00e1s importante de la Lengua Espa\u00f1ola. El Instituto Cervantes, inform\u00f3 que despu\u00e9s del chino, el espa\u00f1ol es el idioma m\u00e1s hablado del mundo; m\u00e1s de 480 millones de personas lo tienen como lengua materna y se estudia en 107 pa\u00edses, es una lengua viva y universal.<\/p>\n\n\n\n<p>&nbsp;&nbsp;&nbsp;&nbsp;&nbsp;&nbsp;&nbsp;&nbsp;&nbsp;\u00a1Hasta el pr\u00f3ximo encuentro\u2026!<\/p>\n\n\n\n<p>\u00a0\u00a0\u00a0\u00a0\u00a0\u00a0\u00a0\u00a0\u00a0\u00a0\u00a0\u00a0\u00a0\u00a0\u00a0\u00a0\u00a0\u00a0\u00a0\u00a0\u00a0\u00a0\u00a0\u00a0\u00a0\u00a0\u00a0\u00a0\u00a0\u00a0\u00a0\u00a0\u00a0\u00a0\u00a0\u00a0\u00a0\u00a0\u00a0\u00a0\u00a0\u00a0\u00a0\u00a0\u00a0\u00a0\u00a0\u00a0\u00a0\u00a0\u00a0\u00a0\u00a0\u00a0\u00a0\u00a0\u00a0\u00a0\u00a0<em><strong>Dr.(c).Washington Daniel Gorosito P\u00e9rez<\/strong><\/em><\/p>\n","protected":false},"excerpt":{"rendered":"ENCUENTRO CON GOROSITO\u2026 La 10\u00aa edici\u00f3n del Congreso Internacional de la Lengua Espa\u00f1ola (Cile), ser\u00e1 del 17 al 25 de octubre 2025, en la ciudad de Arequipa (Per\u00fa), bajo el lema: \u201cGrandes desaf\u00edos de la lengua espa\u00f1ola: mestizaje e interculturalidad, lenguaje claro y accesible, culturas digitales e inteligencia artificial\u201d. Esta edici\u00f3n adem\u00e1s, rendir\u00e1 homenaje al [&hellip;]","protected":false},"author":2,"featured_media":180663,"comment_status":"open","ping_status":"open","sticky":false,"template":"","format":"standard","meta":{"_seopress_robots_primary_cat":"none","_seopress_titles_title":"","_seopress_titles_desc":"","_seopress_robots_index":"","_monsterinsights_skip_tracking":false,"_monsterinsights_sitenote_active":false,"_monsterinsights_sitenote_note":"","_monsterinsights_sitenote_category":0,"footnotes":""},"categories":[8],"tags":[],"class_list":["post-180661","post","type-post","status-publish","format-standard","has-post-thumbnail","hentry","category-espectaculos"],"yoast_head":"<!-- This site is optimized with the Yoast SEO plugin v27.4 - https:\/\/yoast.com\/product\/yoast-seo-wordpress\/ -->\n<title>ESPA\u00d1A: 10\u00ba CILE SER\u00c1 EN PER\u00da EN HOMENAJE A VARGAS LLOSA - Kuali<\/title>\n<meta name=\"robots\" content=\"index, follow, max-snippet:-1, max-image-preview:large, max-video-preview:-1\" \/>\n<link rel=\"canonical\" href=\"https:\/\/kuali.com.mx\/web\/2025\/07\/17\/espana-10o-cile-sera-en-peru-en-homenaje-a-vargas-llosa\/\" \/>\n<meta property=\"og:locale\" content=\"es_MX\" \/>\n<meta property=\"og:type\" content=\"article\" \/>\n<meta property=\"og:title\" content=\"ESPA\u00d1A: 10\u00ba CILE SER\u00c1 EN PER\u00da EN HOMENAJE A VARGAS LLOSA - Kuali\" \/>\n<meta property=\"og:description\" content=\"ENCUENTRO CON GOROSITO\u2026 La 10\u00aa edici\u00f3n del Congreso Internacional de la Lengua Espa\u00f1ola (Cile), ser\u00e1 del 17 al 25 de octubre 2025, en la ciudad de Arequipa (Per\u00fa), bajo el lema: \u201cGrandes desaf\u00edos de la lengua espa\u00f1ola: mestizaje e interculturalidad, lenguaje claro y accesible, culturas digitales e inteligencia artificial\u201d. Esta edici\u00f3n adem\u00e1s, rendir\u00e1 homenaje al [&hellip;]\" \/>\n<meta property=\"og:url\" content=\"https:\/\/kuali.com.mx\/web\/2025\/07\/17\/espana-10o-cile-sera-en-peru-en-homenaje-a-vargas-llosa\/\" \/>\n<meta property=\"og:site_name\" content=\"Kuali\" \/>\n<meta property=\"article:publisher\" content=\"https:\/\/kuali.com.mx\/web\/wp-content\/uploads\/2018\/04\/cropped-kuali_logo-1-1.png\" \/>\n<meta property=\"article:published_time\" content=\"2025-07-17T18:06:26+00:00\" \/>\n<meta property=\"article:modified_time\" content=\"2025-07-17T18:06:28+00:00\" \/>\n<meta property=\"og:image\" content=\"https:\/\/kuali.com.mx\/web\/wp-content\/uploads\/2025\/07\/Vargas.jpg\" \/>\n\t<meta property=\"og:image:width\" content=\"1750\" \/>\n\t<meta property=\"og:image:height\" content=\"853\" \/>\n\t<meta property=\"og:image:type\" content=\"image\/jpeg\" \/>\n<meta name=\"author\" content=\"Kuali Staff\" \/>\n<meta name=\"twitter:card\" content=\"summary_large_image\" \/>\n<meta name=\"twitter:creator\" content=\"@kuali_noticias\" \/>\n<meta name=\"twitter:site\" content=\"@kuali_noticias\" \/>\n<meta name=\"twitter:label1\" content=\"Escrito por\" \/>\n\t<meta name=\"twitter:data1\" content=\"Kuali Staff\" \/>\n\t<meta name=\"twitter:label2\" content=\"Tiempo de lectura\" \/>\n\t<meta name=\"twitter:data2\" content=\"8 minutos\" \/>\n<script type=\"application\/ld+json\" class=\"yoast-schema-graph\">{\"@context\":\"https:\\\/\\\/schema.org\",\"@graph\":[{\"@type\":\"Article\",\"@id\":\"https:\\\/\\\/kuali.com.mx\\\/web\\\/2025\\\/07\\\/17\\\/espana-10o-cile-sera-en-peru-en-homenaje-a-vargas-llosa\\\/#article\",\"isPartOf\":{\"@id\":\"https:\\\/\\\/kuali.com.mx\\\/web\\\/2025\\\/07\\\/17\\\/espana-10o-cile-sera-en-peru-en-homenaje-a-vargas-llosa\\\/\"},\"author\":{\"name\":\"Kuali Staff\",\"@id\":\"https:\\\/\\\/kuali.com.mx\\\/web\\\/#\\\/schema\\\/person\\\/6f89ffa8ecba9dae50662357923c5289\"},\"headline\":\"ESPA\u00d1A: 10\u00ba CILE SER\u00c1 EN PER\u00da EN HOMENAJE A VARGAS LLOSA\",\"datePublished\":\"2025-07-17T18:06:26+00:00\",\"dateModified\":\"2025-07-17T18:06:28+00:00\",\"mainEntityOfPage\":{\"@id\":\"https:\\\/\\\/kuali.com.mx\\\/web\\\/2025\\\/07\\\/17\\\/espana-10o-cile-sera-en-peru-en-homenaje-a-vargas-llosa\\\/\"},\"wordCount\":1552,\"commentCount\":0,\"image\":{\"@id\":\"https:\\\/\\\/kuali.com.mx\\\/web\\\/2025\\\/07\\\/17\\\/espana-10o-cile-sera-en-peru-en-homenaje-a-vargas-llosa\\\/#primaryimage\"},\"thumbnailUrl\":\"https:\\\/\\\/kuali.com.mx\\\/web\\\/wp-content\\\/uploads\\\/2025\\\/07\\\/Vargas.jpg\",\"articleSection\":[\"Cultura\"],\"inLanguage\":\"es\",\"potentialAction\":[{\"@type\":\"CommentAction\",\"name\":\"Comment\",\"target\":[\"https:\\\/\\\/kuali.com.mx\\\/web\\\/2025\\\/07\\\/17\\\/espana-10o-cile-sera-en-peru-en-homenaje-a-vargas-llosa\\\/#respond\"]}]},{\"@type\":\"WebPage\",\"@id\":\"https:\\\/\\\/kuali.com.mx\\\/web\\\/2025\\\/07\\\/17\\\/espana-10o-cile-sera-en-peru-en-homenaje-a-vargas-llosa\\\/\",\"url\":\"https:\\\/\\\/kuali.com.mx\\\/web\\\/2025\\\/07\\\/17\\\/espana-10o-cile-sera-en-peru-en-homenaje-a-vargas-llosa\\\/\",\"name\":\"ESPA\u00d1A: 10\u00ba CILE SER\u00c1 EN PER\u00da EN HOMENAJE A VARGAS LLOSA - Kuali\",\"isPartOf\":{\"@id\":\"https:\\\/\\\/kuali.com.mx\\\/web\\\/#website\"},\"primaryImageOfPage\":{\"@id\":\"https:\\\/\\\/kuali.com.mx\\\/web\\\/2025\\\/07\\\/17\\\/espana-10o-cile-sera-en-peru-en-homenaje-a-vargas-llosa\\\/#primaryimage\"},\"image\":{\"@id\":\"https:\\\/\\\/kuali.com.mx\\\/web\\\/2025\\\/07\\\/17\\\/espana-10o-cile-sera-en-peru-en-homenaje-a-vargas-llosa\\\/#primaryimage\"},\"thumbnailUrl\":\"https:\\\/\\\/kuali.com.mx\\\/web\\\/wp-content\\\/uploads\\\/2025\\\/07\\\/Vargas.jpg\",\"datePublished\":\"2025-07-17T18:06:26+00:00\",\"dateModified\":\"2025-07-17T18:06:28+00:00\",\"author\":{\"@id\":\"https:\\\/\\\/kuali.com.mx\\\/web\\\/#\\\/schema\\\/person\\\/6f89ffa8ecba9dae50662357923c5289\"},\"breadcrumb\":{\"@id\":\"https:\\\/\\\/kuali.com.mx\\\/web\\\/2025\\\/07\\\/17\\\/espana-10o-cile-sera-en-peru-en-homenaje-a-vargas-llosa\\\/#breadcrumb\"},\"inLanguage\":\"es\",\"potentialAction\":[{\"@type\":\"ReadAction\",\"target\":[\"https:\\\/\\\/kuali.com.mx\\\/web\\\/2025\\\/07\\\/17\\\/espana-10o-cile-sera-en-peru-en-homenaje-a-vargas-llosa\\\/\"]}]},{\"@type\":\"ImageObject\",\"inLanguage\":\"es\",\"@id\":\"https:\\\/\\\/kuali.com.mx\\\/web\\\/2025\\\/07\\\/17\\\/espana-10o-cile-sera-en-peru-en-homenaje-a-vargas-llosa\\\/#primaryimage\",\"url\":\"https:\\\/\\\/kuali.com.mx\\\/web\\\/wp-content\\\/uploads\\\/2025\\\/07\\\/Vargas.jpg\",\"contentUrl\":\"https:\\\/\\\/kuali.com.mx\\\/web\\\/wp-content\\\/uploads\\\/2025\\\/07\\\/Vargas.jpg\",\"width\":1750,\"height\":853},{\"@type\":\"BreadcrumbList\",\"@id\":\"https:\\\/\\\/kuali.com.mx\\\/web\\\/2025\\\/07\\\/17\\\/espana-10o-cile-sera-en-peru-en-homenaje-a-vargas-llosa\\\/#breadcrumb\",\"itemListElement\":[{\"@type\":\"ListItem\",\"position\":1,\"name\":\"Inicio\",\"item\":\"https:\\\/\\\/kuali.com.mx\\\/web\\\/\"},{\"@type\":\"ListItem\",\"position\":2,\"name\":\"ESPA\u00d1A: 10\u00ba CILE SER\u00c1 EN PER\u00da EN HOMENAJE A VARGAS LLOSA\"}]},{\"@type\":\"WebSite\",\"@id\":\"https:\\\/\\\/kuali.com.mx\\\/web\\\/#website\",\"url\":\"https:\\\/\\\/kuali.com.mx\\\/web\\\/\",\"name\":\"Kuali\",\"description\":\"\",\"potentialAction\":[{\"@type\":\"SearchAction\",\"target\":{\"@type\":\"EntryPoint\",\"urlTemplate\":\"https:\\\/\\\/kuali.com.mx\\\/web\\\/?s={search_term_string}\"},\"query-input\":{\"@type\":\"PropertyValueSpecification\",\"valueRequired\":true,\"valueName\":\"search_term_string\"}}],\"inLanguage\":\"es\"},{\"@type\":\"Person\",\"@id\":\"https:\\\/\\\/kuali.com.mx\\\/web\\\/#\\\/schema\\\/person\\\/6f89ffa8ecba9dae50662357923c5289\",\"name\":\"Kuali Staff\",\"image\":{\"@type\":\"ImageObject\",\"inLanguage\":\"es\",\"@id\":\"https:\\\/\\\/secure.gravatar.com\\\/avatar\\\/f917ad82e5ab71227a733c78b6e60715476f69ee6be59feee4eb5d9920c89e0f?s=96&d=mm&r=g\",\"url\":\"https:\\\/\\\/secure.gravatar.com\\\/avatar\\\/f917ad82e5ab71227a733c78b6e60715476f69ee6be59feee4eb5d9920c89e0f?s=96&d=mm&r=g\",\"contentUrl\":\"https:\\\/\\\/secure.gravatar.com\\\/avatar\\\/f917ad82e5ab71227a733c78b6e60715476f69ee6be59feee4eb5d9920c89e0f?s=96&d=mm&r=g\",\"caption\":\"Kuali Staff\"},\"url\":\"https:\\\/\\\/kuali.com.mx\\\/web\\\/author\\\/lagarto\\\/\"}]}<\/script>\n<!-- \/ Yoast SEO plugin. -->","yoast_head_json":{"title":"ESPA\u00d1A: 10\u00ba CILE SER\u00c1 EN PER\u00da EN HOMENAJE A VARGAS LLOSA - Kuali","robots":{"index":"index","follow":"follow","max-snippet":"max-snippet:-1","max-image-preview":"max-image-preview:large","max-video-preview":"max-video-preview:-1"},"canonical":"https:\/\/kuali.com.mx\/web\/2025\/07\/17\/espana-10o-cile-sera-en-peru-en-homenaje-a-vargas-llosa\/","og_locale":"es_MX","og_type":"article","og_title":"ESPA\u00d1A: 10\u00ba CILE SER\u00c1 EN PER\u00da EN HOMENAJE A VARGAS LLOSA - Kuali","og_description":"ENCUENTRO CON GOROSITO\u2026 La 10\u00aa edici\u00f3n del Congreso Internacional de la Lengua Espa\u00f1ola (Cile), ser\u00e1 del 17 al 25 de octubre 2025, en la ciudad de Arequipa (Per\u00fa), bajo el lema: \u201cGrandes desaf\u00edos de la lengua espa\u00f1ola: mestizaje e interculturalidad, lenguaje claro y accesible, culturas digitales e inteligencia artificial\u201d. Esta edici\u00f3n adem\u00e1s, rendir\u00e1 homenaje al [&hellip;]","og_url":"https:\/\/kuali.com.mx\/web\/2025\/07\/17\/espana-10o-cile-sera-en-peru-en-homenaje-a-vargas-llosa\/","og_site_name":"Kuali","article_publisher":"https:\/\/kuali.com.mx\/web\/wp-content\/uploads\/2018\/04\/cropped-kuali_logo-1-1.png","article_published_time":"2025-07-17T18:06:26+00:00","article_modified_time":"2025-07-17T18:06:28+00:00","og_image":[{"width":1750,"height":853,"url":"https:\/\/kuali.com.mx\/web\/wp-content\/uploads\/2025\/07\/Vargas.jpg","type":"image\/jpeg"}],"author":"Kuali Staff","twitter_card":"summary_large_image","twitter_creator":"@kuali_noticias","twitter_site":"@kuali_noticias","twitter_misc":{"Escrito por":"Kuali Staff","Tiempo de lectura":"8 minutos"},"schema":{"@context":"https:\/\/schema.org","@graph":[{"@type":"Article","@id":"https:\/\/kuali.com.mx\/web\/2025\/07\/17\/espana-10o-cile-sera-en-peru-en-homenaje-a-vargas-llosa\/#article","isPartOf":{"@id":"https:\/\/kuali.com.mx\/web\/2025\/07\/17\/espana-10o-cile-sera-en-peru-en-homenaje-a-vargas-llosa\/"},"author":{"name":"Kuali Staff","@id":"https:\/\/kuali.com.mx\/web\/#\/schema\/person\/6f89ffa8ecba9dae50662357923c5289"},"headline":"ESPA\u00d1A: 10\u00ba CILE SER\u00c1 EN PER\u00da EN HOMENAJE A VARGAS LLOSA","datePublished":"2025-07-17T18:06:26+00:00","dateModified":"2025-07-17T18:06:28+00:00","mainEntityOfPage":{"@id":"https:\/\/kuali.com.mx\/web\/2025\/07\/17\/espana-10o-cile-sera-en-peru-en-homenaje-a-vargas-llosa\/"},"wordCount":1552,"commentCount":0,"image":{"@id":"https:\/\/kuali.com.mx\/web\/2025\/07\/17\/espana-10o-cile-sera-en-peru-en-homenaje-a-vargas-llosa\/#primaryimage"},"thumbnailUrl":"https:\/\/kuali.com.mx\/web\/wp-content\/uploads\/2025\/07\/Vargas.jpg","articleSection":["Cultura"],"inLanguage":"es","potentialAction":[{"@type":"CommentAction","name":"Comment","target":["https:\/\/kuali.com.mx\/web\/2025\/07\/17\/espana-10o-cile-sera-en-peru-en-homenaje-a-vargas-llosa\/#respond"]}]},{"@type":"WebPage","@id":"https:\/\/kuali.com.mx\/web\/2025\/07\/17\/espana-10o-cile-sera-en-peru-en-homenaje-a-vargas-llosa\/","url":"https:\/\/kuali.com.mx\/web\/2025\/07\/17\/espana-10o-cile-sera-en-peru-en-homenaje-a-vargas-llosa\/","name":"ESPA\u00d1A: 10\u00ba CILE SER\u00c1 EN PER\u00da EN HOMENAJE A VARGAS LLOSA - Kuali","isPartOf":{"@id":"https:\/\/kuali.com.mx\/web\/#website"},"primaryImageOfPage":{"@id":"https:\/\/kuali.com.mx\/web\/2025\/07\/17\/espana-10o-cile-sera-en-peru-en-homenaje-a-vargas-llosa\/#primaryimage"},"image":{"@id":"https:\/\/kuali.com.mx\/web\/2025\/07\/17\/espana-10o-cile-sera-en-peru-en-homenaje-a-vargas-llosa\/#primaryimage"},"thumbnailUrl":"https:\/\/kuali.com.mx\/web\/wp-content\/uploads\/2025\/07\/Vargas.jpg","datePublished":"2025-07-17T18:06:26+00:00","dateModified":"2025-07-17T18:06:28+00:00","author":{"@id":"https:\/\/kuali.com.mx\/web\/#\/schema\/person\/6f89ffa8ecba9dae50662357923c5289"},"breadcrumb":{"@id":"https:\/\/kuali.com.mx\/web\/2025\/07\/17\/espana-10o-cile-sera-en-peru-en-homenaje-a-vargas-llosa\/#breadcrumb"},"inLanguage":"es","potentialAction":[{"@type":"ReadAction","target":["https:\/\/kuali.com.mx\/web\/2025\/07\/17\/espana-10o-cile-sera-en-peru-en-homenaje-a-vargas-llosa\/"]}]},{"@type":"ImageObject","inLanguage":"es","@id":"https:\/\/kuali.com.mx\/web\/2025\/07\/17\/espana-10o-cile-sera-en-peru-en-homenaje-a-vargas-llosa\/#primaryimage","url":"https:\/\/kuali.com.mx\/web\/wp-content\/uploads\/2025\/07\/Vargas.jpg","contentUrl":"https:\/\/kuali.com.mx\/web\/wp-content\/uploads\/2025\/07\/Vargas.jpg","width":1750,"height":853},{"@type":"BreadcrumbList","@id":"https:\/\/kuali.com.mx\/web\/2025\/07\/17\/espana-10o-cile-sera-en-peru-en-homenaje-a-vargas-llosa\/#breadcrumb","itemListElement":[{"@type":"ListItem","position":1,"name":"Inicio","item":"https:\/\/kuali.com.mx\/web\/"},{"@type":"ListItem","position":2,"name":"ESPA\u00d1A: 10\u00ba CILE SER\u00c1 EN PER\u00da EN HOMENAJE A VARGAS LLOSA"}]},{"@type":"WebSite","@id":"https:\/\/kuali.com.mx\/web\/#website","url":"https:\/\/kuali.com.mx\/web\/","name":"Kuali","description":"","potentialAction":[{"@type":"SearchAction","target":{"@type":"EntryPoint","urlTemplate":"https:\/\/kuali.com.mx\/web\/?s={search_term_string}"},"query-input":{"@type":"PropertyValueSpecification","valueRequired":true,"valueName":"search_term_string"}}],"inLanguage":"es"},{"@type":"Person","@id":"https:\/\/kuali.com.mx\/web\/#\/schema\/person\/6f89ffa8ecba9dae50662357923c5289","name":"Kuali Staff","image":{"@type":"ImageObject","inLanguage":"es","@id":"https:\/\/secure.gravatar.com\/avatar\/f917ad82e5ab71227a733c78b6e60715476f69ee6be59feee4eb5d9920c89e0f?s=96&d=mm&r=g","url":"https:\/\/secure.gravatar.com\/avatar\/f917ad82e5ab71227a733c78b6e60715476f69ee6be59feee4eb5d9920c89e0f?s=96&d=mm&r=g","contentUrl":"https:\/\/secure.gravatar.com\/avatar\/f917ad82e5ab71227a733c78b6e60715476f69ee6be59feee4eb5d9920c89e0f?s=96&d=mm&r=g","caption":"Kuali Staff"},"url":"https:\/\/kuali.com.mx\/web\/author\/lagarto\/"}]}},"_links":{"self":[{"href":"https:\/\/kuali.com.mx\/web\/wp-json\/wp\/v2\/posts\/180661","targetHints":{"allow":["GET"]}}],"collection":[{"href":"https:\/\/kuali.com.mx\/web\/wp-json\/wp\/v2\/posts"}],"about":[{"href":"https:\/\/kuali.com.mx\/web\/wp-json\/wp\/v2\/types\/post"}],"author":[{"embeddable":true,"href":"https:\/\/kuali.com.mx\/web\/wp-json\/wp\/v2\/users\/2"}],"replies":[{"embeddable":true,"href":"https:\/\/kuali.com.mx\/web\/wp-json\/wp\/v2\/comments?post=180661"}],"version-history":[{"count":1,"href":"https:\/\/kuali.com.mx\/web\/wp-json\/wp\/v2\/posts\/180661\/revisions"}],"predecessor-version":[{"id":180664,"href":"https:\/\/kuali.com.mx\/web\/wp-json\/wp\/v2\/posts\/180661\/revisions\/180664"}],"wp:featuredmedia":[{"embeddable":true,"href":"https:\/\/kuali.com.mx\/web\/wp-json\/wp\/v2\/media\/180663"}],"wp:attachment":[{"href":"https:\/\/kuali.com.mx\/web\/wp-json\/wp\/v2\/media?parent=180661"}],"wp:term":[{"taxonomy":"category","embeddable":true,"href":"https:\/\/kuali.com.mx\/web\/wp-json\/wp\/v2\/categories?post=180661"},{"taxonomy":"post_tag","embeddable":true,"href":"https:\/\/kuali.com.mx\/web\/wp-json\/wp\/v2\/tags?post=180661"}],"curies":[{"name":"wp","href":"https:\/\/api.w.org\/{rel}","templated":true}]}}