{"id":180656,"date":"2025-07-17T11:57:00","date_gmt":"2025-07-17T17:57:00","guid":{"rendered":"https:\/\/kuali.com.mx\/web\/?p=180656"},"modified":"2025-07-17T11:57:03","modified_gmt":"2025-07-17T17:57:03","slug":"rehabilitan-calles-en-la-comunidad-san-vicente","status":"publish","type":"post","link":"https:\/\/kuali.com.mx\/web\/2025\/07\/17\/rehabilitan-calles-en-la-comunidad-san-vicente\/","title":{"rendered":"REHABILITAN CALLES EN LA COMUNIDAD SAN VICENTE"},"content":{"rendered":"\n<p><em><strong>Kuali\/Irapuato,Gto.<\/strong><\/em>-El Gobierno Municipal, rehabilit\u00f3 la calle Constituci\u00f3n 1810 de la comunidad San Vicente, con la construcci\u00f3n de guarniciones, arborizaci\u00f3n, se\u00f1al\u00e9tica, entre otras mejoras.<\/p>\n\n\n\n<p>Lorena Alfaro Garc\u00eda, presidenta municipal de Irapuato, destac\u00f3 la importancia de contar con ciudadanos participativos como los de San Vicente, quienes de forma constante se acercan al Gobierno Municipal para hacer peticiones y proponer soluciones a las problem\u00e1ticas de su comunidad.<\/p>\n\n\n\n<figure class=\"wp-block-image size-large\"><img loading=\"lazy\" decoding=\"async\" width=\"1024\" height=\"530\" src=\"https:\/\/kuali.com.mx\/web\/wp-content\/uploads\/2025\/07\/SAN-VICENTE-3-1024x530.jpg\" alt=\"\" class=\"wp-image-180659\" srcset=\"https:\/\/kuali.com.mx\/web\/wp-content\/uploads\/2025\/07\/SAN-VICENTE-3-1024x530.jpg 1024w, https:\/\/kuali.com.mx\/web\/wp-content\/uploads\/2025\/07\/SAN-VICENTE-3-300x155.jpg 300w, https:\/\/kuali.com.mx\/web\/wp-content\/uploads\/2025\/07\/SAN-VICENTE-3-768x398.jpg 768w, https:\/\/kuali.com.mx\/web\/wp-content\/uploads\/2025\/07\/SAN-VICENTE-3-1536x795.jpg 1536w, https:\/\/kuali.com.mx\/web\/wp-content\/uploads\/2025\/07\/SAN-VICENTE-3-224x116.jpg 224w, https:\/\/kuali.com.mx\/web\/wp-content\/uploads\/2025\/07\/SAN-VICENTE-3.jpg 1750w\" sizes=\"auto, (max-width: 1024px) 100vw, 1024px\" \/><\/figure>\n\n\n\n<p>\u201cLos felicito por esa participaci\u00f3n que tienen, porque se preocupan y act\u00faan para que su comunidad est\u00e9 cada d\u00eda mejor. Nosotros ponemos a las personas en el centro de la atenci\u00f3n; ustedes son lo m\u00e1s importante, ustedes nos dieron la confianza para gobernar esta ciudad\u201d, afirm\u00f3.<\/p>\n\n\n\n<p>Por su parte Pedro Guzm\u00e1n Esquivel, habitante de la comunidad, se\u00f1al\u00f3 que anteriormente la vialidad estaba en muy mal estado, lo que causaba da\u00f1os a los veh\u00edculos y dificultaba el paso de peatones. Hoy, esta situaci\u00f3n ha cambiado.<\/p>\n\n\n\n<p>Adem\u00e1s, en la localidad se construy\u00f3 previamente la red de drenaje sanitario en las calles Vicente Guerrero y la privada Las Rosas, con el objetivo de impulsar, mejorar y transformar la vida de las familias de la zona.<\/p>\n","protected":false},"excerpt":{"rendered":"Kuali\/Irapuato,Gto.-El Gobierno Municipal, rehabilit\u00f3 la calle Constituci\u00f3n 1810 de la comunidad San Vicente, con la construcci\u00f3n de guarniciones, arborizaci\u00f3n, se\u00f1al\u00e9tica, entre otras mejoras. Lorena Alfaro Garc\u00eda, presidenta municipal de Irapuato, destac\u00f3 la importancia de contar con ciudadanos participativos como los de San Vicente, quienes de forma constante se acercan al Gobierno Municipal para hacer peticiones [&hellip;]","protected":false},"author":2,"featured_media":180658,"comment_status":"open","ping_status":"open","sticky":false,"template":"","format":"standard","meta":{"_seopress_robots_primary_cat":"none","_seopress_titles_title":"","_seopress_titles_desc":"","_seopress_robots_index":"","_monsterinsights_skip_tracking":false,"_monsterinsights_sitenote_active":false,"_monsterinsights_sitenote_note":"","_monsterinsights_sitenote_category":0,"footnotes":""},"categories":[3],"tags":[],"class_list":["post-180656","post","type-post","status-publish","format-standard","has-post-thumbnail","hentry","category-politica"],"yoast_head":"<!-- This site is optimized with the Yoast SEO plugin v27.4 - https:\/\/yoast.com\/product\/yoast-seo-wordpress\/ -->\n<title>REHABILITAN CALLES EN LA COMUNIDAD SAN VICENTE - Kuali<\/title>\n<meta name=\"robots\" content=\"index, follow, max-snippet:-1, max-image-preview:large, max-video-preview:-1\" \/>\n<link rel=\"canonical\" href=\"https:\/\/kuali.com.mx\/web\/2025\/07\/17\/rehabilitan-calles-en-la-comunidad-san-vicente\/\" \/>\n<meta property=\"og:locale\" content=\"es_MX\" \/>\n<meta property=\"og:type\" content=\"article\" \/>\n<meta property=\"og:title\" content=\"REHABILITAN CALLES EN LA COMUNIDAD SAN VICENTE - Kuali\" \/>\n<meta property=\"og:description\" content=\"Kuali\/Irapuato,Gto.-El Gobierno Municipal, rehabilit\u00f3 la calle Constituci\u00f3n 1810 de la comunidad San Vicente, con la construcci\u00f3n de guarniciones, arborizaci\u00f3n, se\u00f1al\u00e9tica, entre otras mejoras. Lorena Alfaro Garc\u00eda, presidenta municipal de Irapuato, destac\u00f3 la importancia de contar con ciudadanos participativos como los de San Vicente, quienes de forma constante se acercan al Gobierno Municipal para hacer peticiones [&hellip;]\" \/>\n<meta property=\"og:url\" content=\"https:\/\/kuali.com.mx\/web\/2025\/07\/17\/rehabilitan-calles-en-la-comunidad-san-vicente\/\" \/>\n<meta property=\"og:site_name\" content=\"Kuali\" \/>\n<meta property=\"article:publisher\" content=\"https:\/\/kuali.com.mx\/web\/wp-content\/uploads\/2018\/04\/cropped-kuali_logo-1-1.png\" \/>\n<meta property=\"article:published_time\" content=\"2025-07-17T17:57:00+00:00\" \/>\n<meta property=\"article:modified_time\" content=\"2025-07-17T17:57:03+00:00\" \/>\n<meta property=\"og:image\" content=\"https:\/\/kuali.com.mx\/web\/wp-content\/uploads\/2025\/07\/SAN-VICENTE-1.jpg\" \/>\n\t<meta property=\"og:image:width\" content=\"1750\" \/>\n\t<meta property=\"og:image:height\" content=\"904\" \/>\n\t<meta property=\"og:image:type\" content=\"image\/jpeg\" \/>\n<meta name=\"author\" content=\"Kuali Staff\" \/>\n<meta name=\"twitter:card\" content=\"summary_large_image\" \/>\n<meta name=\"twitter:creator\" content=\"@kuali_noticias\" \/>\n<meta name=\"twitter:site\" content=\"@kuali_noticias\" \/>\n<meta name=\"twitter:label1\" content=\"Escrito por\" \/>\n\t<meta name=\"twitter:data1\" content=\"Kuali Staff\" \/>\n\t<meta name=\"twitter:label2\" content=\"Tiempo de lectura\" \/>\n\t<meta name=\"twitter:data2\" content=\"1 minuto\" \/>\n<script type=\"application\/ld+json\" class=\"yoast-schema-graph\">{\"@context\":\"https:\\\/\\\/schema.org\",\"@graph\":[{\"@type\":\"Article\",\"@id\":\"https:\\\/\\\/kuali.com.mx\\\/web\\\/2025\\\/07\\\/17\\\/rehabilitan-calles-en-la-comunidad-san-vicente\\\/#article\",\"isPartOf\":{\"@id\":\"https:\\\/\\\/kuali.com.mx\\\/web\\\/2025\\\/07\\\/17\\\/rehabilitan-calles-en-la-comunidad-san-vicente\\\/\"},\"author\":{\"name\":\"Kuali Staff\",\"@id\":\"https:\\\/\\\/kuali.com.mx\\\/web\\\/#\\\/schema\\\/person\\\/6f89ffa8ecba9dae50662357923c5289\"},\"headline\":\"REHABILITAN CALLES EN LA COMUNIDAD SAN VICENTE\",\"datePublished\":\"2025-07-17T17:57:00+00:00\",\"dateModified\":\"2025-07-17T17:57:03+00:00\",\"mainEntityOfPage\":{\"@id\":\"https:\\\/\\\/kuali.com.mx\\\/web\\\/2025\\\/07\\\/17\\\/rehabilitan-calles-en-la-comunidad-san-vicente\\\/\"},\"wordCount\":213,\"commentCount\":0,\"image\":{\"@id\":\"https:\\\/\\\/kuali.com.mx\\\/web\\\/2025\\\/07\\\/17\\\/rehabilitan-calles-en-la-comunidad-san-vicente\\\/#primaryimage\"},\"thumbnailUrl\":\"https:\\\/\\\/kuali.com.mx\\\/web\\\/wp-content\\\/uploads\\\/2025\\\/07\\\/SAN-VICENTE-1.jpg\",\"articleSection\":[\"Pol\u00edtica\"],\"inLanguage\":\"es\",\"potentialAction\":[{\"@type\":\"CommentAction\",\"name\":\"Comment\",\"target\":[\"https:\\\/\\\/kuali.com.mx\\\/web\\\/2025\\\/07\\\/17\\\/rehabilitan-calles-en-la-comunidad-san-vicente\\\/#respond\"]}]},{\"@type\":\"WebPage\",\"@id\":\"https:\\\/\\\/kuali.com.mx\\\/web\\\/2025\\\/07\\\/17\\\/rehabilitan-calles-en-la-comunidad-san-vicente\\\/\",\"url\":\"https:\\\/\\\/kuali.com.mx\\\/web\\\/2025\\\/07\\\/17\\\/rehabilitan-calles-en-la-comunidad-san-vicente\\\/\",\"name\":\"REHABILITAN CALLES EN LA COMUNIDAD SAN VICENTE - Kuali\",\"isPartOf\":{\"@id\":\"https:\\\/\\\/kuali.com.mx\\\/web\\\/#website\"},\"primaryImageOfPage\":{\"@id\":\"https:\\\/\\\/kuali.com.mx\\\/web\\\/2025\\\/07\\\/17\\\/rehabilitan-calles-en-la-comunidad-san-vicente\\\/#primaryimage\"},\"image\":{\"@id\":\"https:\\\/\\\/kuali.com.mx\\\/web\\\/2025\\\/07\\\/17\\\/rehabilitan-calles-en-la-comunidad-san-vicente\\\/#primaryimage\"},\"thumbnailUrl\":\"https:\\\/\\\/kuali.com.mx\\\/web\\\/wp-content\\\/uploads\\\/2025\\\/07\\\/SAN-VICENTE-1.jpg\",\"datePublished\":\"2025-07-17T17:57:00+00:00\",\"dateModified\":\"2025-07-17T17:57:03+00:00\",\"author\":{\"@id\":\"https:\\\/\\\/kuali.com.mx\\\/web\\\/#\\\/schema\\\/person\\\/6f89ffa8ecba9dae50662357923c5289\"},\"breadcrumb\":{\"@id\":\"https:\\\/\\\/kuali.com.mx\\\/web\\\/2025\\\/07\\\/17\\\/rehabilitan-calles-en-la-comunidad-san-vicente\\\/#breadcrumb\"},\"inLanguage\":\"es\",\"potentialAction\":[{\"@type\":\"ReadAction\",\"target\":[\"https:\\\/\\\/kuali.com.mx\\\/web\\\/2025\\\/07\\\/17\\\/rehabilitan-calles-en-la-comunidad-san-vicente\\\/\"]}]},{\"@type\":\"ImageObject\",\"inLanguage\":\"es\",\"@id\":\"https:\\\/\\\/kuali.com.mx\\\/web\\\/2025\\\/07\\\/17\\\/rehabilitan-calles-en-la-comunidad-san-vicente\\\/#primaryimage\",\"url\":\"https:\\\/\\\/kuali.com.mx\\\/web\\\/wp-content\\\/uploads\\\/2025\\\/07\\\/SAN-VICENTE-1.jpg\",\"contentUrl\":\"https:\\\/\\\/kuali.com.mx\\\/web\\\/wp-content\\\/uploads\\\/2025\\\/07\\\/SAN-VICENTE-1.jpg\",\"width\":1750,\"height\":904},{\"@type\":\"BreadcrumbList\",\"@id\":\"https:\\\/\\\/kuali.com.mx\\\/web\\\/2025\\\/07\\\/17\\\/rehabilitan-calles-en-la-comunidad-san-vicente\\\/#breadcrumb\",\"itemListElement\":[{\"@type\":\"ListItem\",\"position\":1,\"name\":\"Inicio\",\"item\":\"https:\\\/\\\/kuali.com.mx\\\/web\\\/\"},{\"@type\":\"ListItem\",\"position\":2,\"name\":\"REHABILITAN CALLES EN LA COMUNIDAD SAN VICENTE\"}]},{\"@type\":\"WebSite\",\"@id\":\"https:\\\/\\\/kuali.com.mx\\\/web\\\/#website\",\"url\":\"https:\\\/\\\/kuali.com.mx\\\/web\\\/\",\"name\":\"Kuali\",\"description\":\"\",\"potentialAction\":[{\"@type\":\"SearchAction\",\"target\":{\"@type\":\"EntryPoint\",\"urlTemplate\":\"https:\\\/\\\/kuali.com.mx\\\/web\\\/?s={search_term_string}\"},\"query-input\":{\"@type\":\"PropertyValueSpecification\",\"valueRequired\":true,\"valueName\":\"search_term_string\"}}],\"inLanguage\":\"es\"},{\"@type\":\"Person\",\"@id\":\"https:\\\/\\\/kuali.com.mx\\\/web\\\/#\\\/schema\\\/person\\\/6f89ffa8ecba9dae50662357923c5289\",\"name\":\"Kuali Staff\",\"image\":{\"@type\":\"ImageObject\",\"inLanguage\":\"es\",\"@id\":\"https:\\\/\\\/secure.gravatar.com\\\/avatar\\\/f917ad82e5ab71227a733c78b6e60715476f69ee6be59feee4eb5d9920c89e0f?s=96&d=mm&r=g\",\"url\":\"https:\\\/\\\/secure.gravatar.com\\\/avatar\\\/f917ad82e5ab71227a733c78b6e60715476f69ee6be59feee4eb5d9920c89e0f?s=96&d=mm&r=g\",\"contentUrl\":\"https:\\\/\\\/secure.gravatar.com\\\/avatar\\\/f917ad82e5ab71227a733c78b6e60715476f69ee6be59feee4eb5d9920c89e0f?s=96&d=mm&r=g\",\"caption\":\"Kuali Staff\"},\"url\":\"https:\\\/\\\/kuali.com.mx\\\/web\\\/author\\\/lagarto\\\/\"}]}<\/script>\n<!-- \/ Yoast SEO plugin. -->","yoast_head_json":{"title":"REHABILITAN CALLES EN LA COMUNIDAD SAN VICENTE - Kuali","robots":{"index":"index","follow":"follow","max-snippet":"max-snippet:-1","max-image-preview":"max-image-preview:large","max-video-preview":"max-video-preview:-1"},"canonical":"https:\/\/kuali.com.mx\/web\/2025\/07\/17\/rehabilitan-calles-en-la-comunidad-san-vicente\/","og_locale":"es_MX","og_type":"article","og_title":"REHABILITAN CALLES EN LA COMUNIDAD SAN VICENTE - Kuali","og_description":"Kuali\/Irapuato,Gto.-El Gobierno Municipal, rehabilit\u00f3 la calle Constituci\u00f3n 1810 de la comunidad San Vicente, con la construcci\u00f3n de guarniciones, arborizaci\u00f3n, se\u00f1al\u00e9tica, entre otras mejoras. Lorena Alfaro Garc\u00eda, presidenta municipal de Irapuato, destac\u00f3 la importancia de contar con ciudadanos participativos como los de San Vicente, quienes de forma constante se acercan al Gobierno Municipal para hacer peticiones [&hellip;]","og_url":"https:\/\/kuali.com.mx\/web\/2025\/07\/17\/rehabilitan-calles-en-la-comunidad-san-vicente\/","og_site_name":"Kuali","article_publisher":"https:\/\/kuali.com.mx\/web\/wp-content\/uploads\/2018\/04\/cropped-kuali_logo-1-1.png","article_published_time":"2025-07-17T17:57:00+00:00","article_modified_time":"2025-07-17T17:57:03+00:00","og_image":[{"width":1750,"height":904,"url":"https:\/\/kuali.com.mx\/web\/wp-content\/uploads\/2025\/07\/SAN-VICENTE-1.jpg","type":"image\/jpeg"}],"author":"Kuali Staff","twitter_card":"summary_large_image","twitter_creator":"@kuali_noticias","twitter_site":"@kuali_noticias","twitter_misc":{"Escrito por":"Kuali Staff","Tiempo de lectura":"1 minuto"},"schema":{"@context":"https:\/\/schema.org","@graph":[{"@type":"Article","@id":"https:\/\/kuali.com.mx\/web\/2025\/07\/17\/rehabilitan-calles-en-la-comunidad-san-vicente\/#article","isPartOf":{"@id":"https:\/\/kuali.com.mx\/web\/2025\/07\/17\/rehabilitan-calles-en-la-comunidad-san-vicente\/"},"author":{"name":"Kuali Staff","@id":"https:\/\/kuali.com.mx\/web\/#\/schema\/person\/6f89ffa8ecba9dae50662357923c5289"},"headline":"REHABILITAN CALLES EN LA COMUNIDAD SAN VICENTE","datePublished":"2025-07-17T17:57:00+00:00","dateModified":"2025-07-17T17:57:03+00:00","mainEntityOfPage":{"@id":"https:\/\/kuali.com.mx\/web\/2025\/07\/17\/rehabilitan-calles-en-la-comunidad-san-vicente\/"},"wordCount":213,"commentCount":0,"image":{"@id":"https:\/\/kuali.com.mx\/web\/2025\/07\/17\/rehabilitan-calles-en-la-comunidad-san-vicente\/#primaryimage"},"thumbnailUrl":"https:\/\/kuali.com.mx\/web\/wp-content\/uploads\/2025\/07\/SAN-VICENTE-1.jpg","articleSection":["Pol\u00edtica"],"inLanguage":"es","potentialAction":[{"@type":"CommentAction","name":"Comment","target":["https:\/\/kuali.com.mx\/web\/2025\/07\/17\/rehabilitan-calles-en-la-comunidad-san-vicente\/#respond"]}]},{"@type":"WebPage","@id":"https:\/\/kuali.com.mx\/web\/2025\/07\/17\/rehabilitan-calles-en-la-comunidad-san-vicente\/","url":"https:\/\/kuali.com.mx\/web\/2025\/07\/17\/rehabilitan-calles-en-la-comunidad-san-vicente\/","name":"REHABILITAN CALLES EN LA COMUNIDAD SAN VICENTE - Kuali","isPartOf":{"@id":"https:\/\/kuali.com.mx\/web\/#website"},"primaryImageOfPage":{"@id":"https:\/\/kuali.com.mx\/web\/2025\/07\/17\/rehabilitan-calles-en-la-comunidad-san-vicente\/#primaryimage"},"image":{"@id":"https:\/\/kuali.com.mx\/web\/2025\/07\/17\/rehabilitan-calles-en-la-comunidad-san-vicente\/#primaryimage"},"thumbnailUrl":"https:\/\/kuali.com.mx\/web\/wp-content\/uploads\/2025\/07\/SAN-VICENTE-1.jpg","datePublished":"2025-07-17T17:57:00+00:00","dateModified":"2025-07-17T17:57:03+00:00","author":{"@id":"https:\/\/kuali.com.mx\/web\/#\/schema\/person\/6f89ffa8ecba9dae50662357923c5289"},"breadcrumb":{"@id":"https:\/\/kuali.com.mx\/web\/2025\/07\/17\/rehabilitan-calles-en-la-comunidad-san-vicente\/#breadcrumb"},"inLanguage":"es","potentialAction":[{"@type":"ReadAction","target":["https:\/\/kuali.com.mx\/web\/2025\/07\/17\/rehabilitan-calles-en-la-comunidad-san-vicente\/"]}]},{"@type":"ImageObject","inLanguage":"es","@id":"https:\/\/kuali.com.mx\/web\/2025\/07\/17\/rehabilitan-calles-en-la-comunidad-san-vicente\/#primaryimage","url":"https:\/\/kuali.com.mx\/web\/wp-content\/uploads\/2025\/07\/SAN-VICENTE-1.jpg","contentUrl":"https:\/\/kuali.com.mx\/web\/wp-content\/uploads\/2025\/07\/SAN-VICENTE-1.jpg","width":1750,"height":904},{"@type":"BreadcrumbList","@id":"https:\/\/kuali.com.mx\/web\/2025\/07\/17\/rehabilitan-calles-en-la-comunidad-san-vicente\/#breadcrumb","itemListElement":[{"@type":"ListItem","position":1,"name":"Inicio","item":"https:\/\/kuali.com.mx\/web\/"},{"@type":"ListItem","position":2,"name":"REHABILITAN CALLES EN LA COMUNIDAD SAN VICENTE"}]},{"@type":"WebSite","@id":"https:\/\/kuali.com.mx\/web\/#website","url":"https:\/\/kuali.com.mx\/web\/","name":"Kuali","description":"","potentialAction":[{"@type":"SearchAction","target":{"@type":"EntryPoint","urlTemplate":"https:\/\/kuali.com.mx\/web\/?s={search_term_string}"},"query-input":{"@type":"PropertyValueSpecification","valueRequired":true,"valueName":"search_term_string"}}],"inLanguage":"es"},{"@type":"Person","@id":"https:\/\/kuali.com.mx\/web\/#\/schema\/person\/6f89ffa8ecba9dae50662357923c5289","name":"Kuali Staff","image":{"@type":"ImageObject","inLanguage":"es","@id":"https:\/\/secure.gravatar.com\/avatar\/f917ad82e5ab71227a733c78b6e60715476f69ee6be59feee4eb5d9920c89e0f?s=96&d=mm&r=g","url":"https:\/\/secure.gravatar.com\/avatar\/f917ad82e5ab71227a733c78b6e60715476f69ee6be59feee4eb5d9920c89e0f?s=96&d=mm&r=g","contentUrl":"https:\/\/secure.gravatar.com\/avatar\/f917ad82e5ab71227a733c78b6e60715476f69ee6be59feee4eb5d9920c89e0f?s=96&d=mm&r=g","caption":"Kuali Staff"},"url":"https:\/\/kuali.com.mx\/web\/author\/lagarto\/"}]}},"_links":{"self":[{"href":"https:\/\/kuali.com.mx\/web\/wp-json\/wp\/v2\/posts\/180656","targetHints":{"allow":["GET"]}}],"collection":[{"href":"https:\/\/kuali.com.mx\/web\/wp-json\/wp\/v2\/posts"}],"about":[{"href":"https:\/\/kuali.com.mx\/web\/wp-json\/wp\/v2\/types\/post"}],"author":[{"embeddable":true,"href":"https:\/\/kuali.com.mx\/web\/wp-json\/wp\/v2\/users\/2"}],"replies":[{"embeddable":true,"href":"https:\/\/kuali.com.mx\/web\/wp-json\/wp\/v2\/comments?post=180656"}],"version-history":[{"count":1,"href":"https:\/\/kuali.com.mx\/web\/wp-json\/wp\/v2\/posts\/180656\/revisions"}],"predecessor-version":[{"id":180660,"href":"https:\/\/kuali.com.mx\/web\/wp-json\/wp\/v2\/posts\/180656\/revisions\/180660"}],"wp:featuredmedia":[{"embeddable":true,"href":"https:\/\/kuali.com.mx\/web\/wp-json\/wp\/v2\/media\/180658"}],"wp:attachment":[{"href":"https:\/\/kuali.com.mx\/web\/wp-json\/wp\/v2\/media?parent=180656"}],"wp:term":[{"taxonomy":"category","embeddable":true,"href":"https:\/\/kuali.com.mx\/web\/wp-json\/wp\/v2\/categories?post=180656"},{"taxonomy":"post_tag","embeddable":true,"href":"https:\/\/kuali.com.mx\/web\/wp-json\/wp\/v2\/tags?post=180656"}],"curies":[{"name":"wp","href":"https:\/\/api.w.org\/{rel}","templated":true}]}}