{"id":180054,"date":"2025-07-10T15:12:00","date_gmt":"2025-07-10T21:12:00","guid":{"rendered":"https:\/\/kuali.com.mx\/web\/?p=180054"},"modified":"2025-07-10T19:39:14","modified_gmt":"2025-07-11T01:39:14","slug":"protegeran-patrimonio-cultural-de-los-46-municipios","status":"publish","type":"post","link":"https:\/\/kuali.com.mx\/web\/2025\/07\/10\/protegeran-patrimonio-cultural-de-los-46-municipios\/","title":{"rendered":"PROTEGER\u00c1N PATRIMONIO CULTURAL DE LOS 46 MUNICIPIOS"},"content":{"rendered":"\n<p><strong><em>Kuali\/Guanajuato, Gto.- <\/em><\/strong>En el marco de la conmemoraci\u00f3n del 55 aniversario del Centro del Instituto Nacional de Antropolog\u00eda e Historia (INAH) en Guanajuato, la gobernadora, Libia Dennise Garc\u00eda Mu\u00f1oz Ledo, firm\u00f3 un convenio con el organismo para proteger el patrimonio cultural en los 46 municipios.<\/p>\n\n\n\n<p>La mandataria encabez\u00f3 la celebraci\u00f3n en el Patio Central del Museo Regional de Guanajuato Alh\u00f3ndiga de Granaditas, donde se destac\u00f3 el compromiso compartido con la conservaci\u00f3n, protecci\u00f3n y difusi\u00f3n del patrimonio cultural de la entidad.<\/p>\n\n\n\n<p>\u201cComo Gobernadora y como guanajuatense, me siento muy orgullosa de participar hoy en el 55 aniversario del Centro del Instituto Nacional de Antropolog\u00eda e Historia de Guanajuato. Todo mi reconocimiento a las mujeres y hombres que en estos 55 a\u00f1os de historia han cuidado y protegido el rico patrimonio hist\u00f3rico, cultural, monumental y arqueol\u00f3gico de nuestro estado\u201d, dijo Libia Dennise.<\/p>\n\n\n\n<p>Durante su intervenci\u00f3n, la Gobernadora reconoci\u00f3 la invaluable labor que ha realizado el INAH desde su llegada al estado en 1970, subrayando que su presencia ha sido fundamental para el rescate, la preservaci\u00f3n y la divulgaci\u00f3n del legado hist\u00f3rico, arqueol\u00f3gico y paleontol\u00f3gico de Guanajuato.<\/p>\n\n\n\n<p>Como parte del evento, se firm\u00f3 un nuevo Convenio de Colaboraci\u00f3n entre el Gobierno del Estado y el Centro INAH Guanajuato, a trav\u00e9s del cual ambas instituciones sumar\u00e1n esfuerzos, capacidades y recursos para continuar fortaleciendo la protecci\u00f3n del patrimonio cultural en los 46 municipios del estado.<\/p>\n\n\n\n<p>\u201cLa invitaci\u00f3n es a seguir trabajando unidos en una tarea fundamental de nuestro estado como es la conservaci\u00f3n y protecci\u00f3n de nuestro patrimonio hist\u00f3rico y cultural. Por eso hemos firmado este Convenio de Colaboraci\u00f3n para sumar esfuerzos, capacidades y recursos en la protecci\u00f3n, conservaci\u00f3n y difusi\u00f3n del patrimonio cultural, que es de todas y todos\u201d, expres\u00f3 la Mandataria Estatal.<\/p>\n\n\n\n<p>El convenio se enmarca en una relaci\u00f3n hist\u00f3rica de cooperaci\u00f3n entre ambas instancias, ejemplificada en el modelo \u00fanico a nivel nacional del Fideicomiso FIARCA, que ha permitido el rescate y operaci\u00f3n de zonas arqueol\u00f3gicas como Plazuelas, Peralta, Ca\u00f1ada de la Virgen y El C\u00f3poro, entre otras.<\/p>\n\n\n\n<p>Por su parte, el Director General del INAH, Diego Prieto Hern\u00e1ndez, destac\u00f3 que Guanajuato es un estado con importancia milenaria por sus culturas ancestrales, las cuales se mantienen vivas y que aun ascienden en la pluriculturalidad de las culturas originarias.<\/p>\n\n\n\n<p>\u201cLa presencia de las autoridades acredita el reconocimiento que ha alcanzado el INAH, acredita que es una Instituci\u00f3n reconocida por su enorme compromiso por el estudio, el cuidado, la defensa y la recuperaci\u00f3n, pero tambi\u00e9n la divulgaci\u00f3n y el disfrute social de nuestro patrimonio cultural y arqueol\u00f3gico. Por ello hay que comprometernos para que el trabajo contin\u00fae\u201d, mencion\u00f3 el Director del INAH.<\/p>\n\n\n\n<p>En sus 55 a\u00f1os de operaci\u00f3n en el estado, el Centro INAH ha contribuido activamente a la inscripci\u00f3n de sitios guanajuatenses en la Lista de Patrimonio Mundial de la UNESCO y ha documentado m\u00e1s de 6,500 monumentos hist\u00f3ricos en toda la entidad.<\/p>\n\n\n\n<p>Con este acto conmemorativo, Guanajuato ratifica su compromiso con la memoria, la identidad y el patrimonio de las y los guanajuatenses.<\/p>\n\n\n\n<p>En este evento participaron: Olga Adriana Hern\u00e1ndez Flores, Directora del Centro INAH Guanajuato; Samantha Smith Guti\u00e9rrez, Presidenta Municipal de Guanajuato Capital; Rub\u00e9n Salom\u00f3n Cuevas, representante de ICOMOS MX, as\u00ed como trabajadoras y trabajadores del Centro Regional del INAH en Guanajuato.<\/p>\n\n\n\n<p>Conmemoran el D\u00eda de la Abogac\u00eda<br>\u00a0<br>Previamente, Libia Dennise Garc\u00eda Mu\u00f1oz Ledo,\u00a0inaugur\u00f3 el Panel \u201cEl legado de la Justicia: Reflexiones sobre el Rol de la Abogada y Abogado en el Gobierno de la Gente\u201d, en el marco del D\u00eda de la Abogac\u00eda.<br>\u00a0<br>\u201cEs un gusto estar aqu\u00ed, en la Universidad de Guanajuato,\u00a0para\u00a0conmemorar el D\u00eda de la Abogada y del Abogado, y\u00a0as\u00ed\u00a0celebrar a las personas que han hecho de esta profesi\u00f3n una vocaci\u00f3n de servicio a la comunidad\u201d, dijo Libia Dennise.<br>\u00a0<br>Y\u00a0no hay un mejor espacio que \u00e9ste, para esta conmemoraci\u00f3n, porque\u00a0la\u00a0Universidad de Guanajuato tiene una gran tradici\u00f3n y amplio reconocimiento como semillero de abogadas y abogados, agreg\u00f3 la Gobernadora.<br>\u00a0<br>Libia Dennise\u00a0luego de\u00a0resaltar\u00a0que el\u00a0Derecho,\u00a0es una herramienta para construir un entorno m\u00e1s justo, emp\u00e1tico y equitativo;\u00a0hizo un llamado a las abogadas y abogados al\u00a0compromiso con la justicia, la dignidad humana y el verdadero sentido del Derecho.<br>\u00a0<br>\u201cA seguir su profesi\u00f3n con\u00a0causa, con vocaci\u00f3n y valent\u00eda; a\u00a0no perder nunca de vista que la justicia no empieza en los c\u00f3digos y las leyes, sino en la empat\u00eda, la sensibilidad y el compromiso con quienes m\u00e1s lo necesitan; \u201c\u00a1Muchas Felicidades!, gracias por poner el Derecho al servicio de la gente\u201d, agreg\u00f3.\u00a0<br>\u00a0<br>Y no hay mejor manera de celebrar este D\u00eda, que compartiendo experiencias y conocimientos, como se har\u00e1 con este extraordinario panel.\u00a0\u201cMi reconocimiento a la Consejer\u00eda Jur\u00eddica encabezada por Alejandro Sierra por esta gran iniciativa\u201d, destac\u00f3 la gobernadora.<br>\u00a0<br>Participaron en el panel Alejandro Sierra Lugo, Consejero Jur\u00eddico, como moderador; \u00a0Mar\u00eda del Rosario Corona Amador, Secretaria del Nuevo Comienzo; H\u00e9ctor TinajeroMu\u00f1oz, Presidente del Supremo Tribunal de Justicia; y Sandra Liliana Prieto de Le\u00f3n, Presidenta del Colegio Estatal de Abogados.\u00a0<br>\u00a0<br>Compartieron\u00a0experiencias y perspectivas sobre el papel de las abogadas y abogados en la construcci\u00f3n de un Gobierno m\u00e1s justo y cercano. Desde la importancia de la legalidad y el consenso en la funci\u00f3n p\u00fablica, hasta la necesidad de dise\u00f1ar pol\u00edticas con enfoque de derechos humanos,\u00a0retos para una mejor impartici\u00f3n de justicia\u00a0y fortalecer la \u00e9tica profesional.<\/p>\n","protected":false},"excerpt":{"rendered":"Kuali\/Guanajuato, Gto.- En el marco de la conmemoraci\u00f3n del 55 aniversario del Centro del Instituto Nacional de Antropolog\u00eda e Historia (INAH) en Guanajuato, la gobernadora, Libia Dennise Garc\u00eda Mu\u00f1oz Ledo, firm\u00f3 un convenio con el organismo para proteger el patrimonio cultural en los 46 municipios. La mandataria encabez\u00f3 la celebraci\u00f3n en el Patio Central del [&hellip;]","protected":false},"author":2,"featured_media":180057,"comment_status":"open","ping_status":"open","sticky":false,"template":"","format":"standard","meta":{"_seopress_robots_primary_cat":"none","_seopress_titles_title":"","_seopress_titles_desc":"","_seopress_robots_index":"","_monsterinsights_skip_tracking":false,"_monsterinsights_sitenote_active":false,"_monsterinsights_sitenote_note":"","_monsterinsights_sitenote_category":0,"footnotes":""},"categories":[8],"tags":[],"class_list":["post-180054","post","type-post","status-publish","format-standard","has-post-thumbnail","hentry","category-espectaculos"],"yoast_head":"<!-- This site is optimized with the Yoast SEO plugin v27.4 - https:\/\/yoast.com\/product\/yoast-seo-wordpress\/ -->\n<title>PROTEGER\u00c1N PATRIMONIO CULTURAL DE LOS 46 MUNICIPIOS - Kuali<\/title>\n<meta name=\"robots\" content=\"index, follow, max-snippet:-1, max-image-preview:large, max-video-preview:-1\" \/>\n<link rel=\"canonical\" href=\"https:\/\/kuali.com.mx\/web\/2025\/07\/10\/protegeran-patrimonio-cultural-de-los-46-municipios\/\" \/>\n<meta property=\"og:locale\" content=\"es_MX\" \/>\n<meta property=\"og:type\" content=\"article\" \/>\n<meta property=\"og:title\" content=\"PROTEGER\u00c1N PATRIMONIO CULTURAL DE LOS 46 MUNICIPIOS - Kuali\" \/>\n<meta property=\"og:description\" content=\"Kuali\/Guanajuato, Gto.- En el marco de la conmemoraci\u00f3n del 55 aniversario del Centro del Instituto Nacional de Antropolog\u00eda e Historia (INAH) en Guanajuato, la gobernadora, Libia Dennise Garc\u00eda Mu\u00f1oz Ledo, firm\u00f3 un convenio con el organismo para proteger el patrimonio cultural en los 46 municipios. La mandataria encabez\u00f3 la celebraci\u00f3n en el Patio Central del [&hellip;]\" \/>\n<meta property=\"og:url\" content=\"https:\/\/kuali.com.mx\/web\/2025\/07\/10\/protegeran-patrimonio-cultural-de-los-46-municipios\/\" \/>\n<meta property=\"og:site_name\" content=\"Kuali\" \/>\n<meta property=\"article:publisher\" content=\"https:\/\/kuali.com.mx\/web\/wp-content\/uploads\/2018\/04\/cropped-kuali_logo-1-1.png\" \/>\n<meta property=\"article:published_time\" content=\"2025-07-10T21:12:00+00:00\" \/>\n<meta property=\"article:modified_time\" content=\"2025-07-11T01:39:14+00:00\" \/>\n<meta property=\"og:image\" content=\"https:\/\/kuali.com.mx\/web\/wp-content\/uploads\/2025\/07\/INAH-Libia-scaled.jpeg\" \/>\n\t<meta property=\"og:image:width\" content=\"2560\" \/>\n\t<meta property=\"og:image:height\" content=\"1710\" \/>\n\t<meta property=\"og:image:type\" content=\"image\/jpeg\" \/>\n<meta name=\"author\" content=\"Kuali Staff\" \/>\n<meta name=\"twitter:card\" content=\"summary_large_image\" \/>\n<meta name=\"twitter:creator\" content=\"@kuali_noticias\" \/>\n<meta name=\"twitter:site\" content=\"@kuali_noticias\" \/>\n<meta name=\"twitter:label1\" content=\"Escrito por\" \/>\n\t<meta name=\"twitter:data1\" content=\"Kuali Staff\" \/>\n\t<meta name=\"twitter:label2\" content=\"Tiempo de lectura\" \/>\n\t<meta name=\"twitter:data2\" content=\"5 minutos\" \/>\n<script type=\"application\/ld+json\" class=\"yoast-schema-graph\">{\"@context\":\"https:\\\/\\\/schema.org\",\"@graph\":[{\"@type\":\"Article\",\"@id\":\"https:\\\/\\\/kuali.com.mx\\\/web\\\/2025\\\/07\\\/10\\\/protegeran-patrimonio-cultural-de-los-46-municipios\\\/#article\",\"isPartOf\":{\"@id\":\"https:\\\/\\\/kuali.com.mx\\\/web\\\/2025\\\/07\\\/10\\\/protegeran-patrimonio-cultural-de-los-46-municipios\\\/\"},\"author\":{\"name\":\"Kuali Staff\",\"@id\":\"https:\\\/\\\/kuali.com.mx\\\/web\\\/#\\\/schema\\\/person\\\/6f89ffa8ecba9dae50662357923c5289\"},\"headline\":\"PROTEGER\u00c1N PATRIMONIO CULTURAL DE LOS 46 MUNICIPIOS\",\"datePublished\":\"2025-07-10T21:12:00+00:00\",\"dateModified\":\"2025-07-11T01:39:14+00:00\",\"mainEntityOfPage\":{\"@id\":\"https:\\\/\\\/kuali.com.mx\\\/web\\\/2025\\\/07\\\/10\\\/protegeran-patrimonio-cultural-de-los-46-municipios\\\/\"},\"wordCount\":978,\"commentCount\":0,\"image\":{\"@id\":\"https:\\\/\\\/kuali.com.mx\\\/web\\\/2025\\\/07\\\/10\\\/protegeran-patrimonio-cultural-de-los-46-municipios\\\/#primaryimage\"},\"thumbnailUrl\":\"https:\\\/\\\/kuali.com.mx\\\/web\\\/wp-content\\\/uploads\\\/2025\\\/07\\\/INAH-Libia-scaled.jpeg\",\"articleSection\":[\"Cultura\"],\"inLanguage\":\"es\",\"potentialAction\":[{\"@type\":\"CommentAction\",\"name\":\"Comment\",\"target\":[\"https:\\\/\\\/kuali.com.mx\\\/web\\\/2025\\\/07\\\/10\\\/protegeran-patrimonio-cultural-de-los-46-municipios\\\/#respond\"]}]},{\"@type\":\"WebPage\",\"@id\":\"https:\\\/\\\/kuali.com.mx\\\/web\\\/2025\\\/07\\\/10\\\/protegeran-patrimonio-cultural-de-los-46-municipios\\\/\",\"url\":\"https:\\\/\\\/kuali.com.mx\\\/web\\\/2025\\\/07\\\/10\\\/protegeran-patrimonio-cultural-de-los-46-municipios\\\/\",\"name\":\"PROTEGER\u00c1N PATRIMONIO CULTURAL DE LOS 46 MUNICIPIOS - Kuali\",\"isPartOf\":{\"@id\":\"https:\\\/\\\/kuali.com.mx\\\/web\\\/#website\"},\"primaryImageOfPage\":{\"@id\":\"https:\\\/\\\/kuali.com.mx\\\/web\\\/2025\\\/07\\\/10\\\/protegeran-patrimonio-cultural-de-los-46-municipios\\\/#primaryimage\"},\"image\":{\"@id\":\"https:\\\/\\\/kuali.com.mx\\\/web\\\/2025\\\/07\\\/10\\\/protegeran-patrimonio-cultural-de-los-46-municipios\\\/#primaryimage\"},\"thumbnailUrl\":\"https:\\\/\\\/kuali.com.mx\\\/web\\\/wp-content\\\/uploads\\\/2025\\\/07\\\/INAH-Libia-scaled.jpeg\",\"datePublished\":\"2025-07-10T21:12:00+00:00\",\"dateModified\":\"2025-07-11T01:39:14+00:00\",\"author\":{\"@id\":\"https:\\\/\\\/kuali.com.mx\\\/web\\\/#\\\/schema\\\/person\\\/6f89ffa8ecba9dae50662357923c5289\"},\"breadcrumb\":{\"@id\":\"https:\\\/\\\/kuali.com.mx\\\/web\\\/2025\\\/07\\\/10\\\/protegeran-patrimonio-cultural-de-los-46-municipios\\\/#breadcrumb\"},\"inLanguage\":\"es\",\"potentialAction\":[{\"@type\":\"ReadAction\",\"target\":[\"https:\\\/\\\/kuali.com.mx\\\/web\\\/2025\\\/07\\\/10\\\/protegeran-patrimonio-cultural-de-los-46-municipios\\\/\"]}]},{\"@type\":\"ImageObject\",\"inLanguage\":\"es\",\"@id\":\"https:\\\/\\\/kuali.com.mx\\\/web\\\/2025\\\/07\\\/10\\\/protegeran-patrimonio-cultural-de-los-46-municipios\\\/#primaryimage\",\"url\":\"https:\\\/\\\/kuali.com.mx\\\/web\\\/wp-content\\\/uploads\\\/2025\\\/07\\\/INAH-Libia-scaled.jpeg\",\"contentUrl\":\"https:\\\/\\\/kuali.com.mx\\\/web\\\/wp-content\\\/uploads\\\/2025\\\/07\\\/INAH-Libia-scaled.jpeg\",\"width\":2560,\"height\":1710},{\"@type\":\"BreadcrumbList\",\"@id\":\"https:\\\/\\\/kuali.com.mx\\\/web\\\/2025\\\/07\\\/10\\\/protegeran-patrimonio-cultural-de-los-46-municipios\\\/#breadcrumb\",\"itemListElement\":[{\"@type\":\"ListItem\",\"position\":1,\"name\":\"Inicio\",\"item\":\"https:\\\/\\\/kuali.com.mx\\\/web\\\/\"},{\"@type\":\"ListItem\",\"position\":2,\"name\":\"PROTEGER\u00c1N PATRIMONIO CULTURAL DE LOS 46 MUNICIPIOS\"}]},{\"@type\":\"WebSite\",\"@id\":\"https:\\\/\\\/kuali.com.mx\\\/web\\\/#website\",\"url\":\"https:\\\/\\\/kuali.com.mx\\\/web\\\/\",\"name\":\"Kuali\",\"description\":\"\",\"potentialAction\":[{\"@type\":\"SearchAction\",\"target\":{\"@type\":\"EntryPoint\",\"urlTemplate\":\"https:\\\/\\\/kuali.com.mx\\\/web\\\/?s={search_term_string}\"},\"query-input\":{\"@type\":\"PropertyValueSpecification\",\"valueRequired\":true,\"valueName\":\"search_term_string\"}}],\"inLanguage\":\"es\"},{\"@type\":\"Person\",\"@id\":\"https:\\\/\\\/kuali.com.mx\\\/web\\\/#\\\/schema\\\/person\\\/6f89ffa8ecba9dae50662357923c5289\",\"name\":\"Kuali Staff\",\"image\":{\"@type\":\"ImageObject\",\"inLanguage\":\"es\",\"@id\":\"https:\\\/\\\/secure.gravatar.com\\\/avatar\\\/f917ad82e5ab71227a733c78b6e60715476f69ee6be59feee4eb5d9920c89e0f?s=96&d=mm&r=g\",\"url\":\"https:\\\/\\\/secure.gravatar.com\\\/avatar\\\/f917ad82e5ab71227a733c78b6e60715476f69ee6be59feee4eb5d9920c89e0f?s=96&d=mm&r=g\",\"contentUrl\":\"https:\\\/\\\/secure.gravatar.com\\\/avatar\\\/f917ad82e5ab71227a733c78b6e60715476f69ee6be59feee4eb5d9920c89e0f?s=96&d=mm&r=g\",\"caption\":\"Kuali Staff\"},\"url\":\"https:\\\/\\\/kuali.com.mx\\\/web\\\/author\\\/lagarto\\\/\"}]}<\/script>\n<!-- \/ Yoast SEO plugin. -->","yoast_head_json":{"title":"PROTEGER\u00c1N PATRIMONIO CULTURAL DE LOS 46 MUNICIPIOS - Kuali","robots":{"index":"index","follow":"follow","max-snippet":"max-snippet:-1","max-image-preview":"max-image-preview:large","max-video-preview":"max-video-preview:-1"},"canonical":"https:\/\/kuali.com.mx\/web\/2025\/07\/10\/protegeran-patrimonio-cultural-de-los-46-municipios\/","og_locale":"es_MX","og_type":"article","og_title":"PROTEGER\u00c1N PATRIMONIO CULTURAL DE LOS 46 MUNICIPIOS - Kuali","og_description":"Kuali\/Guanajuato, Gto.- En el marco de la conmemoraci\u00f3n del 55 aniversario del Centro del Instituto Nacional de Antropolog\u00eda e Historia (INAH) en Guanajuato, la gobernadora, Libia Dennise Garc\u00eda Mu\u00f1oz Ledo, firm\u00f3 un convenio con el organismo para proteger el patrimonio cultural en los 46 municipios. La mandataria encabez\u00f3 la celebraci\u00f3n en el Patio Central del [&hellip;]","og_url":"https:\/\/kuali.com.mx\/web\/2025\/07\/10\/protegeran-patrimonio-cultural-de-los-46-municipios\/","og_site_name":"Kuali","article_publisher":"https:\/\/kuali.com.mx\/web\/wp-content\/uploads\/2018\/04\/cropped-kuali_logo-1-1.png","article_published_time":"2025-07-10T21:12:00+00:00","article_modified_time":"2025-07-11T01:39:14+00:00","og_image":[{"width":2560,"height":1710,"url":"https:\/\/kuali.com.mx\/web\/wp-content\/uploads\/2025\/07\/INAH-Libia-scaled.jpeg","type":"image\/jpeg"}],"author":"Kuali Staff","twitter_card":"summary_large_image","twitter_creator":"@kuali_noticias","twitter_site":"@kuali_noticias","twitter_misc":{"Escrito por":"Kuali Staff","Tiempo de lectura":"5 minutos"},"schema":{"@context":"https:\/\/schema.org","@graph":[{"@type":"Article","@id":"https:\/\/kuali.com.mx\/web\/2025\/07\/10\/protegeran-patrimonio-cultural-de-los-46-municipios\/#article","isPartOf":{"@id":"https:\/\/kuali.com.mx\/web\/2025\/07\/10\/protegeran-patrimonio-cultural-de-los-46-municipios\/"},"author":{"name":"Kuali Staff","@id":"https:\/\/kuali.com.mx\/web\/#\/schema\/person\/6f89ffa8ecba9dae50662357923c5289"},"headline":"PROTEGER\u00c1N PATRIMONIO CULTURAL DE LOS 46 MUNICIPIOS","datePublished":"2025-07-10T21:12:00+00:00","dateModified":"2025-07-11T01:39:14+00:00","mainEntityOfPage":{"@id":"https:\/\/kuali.com.mx\/web\/2025\/07\/10\/protegeran-patrimonio-cultural-de-los-46-municipios\/"},"wordCount":978,"commentCount":0,"image":{"@id":"https:\/\/kuali.com.mx\/web\/2025\/07\/10\/protegeran-patrimonio-cultural-de-los-46-municipios\/#primaryimage"},"thumbnailUrl":"https:\/\/kuali.com.mx\/web\/wp-content\/uploads\/2025\/07\/INAH-Libia-scaled.jpeg","articleSection":["Cultura"],"inLanguage":"es","potentialAction":[{"@type":"CommentAction","name":"Comment","target":["https:\/\/kuali.com.mx\/web\/2025\/07\/10\/protegeran-patrimonio-cultural-de-los-46-municipios\/#respond"]}]},{"@type":"WebPage","@id":"https:\/\/kuali.com.mx\/web\/2025\/07\/10\/protegeran-patrimonio-cultural-de-los-46-municipios\/","url":"https:\/\/kuali.com.mx\/web\/2025\/07\/10\/protegeran-patrimonio-cultural-de-los-46-municipios\/","name":"PROTEGER\u00c1N PATRIMONIO CULTURAL DE LOS 46 MUNICIPIOS - Kuali","isPartOf":{"@id":"https:\/\/kuali.com.mx\/web\/#website"},"primaryImageOfPage":{"@id":"https:\/\/kuali.com.mx\/web\/2025\/07\/10\/protegeran-patrimonio-cultural-de-los-46-municipios\/#primaryimage"},"image":{"@id":"https:\/\/kuali.com.mx\/web\/2025\/07\/10\/protegeran-patrimonio-cultural-de-los-46-municipios\/#primaryimage"},"thumbnailUrl":"https:\/\/kuali.com.mx\/web\/wp-content\/uploads\/2025\/07\/INAH-Libia-scaled.jpeg","datePublished":"2025-07-10T21:12:00+00:00","dateModified":"2025-07-11T01:39:14+00:00","author":{"@id":"https:\/\/kuali.com.mx\/web\/#\/schema\/person\/6f89ffa8ecba9dae50662357923c5289"},"breadcrumb":{"@id":"https:\/\/kuali.com.mx\/web\/2025\/07\/10\/protegeran-patrimonio-cultural-de-los-46-municipios\/#breadcrumb"},"inLanguage":"es","potentialAction":[{"@type":"ReadAction","target":["https:\/\/kuali.com.mx\/web\/2025\/07\/10\/protegeran-patrimonio-cultural-de-los-46-municipios\/"]}]},{"@type":"ImageObject","inLanguage":"es","@id":"https:\/\/kuali.com.mx\/web\/2025\/07\/10\/protegeran-patrimonio-cultural-de-los-46-municipios\/#primaryimage","url":"https:\/\/kuali.com.mx\/web\/wp-content\/uploads\/2025\/07\/INAH-Libia-scaled.jpeg","contentUrl":"https:\/\/kuali.com.mx\/web\/wp-content\/uploads\/2025\/07\/INAH-Libia-scaled.jpeg","width":2560,"height":1710},{"@type":"BreadcrumbList","@id":"https:\/\/kuali.com.mx\/web\/2025\/07\/10\/protegeran-patrimonio-cultural-de-los-46-municipios\/#breadcrumb","itemListElement":[{"@type":"ListItem","position":1,"name":"Inicio","item":"https:\/\/kuali.com.mx\/web\/"},{"@type":"ListItem","position":2,"name":"PROTEGER\u00c1N PATRIMONIO CULTURAL DE LOS 46 MUNICIPIOS"}]},{"@type":"WebSite","@id":"https:\/\/kuali.com.mx\/web\/#website","url":"https:\/\/kuali.com.mx\/web\/","name":"Kuali","description":"","potentialAction":[{"@type":"SearchAction","target":{"@type":"EntryPoint","urlTemplate":"https:\/\/kuali.com.mx\/web\/?s={search_term_string}"},"query-input":{"@type":"PropertyValueSpecification","valueRequired":true,"valueName":"search_term_string"}}],"inLanguage":"es"},{"@type":"Person","@id":"https:\/\/kuali.com.mx\/web\/#\/schema\/person\/6f89ffa8ecba9dae50662357923c5289","name":"Kuali Staff","image":{"@type":"ImageObject","inLanguage":"es","@id":"https:\/\/secure.gravatar.com\/avatar\/f917ad82e5ab71227a733c78b6e60715476f69ee6be59feee4eb5d9920c89e0f?s=96&d=mm&r=g","url":"https:\/\/secure.gravatar.com\/avatar\/f917ad82e5ab71227a733c78b6e60715476f69ee6be59feee4eb5d9920c89e0f?s=96&d=mm&r=g","contentUrl":"https:\/\/secure.gravatar.com\/avatar\/f917ad82e5ab71227a733c78b6e60715476f69ee6be59feee4eb5d9920c89e0f?s=96&d=mm&r=g","caption":"Kuali Staff"},"url":"https:\/\/kuali.com.mx\/web\/author\/lagarto\/"}]}},"_links":{"self":[{"href":"https:\/\/kuali.com.mx\/web\/wp-json\/wp\/v2\/posts\/180054","targetHints":{"allow":["GET"]}}],"collection":[{"href":"https:\/\/kuali.com.mx\/web\/wp-json\/wp\/v2\/posts"}],"about":[{"href":"https:\/\/kuali.com.mx\/web\/wp-json\/wp\/v2\/types\/post"}],"author":[{"embeddable":true,"href":"https:\/\/kuali.com.mx\/web\/wp-json\/wp\/v2\/users\/2"}],"replies":[{"embeddable":true,"href":"https:\/\/kuali.com.mx\/web\/wp-json\/wp\/v2\/comments?post=180054"}],"version-history":[{"count":1,"href":"https:\/\/kuali.com.mx\/web\/wp-json\/wp\/v2\/posts\/180054\/revisions"}],"predecessor-version":[{"id":180058,"href":"https:\/\/kuali.com.mx\/web\/wp-json\/wp\/v2\/posts\/180054\/revisions\/180058"}],"wp:featuredmedia":[{"embeddable":true,"href":"https:\/\/kuali.com.mx\/web\/wp-json\/wp\/v2\/media\/180057"}],"wp:attachment":[{"href":"https:\/\/kuali.com.mx\/web\/wp-json\/wp\/v2\/media?parent=180054"}],"wp:term":[{"taxonomy":"category","embeddable":true,"href":"https:\/\/kuali.com.mx\/web\/wp-json\/wp\/v2\/categories?post=180054"},{"taxonomy":"post_tag","embeddable":true,"href":"https:\/\/kuali.com.mx\/web\/wp-json\/wp\/v2\/tags?post=180054"}],"curies":[{"name":"wp","href":"https:\/\/api.w.org\/{rel}","templated":true}]}}