{"id":179948,"date":"2025-07-09T14:01:00","date_gmt":"2025-07-09T20:01:00","guid":{"rendered":"https:\/\/kuali.com.mx\/web\/?p=179948"},"modified":"2025-07-10T07:08:29","modified_gmt":"2025-07-10T13:08:29","slug":"tiene-leon-un-indice-de-analfabetismo-del-2-9","status":"publish","type":"post","link":"https:\/\/kuali.com.mx\/web\/2025\/07\/09\/tiene-leon-un-indice-de-analfabetismo-del-2-9\/","title":{"rendered":"TIENE LE\u00d3N UN \u00cdNDICE DE ANALFABETISMO DEL 2.9%"},"content":{"rendered":"\n<p><strong><em>Kuali\/Le\u00f3n, Gto.-<\/em><\/strong>El municipio de Le\u00f3n ocupa el primer lugar en atenci\u00f3n al rezago educativo que est\u00e1 en el 25.2 por ciento y en 2.9  en analfabetismo, lo anterior fue descataco en la firma de colaboraci\u00f3n entre el gobierno local y el Instituto de Alfabetizaci\u00f3n y Educaci\u00f3n B\u00e1sica para Adultos (INAEBA).<\/p>\n\n\n\n<p>\u201cLa educaci\u00f3n es cambiar vidas, vamos por el camino correcto, siempre habr\u00e1 \u00e1reas de oportunidad, pero quiero pedirles que no demos ni un paso atr\u00e1s y que podamos llegar a m\u00e1s personas. En Le\u00f3n no dejamos a nadie solo, de la mano con el Estado vamos a seguir avanzando, pero sobre todo, seguir trabajando para que Le\u00f3n siga siendo referente a nivel nacional en materia de avance en rezago educativo porque eso es lo que realmente cambia el futuro de esta ciudad\u201d, expres\u00f3 la alcaldesa de Le\u00f3n, Alejandra Guti\u00e9rrez Campos<\/p>\n\n\n\n<p>En 2021, Le\u00f3n registraba un rezago educativo del 27.9% y un \u00edndice de analfabetismo en 3.2%. Gracias a los esfuerzos conjuntos del Municipio e INAEBA, para 2024 estas cifras se redujeron a 25.2% y el analfabetismo a 2.9%, logrando un impacto positivo en la calidad de vida de miles de leoneses y leonesas.<\/p>\n\n\n\n<p>Ale Guti\u00e9rrez destac\u00f3 que estos avances han sido posibles gracias a un trabajo integral con todas las dependencias, enfocado no solo en la educaci\u00f3n, sino tambi\u00e9n en atender las causas que llevan a las personas a abandonar sus estudios y ofrecer soluciones que mejoren su entorno.<\/p>\n\n\n\n<p>\u201cFuerza Le\u00f3n ha sido una herramienta fundamental para estar acompa\u00f1ando con todas las dependencias, toda la administraci\u00f3n se suma para ver qu\u00e9 problem\u00e1ticas tiene, c\u00f3mo est\u00e1 la madeja hecha nudos y empezar a deshacerlos para hacer que la persona se siga preparando y pueda salir adelante\u201d, se\u00f1al\u00f3.<\/p>\n\n\n\n<p>Actualmente, el INAEBA cuenta en Le\u00f3n con 214 centros de estudio y 31 digitales, por lo que Jos\u00e9 Jes\u00fas Correa Ram\u00edrez, titular de este Instituto reconoci\u00f3 a Alejandra Guti\u00e9rrez y al Ayuntamiento, por avanzar con paso firme en materia educativa y lograr que m\u00e1s personas concluyan alg\u00fan nivel de estudio.<\/p>\n\n\n\n<p>\u201cHoy los ni\u00f1os, los adultos y en general pueden estar seguros que tanto gobierno municipal como gobierno estatal, estamos haciendo lo mejor que podemos para que las cosas cambien\u201d, se\u00f1al\u00f3.<\/p>\n\n\n\n<p>Con la firma de este convenio se reforzar\u00e1 la atenci\u00f3n a ni\u00f1as, ni\u00f1os y adolescentes de 10 a 14 a\u00f1os que, por diversas circunstancias, no han tenido acceso a la educaci\u00f3n.<\/p>\n\n\n\n<p>Guanajuato cuenta con el distintivo Bandera Blanca, otorgado por la UNESCO a las entidades con bajos niveles de analfabetismo. Le\u00f3n refrenda su compromiso de seguir impulsando pol\u00edticas p\u00fablicas que fortalezcan la educaci\u00f3n y generen igualdad de oportunidades para todas y todos.<\/p>\n\n\n\n<p>En la firma de convenio estuvo presente el secretario para el Fortalecimiento Social de Le\u00f3n, Ernesto Garc\u00eda Caratachea; el director de Educaci\u00f3n Jonathan Gonz\u00e1lez Mu\u00f1oz; Ivonne P\u00e9rez Wilson, directora del IMMUJERES y el director de Desarrollo Social, Miguel Bosques Vera, adem\u00e1s de regidor del H. Ayuntamiento.<\/p>\n","protected":false},"excerpt":{"rendered":"Kuali\/Le\u00f3n, Gto.-El municipio de Le\u00f3n ocupa el primer lugar en atenci\u00f3n al rezago educativo que est\u00e1 en el 25.2 por ciento y en 2.9 en analfabetismo, lo anterior fue descataco en la firma de colaboraci\u00f3n entre el gobierno local y el Instituto de Alfabetizaci\u00f3n y Educaci\u00f3n B\u00e1sica para Adultos (INAEBA). \u201cLa educaci\u00f3n es cambiar vidas, [&hellip;]","protected":false},"author":2,"featured_media":179951,"comment_status":"open","ping_status":"open","sticky":false,"template":"","format":"standard","meta":{"_seopress_robots_primary_cat":"none","_seopress_titles_title":"","_seopress_titles_desc":"","_seopress_robots_index":"","_monsterinsights_skip_tracking":false,"_monsterinsights_sitenote_active":false,"_monsterinsights_sitenote_note":"","_monsterinsights_sitenote_category":0,"footnotes":""},"categories":[4],"tags":[],"class_list":["post-179948","post","type-post","status-publish","format-standard","has-post-thumbnail","hentry","category-educacion"],"yoast_head":"<!-- This site is optimized with the Yoast SEO plugin v27.4 - https:\/\/yoast.com\/product\/yoast-seo-wordpress\/ -->\n<title>TIENE LE\u00d3N UN \u00cdNDICE DE ANALFABETISMO DEL 2.9% - Kuali<\/title>\n<meta name=\"robots\" content=\"index, follow, max-snippet:-1, max-image-preview:large, max-video-preview:-1\" \/>\n<link rel=\"canonical\" href=\"https:\/\/kuali.com.mx\/web\/2025\/07\/09\/tiene-leon-un-indice-de-analfabetismo-del-2-9\/\" \/>\n<meta property=\"og:locale\" content=\"es_MX\" \/>\n<meta property=\"og:type\" content=\"article\" \/>\n<meta property=\"og:title\" content=\"TIENE LE\u00d3N UN \u00cdNDICE DE ANALFABETISMO DEL 2.9% - Kuali\" \/>\n<meta property=\"og:description\" content=\"Kuali\/Le\u00f3n, Gto.-El municipio de Le\u00f3n ocupa el primer lugar en atenci\u00f3n al rezago educativo que est\u00e1 en el 25.2 por ciento y en 2.9 en analfabetismo, lo anterior fue descataco en la firma de colaboraci\u00f3n entre el gobierno local y el Instituto de Alfabetizaci\u00f3n y Educaci\u00f3n B\u00e1sica para Adultos (INAEBA). \u201cLa educaci\u00f3n es cambiar vidas, [&hellip;]\" \/>\n<meta property=\"og:url\" content=\"https:\/\/kuali.com.mx\/web\/2025\/07\/09\/tiene-leon-un-indice-de-analfabetismo-del-2-9\/\" \/>\n<meta property=\"og:site_name\" content=\"Kuali\" \/>\n<meta property=\"article:publisher\" content=\"https:\/\/kuali.com.mx\/web\/wp-content\/uploads\/2018\/04\/cropped-kuali_logo-1-1.png\" \/>\n<meta property=\"article:published_time\" content=\"2025-07-09T20:01:00+00:00\" \/>\n<meta property=\"article:modified_time\" content=\"2025-07-10T13:08:29+00:00\" \/>\n<meta property=\"og:image\" content=\"https:\/\/kuali.com.mx\/web\/wp-content\/uploads\/2025\/07\/INAEBA-ALEJANDRA-scaled.jpg\" \/>\n\t<meta property=\"og:image:width\" content=\"2560\" \/>\n\t<meta property=\"og:image:height\" content=\"1769\" \/>\n\t<meta property=\"og:image:type\" content=\"image\/jpeg\" \/>\n<meta name=\"author\" content=\"Kuali Staff\" \/>\n<meta name=\"twitter:card\" content=\"summary_large_image\" \/>\n<meta name=\"twitter:creator\" content=\"@kuali_noticias\" \/>\n<meta name=\"twitter:site\" content=\"@kuali_noticias\" \/>\n<meta name=\"twitter:label1\" content=\"Escrito por\" \/>\n\t<meta name=\"twitter:data1\" content=\"Kuali Staff\" \/>\n\t<meta name=\"twitter:label2\" content=\"Tiempo de lectura\" \/>\n\t<meta name=\"twitter:data2\" content=\"3 minutos\" \/>\n<script type=\"application\/ld+json\" class=\"yoast-schema-graph\">{\"@context\":\"https:\\\/\\\/schema.org\",\"@graph\":[{\"@type\":\"Article\",\"@id\":\"https:\\\/\\\/kuali.com.mx\\\/web\\\/2025\\\/07\\\/09\\\/tiene-leon-un-indice-de-analfabetismo-del-2-9\\\/#article\",\"isPartOf\":{\"@id\":\"https:\\\/\\\/kuali.com.mx\\\/web\\\/2025\\\/07\\\/09\\\/tiene-leon-un-indice-de-analfabetismo-del-2-9\\\/\"},\"author\":{\"name\":\"Kuali Staff\",\"@id\":\"https:\\\/\\\/kuali.com.mx\\\/web\\\/#\\\/schema\\\/person\\\/6f89ffa8ecba9dae50662357923c5289\"},\"headline\":\"TIENE LE\u00d3N UN \u00cdNDICE DE ANALFABETISMO DEL 2.9%\",\"datePublished\":\"2025-07-09T20:01:00+00:00\",\"dateModified\":\"2025-07-10T13:08:29+00:00\",\"mainEntityOfPage\":{\"@id\":\"https:\\\/\\\/kuali.com.mx\\\/web\\\/2025\\\/07\\\/09\\\/tiene-leon-un-indice-de-analfabetismo-del-2-9\\\/\"},\"wordCount\":531,\"commentCount\":0,\"image\":{\"@id\":\"https:\\\/\\\/kuali.com.mx\\\/web\\\/2025\\\/07\\\/09\\\/tiene-leon-un-indice-de-analfabetismo-del-2-9\\\/#primaryimage\"},\"thumbnailUrl\":\"https:\\\/\\\/kuali.com.mx\\\/web\\\/wp-content\\\/uploads\\\/2025\\\/07\\\/INAEBA-ALEJANDRA-scaled.jpg\",\"articleSection\":[\"Educaci\u00f3n\"],\"inLanguage\":\"es\",\"potentialAction\":[{\"@type\":\"CommentAction\",\"name\":\"Comment\",\"target\":[\"https:\\\/\\\/kuali.com.mx\\\/web\\\/2025\\\/07\\\/09\\\/tiene-leon-un-indice-de-analfabetismo-del-2-9\\\/#respond\"]}]},{\"@type\":\"WebPage\",\"@id\":\"https:\\\/\\\/kuali.com.mx\\\/web\\\/2025\\\/07\\\/09\\\/tiene-leon-un-indice-de-analfabetismo-del-2-9\\\/\",\"url\":\"https:\\\/\\\/kuali.com.mx\\\/web\\\/2025\\\/07\\\/09\\\/tiene-leon-un-indice-de-analfabetismo-del-2-9\\\/\",\"name\":\"TIENE LE\u00d3N UN \u00cdNDICE DE ANALFABETISMO DEL 2.9% - Kuali\",\"isPartOf\":{\"@id\":\"https:\\\/\\\/kuali.com.mx\\\/web\\\/#website\"},\"primaryImageOfPage\":{\"@id\":\"https:\\\/\\\/kuali.com.mx\\\/web\\\/2025\\\/07\\\/09\\\/tiene-leon-un-indice-de-analfabetismo-del-2-9\\\/#primaryimage\"},\"image\":{\"@id\":\"https:\\\/\\\/kuali.com.mx\\\/web\\\/2025\\\/07\\\/09\\\/tiene-leon-un-indice-de-analfabetismo-del-2-9\\\/#primaryimage\"},\"thumbnailUrl\":\"https:\\\/\\\/kuali.com.mx\\\/web\\\/wp-content\\\/uploads\\\/2025\\\/07\\\/INAEBA-ALEJANDRA-scaled.jpg\",\"datePublished\":\"2025-07-09T20:01:00+00:00\",\"dateModified\":\"2025-07-10T13:08:29+00:00\",\"author\":{\"@id\":\"https:\\\/\\\/kuali.com.mx\\\/web\\\/#\\\/schema\\\/person\\\/6f89ffa8ecba9dae50662357923c5289\"},\"breadcrumb\":{\"@id\":\"https:\\\/\\\/kuali.com.mx\\\/web\\\/2025\\\/07\\\/09\\\/tiene-leon-un-indice-de-analfabetismo-del-2-9\\\/#breadcrumb\"},\"inLanguage\":\"es\",\"potentialAction\":[{\"@type\":\"ReadAction\",\"target\":[\"https:\\\/\\\/kuali.com.mx\\\/web\\\/2025\\\/07\\\/09\\\/tiene-leon-un-indice-de-analfabetismo-del-2-9\\\/\"]}]},{\"@type\":\"ImageObject\",\"inLanguage\":\"es\",\"@id\":\"https:\\\/\\\/kuali.com.mx\\\/web\\\/2025\\\/07\\\/09\\\/tiene-leon-un-indice-de-analfabetismo-del-2-9\\\/#primaryimage\",\"url\":\"https:\\\/\\\/kuali.com.mx\\\/web\\\/wp-content\\\/uploads\\\/2025\\\/07\\\/INAEBA-ALEJANDRA-scaled.jpg\",\"contentUrl\":\"https:\\\/\\\/kuali.com.mx\\\/web\\\/wp-content\\\/uploads\\\/2025\\\/07\\\/INAEBA-ALEJANDRA-scaled.jpg\",\"width\":2560,\"height\":1769},{\"@type\":\"BreadcrumbList\",\"@id\":\"https:\\\/\\\/kuali.com.mx\\\/web\\\/2025\\\/07\\\/09\\\/tiene-leon-un-indice-de-analfabetismo-del-2-9\\\/#breadcrumb\",\"itemListElement\":[{\"@type\":\"ListItem\",\"position\":1,\"name\":\"Inicio\",\"item\":\"https:\\\/\\\/kuali.com.mx\\\/web\\\/\"},{\"@type\":\"ListItem\",\"position\":2,\"name\":\"TIENE LE\u00d3N UN \u00cdNDICE DE ANALFABETISMO DEL 2.9%\"}]},{\"@type\":\"WebSite\",\"@id\":\"https:\\\/\\\/kuali.com.mx\\\/web\\\/#website\",\"url\":\"https:\\\/\\\/kuali.com.mx\\\/web\\\/\",\"name\":\"Kuali\",\"description\":\"\",\"potentialAction\":[{\"@type\":\"SearchAction\",\"target\":{\"@type\":\"EntryPoint\",\"urlTemplate\":\"https:\\\/\\\/kuali.com.mx\\\/web\\\/?s={search_term_string}\"},\"query-input\":{\"@type\":\"PropertyValueSpecification\",\"valueRequired\":true,\"valueName\":\"search_term_string\"}}],\"inLanguage\":\"es\"},{\"@type\":\"Person\",\"@id\":\"https:\\\/\\\/kuali.com.mx\\\/web\\\/#\\\/schema\\\/person\\\/6f89ffa8ecba9dae50662357923c5289\",\"name\":\"Kuali Staff\",\"image\":{\"@type\":\"ImageObject\",\"inLanguage\":\"es\",\"@id\":\"https:\\\/\\\/secure.gravatar.com\\\/avatar\\\/f917ad82e5ab71227a733c78b6e60715476f69ee6be59feee4eb5d9920c89e0f?s=96&d=mm&r=g\",\"url\":\"https:\\\/\\\/secure.gravatar.com\\\/avatar\\\/f917ad82e5ab71227a733c78b6e60715476f69ee6be59feee4eb5d9920c89e0f?s=96&d=mm&r=g\",\"contentUrl\":\"https:\\\/\\\/secure.gravatar.com\\\/avatar\\\/f917ad82e5ab71227a733c78b6e60715476f69ee6be59feee4eb5d9920c89e0f?s=96&d=mm&r=g\",\"caption\":\"Kuali Staff\"},\"url\":\"https:\\\/\\\/kuali.com.mx\\\/web\\\/author\\\/lagarto\\\/\"}]}<\/script>\n<!-- \/ Yoast SEO plugin. -->","yoast_head_json":{"title":"TIENE LE\u00d3N UN \u00cdNDICE DE ANALFABETISMO DEL 2.9% - Kuali","robots":{"index":"index","follow":"follow","max-snippet":"max-snippet:-1","max-image-preview":"max-image-preview:large","max-video-preview":"max-video-preview:-1"},"canonical":"https:\/\/kuali.com.mx\/web\/2025\/07\/09\/tiene-leon-un-indice-de-analfabetismo-del-2-9\/","og_locale":"es_MX","og_type":"article","og_title":"TIENE LE\u00d3N UN \u00cdNDICE DE ANALFABETISMO DEL 2.9% - Kuali","og_description":"Kuali\/Le\u00f3n, Gto.-El municipio de Le\u00f3n ocupa el primer lugar en atenci\u00f3n al rezago educativo que est\u00e1 en el 25.2 por ciento y en 2.9 en analfabetismo, lo anterior fue descataco en la firma de colaboraci\u00f3n entre el gobierno local y el Instituto de Alfabetizaci\u00f3n y Educaci\u00f3n B\u00e1sica para Adultos (INAEBA). \u201cLa educaci\u00f3n es cambiar vidas, [&hellip;]","og_url":"https:\/\/kuali.com.mx\/web\/2025\/07\/09\/tiene-leon-un-indice-de-analfabetismo-del-2-9\/","og_site_name":"Kuali","article_publisher":"https:\/\/kuali.com.mx\/web\/wp-content\/uploads\/2018\/04\/cropped-kuali_logo-1-1.png","article_published_time":"2025-07-09T20:01:00+00:00","article_modified_time":"2025-07-10T13:08:29+00:00","og_image":[{"width":2560,"height":1769,"url":"https:\/\/kuali.com.mx\/web\/wp-content\/uploads\/2025\/07\/INAEBA-ALEJANDRA-scaled.jpg","type":"image\/jpeg"}],"author":"Kuali Staff","twitter_card":"summary_large_image","twitter_creator":"@kuali_noticias","twitter_site":"@kuali_noticias","twitter_misc":{"Escrito por":"Kuali Staff","Tiempo de lectura":"3 minutos"},"schema":{"@context":"https:\/\/schema.org","@graph":[{"@type":"Article","@id":"https:\/\/kuali.com.mx\/web\/2025\/07\/09\/tiene-leon-un-indice-de-analfabetismo-del-2-9\/#article","isPartOf":{"@id":"https:\/\/kuali.com.mx\/web\/2025\/07\/09\/tiene-leon-un-indice-de-analfabetismo-del-2-9\/"},"author":{"name":"Kuali Staff","@id":"https:\/\/kuali.com.mx\/web\/#\/schema\/person\/6f89ffa8ecba9dae50662357923c5289"},"headline":"TIENE LE\u00d3N UN \u00cdNDICE DE ANALFABETISMO DEL 2.9%","datePublished":"2025-07-09T20:01:00+00:00","dateModified":"2025-07-10T13:08:29+00:00","mainEntityOfPage":{"@id":"https:\/\/kuali.com.mx\/web\/2025\/07\/09\/tiene-leon-un-indice-de-analfabetismo-del-2-9\/"},"wordCount":531,"commentCount":0,"image":{"@id":"https:\/\/kuali.com.mx\/web\/2025\/07\/09\/tiene-leon-un-indice-de-analfabetismo-del-2-9\/#primaryimage"},"thumbnailUrl":"https:\/\/kuali.com.mx\/web\/wp-content\/uploads\/2025\/07\/INAEBA-ALEJANDRA-scaled.jpg","articleSection":["Educaci\u00f3n"],"inLanguage":"es","potentialAction":[{"@type":"CommentAction","name":"Comment","target":["https:\/\/kuali.com.mx\/web\/2025\/07\/09\/tiene-leon-un-indice-de-analfabetismo-del-2-9\/#respond"]}]},{"@type":"WebPage","@id":"https:\/\/kuali.com.mx\/web\/2025\/07\/09\/tiene-leon-un-indice-de-analfabetismo-del-2-9\/","url":"https:\/\/kuali.com.mx\/web\/2025\/07\/09\/tiene-leon-un-indice-de-analfabetismo-del-2-9\/","name":"TIENE LE\u00d3N UN \u00cdNDICE DE ANALFABETISMO DEL 2.9% - Kuali","isPartOf":{"@id":"https:\/\/kuali.com.mx\/web\/#website"},"primaryImageOfPage":{"@id":"https:\/\/kuali.com.mx\/web\/2025\/07\/09\/tiene-leon-un-indice-de-analfabetismo-del-2-9\/#primaryimage"},"image":{"@id":"https:\/\/kuali.com.mx\/web\/2025\/07\/09\/tiene-leon-un-indice-de-analfabetismo-del-2-9\/#primaryimage"},"thumbnailUrl":"https:\/\/kuali.com.mx\/web\/wp-content\/uploads\/2025\/07\/INAEBA-ALEJANDRA-scaled.jpg","datePublished":"2025-07-09T20:01:00+00:00","dateModified":"2025-07-10T13:08:29+00:00","author":{"@id":"https:\/\/kuali.com.mx\/web\/#\/schema\/person\/6f89ffa8ecba9dae50662357923c5289"},"breadcrumb":{"@id":"https:\/\/kuali.com.mx\/web\/2025\/07\/09\/tiene-leon-un-indice-de-analfabetismo-del-2-9\/#breadcrumb"},"inLanguage":"es","potentialAction":[{"@type":"ReadAction","target":["https:\/\/kuali.com.mx\/web\/2025\/07\/09\/tiene-leon-un-indice-de-analfabetismo-del-2-9\/"]}]},{"@type":"ImageObject","inLanguage":"es","@id":"https:\/\/kuali.com.mx\/web\/2025\/07\/09\/tiene-leon-un-indice-de-analfabetismo-del-2-9\/#primaryimage","url":"https:\/\/kuali.com.mx\/web\/wp-content\/uploads\/2025\/07\/INAEBA-ALEJANDRA-scaled.jpg","contentUrl":"https:\/\/kuali.com.mx\/web\/wp-content\/uploads\/2025\/07\/INAEBA-ALEJANDRA-scaled.jpg","width":2560,"height":1769},{"@type":"BreadcrumbList","@id":"https:\/\/kuali.com.mx\/web\/2025\/07\/09\/tiene-leon-un-indice-de-analfabetismo-del-2-9\/#breadcrumb","itemListElement":[{"@type":"ListItem","position":1,"name":"Inicio","item":"https:\/\/kuali.com.mx\/web\/"},{"@type":"ListItem","position":2,"name":"TIENE LE\u00d3N UN \u00cdNDICE DE ANALFABETISMO DEL 2.9%"}]},{"@type":"WebSite","@id":"https:\/\/kuali.com.mx\/web\/#website","url":"https:\/\/kuali.com.mx\/web\/","name":"Kuali","description":"","potentialAction":[{"@type":"SearchAction","target":{"@type":"EntryPoint","urlTemplate":"https:\/\/kuali.com.mx\/web\/?s={search_term_string}"},"query-input":{"@type":"PropertyValueSpecification","valueRequired":true,"valueName":"search_term_string"}}],"inLanguage":"es"},{"@type":"Person","@id":"https:\/\/kuali.com.mx\/web\/#\/schema\/person\/6f89ffa8ecba9dae50662357923c5289","name":"Kuali Staff","image":{"@type":"ImageObject","inLanguage":"es","@id":"https:\/\/secure.gravatar.com\/avatar\/f917ad82e5ab71227a733c78b6e60715476f69ee6be59feee4eb5d9920c89e0f?s=96&d=mm&r=g","url":"https:\/\/secure.gravatar.com\/avatar\/f917ad82e5ab71227a733c78b6e60715476f69ee6be59feee4eb5d9920c89e0f?s=96&d=mm&r=g","contentUrl":"https:\/\/secure.gravatar.com\/avatar\/f917ad82e5ab71227a733c78b6e60715476f69ee6be59feee4eb5d9920c89e0f?s=96&d=mm&r=g","caption":"Kuali Staff"},"url":"https:\/\/kuali.com.mx\/web\/author\/lagarto\/"}]}},"_links":{"self":[{"href":"https:\/\/kuali.com.mx\/web\/wp-json\/wp\/v2\/posts\/179948","targetHints":{"allow":["GET"]}}],"collection":[{"href":"https:\/\/kuali.com.mx\/web\/wp-json\/wp\/v2\/posts"}],"about":[{"href":"https:\/\/kuali.com.mx\/web\/wp-json\/wp\/v2\/types\/post"}],"author":[{"embeddable":true,"href":"https:\/\/kuali.com.mx\/web\/wp-json\/wp\/v2\/users\/2"}],"replies":[{"embeddable":true,"href":"https:\/\/kuali.com.mx\/web\/wp-json\/wp\/v2\/comments?post=179948"}],"version-history":[{"count":2,"href":"https:\/\/kuali.com.mx\/web\/wp-json\/wp\/v2\/posts\/179948\/revisions"}],"predecessor-version":[{"id":179999,"href":"https:\/\/kuali.com.mx\/web\/wp-json\/wp\/v2\/posts\/179948\/revisions\/179999"}],"wp:featuredmedia":[{"embeddable":true,"href":"https:\/\/kuali.com.mx\/web\/wp-json\/wp\/v2\/media\/179951"}],"wp:attachment":[{"href":"https:\/\/kuali.com.mx\/web\/wp-json\/wp\/v2\/media?parent=179948"}],"wp:term":[{"taxonomy":"category","embeddable":true,"href":"https:\/\/kuali.com.mx\/web\/wp-json\/wp\/v2\/categories?post=179948"},{"taxonomy":"post_tag","embeddable":true,"href":"https:\/\/kuali.com.mx\/web\/wp-json\/wp\/v2\/tags?post=179948"}],"curies":[{"name":"wp","href":"https:\/\/api.w.org\/{rel}","templated":true}]}}