{"id":179897,"date":"2025-07-09T13:21:32","date_gmt":"2025-07-09T19:21:32","guid":{"rendered":"https:\/\/kuali.com.mx\/web\/?p=179897"},"modified":"2025-07-09T13:21:34","modified_gmt":"2025-07-09T19:21:34","slug":"ana-martin-recibira-la-cruz-de-plata-giff-en-irapuato","status":"publish","type":"post","link":"https:\/\/kuali.com.mx\/web\/2025\/07\/09\/ana-martin-recibira-la-cruz-de-plata-giff-en-irapuato\/","title":{"rendered":"ANA MART\u00cdN RECIBIR\u00c1 LA CRUZ DE PLATA GIFF EN IRAPUATO"},"content":{"rendered":"\n<p><em><strong>Kuali\/Irapuato,Gto<\/strong><\/em>.-En el marco del Guanajuato International Film Festival (GIFF) en su edici\u00f3n n\u00famero 28, Irapuato se consolida como uno de los tres escenarios principales de esta gran fiesta del cine.<\/p>\n\n\n\n<p>El festival iniciar\u00e1 en nuestra ciudad el viernes 1 de agosto, con un homenaje nacional a la reconocida actriz Ana Mart\u00edn, quien recibir\u00e1 el galard\u00f3n de plata \u201cM\u00e1s Cine\u201d, as\u00ed como la medalla de plata de la Filmoteca de la UNAM, en reconocimiento a su destacada trayectoria en el cine mexicano.<\/p>\n\n\n\n<figure class=\"wp-block-image size-large\"><img loading=\"lazy\" decoding=\"async\" width=\"1024\" height=\"576\" src=\"https:\/\/kuali.com.mx\/web\/wp-content\/uploads\/2025\/07\/ANA-MARTIN-2-1024x576.jpg\" alt=\"\" class=\"wp-image-179900\" srcset=\"https:\/\/kuali.com.mx\/web\/wp-content\/uploads\/2025\/07\/ANA-MARTIN-2-1024x576.jpg 1024w, https:\/\/kuali.com.mx\/web\/wp-content\/uploads\/2025\/07\/ANA-MARTIN-2-300x169.jpg 300w, https:\/\/kuali.com.mx\/web\/wp-content\/uploads\/2025\/07\/ANA-MARTIN-2-768x432.jpg 768w, https:\/\/kuali.com.mx\/web\/wp-content\/uploads\/2025\/07\/ANA-MARTIN-2-1536x864.jpg 1536w, https:\/\/kuali.com.mx\/web\/wp-content\/uploads\/2025\/07\/ANA-MARTIN-2-730x410.jpg 730w, https:\/\/kuali.com.mx\/web\/wp-content\/uploads\/2025\/07\/ANA-MARTIN-2-206x116.jpg 206w, https:\/\/kuali.com.mx\/web\/wp-content\/uploads\/2025\/07\/ANA-MARTIN-2.jpg 1750w\" sizes=\"auto, (max-width: 1024px) 100vw, 1024px\" \/><\/figure>\n\n\n\n<p>La alcaldesa Lorena Alfaro Garc\u00eda, a trav\u00e9s del Instituto Municipal de Cultura, Arte y Recreaci\u00f3n (IMCAR), invita a la poblaci\u00f3n a disfrutar de cortometrajes, talleres, charlas y, sobre todo, de mucho cine nacional e internacional.<\/p>\n\n\n\n<p>El s\u00e1bado 2 de agosto, las actividades comenzar\u00e1n a las 12:00 horas con una conferencia magistral de Ana Mart\u00edn. Por la tarde se realizar\u00e1 una proyecci\u00f3n y el Rally Universitario, ambos en el Teatro de la Ciudad.<\/p>\n\n\n\n<p>El domingo 3 de agosto se llevar\u00e1 a cabo la alfombra roja de premiaci\u00f3n y clausura en el mismo recinto.<\/p>\n","protected":false},"excerpt":{"rendered":"Kuali\/Irapuato,Gto.-En el marco del Guanajuato International Film Festival (GIFF) en su edici\u00f3n n\u00famero 28, Irapuato se consolida como uno de los tres escenarios principales de esta gran fiesta del cine. El festival iniciar\u00e1 en nuestra ciudad el viernes 1 de agosto, con un homenaje nacional a la reconocida actriz Ana Mart\u00edn, quien recibir\u00e1 el galard\u00f3n [&hellip;]","protected":false},"author":2,"featured_media":179899,"comment_status":"open","ping_status":"open","sticky":false,"template":"","format":"standard","meta":{"_seopress_robots_primary_cat":"none","_seopress_titles_title":"","_seopress_titles_desc":"","_seopress_robots_index":"","_monsterinsights_skip_tracking":false,"_monsterinsights_sitenote_active":false,"_monsterinsights_sitenote_note":"","_monsterinsights_sitenote_category":0,"footnotes":""},"categories":[18],"tags":[],"class_list":["post-179897","post","type-post","status-publish","format-standard","has-post-thumbnail","hentry","category-espectaculos-2"],"yoast_head":"<!-- This site is optimized with the Yoast SEO plugin v27.5 - https:\/\/yoast.com\/product\/yoast-seo-wordpress\/ -->\n<title>ANA MART\u00cdN RECIBIR\u00c1 LA CRUZ DE PLATA GIFF EN IRAPUATO - Kuali<\/title>\n<meta name=\"robots\" content=\"index, follow, max-snippet:-1, max-image-preview:large, max-video-preview:-1\" \/>\n<link rel=\"canonical\" href=\"https:\/\/kuali.com.mx\/web\/2025\/07\/09\/ana-martin-recibira-la-cruz-de-plata-giff-en-irapuato\/\" \/>\n<meta property=\"og:locale\" content=\"es_MX\" \/>\n<meta property=\"og:type\" content=\"article\" \/>\n<meta property=\"og:title\" content=\"ANA MART\u00cdN RECIBIR\u00c1 LA CRUZ DE PLATA GIFF EN IRAPUATO - Kuali\" \/>\n<meta property=\"og:description\" content=\"Kuali\/Irapuato,Gto.-En el marco del Guanajuato International Film Festival (GIFF) en su edici\u00f3n n\u00famero 28, Irapuato se consolida como uno de los tres escenarios principales de esta gran fiesta del cine. El festival iniciar\u00e1 en nuestra ciudad el viernes 1 de agosto, con un homenaje nacional a la reconocida actriz Ana Mart\u00edn, quien recibir\u00e1 el galard\u00f3n [&hellip;]\" \/>\n<meta property=\"og:url\" content=\"https:\/\/kuali.com.mx\/web\/2025\/07\/09\/ana-martin-recibira-la-cruz-de-plata-giff-en-irapuato\/\" \/>\n<meta property=\"og:site_name\" content=\"Kuali\" \/>\n<meta property=\"article:publisher\" content=\"https:\/\/kuali.com.mx\/web\/wp-content\/uploads\/2018\/04\/cropped-kuali_logo-1-1.png\" \/>\n<meta property=\"article:published_time\" content=\"2025-07-09T19:21:32+00:00\" \/>\n<meta property=\"article:modified_time\" content=\"2025-07-09T19:21:34+00:00\" \/>\n<meta property=\"og:image\" content=\"https:\/\/kuali.com.mx\/web\/wp-content\/uploads\/2025\/07\/ANA-MARTIN-.jpg\" \/>\n\t<meta property=\"og:image:width\" content=\"1750\" \/>\n\t<meta property=\"og:image:height\" content=\"872\" \/>\n\t<meta property=\"og:image:type\" content=\"image\/jpeg\" \/>\n<meta name=\"author\" content=\"Kuali Staff\" \/>\n<meta name=\"twitter:card\" content=\"summary_large_image\" \/>\n<meta name=\"twitter:creator\" content=\"@kuali_noticias\" \/>\n<meta name=\"twitter:site\" content=\"@kuali_noticias\" \/>\n<meta name=\"twitter:label1\" content=\"Escrito por\" \/>\n\t<meta name=\"twitter:data1\" content=\"Kuali Staff\" \/>\n\t<meta name=\"twitter:label2\" content=\"Tiempo de lectura\" \/>\n\t<meta name=\"twitter:data2\" content=\"1 minuto\" \/>\n<script type=\"application\/ld+json\" class=\"yoast-schema-graph\">{\"@context\":\"https:\\\/\\\/schema.org\",\"@graph\":[{\"@type\":\"Article\",\"@id\":\"https:\\\/\\\/kuali.com.mx\\\/web\\\/2025\\\/07\\\/09\\\/ana-martin-recibira-la-cruz-de-plata-giff-en-irapuato\\\/#article\",\"isPartOf\":{\"@id\":\"https:\\\/\\\/kuali.com.mx\\\/web\\\/2025\\\/07\\\/09\\\/ana-martin-recibira-la-cruz-de-plata-giff-en-irapuato\\\/\"},\"author\":{\"name\":\"Kuali Staff\",\"@id\":\"https:\\\/\\\/kuali.com.mx\\\/web\\\/#\\\/schema\\\/person\\\/6f89ffa8ecba9dae50662357923c5289\"},\"headline\":\"ANA MART\u00cdN RECIBIR\u00c1 LA CRUZ DE PLATA GIFF EN IRAPUATO\",\"datePublished\":\"2025-07-09T19:21:32+00:00\",\"dateModified\":\"2025-07-09T19:21:34+00:00\",\"mainEntityOfPage\":{\"@id\":\"https:\\\/\\\/kuali.com.mx\\\/web\\\/2025\\\/07\\\/09\\\/ana-martin-recibira-la-cruz-de-plata-giff-en-irapuato\\\/\"},\"wordCount\":196,\"commentCount\":0,\"image\":{\"@id\":\"https:\\\/\\\/kuali.com.mx\\\/web\\\/2025\\\/07\\\/09\\\/ana-martin-recibira-la-cruz-de-plata-giff-en-irapuato\\\/#primaryimage\"},\"thumbnailUrl\":\"https:\\\/\\\/kuali.com.mx\\\/web\\\/wp-content\\\/uploads\\\/2025\\\/07\\\/ANA-MARTIN-.jpg\",\"articleSection\":[\"Espect\u00e1culos\"],\"inLanguage\":\"es\",\"potentialAction\":[{\"@type\":\"CommentAction\",\"name\":\"Comment\",\"target\":[\"https:\\\/\\\/kuali.com.mx\\\/web\\\/2025\\\/07\\\/09\\\/ana-martin-recibira-la-cruz-de-plata-giff-en-irapuato\\\/#respond\"]}]},{\"@type\":\"WebPage\",\"@id\":\"https:\\\/\\\/kuali.com.mx\\\/web\\\/2025\\\/07\\\/09\\\/ana-martin-recibira-la-cruz-de-plata-giff-en-irapuato\\\/\",\"url\":\"https:\\\/\\\/kuali.com.mx\\\/web\\\/2025\\\/07\\\/09\\\/ana-martin-recibira-la-cruz-de-plata-giff-en-irapuato\\\/\",\"name\":\"ANA MART\u00cdN RECIBIR\u00c1 LA CRUZ DE PLATA GIFF EN IRAPUATO - Kuali\",\"isPartOf\":{\"@id\":\"https:\\\/\\\/kuali.com.mx\\\/web\\\/#website\"},\"primaryImageOfPage\":{\"@id\":\"https:\\\/\\\/kuali.com.mx\\\/web\\\/2025\\\/07\\\/09\\\/ana-martin-recibira-la-cruz-de-plata-giff-en-irapuato\\\/#primaryimage\"},\"image\":{\"@id\":\"https:\\\/\\\/kuali.com.mx\\\/web\\\/2025\\\/07\\\/09\\\/ana-martin-recibira-la-cruz-de-plata-giff-en-irapuato\\\/#primaryimage\"},\"thumbnailUrl\":\"https:\\\/\\\/kuali.com.mx\\\/web\\\/wp-content\\\/uploads\\\/2025\\\/07\\\/ANA-MARTIN-.jpg\",\"datePublished\":\"2025-07-09T19:21:32+00:00\",\"dateModified\":\"2025-07-09T19:21:34+00:00\",\"author\":{\"@id\":\"https:\\\/\\\/kuali.com.mx\\\/web\\\/#\\\/schema\\\/person\\\/6f89ffa8ecba9dae50662357923c5289\"},\"breadcrumb\":{\"@id\":\"https:\\\/\\\/kuali.com.mx\\\/web\\\/2025\\\/07\\\/09\\\/ana-martin-recibira-la-cruz-de-plata-giff-en-irapuato\\\/#breadcrumb\"},\"inLanguage\":\"es\",\"potentialAction\":[{\"@type\":\"ReadAction\",\"target\":[\"https:\\\/\\\/kuali.com.mx\\\/web\\\/2025\\\/07\\\/09\\\/ana-martin-recibira-la-cruz-de-plata-giff-en-irapuato\\\/\"]}]},{\"@type\":\"ImageObject\",\"inLanguage\":\"es\",\"@id\":\"https:\\\/\\\/kuali.com.mx\\\/web\\\/2025\\\/07\\\/09\\\/ana-martin-recibira-la-cruz-de-plata-giff-en-irapuato\\\/#primaryimage\",\"url\":\"https:\\\/\\\/kuali.com.mx\\\/web\\\/wp-content\\\/uploads\\\/2025\\\/07\\\/ANA-MARTIN-.jpg\",\"contentUrl\":\"https:\\\/\\\/kuali.com.mx\\\/web\\\/wp-content\\\/uploads\\\/2025\\\/07\\\/ANA-MARTIN-.jpg\",\"width\":1750,\"height\":872},{\"@type\":\"BreadcrumbList\",\"@id\":\"https:\\\/\\\/kuali.com.mx\\\/web\\\/2025\\\/07\\\/09\\\/ana-martin-recibira-la-cruz-de-plata-giff-en-irapuato\\\/#breadcrumb\",\"itemListElement\":[{\"@type\":\"ListItem\",\"position\":1,\"name\":\"Inicio\",\"item\":\"https:\\\/\\\/kuali.com.mx\\\/web\\\/\"},{\"@type\":\"ListItem\",\"position\":2,\"name\":\"ANA MART\u00cdN RECIBIR\u00c1 LA CRUZ DE PLATA GIFF EN IRAPUATO\"}]},{\"@type\":\"WebSite\",\"@id\":\"https:\\\/\\\/kuali.com.mx\\\/web\\\/#website\",\"url\":\"https:\\\/\\\/kuali.com.mx\\\/web\\\/\",\"name\":\"Kuali\",\"description\":\"\",\"potentialAction\":[{\"@type\":\"SearchAction\",\"target\":{\"@type\":\"EntryPoint\",\"urlTemplate\":\"https:\\\/\\\/kuali.com.mx\\\/web\\\/?s={search_term_string}\"},\"query-input\":{\"@type\":\"PropertyValueSpecification\",\"valueRequired\":true,\"valueName\":\"search_term_string\"}}],\"inLanguage\":\"es\"},{\"@type\":\"Person\",\"@id\":\"https:\\\/\\\/kuali.com.mx\\\/web\\\/#\\\/schema\\\/person\\\/6f89ffa8ecba9dae50662357923c5289\",\"name\":\"Kuali Staff\",\"image\":{\"@type\":\"ImageObject\",\"inLanguage\":\"es\",\"@id\":\"https:\\\/\\\/secure.gravatar.com\\\/avatar\\\/f917ad82e5ab71227a733c78b6e60715476f69ee6be59feee4eb5d9920c89e0f?s=96&d=mm&r=g\",\"url\":\"https:\\\/\\\/secure.gravatar.com\\\/avatar\\\/f917ad82e5ab71227a733c78b6e60715476f69ee6be59feee4eb5d9920c89e0f?s=96&d=mm&r=g\",\"contentUrl\":\"https:\\\/\\\/secure.gravatar.com\\\/avatar\\\/f917ad82e5ab71227a733c78b6e60715476f69ee6be59feee4eb5d9920c89e0f?s=96&d=mm&r=g\",\"caption\":\"Kuali Staff\"},\"url\":\"https:\\\/\\\/kuali.com.mx\\\/web\\\/author\\\/lagarto\\\/\"}]}<\/script>\n<!-- \/ Yoast SEO plugin. -->","yoast_head_json":{"title":"ANA MART\u00cdN RECIBIR\u00c1 LA CRUZ DE PLATA GIFF EN IRAPUATO - Kuali","robots":{"index":"index","follow":"follow","max-snippet":"max-snippet:-1","max-image-preview":"max-image-preview:large","max-video-preview":"max-video-preview:-1"},"canonical":"https:\/\/kuali.com.mx\/web\/2025\/07\/09\/ana-martin-recibira-la-cruz-de-plata-giff-en-irapuato\/","og_locale":"es_MX","og_type":"article","og_title":"ANA MART\u00cdN RECIBIR\u00c1 LA CRUZ DE PLATA GIFF EN IRAPUATO - Kuali","og_description":"Kuali\/Irapuato,Gto.-En el marco del Guanajuato International Film Festival (GIFF) en su edici\u00f3n n\u00famero 28, Irapuato se consolida como uno de los tres escenarios principales de esta gran fiesta del cine. El festival iniciar\u00e1 en nuestra ciudad el viernes 1 de agosto, con un homenaje nacional a la reconocida actriz Ana Mart\u00edn, quien recibir\u00e1 el galard\u00f3n [&hellip;]","og_url":"https:\/\/kuali.com.mx\/web\/2025\/07\/09\/ana-martin-recibira-la-cruz-de-plata-giff-en-irapuato\/","og_site_name":"Kuali","article_publisher":"https:\/\/kuali.com.mx\/web\/wp-content\/uploads\/2018\/04\/cropped-kuali_logo-1-1.png","article_published_time":"2025-07-09T19:21:32+00:00","article_modified_time":"2025-07-09T19:21:34+00:00","og_image":[{"width":1750,"height":872,"url":"https:\/\/kuali.com.mx\/web\/wp-content\/uploads\/2025\/07\/ANA-MARTIN-.jpg","type":"image\/jpeg"}],"author":"Kuali Staff","twitter_card":"summary_large_image","twitter_creator":"@kuali_noticias","twitter_site":"@kuali_noticias","twitter_misc":{"Escrito por":"Kuali Staff","Tiempo de lectura":"1 minuto"},"schema":{"@context":"https:\/\/schema.org","@graph":[{"@type":"Article","@id":"https:\/\/kuali.com.mx\/web\/2025\/07\/09\/ana-martin-recibira-la-cruz-de-plata-giff-en-irapuato\/#article","isPartOf":{"@id":"https:\/\/kuali.com.mx\/web\/2025\/07\/09\/ana-martin-recibira-la-cruz-de-plata-giff-en-irapuato\/"},"author":{"name":"Kuali Staff","@id":"https:\/\/kuali.com.mx\/web\/#\/schema\/person\/6f89ffa8ecba9dae50662357923c5289"},"headline":"ANA MART\u00cdN RECIBIR\u00c1 LA CRUZ DE PLATA GIFF EN IRAPUATO","datePublished":"2025-07-09T19:21:32+00:00","dateModified":"2025-07-09T19:21:34+00:00","mainEntityOfPage":{"@id":"https:\/\/kuali.com.mx\/web\/2025\/07\/09\/ana-martin-recibira-la-cruz-de-plata-giff-en-irapuato\/"},"wordCount":196,"commentCount":0,"image":{"@id":"https:\/\/kuali.com.mx\/web\/2025\/07\/09\/ana-martin-recibira-la-cruz-de-plata-giff-en-irapuato\/#primaryimage"},"thumbnailUrl":"https:\/\/kuali.com.mx\/web\/wp-content\/uploads\/2025\/07\/ANA-MARTIN-.jpg","articleSection":["Espect\u00e1culos"],"inLanguage":"es","potentialAction":[{"@type":"CommentAction","name":"Comment","target":["https:\/\/kuali.com.mx\/web\/2025\/07\/09\/ana-martin-recibira-la-cruz-de-plata-giff-en-irapuato\/#respond"]}]},{"@type":"WebPage","@id":"https:\/\/kuali.com.mx\/web\/2025\/07\/09\/ana-martin-recibira-la-cruz-de-plata-giff-en-irapuato\/","url":"https:\/\/kuali.com.mx\/web\/2025\/07\/09\/ana-martin-recibira-la-cruz-de-plata-giff-en-irapuato\/","name":"ANA MART\u00cdN RECIBIR\u00c1 LA CRUZ DE PLATA GIFF EN IRAPUATO - Kuali","isPartOf":{"@id":"https:\/\/kuali.com.mx\/web\/#website"},"primaryImageOfPage":{"@id":"https:\/\/kuali.com.mx\/web\/2025\/07\/09\/ana-martin-recibira-la-cruz-de-plata-giff-en-irapuato\/#primaryimage"},"image":{"@id":"https:\/\/kuali.com.mx\/web\/2025\/07\/09\/ana-martin-recibira-la-cruz-de-plata-giff-en-irapuato\/#primaryimage"},"thumbnailUrl":"https:\/\/kuali.com.mx\/web\/wp-content\/uploads\/2025\/07\/ANA-MARTIN-.jpg","datePublished":"2025-07-09T19:21:32+00:00","dateModified":"2025-07-09T19:21:34+00:00","author":{"@id":"https:\/\/kuali.com.mx\/web\/#\/schema\/person\/6f89ffa8ecba9dae50662357923c5289"},"breadcrumb":{"@id":"https:\/\/kuali.com.mx\/web\/2025\/07\/09\/ana-martin-recibira-la-cruz-de-plata-giff-en-irapuato\/#breadcrumb"},"inLanguage":"es","potentialAction":[{"@type":"ReadAction","target":["https:\/\/kuali.com.mx\/web\/2025\/07\/09\/ana-martin-recibira-la-cruz-de-plata-giff-en-irapuato\/"]}]},{"@type":"ImageObject","inLanguage":"es","@id":"https:\/\/kuali.com.mx\/web\/2025\/07\/09\/ana-martin-recibira-la-cruz-de-plata-giff-en-irapuato\/#primaryimage","url":"https:\/\/kuali.com.mx\/web\/wp-content\/uploads\/2025\/07\/ANA-MARTIN-.jpg","contentUrl":"https:\/\/kuali.com.mx\/web\/wp-content\/uploads\/2025\/07\/ANA-MARTIN-.jpg","width":1750,"height":872},{"@type":"BreadcrumbList","@id":"https:\/\/kuali.com.mx\/web\/2025\/07\/09\/ana-martin-recibira-la-cruz-de-plata-giff-en-irapuato\/#breadcrumb","itemListElement":[{"@type":"ListItem","position":1,"name":"Inicio","item":"https:\/\/kuali.com.mx\/web\/"},{"@type":"ListItem","position":2,"name":"ANA MART\u00cdN RECIBIR\u00c1 LA CRUZ DE PLATA GIFF EN IRAPUATO"}]},{"@type":"WebSite","@id":"https:\/\/kuali.com.mx\/web\/#website","url":"https:\/\/kuali.com.mx\/web\/","name":"Kuali","description":"","potentialAction":[{"@type":"SearchAction","target":{"@type":"EntryPoint","urlTemplate":"https:\/\/kuali.com.mx\/web\/?s={search_term_string}"},"query-input":{"@type":"PropertyValueSpecification","valueRequired":true,"valueName":"search_term_string"}}],"inLanguage":"es"},{"@type":"Person","@id":"https:\/\/kuali.com.mx\/web\/#\/schema\/person\/6f89ffa8ecba9dae50662357923c5289","name":"Kuali Staff","image":{"@type":"ImageObject","inLanguage":"es","@id":"https:\/\/secure.gravatar.com\/avatar\/f917ad82e5ab71227a733c78b6e60715476f69ee6be59feee4eb5d9920c89e0f?s=96&d=mm&r=g","url":"https:\/\/secure.gravatar.com\/avatar\/f917ad82e5ab71227a733c78b6e60715476f69ee6be59feee4eb5d9920c89e0f?s=96&d=mm&r=g","contentUrl":"https:\/\/secure.gravatar.com\/avatar\/f917ad82e5ab71227a733c78b6e60715476f69ee6be59feee4eb5d9920c89e0f?s=96&d=mm&r=g","caption":"Kuali Staff"},"url":"https:\/\/kuali.com.mx\/web\/author\/lagarto\/"}]}},"_links":{"self":[{"href":"https:\/\/kuali.com.mx\/web\/wp-json\/wp\/v2\/posts\/179897","targetHints":{"allow":["GET"]}}],"collection":[{"href":"https:\/\/kuali.com.mx\/web\/wp-json\/wp\/v2\/posts"}],"about":[{"href":"https:\/\/kuali.com.mx\/web\/wp-json\/wp\/v2\/types\/post"}],"author":[{"embeddable":true,"href":"https:\/\/kuali.com.mx\/web\/wp-json\/wp\/v2\/users\/2"}],"replies":[{"embeddable":true,"href":"https:\/\/kuali.com.mx\/web\/wp-json\/wp\/v2\/comments?post=179897"}],"version-history":[{"count":1,"href":"https:\/\/kuali.com.mx\/web\/wp-json\/wp\/v2\/posts\/179897\/revisions"}],"predecessor-version":[{"id":179901,"href":"https:\/\/kuali.com.mx\/web\/wp-json\/wp\/v2\/posts\/179897\/revisions\/179901"}],"wp:featuredmedia":[{"embeddable":true,"href":"https:\/\/kuali.com.mx\/web\/wp-json\/wp\/v2\/media\/179899"}],"wp:attachment":[{"href":"https:\/\/kuali.com.mx\/web\/wp-json\/wp\/v2\/media?parent=179897"}],"wp:term":[{"taxonomy":"category","embeddable":true,"href":"https:\/\/kuali.com.mx\/web\/wp-json\/wp\/v2\/categories?post=179897"},{"taxonomy":"post_tag","embeddable":true,"href":"https:\/\/kuali.com.mx\/web\/wp-json\/wp\/v2\/tags?post=179897"}],"curies":[{"name":"wp","href":"https:\/\/api.w.org\/{rel}","templated":true}]}}