{"id":179634,"date":"2025-07-05T11:35:00","date_gmt":"2025-07-05T17:35:00","guid":{"rendered":"https:\/\/kuali.com.mx\/web\/?p=179634"},"modified":"2025-07-05T13:39:28","modified_gmt":"2025-07-05T19:39:28","slug":"sentencian-a-salmantino-a-casi-30-anos-de-prision","status":"publish","type":"post","link":"https:\/\/kuali.com.mx\/web\/2025\/07\/05\/sentencian-a-salmantino-a-casi-30-anos-de-prision\/","title":{"rendered":"SENTENCIAN A SALMANTINO A CASI 30 A\u00d1OS DE PRISI\u00d3N"},"content":{"rendered":"\n<p><strong><em>Kuali\/Salamanca, Gto.- <\/em><\/strong>\u00c1ngel Esa\u00fa, \u201cel chifu\u201d, fue sentenciado a casi 30 a\u00f1os de prisi\u00f3n por el asesinato de una persona y el robo de una motocicleta en la colonia Las Misiones, en Salamanca.<\/p>\n\n\n\n<p> Este resultado deriv\u00f3 de una investigaci\u00f3n realizada por la Unidad Especializada en Investigaci\u00f3n de Homicidios de la regi\u00f3n B, la cual despleg\u00f3 acciones el mismo d\u00eda de los hechos, el 22 de junio de 2023, tras la recepci\u00f3n de la noticia criminal.<\/p>\n\n\n\n<p>Ese d\u00eda, pasada la una de la tarde, la v\u00edctima se encontraba en el interior de un domicilio ubicado sobre la calle Circuito San Jos\u00e9, en el Fraccionamiento Misiones de Salamanca, cuando \u201del chifu\u201d irrumpi\u00f3 en la casa y le dispar\u00f3 al ofendido, provoc\u00e1ndole heridas que le causaron la muerte. <\/p>\n\n\n\n<p>Tras consumar el ataque, el agresor se apoder\u00f3 de una motocicleta y huy\u00f3 del lugar.<\/p>\n\n\n\n<p>Personal de la agencia de Investigaci\u00f3n Criminal acudieron a procesar la escena; los peritos fijaron y embalaron diversos indicios, principalmente casquillos percutidos, mismos que fueron enviados al laboratorio de bal\u00edstica para su an\u00e1lisis. Estos dict\u00e1menes fueron determinantes a la hora del juicio. <\/p>\n\n\n\n<p>Asimismo, agentes investigadores recabaron testimonios que se encuentran integrados en la carpeta correspondiente.<\/p>\n\n\n\n<p>Gracias a la documentaci\u00f3n y exposici\u00f3n de las pruebas, se solicit\u00f3 al juez una orden de aprehensi\u00f3n en contra de \u201cel chifu\u201d, detenido por agentes ministeriales, lo que permiti\u00f3 llevarlo ante un Juez de Control y<br>que fuera vinculado a proceso penal por los delitos de homicidio calificado y robo calificado.<\/p>\n\n\n\n<p>Durante el proceso judicial, se llevaron a cabo varias audiencias, entre ellas los alegatos de apertura y los alegatos de clausura. <\/p>\n\n\n\n<p>Finalmente, en fecha reciente, se emiti\u00f3 un fallo condenatorio, mismo que fue confirmado en la audiencia de individualizaci\u00f3n de sanciones donde se dict\u00f3 una pena de 27 a\u00f1os de prisi\u00f3n por el delito de homicidio calificado y 2 a\u00f1os 11 meses m\u00e1s por el robo calificado, sumando un total de 29 a\u00f1os 11 meses de prisi\u00f3n para el acusado.<\/p>\n\n\n\n<p>Adem\u00e1s de la condena de c\u00e1rcel, el juez impuso el pago de una multa y el pago de la indemnizaci\u00f3n por muerte. Tambi\u00e9n se orden\u00f3 el pago de los gastos funerarios y el valor comercial de la motocicleta robada. Se negaron beneficios y se suspendieron los derechos pol\u00edticos del acusado por un periodo igual a los a\u00f1os que estar\u00e1 tras las rejas.<\/p>\n","protected":false},"excerpt":{"rendered":"Kuali\/Salamanca, Gto.- \u00c1ngel Esa\u00fa, \u201cel chifu\u201d, fue sentenciado a casi 30 a\u00f1os de prisi\u00f3n por el asesinato de una persona y el robo de una motocicleta en la colonia Las Misiones, en Salamanca. Este resultado deriv\u00f3 de una investigaci\u00f3n realizada por la Unidad Especializada en Investigaci\u00f3n de Homicidios de la regi\u00f3n B, la cual despleg\u00f3 [&hellip;]","protected":false},"author":2,"featured_media":179637,"comment_status":"open","ping_status":"open","sticky":false,"template":"","format":"standard","meta":{"_seopress_robots_primary_cat":"none","_seopress_titles_title":"","_seopress_titles_desc":"","_seopress_robots_index":"","_monsterinsights_skip_tracking":false,"_monsterinsights_sitenote_active":false,"_monsterinsights_sitenote_note":"","_monsterinsights_sitenote_category":0,"footnotes":""},"categories":[3],"tags":[],"class_list":["post-179634","post","type-post","status-publish","format-standard","has-post-thumbnail","hentry","category-politica"],"yoast_head":"<!-- This site is optimized with the Yoast SEO plugin v27.4 - https:\/\/yoast.com\/product\/yoast-seo-wordpress\/ -->\n<title>SENTENCIAN A SALMANTINO A CASI 30 A\u00d1OS DE PRISI\u00d3N - Kuali<\/title>\n<meta name=\"robots\" content=\"index, follow, max-snippet:-1, max-image-preview:large, max-video-preview:-1\" \/>\n<link rel=\"canonical\" href=\"https:\/\/kuali.com.mx\/web\/2025\/07\/05\/sentencian-a-salmantino-a-casi-30-anos-de-prision\/\" \/>\n<meta property=\"og:locale\" content=\"es_MX\" \/>\n<meta property=\"og:type\" content=\"article\" \/>\n<meta property=\"og:title\" content=\"SENTENCIAN A SALMANTINO A CASI 30 A\u00d1OS DE PRISI\u00d3N - Kuali\" \/>\n<meta property=\"og:description\" content=\"Kuali\/Salamanca, Gto.- \u00c1ngel Esa\u00fa, \u201cel chifu\u201d, fue sentenciado a casi 30 a\u00f1os de prisi\u00f3n por el asesinato de una persona y el robo de una motocicleta en la colonia Las Misiones, en Salamanca. Este resultado deriv\u00f3 de una investigaci\u00f3n realizada por la Unidad Especializada en Investigaci\u00f3n de Homicidios de la regi\u00f3n B, la cual despleg\u00f3 [&hellip;]\" \/>\n<meta property=\"og:url\" content=\"https:\/\/kuali.com.mx\/web\/2025\/07\/05\/sentencian-a-salmantino-a-casi-30-anos-de-prision\/\" \/>\n<meta property=\"og:site_name\" content=\"Kuali\" \/>\n<meta property=\"article:publisher\" content=\"https:\/\/kuali.com.mx\/web\/wp-content\/uploads\/2018\/04\/cropped-kuali_logo-1-1.png\" \/>\n<meta property=\"article:published_time\" content=\"2025-07-05T17:35:00+00:00\" \/>\n<meta property=\"article:modified_time\" content=\"2025-07-05T19:39:28+00:00\" \/>\n<meta property=\"og:image\" content=\"https:\/\/kuali.com.mx\/web\/wp-content\/uploads\/2025\/07\/IMAGEN-FGE-420-2025.jpg\" \/>\n\t<meta property=\"og:image:width\" content=\"1289\" \/>\n\t<meta property=\"og:image:height\" content=\"1600\" \/>\n\t<meta property=\"og:image:type\" content=\"image\/jpeg\" \/>\n<meta name=\"author\" content=\"Kuali Staff\" \/>\n<meta name=\"twitter:card\" content=\"summary_large_image\" \/>\n<meta name=\"twitter:creator\" content=\"@kuali_noticias\" \/>\n<meta name=\"twitter:site\" content=\"@kuali_noticias\" \/>\n<meta name=\"twitter:label1\" content=\"Escrito por\" \/>\n\t<meta name=\"twitter:data1\" content=\"Kuali Staff\" \/>\n\t<meta name=\"twitter:label2\" content=\"Tiempo de lectura\" \/>\n\t<meta name=\"twitter:data2\" content=\"2 minutos\" \/>\n<script type=\"application\/ld+json\" class=\"yoast-schema-graph\">{\"@context\":\"https:\\\/\\\/schema.org\",\"@graph\":[{\"@type\":\"Article\",\"@id\":\"https:\\\/\\\/kuali.com.mx\\\/web\\\/2025\\\/07\\\/05\\\/sentencian-a-salmantino-a-casi-30-anos-de-prision\\\/#article\",\"isPartOf\":{\"@id\":\"https:\\\/\\\/kuali.com.mx\\\/web\\\/2025\\\/07\\\/05\\\/sentencian-a-salmantino-a-casi-30-anos-de-prision\\\/\"},\"author\":{\"name\":\"Kuali Staff\",\"@id\":\"https:\\\/\\\/kuali.com.mx\\\/web\\\/#\\\/schema\\\/person\\\/6f89ffa8ecba9dae50662357923c5289\"},\"headline\":\"SENTENCIAN A SALMANTINO A CASI 30 A\u00d1OS DE PRISI\u00d3N\",\"datePublished\":\"2025-07-05T17:35:00+00:00\",\"dateModified\":\"2025-07-05T19:39:28+00:00\",\"mainEntityOfPage\":{\"@id\":\"https:\\\/\\\/kuali.com.mx\\\/web\\\/2025\\\/07\\\/05\\\/sentencian-a-salmantino-a-casi-30-anos-de-prision\\\/\"},\"wordCount\":421,\"commentCount\":0,\"image\":{\"@id\":\"https:\\\/\\\/kuali.com.mx\\\/web\\\/2025\\\/07\\\/05\\\/sentencian-a-salmantino-a-casi-30-anos-de-prision\\\/#primaryimage\"},\"thumbnailUrl\":\"https:\\\/\\\/kuali.com.mx\\\/web\\\/wp-content\\\/uploads\\\/2025\\\/07\\\/IMAGEN-FGE-420-2025.jpg\",\"articleSection\":[\"Pol\u00edtica\"],\"inLanguage\":\"es\",\"potentialAction\":[{\"@type\":\"CommentAction\",\"name\":\"Comment\",\"target\":[\"https:\\\/\\\/kuali.com.mx\\\/web\\\/2025\\\/07\\\/05\\\/sentencian-a-salmantino-a-casi-30-anos-de-prision\\\/#respond\"]}]},{\"@type\":\"WebPage\",\"@id\":\"https:\\\/\\\/kuali.com.mx\\\/web\\\/2025\\\/07\\\/05\\\/sentencian-a-salmantino-a-casi-30-anos-de-prision\\\/\",\"url\":\"https:\\\/\\\/kuali.com.mx\\\/web\\\/2025\\\/07\\\/05\\\/sentencian-a-salmantino-a-casi-30-anos-de-prision\\\/\",\"name\":\"SENTENCIAN A SALMANTINO A CASI 30 A\u00d1OS DE PRISI\u00d3N - Kuali\",\"isPartOf\":{\"@id\":\"https:\\\/\\\/kuali.com.mx\\\/web\\\/#website\"},\"primaryImageOfPage\":{\"@id\":\"https:\\\/\\\/kuali.com.mx\\\/web\\\/2025\\\/07\\\/05\\\/sentencian-a-salmantino-a-casi-30-anos-de-prision\\\/#primaryimage\"},\"image\":{\"@id\":\"https:\\\/\\\/kuali.com.mx\\\/web\\\/2025\\\/07\\\/05\\\/sentencian-a-salmantino-a-casi-30-anos-de-prision\\\/#primaryimage\"},\"thumbnailUrl\":\"https:\\\/\\\/kuali.com.mx\\\/web\\\/wp-content\\\/uploads\\\/2025\\\/07\\\/IMAGEN-FGE-420-2025.jpg\",\"datePublished\":\"2025-07-05T17:35:00+00:00\",\"dateModified\":\"2025-07-05T19:39:28+00:00\",\"author\":{\"@id\":\"https:\\\/\\\/kuali.com.mx\\\/web\\\/#\\\/schema\\\/person\\\/6f89ffa8ecba9dae50662357923c5289\"},\"breadcrumb\":{\"@id\":\"https:\\\/\\\/kuali.com.mx\\\/web\\\/2025\\\/07\\\/05\\\/sentencian-a-salmantino-a-casi-30-anos-de-prision\\\/#breadcrumb\"},\"inLanguage\":\"es\",\"potentialAction\":[{\"@type\":\"ReadAction\",\"target\":[\"https:\\\/\\\/kuali.com.mx\\\/web\\\/2025\\\/07\\\/05\\\/sentencian-a-salmantino-a-casi-30-anos-de-prision\\\/\"]}]},{\"@type\":\"ImageObject\",\"inLanguage\":\"es\",\"@id\":\"https:\\\/\\\/kuali.com.mx\\\/web\\\/2025\\\/07\\\/05\\\/sentencian-a-salmantino-a-casi-30-anos-de-prision\\\/#primaryimage\",\"url\":\"https:\\\/\\\/kuali.com.mx\\\/web\\\/wp-content\\\/uploads\\\/2025\\\/07\\\/IMAGEN-FGE-420-2025.jpg\",\"contentUrl\":\"https:\\\/\\\/kuali.com.mx\\\/web\\\/wp-content\\\/uploads\\\/2025\\\/07\\\/IMAGEN-FGE-420-2025.jpg\",\"width\":1289,\"height\":1600},{\"@type\":\"BreadcrumbList\",\"@id\":\"https:\\\/\\\/kuali.com.mx\\\/web\\\/2025\\\/07\\\/05\\\/sentencian-a-salmantino-a-casi-30-anos-de-prision\\\/#breadcrumb\",\"itemListElement\":[{\"@type\":\"ListItem\",\"position\":1,\"name\":\"Inicio\",\"item\":\"https:\\\/\\\/kuali.com.mx\\\/web\\\/\"},{\"@type\":\"ListItem\",\"position\":2,\"name\":\"SENTENCIAN A SALMANTINO A CASI 30 A\u00d1OS DE PRISI\u00d3N\"}]},{\"@type\":\"WebSite\",\"@id\":\"https:\\\/\\\/kuali.com.mx\\\/web\\\/#website\",\"url\":\"https:\\\/\\\/kuali.com.mx\\\/web\\\/\",\"name\":\"Kuali\",\"description\":\"\",\"potentialAction\":[{\"@type\":\"SearchAction\",\"target\":{\"@type\":\"EntryPoint\",\"urlTemplate\":\"https:\\\/\\\/kuali.com.mx\\\/web\\\/?s={search_term_string}\"},\"query-input\":{\"@type\":\"PropertyValueSpecification\",\"valueRequired\":true,\"valueName\":\"search_term_string\"}}],\"inLanguage\":\"es\"},{\"@type\":\"Person\",\"@id\":\"https:\\\/\\\/kuali.com.mx\\\/web\\\/#\\\/schema\\\/person\\\/6f89ffa8ecba9dae50662357923c5289\",\"name\":\"Kuali Staff\",\"image\":{\"@type\":\"ImageObject\",\"inLanguage\":\"es\",\"@id\":\"https:\\\/\\\/secure.gravatar.com\\\/avatar\\\/f917ad82e5ab71227a733c78b6e60715476f69ee6be59feee4eb5d9920c89e0f?s=96&d=mm&r=g\",\"url\":\"https:\\\/\\\/secure.gravatar.com\\\/avatar\\\/f917ad82e5ab71227a733c78b6e60715476f69ee6be59feee4eb5d9920c89e0f?s=96&d=mm&r=g\",\"contentUrl\":\"https:\\\/\\\/secure.gravatar.com\\\/avatar\\\/f917ad82e5ab71227a733c78b6e60715476f69ee6be59feee4eb5d9920c89e0f?s=96&d=mm&r=g\",\"caption\":\"Kuali Staff\"},\"url\":\"https:\\\/\\\/kuali.com.mx\\\/web\\\/author\\\/lagarto\\\/\"}]}<\/script>\n<!-- \/ Yoast SEO plugin. -->","yoast_head_json":{"title":"SENTENCIAN A SALMANTINO A CASI 30 A\u00d1OS DE PRISI\u00d3N - Kuali","robots":{"index":"index","follow":"follow","max-snippet":"max-snippet:-1","max-image-preview":"max-image-preview:large","max-video-preview":"max-video-preview:-1"},"canonical":"https:\/\/kuali.com.mx\/web\/2025\/07\/05\/sentencian-a-salmantino-a-casi-30-anos-de-prision\/","og_locale":"es_MX","og_type":"article","og_title":"SENTENCIAN A SALMANTINO A CASI 30 A\u00d1OS DE PRISI\u00d3N - Kuali","og_description":"Kuali\/Salamanca, Gto.- \u00c1ngel Esa\u00fa, \u201cel chifu\u201d, fue sentenciado a casi 30 a\u00f1os de prisi\u00f3n por el asesinato de una persona y el robo de una motocicleta en la colonia Las Misiones, en Salamanca. Este resultado deriv\u00f3 de una investigaci\u00f3n realizada por la Unidad Especializada en Investigaci\u00f3n de Homicidios de la regi\u00f3n B, la cual despleg\u00f3 [&hellip;]","og_url":"https:\/\/kuali.com.mx\/web\/2025\/07\/05\/sentencian-a-salmantino-a-casi-30-anos-de-prision\/","og_site_name":"Kuali","article_publisher":"https:\/\/kuali.com.mx\/web\/wp-content\/uploads\/2018\/04\/cropped-kuali_logo-1-1.png","article_published_time":"2025-07-05T17:35:00+00:00","article_modified_time":"2025-07-05T19:39:28+00:00","og_image":[{"width":1289,"height":1600,"url":"https:\/\/kuali.com.mx\/web\/wp-content\/uploads\/2025\/07\/IMAGEN-FGE-420-2025.jpg","type":"image\/jpeg"}],"author":"Kuali Staff","twitter_card":"summary_large_image","twitter_creator":"@kuali_noticias","twitter_site":"@kuali_noticias","twitter_misc":{"Escrito por":"Kuali Staff","Tiempo de lectura":"2 minutos"},"schema":{"@context":"https:\/\/schema.org","@graph":[{"@type":"Article","@id":"https:\/\/kuali.com.mx\/web\/2025\/07\/05\/sentencian-a-salmantino-a-casi-30-anos-de-prision\/#article","isPartOf":{"@id":"https:\/\/kuali.com.mx\/web\/2025\/07\/05\/sentencian-a-salmantino-a-casi-30-anos-de-prision\/"},"author":{"name":"Kuali Staff","@id":"https:\/\/kuali.com.mx\/web\/#\/schema\/person\/6f89ffa8ecba9dae50662357923c5289"},"headline":"SENTENCIAN A SALMANTINO A CASI 30 A\u00d1OS DE PRISI\u00d3N","datePublished":"2025-07-05T17:35:00+00:00","dateModified":"2025-07-05T19:39:28+00:00","mainEntityOfPage":{"@id":"https:\/\/kuali.com.mx\/web\/2025\/07\/05\/sentencian-a-salmantino-a-casi-30-anos-de-prision\/"},"wordCount":421,"commentCount":0,"image":{"@id":"https:\/\/kuali.com.mx\/web\/2025\/07\/05\/sentencian-a-salmantino-a-casi-30-anos-de-prision\/#primaryimage"},"thumbnailUrl":"https:\/\/kuali.com.mx\/web\/wp-content\/uploads\/2025\/07\/IMAGEN-FGE-420-2025.jpg","articleSection":["Pol\u00edtica"],"inLanguage":"es","potentialAction":[{"@type":"CommentAction","name":"Comment","target":["https:\/\/kuali.com.mx\/web\/2025\/07\/05\/sentencian-a-salmantino-a-casi-30-anos-de-prision\/#respond"]}]},{"@type":"WebPage","@id":"https:\/\/kuali.com.mx\/web\/2025\/07\/05\/sentencian-a-salmantino-a-casi-30-anos-de-prision\/","url":"https:\/\/kuali.com.mx\/web\/2025\/07\/05\/sentencian-a-salmantino-a-casi-30-anos-de-prision\/","name":"SENTENCIAN A SALMANTINO A CASI 30 A\u00d1OS DE PRISI\u00d3N - Kuali","isPartOf":{"@id":"https:\/\/kuali.com.mx\/web\/#website"},"primaryImageOfPage":{"@id":"https:\/\/kuali.com.mx\/web\/2025\/07\/05\/sentencian-a-salmantino-a-casi-30-anos-de-prision\/#primaryimage"},"image":{"@id":"https:\/\/kuali.com.mx\/web\/2025\/07\/05\/sentencian-a-salmantino-a-casi-30-anos-de-prision\/#primaryimage"},"thumbnailUrl":"https:\/\/kuali.com.mx\/web\/wp-content\/uploads\/2025\/07\/IMAGEN-FGE-420-2025.jpg","datePublished":"2025-07-05T17:35:00+00:00","dateModified":"2025-07-05T19:39:28+00:00","author":{"@id":"https:\/\/kuali.com.mx\/web\/#\/schema\/person\/6f89ffa8ecba9dae50662357923c5289"},"breadcrumb":{"@id":"https:\/\/kuali.com.mx\/web\/2025\/07\/05\/sentencian-a-salmantino-a-casi-30-anos-de-prision\/#breadcrumb"},"inLanguage":"es","potentialAction":[{"@type":"ReadAction","target":["https:\/\/kuali.com.mx\/web\/2025\/07\/05\/sentencian-a-salmantino-a-casi-30-anos-de-prision\/"]}]},{"@type":"ImageObject","inLanguage":"es","@id":"https:\/\/kuali.com.mx\/web\/2025\/07\/05\/sentencian-a-salmantino-a-casi-30-anos-de-prision\/#primaryimage","url":"https:\/\/kuali.com.mx\/web\/wp-content\/uploads\/2025\/07\/IMAGEN-FGE-420-2025.jpg","contentUrl":"https:\/\/kuali.com.mx\/web\/wp-content\/uploads\/2025\/07\/IMAGEN-FGE-420-2025.jpg","width":1289,"height":1600},{"@type":"BreadcrumbList","@id":"https:\/\/kuali.com.mx\/web\/2025\/07\/05\/sentencian-a-salmantino-a-casi-30-anos-de-prision\/#breadcrumb","itemListElement":[{"@type":"ListItem","position":1,"name":"Inicio","item":"https:\/\/kuali.com.mx\/web\/"},{"@type":"ListItem","position":2,"name":"SENTENCIAN A SALMANTINO A CASI 30 A\u00d1OS DE PRISI\u00d3N"}]},{"@type":"WebSite","@id":"https:\/\/kuali.com.mx\/web\/#website","url":"https:\/\/kuali.com.mx\/web\/","name":"Kuali","description":"","potentialAction":[{"@type":"SearchAction","target":{"@type":"EntryPoint","urlTemplate":"https:\/\/kuali.com.mx\/web\/?s={search_term_string}"},"query-input":{"@type":"PropertyValueSpecification","valueRequired":true,"valueName":"search_term_string"}}],"inLanguage":"es"},{"@type":"Person","@id":"https:\/\/kuali.com.mx\/web\/#\/schema\/person\/6f89ffa8ecba9dae50662357923c5289","name":"Kuali Staff","image":{"@type":"ImageObject","inLanguage":"es","@id":"https:\/\/secure.gravatar.com\/avatar\/f917ad82e5ab71227a733c78b6e60715476f69ee6be59feee4eb5d9920c89e0f?s=96&d=mm&r=g","url":"https:\/\/secure.gravatar.com\/avatar\/f917ad82e5ab71227a733c78b6e60715476f69ee6be59feee4eb5d9920c89e0f?s=96&d=mm&r=g","contentUrl":"https:\/\/secure.gravatar.com\/avatar\/f917ad82e5ab71227a733c78b6e60715476f69ee6be59feee4eb5d9920c89e0f?s=96&d=mm&r=g","caption":"Kuali Staff"},"url":"https:\/\/kuali.com.mx\/web\/author\/lagarto\/"}]}},"_links":{"self":[{"href":"https:\/\/kuali.com.mx\/web\/wp-json\/wp\/v2\/posts\/179634","targetHints":{"allow":["GET"]}}],"collection":[{"href":"https:\/\/kuali.com.mx\/web\/wp-json\/wp\/v2\/posts"}],"about":[{"href":"https:\/\/kuali.com.mx\/web\/wp-json\/wp\/v2\/types\/post"}],"author":[{"embeddable":true,"href":"https:\/\/kuali.com.mx\/web\/wp-json\/wp\/v2\/users\/2"}],"replies":[{"embeddable":true,"href":"https:\/\/kuali.com.mx\/web\/wp-json\/wp\/v2\/comments?post=179634"}],"version-history":[{"count":1,"href":"https:\/\/kuali.com.mx\/web\/wp-json\/wp\/v2\/posts\/179634\/revisions"}],"predecessor-version":[{"id":179638,"href":"https:\/\/kuali.com.mx\/web\/wp-json\/wp\/v2\/posts\/179634\/revisions\/179638"}],"wp:featuredmedia":[{"embeddable":true,"href":"https:\/\/kuali.com.mx\/web\/wp-json\/wp\/v2\/media\/179637"}],"wp:attachment":[{"href":"https:\/\/kuali.com.mx\/web\/wp-json\/wp\/v2\/media?parent=179634"}],"wp:term":[{"taxonomy":"category","embeddable":true,"href":"https:\/\/kuali.com.mx\/web\/wp-json\/wp\/v2\/categories?post=179634"},{"taxonomy":"post_tag","embeddable":true,"href":"https:\/\/kuali.com.mx\/web\/wp-json\/wp\/v2\/tags?post=179634"}],"curies":[{"name":"wp","href":"https:\/\/api.w.org\/{rel}","templated":true}]}}