{"id":179629,"date":"2025-07-05T12:33:42","date_gmt":"2025-07-05T18:33:42","guid":{"rendered":"https:\/\/kuali.com.mx\/web\/?p=179629"},"modified":"2025-07-05T15:49:46","modified_gmt":"2025-07-05T21:49:46","slug":"sera-gratuito-el-acceso-a-la-inauguracion-del-fig","status":"publish","type":"post","link":"https:\/\/kuali.com.mx\/web\/2025\/07\/05\/sera-gratuito-el-acceso-a-la-inauguracion-del-fig\/","title":{"rendered":"SER\u00c1 GRATUITO EL ACCESO A LA INAUGURACI\u00d3N DEL FIG"},"content":{"rendered":"\n<p><strong><em>Carlos Garc\u00eda\/Le\u00f3n, Gto.- <\/em><\/strong>En la inauguraci\u00f3n del Festival Internacional del Globo (FIG), el acceso por la ma\u00f1ana ser\u00e1 gratuito, anunci\u00f3 la gobernadora de Guanajuato, Libia Garc\u00eda Mu\u00f1oz Ledo.<\/p>\n\n\n\n<p>\u201cEn el gobierno de la gente hemos acordado con el Comit\u00e9 Organizador del Festival Internacional del Globo&nbsp;y con el municipio de Le\u00f3n que se instituya a partir de la pr\u00f3xima edici\u00f3n, el Viernes de la Gente\u201d, difundi\u00f3 en un video.<\/p>\n\n\n\n<p>&nbsp;Explic\u00f3 que el \u201cViernes de la Gente\u201d significa que, por la ma\u00f1ana del viernes 14 de noviembre, ser\u00e1 gratuito el acceso al Festival Internacional del Globo.<\/p>\n\n\n\n<p>\u201cCon esta acci\u00f3n queremos que todas las familias de Guanajuato disfruten de la inauguraci\u00f3n a partir de las 7 de la ma\u00f1ana\u201d, resalt\u00f3.<\/p>\n\n\n\n<p>La mandataria adelant\u00f3 que ese d\u00eda habr\u00e1 un espect\u00e1culo de aviones en formaci\u00f3n de la Secretar\u00eda de la Defensa Nacional.<\/p>\n\n\n\n<p>&nbsp;\u201cAdem\u00e1s, el despliegue de una bandera monumental.&nbsp; Les invitamos a ver el despliegue de m\u00e1s de 200 globos aerost\u00e1ticos de 25 pa\u00edses y 30 figuras especiales,&nbsp;de las que 10 se presentan por primera vez en el Festival\u201d, convoc\u00f3.<\/p>\n\n\n\n<p>Exhort\u00f3 a los guanajuatenses a organizarse con la familia y amigos para disfrutar de la magia del Festival Internacional del Globo.<\/p>\n","protected":false},"excerpt":{"rendered":"Carlos Garc\u00eda\/Le\u00f3n, Gto.- En la inauguraci\u00f3n del Festival Internacional del Globo (FIG), el acceso por la ma\u00f1ana ser\u00e1 gratuito, anunci\u00f3 la gobernadora de Guanajuato, Libia Garc\u00eda Mu\u00f1oz Ledo. \u201cEn el gobierno de la gente hemos acordado con el Comit\u00e9 Organizador del Festival Internacional del Globo&nbsp;y con el municipio de Le\u00f3n que se instituya a partir [&hellip;]","protected":false},"author":2,"featured_media":159892,"comment_status":"open","ping_status":"open","sticky":false,"template":"","format":"standard","meta":{"_seopress_robots_primary_cat":"none","_seopress_titles_title":"","_seopress_titles_desc":"","_seopress_robots_index":"","_monsterinsights_skip_tracking":false,"_monsterinsights_sitenote_active":false,"_monsterinsights_sitenote_note":"","_monsterinsights_sitenote_category":0,"footnotes":""},"categories":[13],"tags":[],"class_list":["post-179629","post","type-post","status-publish","format-standard","has-post-thumbnail","hentry","category-turismo"],"yoast_head":"<!-- This site is optimized with the Yoast SEO plugin v27.4 - https:\/\/yoast.com\/product\/yoast-seo-wordpress\/ -->\n<title>SER\u00c1 GRATUITO EL ACCESO A LA INAUGURACI\u00d3N DEL FIG - Kuali<\/title>\n<meta name=\"robots\" content=\"index, follow, max-snippet:-1, max-image-preview:large, max-video-preview:-1\" \/>\n<link rel=\"canonical\" href=\"https:\/\/kuali.com.mx\/web\/2025\/07\/05\/sera-gratuito-el-acceso-a-la-inauguracion-del-fig\/\" \/>\n<meta property=\"og:locale\" content=\"es_MX\" \/>\n<meta property=\"og:type\" content=\"article\" \/>\n<meta property=\"og:title\" content=\"SER\u00c1 GRATUITO EL ACCESO A LA INAUGURACI\u00d3N DEL FIG - Kuali\" \/>\n<meta property=\"og:description\" content=\"Carlos Garc\u00eda\/Le\u00f3n, Gto.- En la inauguraci\u00f3n del Festival Internacional del Globo (FIG), el acceso por la ma\u00f1ana ser\u00e1 gratuito, anunci\u00f3 la gobernadora de Guanajuato, Libia Garc\u00eda Mu\u00f1oz Ledo. \u201cEn el gobierno de la gente hemos acordado con el Comit\u00e9 Organizador del Festival Internacional del Globo&nbsp;y con el municipio de Le\u00f3n que se instituya a partir [&hellip;]\" \/>\n<meta property=\"og:url\" content=\"https:\/\/kuali.com.mx\/web\/2025\/07\/05\/sera-gratuito-el-acceso-a-la-inauguracion-del-fig\/\" \/>\n<meta property=\"og:site_name\" content=\"Kuali\" \/>\n<meta property=\"article:publisher\" content=\"https:\/\/kuali.com.mx\/web\/wp-content\/uploads\/2018\/04\/cropped-kuali_logo-1-1.png\" \/>\n<meta property=\"article:published_time\" content=\"2025-07-05T18:33:42+00:00\" \/>\n<meta property=\"article:modified_time\" content=\"2025-07-05T21:49:46+00:00\" \/>\n<meta property=\"og:image\" content=\"https:\/\/kuali.com.mx\/web\/wp-content\/uploads\/2024\/11\/Festival-Globo-2024-6-scaled.jpeg\" \/>\n\t<meta property=\"og:image:width\" content=\"2560\" \/>\n\t<meta property=\"og:image:height\" content=\"1013\" \/>\n\t<meta property=\"og:image:type\" content=\"image\/jpeg\" \/>\n<meta name=\"author\" content=\"Kuali Staff\" \/>\n<meta name=\"twitter:card\" content=\"summary_large_image\" \/>\n<meta name=\"twitter:creator\" content=\"@kuali_noticias\" \/>\n<meta name=\"twitter:site\" content=\"@kuali_noticias\" \/>\n<meta name=\"twitter:label1\" content=\"Escrito por\" \/>\n\t<meta name=\"twitter:data1\" content=\"Kuali Staff\" \/>\n\t<meta name=\"twitter:label2\" content=\"Tiempo de lectura\" \/>\n\t<meta name=\"twitter:data2\" content=\"1 minuto\" \/>\n<script type=\"application\/ld+json\" class=\"yoast-schema-graph\">{\"@context\":\"https:\\\/\\\/schema.org\",\"@graph\":[{\"@type\":\"Article\",\"@id\":\"https:\\\/\\\/kuali.com.mx\\\/web\\\/2025\\\/07\\\/05\\\/sera-gratuito-el-acceso-a-la-inauguracion-del-fig\\\/#article\",\"isPartOf\":{\"@id\":\"https:\\\/\\\/kuali.com.mx\\\/web\\\/2025\\\/07\\\/05\\\/sera-gratuito-el-acceso-a-la-inauguracion-del-fig\\\/\"},\"author\":{\"name\":\"Kuali Staff\",\"@id\":\"https:\\\/\\\/kuali.com.mx\\\/web\\\/#\\\/schema\\\/person\\\/6f89ffa8ecba9dae50662357923c5289\"},\"headline\":\"SER\u00c1 GRATUITO EL ACCESO A LA INAUGURACI\u00d3N DEL FIG\",\"datePublished\":\"2025-07-05T18:33:42+00:00\",\"dateModified\":\"2025-07-05T21:49:46+00:00\",\"mainEntityOfPage\":{\"@id\":\"https:\\\/\\\/kuali.com.mx\\\/web\\\/2025\\\/07\\\/05\\\/sera-gratuito-el-acceso-a-la-inauguracion-del-fig\\\/\"},\"wordCount\":230,\"commentCount\":0,\"image\":{\"@id\":\"https:\\\/\\\/kuali.com.mx\\\/web\\\/2025\\\/07\\\/05\\\/sera-gratuito-el-acceso-a-la-inauguracion-del-fig\\\/#primaryimage\"},\"thumbnailUrl\":\"https:\\\/\\\/kuali.com.mx\\\/web\\\/wp-content\\\/uploads\\\/2024\\\/11\\\/Festival-Globo-2024-6-scaled.jpeg\",\"articleSection\":[\"Turismo\"],\"inLanguage\":\"es\",\"potentialAction\":[{\"@type\":\"CommentAction\",\"name\":\"Comment\",\"target\":[\"https:\\\/\\\/kuali.com.mx\\\/web\\\/2025\\\/07\\\/05\\\/sera-gratuito-el-acceso-a-la-inauguracion-del-fig\\\/#respond\"]}]},{\"@type\":\"WebPage\",\"@id\":\"https:\\\/\\\/kuali.com.mx\\\/web\\\/2025\\\/07\\\/05\\\/sera-gratuito-el-acceso-a-la-inauguracion-del-fig\\\/\",\"url\":\"https:\\\/\\\/kuali.com.mx\\\/web\\\/2025\\\/07\\\/05\\\/sera-gratuito-el-acceso-a-la-inauguracion-del-fig\\\/\",\"name\":\"SER\u00c1 GRATUITO EL ACCESO A LA INAUGURACI\u00d3N DEL FIG - Kuali\",\"isPartOf\":{\"@id\":\"https:\\\/\\\/kuali.com.mx\\\/web\\\/#website\"},\"primaryImageOfPage\":{\"@id\":\"https:\\\/\\\/kuali.com.mx\\\/web\\\/2025\\\/07\\\/05\\\/sera-gratuito-el-acceso-a-la-inauguracion-del-fig\\\/#primaryimage\"},\"image\":{\"@id\":\"https:\\\/\\\/kuali.com.mx\\\/web\\\/2025\\\/07\\\/05\\\/sera-gratuito-el-acceso-a-la-inauguracion-del-fig\\\/#primaryimage\"},\"thumbnailUrl\":\"https:\\\/\\\/kuali.com.mx\\\/web\\\/wp-content\\\/uploads\\\/2024\\\/11\\\/Festival-Globo-2024-6-scaled.jpeg\",\"datePublished\":\"2025-07-05T18:33:42+00:00\",\"dateModified\":\"2025-07-05T21:49:46+00:00\",\"author\":{\"@id\":\"https:\\\/\\\/kuali.com.mx\\\/web\\\/#\\\/schema\\\/person\\\/6f89ffa8ecba9dae50662357923c5289\"},\"breadcrumb\":{\"@id\":\"https:\\\/\\\/kuali.com.mx\\\/web\\\/2025\\\/07\\\/05\\\/sera-gratuito-el-acceso-a-la-inauguracion-del-fig\\\/#breadcrumb\"},\"inLanguage\":\"es\",\"potentialAction\":[{\"@type\":\"ReadAction\",\"target\":[\"https:\\\/\\\/kuali.com.mx\\\/web\\\/2025\\\/07\\\/05\\\/sera-gratuito-el-acceso-a-la-inauguracion-del-fig\\\/\"]}]},{\"@type\":\"ImageObject\",\"inLanguage\":\"es\",\"@id\":\"https:\\\/\\\/kuali.com.mx\\\/web\\\/2025\\\/07\\\/05\\\/sera-gratuito-el-acceso-a-la-inauguracion-del-fig\\\/#primaryimage\",\"url\":\"https:\\\/\\\/kuali.com.mx\\\/web\\\/wp-content\\\/uploads\\\/2024\\\/11\\\/Festival-Globo-2024-6-scaled.jpeg\",\"contentUrl\":\"https:\\\/\\\/kuali.com.mx\\\/web\\\/wp-content\\\/uploads\\\/2024\\\/11\\\/Festival-Globo-2024-6-scaled.jpeg\",\"width\":2560,\"height\":1013},{\"@type\":\"BreadcrumbList\",\"@id\":\"https:\\\/\\\/kuali.com.mx\\\/web\\\/2025\\\/07\\\/05\\\/sera-gratuito-el-acceso-a-la-inauguracion-del-fig\\\/#breadcrumb\",\"itemListElement\":[{\"@type\":\"ListItem\",\"position\":1,\"name\":\"Inicio\",\"item\":\"https:\\\/\\\/kuali.com.mx\\\/web\\\/\"},{\"@type\":\"ListItem\",\"position\":2,\"name\":\"SER\u00c1 GRATUITO EL ACCESO A LA INAUGURACI\u00d3N DEL FIG\"}]},{\"@type\":\"WebSite\",\"@id\":\"https:\\\/\\\/kuali.com.mx\\\/web\\\/#website\",\"url\":\"https:\\\/\\\/kuali.com.mx\\\/web\\\/\",\"name\":\"Kuali\",\"description\":\"\",\"potentialAction\":[{\"@type\":\"SearchAction\",\"target\":{\"@type\":\"EntryPoint\",\"urlTemplate\":\"https:\\\/\\\/kuali.com.mx\\\/web\\\/?s={search_term_string}\"},\"query-input\":{\"@type\":\"PropertyValueSpecification\",\"valueRequired\":true,\"valueName\":\"search_term_string\"}}],\"inLanguage\":\"es\"},{\"@type\":\"Person\",\"@id\":\"https:\\\/\\\/kuali.com.mx\\\/web\\\/#\\\/schema\\\/person\\\/6f89ffa8ecba9dae50662357923c5289\",\"name\":\"Kuali Staff\",\"image\":{\"@type\":\"ImageObject\",\"inLanguage\":\"es\",\"@id\":\"https:\\\/\\\/secure.gravatar.com\\\/avatar\\\/f917ad82e5ab71227a733c78b6e60715476f69ee6be59feee4eb5d9920c89e0f?s=96&d=mm&r=g\",\"url\":\"https:\\\/\\\/secure.gravatar.com\\\/avatar\\\/f917ad82e5ab71227a733c78b6e60715476f69ee6be59feee4eb5d9920c89e0f?s=96&d=mm&r=g\",\"contentUrl\":\"https:\\\/\\\/secure.gravatar.com\\\/avatar\\\/f917ad82e5ab71227a733c78b6e60715476f69ee6be59feee4eb5d9920c89e0f?s=96&d=mm&r=g\",\"caption\":\"Kuali Staff\"},\"url\":\"https:\\\/\\\/kuali.com.mx\\\/web\\\/author\\\/lagarto\\\/\"}]}<\/script>\n<!-- \/ Yoast SEO plugin. -->","yoast_head_json":{"title":"SER\u00c1 GRATUITO EL ACCESO A LA INAUGURACI\u00d3N DEL FIG - Kuali","robots":{"index":"index","follow":"follow","max-snippet":"max-snippet:-1","max-image-preview":"max-image-preview:large","max-video-preview":"max-video-preview:-1"},"canonical":"https:\/\/kuali.com.mx\/web\/2025\/07\/05\/sera-gratuito-el-acceso-a-la-inauguracion-del-fig\/","og_locale":"es_MX","og_type":"article","og_title":"SER\u00c1 GRATUITO EL ACCESO A LA INAUGURACI\u00d3N DEL FIG - Kuali","og_description":"Carlos Garc\u00eda\/Le\u00f3n, Gto.- En la inauguraci\u00f3n del Festival Internacional del Globo (FIG), el acceso por la ma\u00f1ana ser\u00e1 gratuito, anunci\u00f3 la gobernadora de Guanajuato, Libia Garc\u00eda Mu\u00f1oz Ledo. \u201cEn el gobierno de la gente hemos acordado con el Comit\u00e9 Organizador del Festival Internacional del Globo&nbsp;y con el municipio de Le\u00f3n que se instituya a partir [&hellip;]","og_url":"https:\/\/kuali.com.mx\/web\/2025\/07\/05\/sera-gratuito-el-acceso-a-la-inauguracion-del-fig\/","og_site_name":"Kuali","article_publisher":"https:\/\/kuali.com.mx\/web\/wp-content\/uploads\/2018\/04\/cropped-kuali_logo-1-1.png","article_published_time":"2025-07-05T18:33:42+00:00","article_modified_time":"2025-07-05T21:49:46+00:00","og_image":[{"width":2560,"height":1013,"url":"https:\/\/kuali.com.mx\/web\/wp-content\/uploads\/2024\/11\/Festival-Globo-2024-6-scaled.jpeg","type":"image\/jpeg"}],"author":"Kuali Staff","twitter_card":"summary_large_image","twitter_creator":"@kuali_noticias","twitter_site":"@kuali_noticias","twitter_misc":{"Escrito por":"Kuali Staff","Tiempo de lectura":"1 minuto"},"schema":{"@context":"https:\/\/schema.org","@graph":[{"@type":"Article","@id":"https:\/\/kuali.com.mx\/web\/2025\/07\/05\/sera-gratuito-el-acceso-a-la-inauguracion-del-fig\/#article","isPartOf":{"@id":"https:\/\/kuali.com.mx\/web\/2025\/07\/05\/sera-gratuito-el-acceso-a-la-inauguracion-del-fig\/"},"author":{"name":"Kuali Staff","@id":"https:\/\/kuali.com.mx\/web\/#\/schema\/person\/6f89ffa8ecba9dae50662357923c5289"},"headline":"SER\u00c1 GRATUITO EL ACCESO A LA INAUGURACI\u00d3N DEL FIG","datePublished":"2025-07-05T18:33:42+00:00","dateModified":"2025-07-05T21:49:46+00:00","mainEntityOfPage":{"@id":"https:\/\/kuali.com.mx\/web\/2025\/07\/05\/sera-gratuito-el-acceso-a-la-inauguracion-del-fig\/"},"wordCount":230,"commentCount":0,"image":{"@id":"https:\/\/kuali.com.mx\/web\/2025\/07\/05\/sera-gratuito-el-acceso-a-la-inauguracion-del-fig\/#primaryimage"},"thumbnailUrl":"https:\/\/kuali.com.mx\/web\/wp-content\/uploads\/2024\/11\/Festival-Globo-2024-6-scaled.jpeg","articleSection":["Turismo"],"inLanguage":"es","potentialAction":[{"@type":"CommentAction","name":"Comment","target":["https:\/\/kuali.com.mx\/web\/2025\/07\/05\/sera-gratuito-el-acceso-a-la-inauguracion-del-fig\/#respond"]}]},{"@type":"WebPage","@id":"https:\/\/kuali.com.mx\/web\/2025\/07\/05\/sera-gratuito-el-acceso-a-la-inauguracion-del-fig\/","url":"https:\/\/kuali.com.mx\/web\/2025\/07\/05\/sera-gratuito-el-acceso-a-la-inauguracion-del-fig\/","name":"SER\u00c1 GRATUITO EL ACCESO A LA INAUGURACI\u00d3N DEL FIG - Kuali","isPartOf":{"@id":"https:\/\/kuali.com.mx\/web\/#website"},"primaryImageOfPage":{"@id":"https:\/\/kuali.com.mx\/web\/2025\/07\/05\/sera-gratuito-el-acceso-a-la-inauguracion-del-fig\/#primaryimage"},"image":{"@id":"https:\/\/kuali.com.mx\/web\/2025\/07\/05\/sera-gratuito-el-acceso-a-la-inauguracion-del-fig\/#primaryimage"},"thumbnailUrl":"https:\/\/kuali.com.mx\/web\/wp-content\/uploads\/2024\/11\/Festival-Globo-2024-6-scaled.jpeg","datePublished":"2025-07-05T18:33:42+00:00","dateModified":"2025-07-05T21:49:46+00:00","author":{"@id":"https:\/\/kuali.com.mx\/web\/#\/schema\/person\/6f89ffa8ecba9dae50662357923c5289"},"breadcrumb":{"@id":"https:\/\/kuali.com.mx\/web\/2025\/07\/05\/sera-gratuito-el-acceso-a-la-inauguracion-del-fig\/#breadcrumb"},"inLanguage":"es","potentialAction":[{"@type":"ReadAction","target":["https:\/\/kuali.com.mx\/web\/2025\/07\/05\/sera-gratuito-el-acceso-a-la-inauguracion-del-fig\/"]}]},{"@type":"ImageObject","inLanguage":"es","@id":"https:\/\/kuali.com.mx\/web\/2025\/07\/05\/sera-gratuito-el-acceso-a-la-inauguracion-del-fig\/#primaryimage","url":"https:\/\/kuali.com.mx\/web\/wp-content\/uploads\/2024\/11\/Festival-Globo-2024-6-scaled.jpeg","contentUrl":"https:\/\/kuali.com.mx\/web\/wp-content\/uploads\/2024\/11\/Festival-Globo-2024-6-scaled.jpeg","width":2560,"height":1013},{"@type":"BreadcrumbList","@id":"https:\/\/kuali.com.mx\/web\/2025\/07\/05\/sera-gratuito-el-acceso-a-la-inauguracion-del-fig\/#breadcrumb","itemListElement":[{"@type":"ListItem","position":1,"name":"Inicio","item":"https:\/\/kuali.com.mx\/web\/"},{"@type":"ListItem","position":2,"name":"SER\u00c1 GRATUITO EL ACCESO A LA INAUGURACI\u00d3N DEL FIG"}]},{"@type":"WebSite","@id":"https:\/\/kuali.com.mx\/web\/#website","url":"https:\/\/kuali.com.mx\/web\/","name":"Kuali","description":"","potentialAction":[{"@type":"SearchAction","target":{"@type":"EntryPoint","urlTemplate":"https:\/\/kuali.com.mx\/web\/?s={search_term_string}"},"query-input":{"@type":"PropertyValueSpecification","valueRequired":true,"valueName":"search_term_string"}}],"inLanguage":"es"},{"@type":"Person","@id":"https:\/\/kuali.com.mx\/web\/#\/schema\/person\/6f89ffa8ecba9dae50662357923c5289","name":"Kuali Staff","image":{"@type":"ImageObject","inLanguage":"es","@id":"https:\/\/secure.gravatar.com\/avatar\/f917ad82e5ab71227a733c78b6e60715476f69ee6be59feee4eb5d9920c89e0f?s=96&d=mm&r=g","url":"https:\/\/secure.gravatar.com\/avatar\/f917ad82e5ab71227a733c78b6e60715476f69ee6be59feee4eb5d9920c89e0f?s=96&d=mm&r=g","contentUrl":"https:\/\/secure.gravatar.com\/avatar\/f917ad82e5ab71227a733c78b6e60715476f69ee6be59feee4eb5d9920c89e0f?s=96&d=mm&r=g","caption":"Kuali Staff"},"url":"https:\/\/kuali.com.mx\/web\/author\/lagarto\/"}]}},"_links":{"self":[{"href":"https:\/\/kuali.com.mx\/web\/wp-json\/wp\/v2\/posts\/179629","targetHints":{"allow":["GET"]}}],"collection":[{"href":"https:\/\/kuali.com.mx\/web\/wp-json\/wp\/v2\/posts"}],"about":[{"href":"https:\/\/kuali.com.mx\/web\/wp-json\/wp\/v2\/types\/post"}],"author":[{"embeddable":true,"href":"https:\/\/kuali.com.mx\/web\/wp-json\/wp\/v2\/users\/2"}],"replies":[{"embeddable":true,"href":"https:\/\/kuali.com.mx\/web\/wp-json\/wp\/v2\/comments?post=179629"}],"version-history":[{"count":2,"href":"https:\/\/kuali.com.mx\/web\/wp-json\/wp\/v2\/posts\/179629\/revisions"}],"predecessor-version":[{"id":179633,"href":"https:\/\/kuali.com.mx\/web\/wp-json\/wp\/v2\/posts\/179629\/revisions\/179633"}],"wp:featuredmedia":[{"embeddable":true,"href":"https:\/\/kuali.com.mx\/web\/wp-json\/wp\/v2\/media\/159892"}],"wp:attachment":[{"href":"https:\/\/kuali.com.mx\/web\/wp-json\/wp\/v2\/media?parent=179629"}],"wp:term":[{"taxonomy":"category","embeddable":true,"href":"https:\/\/kuali.com.mx\/web\/wp-json\/wp\/v2\/categories?post=179629"},{"taxonomy":"post_tag","embeddable":true,"href":"https:\/\/kuali.com.mx\/web\/wp-json\/wp\/v2\/tags?post=179629"}],"curies":[{"name":"wp","href":"https:\/\/api.w.org\/{rel}","templated":true}]}}