{"id":179624,"date":"2025-07-05T12:30:00","date_gmt":"2025-07-05T18:30:00","guid":{"rendered":"https:\/\/kuali.com.mx\/web\/?p=179624"},"modified":"2025-07-05T13:32:20","modified_gmt":"2025-07-05T19:32:20","slug":"no-tendran-impacto-en-seguridad-padron-de-motociclistas","status":"publish","type":"post","link":"https:\/\/kuali.com.mx\/web\/2025\/07\/05\/no-tendran-impacto-en-seguridad-padron-de-motociclistas\/","title":{"rendered":"NO TENDR\u00c1N IMPACTO EN SEGURIDAD PADR\u00d3N DE MOTOCICLISTAS"},"content":{"rendered":"\n<p><strong>Milagros Tadeo\/Le\u00f3n, Gto.-<\/strong>&nbsp;El presidente del Club Jaguares de Le\u00f3n, Jos\u00e9 Luis Mart\u00ednez, se\u00f1al\u00f3 que la medida establecida para que los motociclistas porten n\u00famero de placa en el casco no tendr\u00e1 ning\u00fan impacto en la prevenci\u00f3n de delitos, incluso se\u00f1al\u00f3 que es una manera de ponerlos en peligro.<\/p>\n\n\n\n<p>Dijo que al exhibir los n\u00fameros de las placas en los cascos se incrementa la posibilidad de brindar informaci\u00f3n a los delincuentes para que clonen los n\u00fameros y los utilicen para cometer actos il\u00edcitos.<\/p>\n\n\n\n<p>\u201cCon lo que no estamos de acuerdo, es que se implementen leyes que no han funcionado, al d\u00eda de hoy no hay ning\u00fan estudio que sustente o que soporte que esa implementaci\u00f3n ha dado resultados. Los pa\u00edses de Centroam\u00e9rica y Sudam\u00e9rica que lo han implementado no les ha funcionado, y, de hecho, varios pa\u00edses ya no lo tienen dentro de sus programas porque no hubo resultados\u201d, dijo.<\/p>\n\n\n\n<p>Ante la reforma a la&nbsp;Ley de Movilidad del Estado de Guanajuato&nbsp;y sus Municipios y al&nbsp;C\u00f3digo Fiscal para el Estado de Guanajuato, para la creaci\u00f3n de padrones de&nbsp;motocicletas&nbsp;y de comerciantes como una medida de prevenci\u00f3n, dijo que los cambios fueron sustentados en medidas implementadas en otros pa\u00edses y que no fueron efectivas.<\/p>\n\n\n\n<p>\u201cEsto que se aprob\u00f3 fue al vapor porque no hubo manera de poder estar en mesas de di\u00e1logo, no hubo acompa\u00f1amiento. El a\u00f1o pasado el Estado hizo una encuesta sobre el confinamiento del carril derecho, y es as\u00ed c\u00f3mo se tomaron algunas decisiones, esta iniciativa es unilateral\u201d, resalt\u00f3.<\/p>\n\n\n\n<p>Mencion\u00f3 que por ahora est\u00e1n agotando el di\u00e1logo con los diputados locales quienes esperan den marcha atr\u00e1s a las medidas que aprobaron y que ponen en riesgo a los motociclistas.&nbsp;<\/p>\n","protected":false},"excerpt":{"rendered":"Milagros Tadeo\/Le\u00f3n, Gto.-&nbsp;El presidente del Club Jaguares de Le\u00f3n, Jos\u00e9 Luis Mart\u00ednez, se\u00f1al\u00f3 que la medida establecida para que los motociclistas porten n\u00famero de placa en el casco no tendr\u00e1 ning\u00fan impacto en la prevenci\u00f3n de delitos, incluso se\u00f1al\u00f3 que es una manera de ponerlos en peligro. Dijo que al exhibir los n\u00fameros de las [&hellip;]","protected":false},"author":2,"featured_media":179627,"comment_status":"open","ping_status":"open","sticky":false,"template":"","format":"standard","meta":{"_seopress_robots_primary_cat":"none","_seopress_titles_title":"","_seopress_titles_desc":"","_seopress_robots_index":"","_monsterinsights_skip_tracking":false,"_monsterinsights_sitenote_active":false,"_monsterinsights_sitenote_note":"","_monsterinsights_sitenote_category":0,"footnotes":""},"categories":[3],"tags":[],"class_list":["post-179624","post","type-post","status-publish","format-standard","has-post-thumbnail","hentry","category-politica"],"yoast_head":"<!-- This site is optimized with the Yoast SEO plugin v27.4 - https:\/\/yoast.com\/product\/yoast-seo-wordpress\/ -->\n<title>NO TENDR\u00c1N IMPACTO EN SEGURIDAD PADR\u00d3N DE MOTOCICLISTAS - Kuali<\/title>\n<meta name=\"robots\" content=\"index, follow, max-snippet:-1, max-image-preview:large, max-video-preview:-1\" \/>\n<link rel=\"canonical\" href=\"https:\/\/kuali.com.mx\/web\/2025\/07\/05\/no-tendran-impacto-en-seguridad-padron-de-motociclistas\/\" \/>\n<meta property=\"og:locale\" content=\"es_MX\" \/>\n<meta property=\"og:type\" content=\"article\" \/>\n<meta property=\"og:title\" content=\"NO TENDR\u00c1N IMPACTO EN SEGURIDAD PADR\u00d3N DE MOTOCICLISTAS - Kuali\" \/>\n<meta property=\"og:description\" content=\"Milagros Tadeo\/Le\u00f3n, Gto.-&nbsp;El presidente del Club Jaguares de Le\u00f3n, Jos\u00e9 Luis Mart\u00ednez, se\u00f1al\u00f3 que la medida establecida para que los motociclistas porten n\u00famero de placa en el casco no tendr\u00e1 ning\u00fan impacto en la prevenci\u00f3n de delitos, incluso se\u00f1al\u00f3 que es una manera de ponerlos en peligro. Dijo que al exhibir los n\u00fameros de las [&hellip;]\" \/>\n<meta property=\"og:url\" content=\"https:\/\/kuali.com.mx\/web\/2025\/07\/05\/no-tendran-impacto-en-seguridad-padron-de-motociclistas\/\" \/>\n<meta property=\"og:site_name\" content=\"Kuali\" \/>\n<meta property=\"article:publisher\" content=\"https:\/\/kuali.com.mx\/web\/wp-content\/uploads\/2018\/04\/cropped-kuali_logo-1-1.png\" \/>\n<meta property=\"article:published_time\" content=\"2025-07-05T18:30:00+00:00\" \/>\n<meta property=\"article:modified_time\" content=\"2025-07-05T19:32:20+00:00\" \/>\n<meta property=\"og:image\" content=\"https:\/\/kuali.com.mx\/web\/wp-content\/uploads\/2025\/07\/Motos.jpg\" \/>\n\t<meta property=\"og:image:width\" content=\"1600\" \/>\n\t<meta property=\"og:image:height\" content=\"720\" \/>\n\t<meta property=\"og:image:type\" content=\"image\/jpeg\" \/>\n<meta name=\"author\" content=\"Kuali Staff\" \/>\n<meta name=\"twitter:card\" content=\"summary_large_image\" \/>\n<meta name=\"twitter:creator\" content=\"@kuali_noticias\" \/>\n<meta name=\"twitter:site\" content=\"@kuali_noticias\" \/>\n<meta name=\"twitter:label1\" content=\"Escrito por\" \/>\n\t<meta name=\"twitter:data1\" content=\"Kuali Staff\" \/>\n\t<meta name=\"twitter:label2\" content=\"Tiempo de lectura\" \/>\n\t<meta name=\"twitter:data2\" content=\"2 minutos\" \/>\n<script type=\"application\/ld+json\" class=\"yoast-schema-graph\">{\"@context\":\"https:\\\/\\\/schema.org\",\"@graph\":[{\"@type\":\"Article\",\"@id\":\"https:\\\/\\\/kuali.com.mx\\\/web\\\/2025\\\/07\\\/05\\\/no-tendran-impacto-en-seguridad-padron-de-motociclistas\\\/#article\",\"isPartOf\":{\"@id\":\"https:\\\/\\\/kuali.com.mx\\\/web\\\/2025\\\/07\\\/05\\\/no-tendran-impacto-en-seguridad-padron-de-motociclistas\\\/\"},\"author\":{\"name\":\"Kuali Staff\",\"@id\":\"https:\\\/\\\/kuali.com.mx\\\/web\\\/#\\\/schema\\\/person\\\/6f89ffa8ecba9dae50662357923c5289\"},\"headline\":\"NO TENDR\u00c1N IMPACTO EN SEGURIDAD PADR\u00d3N DE MOTOCICLISTAS\",\"datePublished\":\"2025-07-05T18:30:00+00:00\",\"dateModified\":\"2025-07-05T19:32:20+00:00\",\"mainEntityOfPage\":{\"@id\":\"https:\\\/\\\/kuali.com.mx\\\/web\\\/2025\\\/07\\\/05\\\/no-tendran-impacto-en-seguridad-padron-de-motociclistas\\\/\"},\"wordCount\":332,\"commentCount\":0,\"image\":{\"@id\":\"https:\\\/\\\/kuali.com.mx\\\/web\\\/2025\\\/07\\\/05\\\/no-tendran-impacto-en-seguridad-padron-de-motociclistas\\\/#primaryimage\"},\"thumbnailUrl\":\"https:\\\/\\\/kuali.com.mx\\\/web\\\/wp-content\\\/uploads\\\/2025\\\/07\\\/Motos.jpg\",\"articleSection\":[\"Pol\u00edtica\"],\"inLanguage\":\"es\",\"potentialAction\":[{\"@type\":\"CommentAction\",\"name\":\"Comment\",\"target\":[\"https:\\\/\\\/kuali.com.mx\\\/web\\\/2025\\\/07\\\/05\\\/no-tendran-impacto-en-seguridad-padron-de-motociclistas\\\/#respond\"]}]},{\"@type\":\"WebPage\",\"@id\":\"https:\\\/\\\/kuali.com.mx\\\/web\\\/2025\\\/07\\\/05\\\/no-tendran-impacto-en-seguridad-padron-de-motociclistas\\\/\",\"url\":\"https:\\\/\\\/kuali.com.mx\\\/web\\\/2025\\\/07\\\/05\\\/no-tendran-impacto-en-seguridad-padron-de-motociclistas\\\/\",\"name\":\"NO TENDR\u00c1N IMPACTO EN SEGURIDAD PADR\u00d3N DE MOTOCICLISTAS - Kuali\",\"isPartOf\":{\"@id\":\"https:\\\/\\\/kuali.com.mx\\\/web\\\/#website\"},\"primaryImageOfPage\":{\"@id\":\"https:\\\/\\\/kuali.com.mx\\\/web\\\/2025\\\/07\\\/05\\\/no-tendran-impacto-en-seguridad-padron-de-motociclistas\\\/#primaryimage\"},\"image\":{\"@id\":\"https:\\\/\\\/kuali.com.mx\\\/web\\\/2025\\\/07\\\/05\\\/no-tendran-impacto-en-seguridad-padron-de-motociclistas\\\/#primaryimage\"},\"thumbnailUrl\":\"https:\\\/\\\/kuali.com.mx\\\/web\\\/wp-content\\\/uploads\\\/2025\\\/07\\\/Motos.jpg\",\"datePublished\":\"2025-07-05T18:30:00+00:00\",\"dateModified\":\"2025-07-05T19:32:20+00:00\",\"author\":{\"@id\":\"https:\\\/\\\/kuali.com.mx\\\/web\\\/#\\\/schema\\\/person\\\/6f89ffa8ecba9dae50662357923c5289\"},\"breadcrumb\":{\"@id\":\"https:\\\/\\\/kuali.com.mx\\\/web\\\/2025\\\/07\\\/05\\\/no-tendran-impacto-en-seguridad-padron-de-motociclistas\\\/#breadcrumb\"},\"inLanguage\":\"es\",\"potentialAction\":[{\"@type\":\"ReadAction\",\"target\":[\"https:\\\/\\\/kuali.com.mx\\\/web\\\/2025\\\/07\\\/05\\\/no-tendran-impacto-en-seguridad-padron-de-motociclistas\\\/\"]}]},{\"@type\":\"ImageObject\",\"inLanguage\":\"es\",\"@id\":\"https:\\\/\\\/kuali.com.mx\\\/web\\\/2025\\\/07\\\/05\\\/no-tendran-impacto-en-seguridad-padron-de-motociclistas\\\/#primaryimage\",\"url\":\"https:\\\/\\\/kuali.com.mx\\\/web\\\/wp-content\\\/uploads\\\/2025\\\/07\\\/Motos.jpg\",\"contentUrl\":\"https:\\\/\\\/kuali.com.mx\\\/web\\\/wp-content\\\/uploads\\\/2025\\\/07\\\/Motos.jpg\",\"width\":1600,\"height\":720},{\"@type\":\"BreadcrumbList\",\"@id\":\"https:\\\/\\\/kuali.com.mx\\\/web\\\/2025\\\/07\\\/05\\\/no-tendran-impacto-en-seguridad-padron-de-motociclistas\\\/#breadcrumb\",\"itemListElement\":[{\"@type\":\"ListItem\",\"position\":1,\"name\":\"Inicio\",\"item\":\"https:\\\/\\\/kuali.com.mx\\\/web\\\/\"},{\"@type\":\"ListItem\",\"position\":2,\"name\":\"NO TENDR\u00c1N IMPACTO EN SEGURIDAD PADR\u00d3N DE MOTOCICLISTAS\"}]},{\"@type\":\"WebSite\",\"@id\":\"https:\\\/\\\/kuali.com.mx\\\/web\\\/#website\",\"url\":\"https:\\\/\\\/kuali.com.mx\\\/web\\\/\",\"name\":\"Kuali\",\"description\":\"\",\"potentialAction\":[{\"@type\":\"SearchAction\",\"target\":{\"@type\":\"EntryPoint\",\"urlTemplate\":\"https:\\\/\\\/kuali.com.mx\\\/web\\\/?s={search_term_string}\"},\"query-input\":{\"@type\":\"PropertyValueSpecification\",\"valueRequired\":true,\"valueName\":\"search_term_string\"}}],\"inLanguage\":\"es\"},{\"@type\":\"Person\",\"@id\":\"https:\\\/\\\/kuali.com.mx\\\/web\\\/#\\\/schema\\\/person\\\/6f89ffa8ecba9dae50662357923c5289\",\"name\":\"Kuali Staff\",\"image\":{\"@type\":\"ImageObject\",\"inLanguage\":\"es\",\"@id\":\"https:\\\/\\\/secure.gravatar.com\\\/avatar\\\/f917ad82e5ab71227a733c78b6e60715476f69ee6be59feee4eb5d9920c89e0f?s=96&d=mm&r=g\",\"url\":\"https:\\\/\\\/secure.gravatar.com\\\/avatar\\\/f917ad82e5ab71227a733c78b6e60715476f69ee6be59feee4eb5d9920c89e0f?s=96&d=mm&r=g\",\"contentUrl\":\"https:\\\/\\\/secure.gravatar.com\\\/avatar\\\/f917ad82e5ab71227a733c78b6e60715476f69ee6be59feee4eb5d9920c89e0f?s=96&d=mm&r=g\",\"caption\":\"Kuali Staff\"},\"url\":\"https:\\\/\\\/kuali.com.mx\\\/web\\\/author\\\/lagarto\\\/\"}]}<\/script>\n<!-- \/ Yoast SEO plugin. -->","yoast_head_json":{"title":"NO TENDR\u00c1N IMPACTO EN SEGURIDAD PADR\u00d3N DE MOTOCICLISTAS - Kuali","robots":{"index":"index","follow":"follow","max-snippet":"max-snippet:-1","max-image-preview":"max-image-preview:large","max-video-preview":"max-video-preview:-1"},"canonical":"https:\/\/kuali.com.mx\/web\/2025\/07\/05\/no-tendran-impacto-en-seguridad-padron-de-motociclistas\/","og_locale":"es_MX","og_type":"article","og_title":"NO TENDR\u00c1N IMPACTO EN SEGURIDAD PADR\u00d3N DE MOTOCICLISTAS - Kuali","og_description":"Milagros Tadeo\/Le\u00f3n, Gto.-&nbsp;El presidente del Club Jaguares de Le\u00f3n, Jos\u00e9 Luis Mart\u00ednez, se\u00f1al\u00f3 que la medida establecida para que los motociclistas porten n\u00famero de placa en el casco no tendr\u00e1 ning\u00fan impacto en la prevenci\u00f3n de delitos, incluso se\u00f1al\u00f3 que es una manera de ponerlos en peligro. Dijo que al exhibir los n\u00fameros de las [&hellip;]","og_url":"https:\/\/kuali.com.mx\/web\/2025\/07\/05\/no-tendran-impacto-en-seguridad-padron-de-motociclistas\/","og_site_name":"Kuali","article_publisher":"https:\/\/kuali.com.mx\/web\/wp-content\/uploads\/2018\/04\/cropped-kuali_logo-1-1.png","article_published_time":"2025-07-05T18:30:00+00:00","article_modified_time":"2025-07-05T19:32:20+00:00","og_image":[{"width":1600,"height":720,"url":"https:\/\/kuali.com.mx\/web\/wp-content\/uploads\/2025\/07\/Motos.jpg","type":"image\/jpeg"}],"author":"Kuali Staff","twitter_card":"summary_large_image","twitter_creator":"@kuali_noticias","twitter_site":"@kuali_noticias","twitter_misc":{"Escrito por":"Kuali Staff","Tiempo de lectura":"2 minutos"},"schema":{"@context":"https:\/\/schema.org","@graph":[{"@type":"Article","@id":"https:\/\/kuali.com.mx\/web\/2025\/07\/05\/no-tendran-impacto-en-seguridad-padron-de-motociclistas\/#article","isPartOf":{"@id":"https:\/\/kuali.com.mx\/web\/2025\/07\/05\/no-tendran-impacto-en-seguridad-padron-de-motociclistas\/"},"author":{"name":"Kuali Staff","@id":"https:\/\/kuali.com.mx\/web\/#\/schema\/person\/6f89ffa8ecba9dae50662357923c5289"},"headline":"NO TENDR\u00c1N IMPACTO EN SEGURIDAD PADR\u00d3N DE MOTOCICLISTAS","datePublished":"2025-07-05T18:30:00+00:00","dateModified":"2025-07-05T19:32:20+00:00","mainEntityOfPage":{"@id":"https:\/\/kuali.com.mx\/web\/2025\/07\/05\/no-tendran-impacto-en-seguridad-padron-de-motociclistas\/"},"wordCount":332,"commentCount":0,"image":{"@id":"https:\/\/kuali.com.mx\/web\/2025\/07\/05\/no-tendran-impacto-en-seguridad-padron-de-motociclistas\/#primaryimage"},"thumbnailUrl":"https:\/\/kuali.com.mx\/web\/wp-content\/uploads\/2025\/07\/Motos.jpg","articleSection":["Pol\u00edtica"],"inLanguage":"es","potentialAction":[{"@type":"CommentAction","name":"Comment","target":["https:\/\/kuali.com.mx\/web\/2025\/07\/05\/no-tendran-impacto-en-seguridad-padron-de-motociclistas\/#respond"]}]},{"@type":"WebPage","@id":"https:\/\/kuali.com.mx\/web\/2025\/07\/05\/no-tendran-impacto-en-seguridad-padron-de-motociclistas\/","url":"https:\/\/kuali.com.mx\/web\/2025\/07\/05\/no-tendran-impacto-en-seguridad-padron-de-motociclistas\/","name":"NO TENDR\u00c1N IMPACTO EN SEGURIDAD PADR\u00d3N DE MOTOCICLISTAS - Kuali","isPartOf":{"@id":"https:\/\/kuali.com.mx\/web\/#website"},"primaryImageOfPage":{"@id":"https:\/\/kuali.com.mx\/web\/2025\/07\/05\/no-tendran-impacto-en-seguridad-padron-de-motociclistas\/#primaryimage"},"image":{"@id":"https:\/\/kuali.com.mx\/web\/2025\/07\/05\/no-tendran-impacto-en-seguridad-padron-de-motociclistas\/#primaryimage"},"thumbnailUrl":"https:\/\/kuali.com.mx\/web\/wp-content\/uploads\/2025\/07\/Motos.jpg","datePublished":"2025-07-05T18:30:00+00:00","dateModified":"2025-07-05T19:32:20+00:00","author":{"@id":"https:\/\/kuali.com.mx\/web\/#\/schema\/person\/6f89ffa8ecba9dae50662357923c5289"},"breadcrumb":{"@id":"https:\/\/kuali.com.mx\/web\/2025\/07\/05\/no-tendran-impacto-en-seguridad-padron-de-motociclistas\/#breadcrumb"},"inLanguage":"es","potentialAction":[{"@type":"ReadAction","target":["https:\/\/kuali.com.mx\/web\/2025\/07\/05\/no-tendran-impacto-en-seguridad-padron-de-motociclistas\/"]}]},{"@type":"ImageObject","inLanguage":"es","@id":"https:\/\/kuali.com.mx\/web\/2025\/07\/05\/no-tendran-impacto-en-seguridad-padron-de-motociclistas\/#primaryimage","url":"https:\/\/kuali.com.mx\/web\/wp-content\/uploads\/2025\/07\/Motos.jpg","contentUrl":"https:\/\/kuali.com.mx\/web\/wp-content\/uploads\/2025\/07\/Motos.jpg","width":1600,"height":720},{"@type":"BreadcrumbList","@id":"https:\/\/kuali.com.mx\/web\/2025\/07\/05\/no-tendran-impacto-en-seguridad-padron-de-motociclistas\/#breadcrumb","itemListElement":[{"@type":"ListItem","position":1,"name":"Inicio","item":"https:\/\/kuali.com.mx\/web\/"},{"@type":"ListItem","position":2,"name":"NO TENDR\u00c1N IMPACTO EN SEGURIDAD PADR\u00d3N DE MOTOCICLISTAS"}]},{"@type":"WebSite","@id":"https:\/\/kuali.com.mx\/web\/#website","url":"https:\/\/kuali.com.mx\/web\/","name":"Kuali","description":"","potentialAction":[{"@type":"SearchAction","target":{"@type":"EntryPoint","urlTemplate":"https:\/\/kuali.com.mx\/web\/?s={search_term_string}"},"query-input":{"@type":"PropertyValueSpecification","valueRequired":true,"valueName":"search_term_string"}}],"inLanguage":"es"},{"@type":"Person","@id":"https:\/\/kuali.com.mx\/web\/#\/schema\/person\/6f89ffa8ecba9dae50662357923c5289","name":"Kuali Staff","image":{"@type":"ImageObject","inLanguage":"es","@id":"https:\/\/secure.gravatar.com\/avatar\/f917ad82e5ab71227a733c78b6e60715476f69ee6be59feee4eb5d9920c89e0f?s=96&d=mm&r=g","url":"https:\/\/secure.gravatar.com\/avatar\/f917ad82e5ab71227a733c78b6e60715476f69ee6be59feee4eb5d9920c89e0f?s=96&d=mm&r=g","contentUrl":"https:\/\/secure.gravatar.com\/avatar\/f917ad82e5ab71227a733c78b6e60715476f69ee6be59feee4eb5d9920c89e0f?s=96&d=mm&r=g","caption":"Kuali Staff"},"url":"https:\/\/kuali.com.mx\/web\/author\/lagarto\/"}]}},"_links":{"self":[{"href":"https:\/\/kuali.com.mx\/web\/wp-json\/wp\/v2\/posts\/179624","targetHints":{"allow":["GET"]}}],"collection":[{"href":"https:\/\/kuali.com.mx\/web\/wp-json\/wp\/v2\/posts"}],"about":[{"href":"https:\/\/kuali.com.mx\/web\/wp-json\/wp\/v2\/types\/post"}],"author":[{"embeddable":true,"href":"https:\/\/kuali.com.mx\/web\/wp-json\/wp\/v2\/users\/2"}],"replies":[{"embeddable":true,"href":"https:\/\/kuali.com.mx\/web\/wp-json\/wp\/v2\/comments?post=179624"}],"version-history":[{"count":1,"href":"https:\/\/kuali.com.mx\/web\/wp-json\/wp\/v2\/posts\/179624\/revisions"}],"predecessor-version":[{"id":179628,"href":"https:\/\/kuali.com.mx\/web\/wp-json\/wp\/v2\/posts\/179624\/revisions\/179628"}],"wp:featuredmedia":[{"embeddable":true,"href":"https:\/\/kuali.com.mx\/web\/wp-json\/wp\/v2\/media\/179627"}],"wp:attachment":[{"href":"https:\/\/kuali.com.mx\/web\/wp-json\/wp\/v2\/media?parent=179624"}],"wp:term":[{"taxonomy":"category","embeddable":true,"href":"https:\/\/kuali.com.mx\/web\/wp-json\/wp\/v2\/categories?post=179624"},{"taxonomy":"post_tag","embeddable":true,"href":"https:\/\/kuali.com.mx\/web\/wp-json\/wp\/v2\/tags?post=179624"}],"curies":[{"name":"wp","href":"https:\/\/api.w.org\/{rel}","templated":true}]}}