{"id":179610,"date":"2025-07-05T11:22:00","date_gmt":"2025-07-05T17:22:00","guid":{"rendered":"https:\/\/kuali.com.mx\/web\/?p=179610"},"modified":"2025-07-05T13:25:05","modified_gmt":"2025-07-05T19:25:05","slug":"cumple-6-anos-de-operacion-el-transporte-incluyente","status":"publish","type":"post","link":"https:\/\/kuali.com.mx\/web\/2025\/07\/05\/cumple-6-anos-de-operacion-el-transporte-incluyente\/","title":{"rendered":"CUMPLE 6 A\u00d1OS DE OPERACI\u00d3N EL TRANSPORTE INCLUYENTE"},"content":{"rendered":"\n<p><strong><em>Kuali\/Le\u00f3n, Gto.- <\/em><\/strong>El Transporte Urbano Incluyente (TUI) celebra seis a\u00f1os de ofrecer un servicio gratuito y accesible para personas con discapacidad y movilidad reducida.<\/p>\n\n\n\n<p>El TUI es una extensi\u00f3n especializada del Sistema Integrado de Transporte (SIT), y actualmente opera en 14 rutas que conecta a las principales terminales de transferencia: Delta, Timoteo Lozano, San Juan Bosco y San Jer\u00f3nimo.<\/p>\n\n\n\n<p>Mensualmente se atiende una poblaci\u00f3n de m\u00e1s de 2 mil 500 personas usuarias, apoy\u00e1ndolos para que puedan realizar sus actividades cotidianas de forma segura.<\/p>\n\n\n\n<p>Del total de usuarios, el 40% utiliza silla de ruedas, y el resto corresponde a adultos mayores con movilidad limitada o personas con discapacidad psicomotriz, cognitiva o intelectual.<\/p>\n\n\n\n<p>Para atender este sector de la poblaci\u00f3n, el programa cuenta con 10 unidades tipo van, adaptadas con capacidad para trasladar hasta 15 pasajeros, as\u00ed como, con 10 operadores profesionales, capacitados por el Instituto Guanajuatense para las Personas con Discapacidad (INGUDIS).<\/p>\n\n\n\n<p>Las unidades operan en paradas oficiales se\u00f1alizadas, donde los usuarios pueden abordar con seguridad. Las rutas y horarios est\u00e1n disponibles en la p\u00e1gina oficial de la Direcci\u00f3n General de Movilidad. https:\/\/leon.gob.mx\/movilidad\/articulo.php?a=389<\/p>\n","protected":false},"excerpt":{"rendered":"Kuali\/Le\u00f3n, Gto.- El Transporte Urbano Incluyente (TUI) celebra seis a\u00f1os de ofrecer un servicio gratuito y accesible para personas con discapacidad y movilidad reducida. El TUI es una extensi\u00f3n especializada del Sistema Integrado de Transporte (SIT), y actualmente opera en 14 rutas que conecta a las principales terminales de transferencia: Delta, Timoteo Lozano, San Juan [&hellip;]","protected":false},"author":2,"featured_media":179613,"comment_status":"open","ping_status":"open","sticky":false,"template":"","format":"standard","meta":{"_seopress_robots_primary_cat":"none","_seopress_titles_title":"","_seopress_titles_desc":"","_seopress_robots_index":"","_monsterinsights_skip_tracking":false,"_monsterinsights_sitenote_active":false,"_monsterinsights_sitenote_note":"","_monsterinsights_sitenote_category":0,"footnotes":""},"categories":[14],"tags":[],"class_list":["post-179610","post","type-post","status-publish","format-standard","has-post-thumbnail","hentry","category-derechos"],"yoast_head":"<!-- This site is optimized with the Yoast SEO plugin v27.4 - https:\/\/yoast.com\/product\/yoast-seo-wordpress\/ -->\n<title>CUMPLE 6 A\u00d1OS DE OPERACI\u00d3N EL TRANSPORTE INCLUYENTE - Kuali<\/title>\n<meta name=\"robots\" content=\"index, follow, max-snippet:-1, max-image-preview:large, max-video-preview:-1\" \/>\n<link rel=\"canonical\" href=\"https:\/\/kuali.com.mx\/web\/2025\/07\/05\/cumple-6-anos-de-operacion-el-transporte-incluyente\/\" \/>\n<meta property=\"og:locale\" content=\"es_MX\" \/>\n<meta property=\"og:type\" content=\"article\" \/>\n<meta property=\"og:title\" content=\"CUMPLE 6 A\u00d1OS DE OPERACI\u00d3N EL TRANSPORTE INCLUYENTE - Kuali\" \/>\n<meta property=\"og:description\" content=\"Kuali\/Le\u00f3n, Gto.- El Transporte Urbano Incluyente (TUI) celebra seis a\u00f1os de ofrecer un servicio gratuito y accesible para personas con discapacidad y movilidad reducida. El TUI es una extensi\u00f3n especializada del Sistema Integrado de Transporte (SIT), y actualmente opera en 14 rutas que conecta a las principales terminales de transferencia: Delta, Timoteo Lozano, San Juan [&hellip;]\" \/>\n<meta property=\"og:url\" content=\"https:\/\/kuali.com.mx\/web\/2025\/07\/05\/cumple-6-anos-de-operacion-el-transporte-incluyente\/\" \/>\n<meta property=\"og:site_name\" content=\"Kuali\" \/>\n<meta property=\"article:publisher\" content=\"https:\/\/kuali.com.mx\/web\/wp-content\/uploads\/2018\/04\/cropped-kuali_logo-1-1.png\" \/>\n<meta property=\"article:published_time\" content=\"2025-07-05T17:22:00+00:00\" \/>\n<meta property=\"article:modified_time\" content=\"2025-07-05T19:25:05+00:00\" \/>\n<meta property=\"og:image\" content=\"https:\/\/kuali.com.mx\/web\/wp-content\/uploads\/2025\/07\/Transporte-Urbano-Incluyente-Leon.jpeg\" \/>\n\t<meta property=\"og:image:width\" content=\"1599\" \/>\n\t<meta property=\"og:image:height\" content=\"899\" \/>\n\t<meta property=\"og:image:type\" content=\"image\/jpeg\" \/>\n<meta name=\"author\" content=\"Kuali Staff\" \/>\n<meta name=\"twitter:card\" content=\"summary_large_image\" \/>\n<meta name=\"twitter:creator\" content=\"@kuali_noticias\" \/>\n<meta name=\"twitter:site\" content=\"@kuali_noticias\" \/>\n<meta name=\"twitter:label1\" content=\"Escrito por\" \/>\n\t<meta name=\"twitter:data1\" content=\"Kuali Staff\" \/>\n\t<meta name=\"twitter:label2\" content=\"Tiempo de lectura\" \/>\n\t<meta name=\"twitter:data2\" content=\"1 minuto\" \/>\n<script type=\"application\/ld+json\" class=\"yoast-schema-graph\">{\"@context\":\"https:\\\/\\\/schema.org\",\"@graph\":[{\"@type\":\"Article\",\"@id\":\"https:\\\/\\\/kuali.com.mx\\\/web\\\/2025\\\/07\\\/05\\\/cumple-6-anos-de-operacion-el-transporte-incluyente\\\/#article\",\"isPartOf\":{\"@id\":\"https:\\\/\\\/kuali.com.mx\\\/web\\\/2025\\\/07\\\/05\\\/cumple-6-anos-de-operacion-el-transporte-incluyente\\\/\"},\"author\":{\"name\":\"Kuali Staff\",\"@id\":\"https:\\\/\\\/kuali.com.mx\\\/web\\\/#\\\/schema\\\/person\\\/6f89ffa8ecba9dae50662357923c5289\"},\"headline\":\"CUMPLE 6 A\u00d1OS DE OPERACI\u00d3N EL TRANSPORTE INCLUYENTE\",\"datePublished\":\"2025-07-05T17:22:00+00:00\",\"dateModified\":\"2025-07-05T19:25:05+00:00\",\"mainEntityOfPage\":{\"@id\":\"https:\\\/\\\/kuali.com.mx\\\/web\\\/2025\\\/07\\\/05\\\/cumple-6-anos-de-operacion-el-transporte-incluyente\\\/\"},\"wordCount\":205,\"commentCount\":0,\"image\":{\"@id\":\"https:\\\/\\\/kuali.com.mx\\\/web\\\/2025\\\/07\\\/05\\\/cumple-6-anos-de-operacion-el-transporte-incluyente\\\/#primaryimage\"},\"thumbnailUrl\":\"https:\\\/\\\/kuali.com.mx\\\/web\\\/wp-content\\\/uploads\\\/2025\\\/07\\\/Transporte-Urbano-Incluyente-Leon.jpeg\",\"articleSection\":[\"Derechos Humanos\"],\"inLanguage\":\"es\",\"potentialAction\":[{\"@type\":\"CommentAction\",\"name\":\"Comment\",\"target\":[\"https:\\\/\\\/kuali.com.mx\\\/web\\\/2025\\\/07\\\/05\\\/cumple-6-anos-de-operacion-el-transporte-incluyente\\\/#respond\"]}]},{\"@type\":\"WebPage\",\"@id\":\"https:\\\/\\\/kuali.com.mx\\\/web\\\/2025\\\/07\\\/05\\\/cumple-6-anos-de-operacion-el-transporte-incluyente\\\/\",\"url\":\"https:\\\/\\\/kuali.com.mx\\\/web\\\/2025\\\/07\\\/05\\\/cumple-6-anos-de-operacion-el-transporte-incluyente\\\/\",\"name\":\"CUMPLE 6 A\u00d1OS DE OPERACI\u00d3N EL TRANSPORTE INCLUYENTE - Kuali\",\"isPartOf\":{\"@id\":\"https:\\\/\\\/kuali.com.mx\\\/web\\\/#website\"},\"primaryImageOfPage\":{\"@id\":\"https:\\\/\\\/kuali.com.mx\\\/web\\\/2025\\\/07\\\/05\\\/cumple-6-anos-de-operacion-el-transporte-incluyente\\\/#primaryimage\"},\"image\":{\"@id\":\"https:\\\/\\\/kuali.com.mx\\\/web\\\/2025\\\/07\\\/05\\\/cumple-6-anos-de-operacion-el-transporte-incluyente\\\/#primaryimage\"},\"thumbnailUrl\":\"https:\\\/\\\/kuali.com.mx\\\/web\\\/wp-content\\\/uploads\\\/2025\\\/07\\\/Transporte-Urbano-Incluyente-Leon.jpeg\",\"datePublished\":\"2025-07-05T17:22:00+00:00\",\"dateModified\":\"2025-07-05T19:25:05+00:00\",\"author\":{\"@id\":\"https:\\\/\\\/kuali.com.mx\\\/web\\\/#\\\/schema\\\/person\\\/6f89ffa8ecba9dae50662357923c5289\"},\"breadcrumb\":{\"@id\":\"https:\\\/\\\/kuali.com.mx\\\/web\\\/2025\\\/07\\\/05\\\/cumple-6-anos-de-operacion-el-transporte-incluyente\\\/#breadcrumb\"},\"inLanguage\":\"es\",\"potentialAction\":[{\"@type\":\"ReadAction\",\"target\":[\"https:\\\/\\\/kuali.com.mx\\\/web\\\/2025\\\/07\\\/05\\\/cumple-6-anos-de-operacion-el-transporte-incluyente\\\/\"]}]},{\"@type\":\"ImageObject\",\"inLanguage\":\"es\",\"@id\":\"https:\\\/\\\/kuali.com.mx\\\/web\\\/2025\\\/07\\\/05\\\/cumple-6-anos-de-operacion-el-transporte-incluyente\\\/#primaryimage\",\"url\":\"https:\\\/\\\/kuali.com.mx\\\/web\\\/wp-content\\\/uploads\\\/2025\\\/07\\\/Transporte-Urbano-Incluyente-Leon.jpeg\",\"contentUrl\":\"https:\\\/\\\/kuali.com.mx\\\/web\\\/wp-content\\\/uploads\\\/2025\\\/07\\\/Transporte-Urbano-Incluyente-Leon.jpeg\",\"width\":1599,\"height\":899},{\"@type\":\"BreadcrumbList\",\"@id\":\"https:\\\/\\\/kuali.com.mx\\\/web\\\/2025\\\/07\\\/05\\\/cumple-6-anos-de-operacion-el-transporte-incluyente\\\/#breadcrumb\",\"itemListElement\":[{\"@type\":\"ListItem\",\"position\":1,\"name\":\"Inicio\",\"item\":\"https:\\\/\\\/kuali.com.mx\\\/web\\\/\"},{\"@type\":\"ListItem\",\"position\":2,\"name\":\"CUMPLE 6 A\u00d1OS DE OPERACI\u00d3N EL TRANSPORTE INCLUYENTE\"}]},{\"@type\":\"WebSite\",\"@id\":\"https:\\\/\\\/kuali.com.mx\\\/web\\\/#website\",\"url\":\"https:\\\/\\\/kuali.com.mx\\\/web\\\/\",\"name\":\"Kuali\",\"description\":\"\",\"potentialAction\":[{\"@type\":\"SearchAction\",\"target\":{\"@type\":\"EntryPoint\",\"urlTemplate\":\"https:\\\/\\\/kuali.com.mx\\\/web\\\/?s={search_term_string}\"},\"query-input\":{\"@type\":\"PropertyValueSpecification\",\"valueRequired\":true,\"valueName\":\"search_term_string\"}}],\"inLanguage\":\"es\"},{\"@type\":\"Person\",\"@id\":\"https:\\\/\\\/kuali.com.mx\\\/web\\\/#\\\/schema\\\/person\\\/6f89ffa8ecba9dae50662357923c5289\",\"name\":\"Kuali Staff\",\"image\":{\"@type\":\"ImageObject\",\"inLanguage\":\"es\",\"@id\":\"https:\\\/\\\/secure.gravatar.com\\\/avatar\\\/f917ad82e5ab71227a733c78b6e60715476f69ee6be59feee4eb5d9920c89e0f?s=96&d=mm&r=g\",\"url\":\"https:\\\/\\\/secure.gravatar.com\\\/avatar\\\/f917ad82e5ab71227a733c78b6e60715476f69ee6be59feee4eb5d9920c89e0f?s=96&d=mm&r=g\",\"contentUrl\":\"https:\\\/\\\/secure.gravatar.com\\\/avatar\\\/f917ad82e5ab71227a733c78b6e60715476f69ee6be59feee4eb5d9920c89e0f?s=96&d=mm&r=g\",\"caption\":\"Kuali Staff\"},\"url\":\"https:\\\/\\\/kuali.com.mx\\\/web\\\/author\\\/lagarto\\\/\"}]}<\/script>\n<!-- \/ Yoast SEO plugin. -->","yoast_head_json":{"title":"CUMPLE 6 A\u00d1OS DE OPERACI\u00d3N EL TRANSPORTE INCLUYENTE - Kuali","robots":{"index":"index","follow":"follow","max-snippet":"max-snippet:-1","max-image-preview":"max-image-preview:large","max-video-preview":"max-video-preview:-1"},"canonical":"https:\/\/kuali.com.mx\/web\/2025\/07\/05\/cumple-6-anos-de-operacion-el-transporte-incluyente\/","og_locale":"es_MX","og_type":"article","og_title":"CUMPLE 6 A\u00d1OS DE OPERACI\u00d3N EL TRANSPORTE INCLUYENTE - Kuali","og_description":"Kuali\/Le\u00f3n, Gto.- El Transporte Urbano Incluyente (TUI) celebra seis a\u00f1os de ofrecer un servicio gratuito y accesible para personas con discapacidad y movilidad reducida. El TUI es una extensi\u00f3n especializada del Sistema Integrado de Transporte (SIT), y actualmente opera en 14 rutas que conecta a las principales terminales de transferencia: Delta, Timoteo Lozano, San Juan [&hellip;]","og_url":"https:\/\/kuali.com.mx\/web\/2025\/07\/05\/cumple-6-anos-de-operacion-el-transporte-incluyente\/","og_site_name":"Kuali","article_publisher":"https:\/\/kuali.com.mx\/web\/wp-content\/uploads\/2018\/04\/cropped-kuali_logo-1-1.png","article_published_time":"2025-07-05T17:22:00+00:00","article_modified_time":"2025-07-05T19:25:05+00:00","og_image":[{"width":1599,"height":899,"url":"https:\/\/kuali.com.mx\/web\/wp-content\/uploads\/2025\/07\/Transporte-Urbano-Incluyente-Leon.jpeg","type":"image\/jpeg"}],"author":"Kuali Staff","twitter_card":"summary_large_image","twitter_creator":"@kuali_noticias","twitter_site":"@kuali_noticias","twitter_misc":{"Escrito por":"Kuali Staff","Tiempo de lectura":"1 minuto"},"schema":{"@context":"https:\/\/schema.org","@graph":[{"@type":"Article","@id":"https:\/\/kuali.com.mx\/web\/2025\/07\/05\/cumple-6-anos-de-operacion-el-transporte-incluyente\/#article","isPartOf":{"@id":"https:\/\/kuali.com.mx\/web\/2025\/07\/05\/cumple-6-anos-de-operacion-el-transporte-incluyente\/"},"author":{"name":"Kuali Staff","@id":"https:\/\/kuali.com.mx\/web\/#\/schema\/person\/6f89ffa8ecba9dae50662357923c5289"},"headline":"CUMPLE 6 A\u00d1OS DE OPERACI\u00d3N EL TRANSPORTE INCLUYENTE","datePublished":"2025-07-05T17:22:00+00:00","dateModified":"2025-07-05T19:25:05+00:00","mainEntityOfPage":{"@id":"https:\/\/kuali.com.mx\/web\/2025\/07\/05\/cumple-6-anos-de-operacion-el-transporte-incluyente\/"},"wordCount":205,"commentCount":0,"image":{"@id":"https:\/\/kuali.com.mx\/web\/2025\/07\/05\/cumple-6-anos-de-operacion-el-transporte-incluyente\/#primaryimage"},"thumbnailUrl":"https:\/\/kuali.com.mx\/web\/wp-content\/uploads\/2025\/07\/Transporte-Urbano-Incluyente-Leon.jpeg","articleSection":["Derechos Humanos"],"inLanguage":"es","potentialAction":[{"@type":"CommentAction","name":"Comment","target":["https:\/\/kuali.com.mx\/web\/2025\/07\/05\/cumple-6-anos-de-operacion-el-transporte-incluyente\/#respond"]}]},{"@type":"WebPage","@id":"https:\/\/kuali.com.mx\/web\/2025\/07\/05\/cumple-6-anos-de-operacion-el-transporte-incluyente\/","url":"https:\/\/kuali.com.mx\/web\/2025\/07\/05\/cumple-6-anos-de-operacion-el-transporte-incluyente\/","name":"CUMPLE 6 A\u00d1OS DE OPERACI\u00d3N EL TRANSPORTE INCLUYENTE - Kuali","isPartOf":{"@id":"https:\/\/kuali.com.mx\/web\/#website"},"primaryImageOfPage":{"@id":"https:\/\/kuali.com.mx\/web\/2025\/07\/05\/cumple-6-anos-de-operacion-el-transporte-incluyente\/#primaryimage"},"image":{"@id":"https:\/\/kuali.com.mx\/web\/2025\/07\/05\/cumple-6-anos-de-operacion-el-transporte-incluyente\/#primaryimage"},"thumbnailUrl":"https:\/\/kuali.com.mx\/web\/wp-content\/uploads\/2025\/07\/Transporte-Urbano-Incluyente-Leon.jpeg","datePublished":"2025-07-05T17:22:00+00:00","dateModified":"2025-07-05T19:25:05+00:00","author":{"@id":"https:\/\/kuali.com.mx\/web\/#\/schema\/person\/6f89ffa8ecba9dae50662357923c5289"},"breadcrumb":{"@id":"https:\/\/kuali.com.mx\/web\/2025\/07\/05\/cumple-6-anos-de-operacion-el-transporte-incluyente\/#breadcrumb"},"inLanguage":"es","potentialAction":[{"@type":"ReadAction","target":["https:\/\/kuali.com.mx\/web\/2025\/07\/05\/cumple-6-anos-de-operacion-el-transporte-incluyente\/"]}]},{"@type":"ImageObject","inLanguage":"es","@id":"https:\/\/kuali.com.mx\/web\/2025\/07\/05\/cumple-6-anos-de-operacion-el-transporte-incluyente\/#primaryimage","url":"https:\/\/kuali.com.mx\/web\/wp-content\/uploads\/2025\/07\/Transporte-Urbano-Incluyente-Leon.jpeg","contentUrl":"https:\/\/kuali.com.mx\/web\/wp-content\/uploads\/2025\/07\/Transporte-Urbano-Incluyente-Leon.jpeg","width":1599,"height":899},{"@type":"BreadcrumbList","@id":"https:\/\/kuali.com.mx\/web\/2025\/07\/05\/cumple-6-anos-de-operacion-el-transporte-incluyente\/#breadcrumb","itemListElement":[{"@type":"ListItem","position":1,"name":"Inicio","item":"https:\/\/kuali.com.mx\/web\/"},{"@type":"ListItem","position":2,"name":"CUMPLE 6 A\u00d1OS DE OPERACI\u00d3N EL TRANSPORTE INCLUYENTE"}]},{"@type":"WebSite","@id":"https:\/\/kuali.com.mx\/web\/#website","url":"https:\/\/kuali.com.mx\/web\/","name":"Kuali","description":"","potentialAction":[{"@type":"SearchAction","target":{"@type":"EntryPoint","urlTemplate":"https:\/\/kuali.com.mx\/web\/?s={search_term_string}"},"query-input":{"@type":"PropertyValueSpecification","valueRequired":true,"valueName":"search_term_string"}}],"inLanguage":"es"},{"@type":"Person","@id":"https:\/\/kuali.com.mx\/web\/#\/schema\/person\/6f89ffa8ecba9dae50662357923c5289","name":"Kuali Staff","image":{"@type":"ImageObject","inLanguage":"es","@id":"https:\/\/secure.gravatar.com\/avatar\/f917ad82e5ab71227a733c78b6e60715476f69ee6be59feee4eb5d9920c89e0f?s=96&d=mm&r=g","url":"https:\/\/secure.gravatar.com\/avatar\/f917ad82e5ab71227a733c78b6e60715476f69ee6be59feee4eb5d9920c89e0f?s=96&d=mm&r=g","contentUrl":"https:\/\/secure.gravatar.com\/avatar\/f917ad82e5ab71227a733c78b6e60715476f69ee6be59feee4eb5d9920c89e0f?s=96&d=mm&r=g","caption":"Kuali Staff"},"url":"https:\/\/kuali.com.mx\/web\/author\/lagarto\/"}]}},"_links":{"self":[{"href":"https:\/\/kuali.com.mx\/web\/wp-json\/wp\/v2\/posts\/179610","targetHints":{"allow":["GET"]}}],"collection":[{"href":"https:\/\/kuali.com.mx\/web\/wp-json\/wp\/v2\/posts"}],"about":[{"href":"https:\/\/kuali.com.mx\/web\/wp-json\/wp\/v2\/types\/post"}],"author":[{"embeddable":true,"href":"https:\/\/kuali.com.mx\/web\/wp-json\/wp\/v2\/users\/2"}],"replies":[{"embeddable":true,"href":"https:\/\/kuali.com.mx\/web\/wp-json\/wp\/v2\/comments?post=179610"}],"version-history":[{"count":1,"href":"https:\/\/kuali.com.mx\/web\/wp-json\/wp\/v2\/posts\/179610\/revisions"}],"predecessor-version":[{"id":179614,"href":"https:\/\/kuali.com.mx\/web\/wp-json\/wp\/v2\/posts\/179610\/revisions\/179614"}],"wp:featuredmedia":[{"embeddable":true,"href":"https:\/\/kuali.com.mx\/web\/wp-json\/wp\/v2\/media\/179613"}],"wp:attachment":[{"href":"https:\/\/kuali.com.mx\/web\/wp-json\/wp\/v2\/media?parent=179610"}],"wp:term":[{"taxonomy":"category","embeddable":true,"href":"https:\/\/kuali.com.mx\/web\/wp-json\/wp\/v2\/categories?post=179610"},{"taxonomy":"post_tag","embeddable":true,"href":"https:\/\/kuali.com.mx\/web\/wp-json\/wp\/v2\/tags?post=179610"}],"curies":[{"name":"wp","href":"https:\/\/api.w.org\/{rel}","templated":true}]}}