{"id":179601,"date":"2025-07-05T13:08:31","date_gmt":"2025-07-05T19:08:31","guid":{"rendered":"https:\/\/kuali.com.mx\/web\/?p=179601"},"modified":"2025-07-05T13:08:34","modified_gmt":"2025-07-05T19:08:34","slug":"denuncian-negligencia-medica-en-el-issste-de-leon","status":"publish","type":"post","link":"https:\/\/kuali.com.mx\/web\/2025\/07\/05\/denuncian-negligencia-medica-en-el-issste-de-leon\/","title":{"rendered":"DENUNCIAN NEGLIGENCIA M\u00c9DICA EN EL ISSSTE DE LE\u00d3N"},"content":{"rendered":"\n<p><em><strong>Carlos Garc\u00eda\/Le\u00f3n, Gto.-\u00a0<\/strong><\/em>Martha Patricia Alcocer Granados lleg\u00f3 al Hospital del ISSSTE en Le\u00f3n para una operaci\u00f3n ambulatoria de dos meniscos, pero en la operaci\u00f3n se infect\u00f3 con una bacteria que provoc\u00f3 que, en un lapso de dos meses, ingresara 13 veces al quir\u00f3fano y tuvieran que reconstruirle la rodilla.<\/p>\n\n\n\n<p>El cuatro de febrero ingres\u00f3 al Hospital del Instituto de Seguridad y Servicios Sociales de los Trabajadores del Estado (ISSSTE) en Le\u00f3n, donde le practicaron una artroscopia, que es un procedimiento quir\u00fargico poco invasivo y ambulatorio.<\/p>\n\n\n\n<figure class=\"wp-block-image size-large\"><img loading=\"lazy\" decoding=\"async\" width=\"1024\" height=\"768\" src=\"https:\/\/kuali.com.mx\/web\/wp-content\/uploads\/2025\/07\/Primera-Operacion-Artroscopia-1024x768.jpeg\" alt=\"\" class=\"wp-image-179605\" srcset=\"https:\/\/kuali.com.mx\/web\/wp-content\/uploads\/2025\/07\/Primera-Operacion-Artroscopia-1024x768.jpeg 1024w, https:\/\/kuali.com.mx\/web\/wp-content\/uploads\/2025\/07\/Primera-Operacion-Artroscopia-300x225.jpeg 300w, https:\/\/kuali.com.mx\/web\/wp-content\/uploads\/2025\/07\/Primera-Operacion-Artroscopia-768x576.jpeg 768w, https:\/\/kuali.com.mx\/web\/wp-content\/uploads\/2025\/07\/Primera-Operacion-Artroscopia-1536x1152.jpeg 1536w, https:\/\/kuali.com.mx\/web\/wp-content\/uploads\/2025\/07\/Primera-Operacion-Artroscopia-155x116.jpeg 155w, https:\/\/kuali.com.mx\/web\/wp-content\/uploads\/2025\/07\/Primera-Operacion-Artroscopia-rotated.jpeg 1600w\" sizes=\"auto, (max-width: 1024px) 100vw, 1024px\" \/><\/figure>\n\n\n\n<p>Martha Alcocer, trabajadora administrativa del \u00e1rea jur\u00eddica de la delegaci\u00f3n del ISSSTE en Celaya, sali\u00f3 con dos peque\u00f1as incisiones en la rodilla izquierda, pero como se infect\u00f3 con una bacteria pseudomona, su salud se complic\u00f3.<\/p>\n\n\n\n<p>La funcionaria del ISSSTE narr\u00f3 que despu\u00e9s de que la dieron de alta, comenz\u00f3 a tener dolores muy fuertes en la rodilla y viaj\u00f3 de Celaya al \u00e1rea de urgencias del hospital en Le\u00f3n, donde le drenaron sangre del \u00e1rea infectada.<\/p>\n\n\n\n<p>Sin embargo, el dolor no paraba y fue en varias ocasiones a revisi\u00f3n m\u00e9dica, pero el cuatro de marzo, cuando le quitaron las puntadas de la rodilla, sal\u00eda un l\u00edquido; es ingresada al quir\u00f3fano y queda hospitalizada.<\/p>\n\n\n\n<p>La mujer record\u00f3 que mandan analizar el l\u00edquido para determinar por qu\u00e9 la rodilla est\u00e1 inflamada y el dolor no para.<\/p>\n\n\n\n<p>De someterse a una operaci\u00f3n ambulatoria, poco invasiva, Martha Patricia pas\u00f3 58 d\u00edas hospitalizada, tiempo en el que ingres\u00f3 13 veces al quir\u00f3fano para curaciones quir\u00fargicas y para una reconstrucci\u00f3n de rodilla.<\/p>\n\n\n\n<figure class=\"wp-block-image size-large\"><img loading=\"lazy\" decoding=\"async\" width=\"1024\" height=\"768\" src=\"https:\/\/kuali.com.mx\/web\/wp-content\/uploads\/2025\/07\/Extraccion-del-liquido-1-1024x768.jpeg\" alt=\"\" class=\"wp-image-179606\" srcset=\"https:\/\/kuali.com.mx\/web\/wp-content\/uploads\/2025\/07\/Extraccion-del-liquido-1-1024x768.jpeg 1024w, https:\/\/kuali.com.mx\/web\/wp-content\/uploads\/2025\/07\/Extraccion-del-liquido-1-300x225.jpeg 300w, https:\/\/kuali.com.mx\/web\/wp-content\/uploads\/2025\/07\/Extraccion-del-liquido-1-768x576.jpeg 768w, https:\/\/kuali.com.mx\/web\/wp-content\/uploads\/2025\/07\/Extraccion-del-liquido-1-155x116.jpeg 155w, https:\/\/kuali.com.mx\/web\/wp-content\/uploads\/2025\/07\/Extraccion-del-liquido-1-rotated.jpeg 1280w\" sizes=\"auto, (max-width: 1024px) 100vw, 1024px\" \/><\/figure>\n\n\n\n<p>De tener dos incisiones a los costados de la rodilla, los doctores tuvieron que hacer una abertura de unos 25 cent\u00edmetros para drenar el l\u00edquido que se acumulaba.<\/p>\n\n\n\n<p>Para el procedimiento se us\u00f3 el VAC (Cierre Asistido por Vac\u00edo), que es una bomba que crea vac\u00edo para eliminar fluidos y ayudar a la cicatrizaci\u00f3n.<\/p>\n\n\n\n<p>El procedimiento da\u00f1\u00f3 la rodilla, y a Martha tuvieron que ponerle un \u201ccolgajo\u201d, que es un injerto que sacaron de la parte trasera de su pierna.<\/p>\n\n\n\n<p>\u201cAs\u00ed estuve en 58 d\u00edas, entrando y saliendo al quir\u00f3fano. Claro que hubo descompensaci\u00f3n; una vez que entr\u00e9, estoy con p\u00e9rdida de sangre y me pusieron 10 unidades de sangre las 13 veces que entr\u00e9 al quir\u00f3fano\u201d, cont\u00f3 la afectada.<\/p>\n\n\n\n<figure class=\"wp-block-image size-large\"><img loading=\"lazy\" decoding=\"async\" width=\"1024\" height=\"768\" src=\"https:\/\/kuali.com.mx\/web\/wp-content\/uploads\/2025\/07\/Martha-2-1024x768.jpeg\" alt=\"\" class=\"wp-image-179607\" srcset=\"https:\/\/kuali.com.mx\/web\/wp-content\/uploads\/2025\/07\/Martha-2-1024x768.jpeg 1024w, https:\/\/kuali.com.mx\/web\/wp-content\/uploads\/2025\/07\/Martha-2-300x225.jpeg 300w, https:\/\/kuali.com.mx\/web\/wp-content\/uploads\/2025\/07\/Martha-2-768x576.jpeg 768w, https:\/\/kuali.com.mx\/web\/wp-content\/uploads\/2025\/07\/Martha-2-155x116.jpeg 155w, https:\/\/kuali.com.mx\/web\/wp-content\/uploads\/2025\/07\/Martha-2-rotated.jpeg 1280w\" sizes=\"auto, (max-width: 1024px) 100vw, 1024px\" \/><\/figure>\n\n\n\n<p>Martha Patricia Alcocer narr\u00f3 que personal del hospital le coment\u00f3 que no era la \u00fanica paciente que se infect\u00f3 con una bacteria en el quir\u00f3fano.<\/p>\n\n\n\n<p>\u201cYo tuve la bacteria un mes ah\u00ed, hasta que el doctor abri\u00f3 y se dio cuenta de que hab\u00eda un l\u00edquido raro, que estaba rara la rodilla; de ah\u00ed empez\u00f3 el aseo, los aseos quir\u00fargicos\u201d, mencion\u00f3.<\/p>\n\n\n\n<p>La negligencia en el quir\u00f3fano gener\u00f3 que Martha extienda sus incapacidades, que ya tienen repercusiones en su trabajo en la delegaci\u00f3n del ISSSTE en Celaya.<\/p>\n\n\n\n<p>Coment\u00f3 que comenzaron a quitarle los est\u00edmulos de puntualidad y asistencia que recib\u00eda una vez al mes.&nbsp; Ahora el sindicato del ISSSTE le dijo que le van a rebajar el 50 por ciento de su sueldo.<\/p>\n\n\n\n<p>A trav\u00e9s de un oficio de hechos, denunci\u00f3 la negligencia ante el \u00d3rgano de Control Interno, al delegado administrativo, al subdelegado m\u00e9dico y ante el jefe del jur\u00eddico.<\/p>\n\n\n\n<p>El abogado de Martha Alcocer analiza las v\u00edas jur\u00eddicas que puede emprender en la Comisi\u00f3n Nacional de Arbitraje M\u00e9dico (CONAMED), en la Fiscal\u00eda General del Estado y ante un juzgado civil.<\/p>\n\n\n\n<p>\u201cLas posibles secuelas, pues yo no voy a dar cuenta hasta que realmente se acabe este proceso\u201d, refiri\u00f3.<\/p>\n\n\n\n<figure class=\"wp-block-image size-large\"><img loading=\"lazy\" decoding=\"async\" width=\"768\" height=\"1024\" src=\"https:\/\/kuali.com.mx\/web\/wp-content\/uploads\/2025\/07\/Martha-1-768x1024.jpeg\" alt=\"\" class=\"wp-image-179608\" srcset=\"https:\/\/kuali.com.mx\/web\/wp-content\/uploads\/2025\/07\/Martha-1-768x1024.jpeg 768w, https:\/\/kuali.com.mx\/web\/wp-content\/uploads\/2025\/07\/Martha-1-225x300.jpeg 225w, https:\/\/kuali.com.mx\/web\/wp-content\/uploads\/2025\/07\/Martha-1-87x116.jpeg 87w, https:\/\/kuali.com.mx\/web\/wp-content\/uploads\/2025\/07\/Martha-1.jpeg 960w\" sizes=\"auto, (max-width: 768px) 100vw, 768px\" \/><\/figure>\n","protected":false},"excerpt":{"rendered":"Carlos Garc\u00eda\/Le\u00f3n, Gto.-\u00a0Martha Patricia Alcocer Granados lleg\u00f3 al Hospital del ISSSTE en Le\u00f3n para una operaci\u00f3n ambulatoria de dos meniscos, pero en la operaci\u00f3n se infect\u00f3 con una bacteria que provoc\u00f3 que, en un lapso de dos meses, ingresara 13 veces al quir\u00f3fano y tuvieran que reconstruirle la rodilla. El cuatro de febrero ingres\u00f3 al [&hellip;]","protected":false},"author":2,"featured_media":179604,"comment_status":"open","ping_status":"open","sticky":false,"template":"","format":"standard","meta":{"_seopress_robots_primary_cat":"none","_seopress_titles_title":"","_seopress_titles_desc":"","_seopress_robots_index":"","_monsterinsights_skip_tracking":false,"_monsterinsights_sitenote_active":false,"_monsterinsights_sitenote_note":"","_monsterinsights_sitenote_category":0,"footnotes":""},"categories":[7,69],"tags":[],"class_list":["post-179601","post","type-post","status-publish","format-standard","has-post-thumbnail","hentry","category-salud","category-slider"],"yoast_head":"<!-- This site is optimized with the Yoast SEO plugin v27.4 - https:\/\/yoast.com\/product\/yoast-seo-wordpress\/ -->\n<title>DENUNCIAN NEGLIGENCIA M\u00c9DICA EN EL ISSSTE DE LE\u00d3N - Kuali<\/title>\n<meta name=\"robots\" content=\"index, follow, max-snippet:-1, max-image-preview:large, max-video-preview:-1\" \/>\n<link rel=\"canonical\" href=\"https:\/\/kuali.com.mx\/web\/2025\/07\/05\/denuncian-negligencia-medica-en-el-issste-de-leon\/\" \/>\n<meta property=\"og:locale\" content=\"es_MX\" \/>\n<meta property=\"og:type\" content=\"article\" \/>\n<meta property=\"og:title\" content=\"DENUNCIAN NEGLIGENCIA M\u00c9DICA EN EL ISSSTE DE LE\u00d3N - Kuali\" \/>\n<meta property=\"og:description\" content=\"Carlos Garc\u00eda\/Le\u00f3n, Gto.-\u00a0Martha Patricia Alcocer Granados lleg\u00f3 al Hospital del ISSSTE en Le\u00f3n para una operaci\u00f3n ambulatoria de dos meniscos, pero en la operaci\u00f3n se infect\u00f3 con una bacteria que provoc\u00f3 que, en un lapso de dos meses, ingresara 13 veces al quir\u00f3fano y tuvieran que reconstruirle la rodilla. El cuatro de febrero ingres\u00f3 al [&hellip;]\" \/>\n<meta property=\"og:url\" content=\"https:\/\/kuali.com.mx\/web\/2025\/07\/05\/denuncian-negligencia-medica-en-el-issste-de-leon\/\" \/>\n<meta property=\"og:site_name\" content=\"Kuali\" \/>\n<meta property=\"article:publisher\" content=\"https:\/\/kuali.com.mx\/web\/wp-content\/uploads\/2018\/04\/cropped-kuali_logo-1-1.png\" \/>\n<meta property=\"article:published_time\" content=\"2025-07-05T19:08:31+00:00\" \/>\n<meta property=\"article:modified_time\" content=\"2025-07-05T19:08:34+00:00\" \/>\n<meta property=\"og:image\" content=\"https:\/\/kuali.com.mx\/web\/wp-content\/uploads\/2025\/07\/Martha-3.jpeg\" \/>\n\t<meta property=\"og:image:width\" content=\"1928\" \/>\n\t<meta property=\"og:image:height\" content=\"750\" \/>\n\t<meta property=\"og:image:type\" content=\"image\/jpeg\" \/>\n<meta name=\"author\" content=\"Kuali Staff\" \/>\n<meta name=\"twitter:card\" content=\"summary_large_image\" \/>\n<meta name=\"twitter:creator\" content=\"@kuali_noticias\" \/>\n<meta name=\"twitter:site\" content=\"@kuali_noticias\" \/>\n<meta name=\"twitter:label1\" content=\"Escrito por\" \/>\n\t<meta name=\"twitter:data1\" content=\"Kuali Staff\" \/>\n\t<meta name=\"twitter:label2\" content=\"Tiempo de lectura\" \/>\n\t<meta name=\"twitter:data2\" content=\"3 minutos\" \/>\n<script type=\"application\/ld+json\" class=\"yoast-schema-graph\">{\"@context\":\"https:\\\/\\\/schema.org\",\"@graph\":[{\"@type\":\"Article\",\"@id\":\"https:\\\/\\\/kuali.com.mx\\\/web\\\/2025\\\/07\\\/05\\\/denuncian-negligencia-medica-en-el-issste-de-leon\\\/#article\",\"isPartOf\":{\"@id\":\"https:\\\/\\\/kuali.com.mx\\\/web\\\/2025\\\/07\\\/05\\\/denuncian-negligencia-medica-en-el-issste-de-leon\\\/\"},\"author\":{\"name\":\"Kuali Staff\",\"@id\":\"https:\\\/\\\/kuali.com.mx\\\/web\\\/#\\\/schema\\\/person\\\/6f89ffa8ecba9dae50662357923c5289\"},\"headline\":\"DENUNCIAN NEGLIGENCIA M\u00c9DICA EN EL ISSSTE DE LE\u00d3N\",\"datePublished\":\"2025-07-05T19:08:31+00:00\",\"dateModified\":\"2025-07-05T19:08:34+00:00\",\"mainEntityOfPage\":{\"@id\":\"https:\\\/\\\/kuali.com.mx\\\/web\\\/2025\\\/07\\\/05\\\/denuncian-negligencia-medica-en-el-issste-de-leon\\\/\"},\"wordCount\":626,\"commentCount\":1,\"image\":{\"@id\":\"https:\\\/\\\/kuali.com.mx\\\/web\\\/2025\\\/07\\\/05\\\/denuncian-negligencia-medica-en-el-issste-de-leon\\\/#primaryimage\"},\"thumbnailUrl\":\"https:\\\/\\\/kuali.com.mx\\\/web\\\/wp-content\\\/uploads\\\/2025\\\/07\\\/Martha-3.jpeg\",\"articleSection\":[\"Salud\",\"slider\"],\"inLanguage\":\"es\",\"potentialAction\":[{\"@type\":\"CommentAction\",\"name\":\"Comment\",\"target\":[\"https:\\\/\\\/kuali.com.mx\\\/web\\\/2025\\\/07\\\/05\\\/denuncian-negligencia-medica-en-el-issste-de-leon\\\/#respond\"]}]},{\"@type\":\"WebPage\",\"@id\":\"https:\\\/\\\/kuali.com.mx\\\/web\\\/2025\\\/07\\\/05\\\/denuncian-negligencia-medica-en-el-issste-de-leon\\\/\",\"url\":\"https:\\\/\\\/kuali.com.mx\\\/web\\\/2025\\\/07\\\/05\\\/denuncian-negligencia-medica-en-el-issste-de-leon\\\/\",\"name\":\"DENUNCIAN NEGLIGENCIA M\u00c9DICA EN EL ISSSTE DE LE\u00d3N - Kuali\",\"isPartOf\":{\"@id\":\"https:\\\/\\\/kuali.com.mx\\\/web\\\/#website\"},\"primaryImageOfPage\":{\"@id\":\"https:\\\/\\\/kuali.com.mx\\\/web\\\/2025\\\/07\\\/05\\\/denuncian-negligencia-medica-en-el-issste-de-leon\\\/#primaryimage\"},\"image\":{\"@id\":\"https:\\\/\\\/kuali.com.mx\\\/web\\\/2025\\\/07\\\/05\\\/denuncian-negligencia-medica-en-el-issste-de-leon\\\/#primaryimage\"},\"thumbnailUrl\":\"https:\\\/\\\/kuali.com.mx\\\/web\\\/wp-content\\\/uploads\\\/2025\\\/07\\\/Martha-3.jpeg\",\"datePublished\":\"2025-07-05T19:08:31+00:00\",\"dateModified\":\"2025-07-05T19:08:34+00:00\",\"author\":{\"@id\":\"https:\\\/\\\/kuali.com.mx\\\/web\\\/#\\\/schema\\\/person\\\/6f89ffa8ecba9dae50662357923c5289\"},\"breadcrumb\":{\"@id\":\"https:\\\/\\\/kuali.com.mx\\\/web\\\/2025\\\/07\\\/05\\\/denuncian-negligencia-medica-en-el-issste-de-leon\\\/#breadcrumb\"},\"inLanguage\":\"es\",\"potentialAction\":[{\"@type\":\"ReadAction\",\"target\":[\"https:\\\/\\\/kuali.com.mx\\\/web\\\/2025\\\/07\\\/05\\\/denuncian-negligencia-medica-en-el-issste-de-leon\\\/\"]}]},{\"@type\":\"ImageObject\",\"inLanguage\":\"es\",\"@id\":\"https:\\\/\\\/kuali.com.mx\\\/web\\\/2025\\\/07\\\/05\\\/denuncian-negligencia-medica-en-el-issste-de-leon\\\/#primaryimage\",\"url\":\"https:\\\/\\\/kuali.com.mx\\\/web\\\/wp-content\\\/uploads\\\/2025\\\/07\\\/Martha-3.jpeg\",\"contentUrl\":\"https:\\\/\\\/kuali.com.mx\\\/web\\\/wp-content\\\/uploads\\\/2025\\\/07\\\/Martha-3.jpeg\",\"width\":1928,\"height\":750},{\"@type\":\"BreadcrumbList\",\"@id\":\"https:\\\/\\\/kuali.com.mx\\\/web\\\/2025\\\/07\\\/05\\\/denuncian-negligencia-medica-en-el-issste-de-leon\\\/#breadcrumb\",\"itemListElement\":[{\"@type\":\"ListItem\",\"position\":1,\"name\":\"Inicio\",\"item\":\"https:\\\/\\\/kuali.com.mx\\\/web\\\/\"},{\"@type\":\"ListItem\",\"position\":2,\"name\":\"DENUNCIAN NEGLIGENCIA M\u00c9DICA EN EL ISSSTE DE LE\u00d3N\"}]},{\"@type\":\"WebSite\",\"@id\":\"https:\\\/\\\/kuali.com.mx\\\/web\\\/#website\",\"url\":\"https:\\\/\\\/kuali.com.mx\\\/web\\\/\",\"name\":\"Kuali\",\"description\":\"\",\"potentialAction\":[{\"@type\":\"SearchAction\",\"target\":{\"@type\":\"EntryPoint\",\"urlTemplate\":\"https:\\\/\\\/kuali.com.mx\\\/web\\\/?s={search_term_string}\"},\"query-input\":{\"@type\":\"PropertyValueSpecification\",\"valueRequired\":true,\"valueName\":\"search_term_string\"}}],\"inLanguage\":\"es\"},{\"@type\":\"Person\",\"@id\":\"https:\\\/\\\/kuali.com.mx\\\/web\\\/#\\\/schema\\\/person\\\/6f89ffa8ecba9dae50662357923c5289\",\"name\":\"Kuali Staff\",\"image\":{\"@type\":\"ImageObject\",\"inLanguage\":\"es\",\"@id\":\"https:\\\/\\\/secure.gravatar.com\\\/avatar\\\/f917ad82e5ab71227a733c78b6e60715476f69ee6be59feee4eb5d9920c89e0f?s=96&d=mm&r=g\",\"url\":\"https:\\\/\\\/secure.gravatar.com\\\/avatar\\\/f917ad82e5ab71227a733c78b6e60715476f69ee6be59feee4eb5d9920c89e0f?s=96&d=mm&r=g\",\"contentUrl\":\"https:\\\/\\\/secure.gravatar.com\\\/avatar\\\/f917ad82e5ab71227a733c78b6e60715476f69ee6be59feee4eb5d9920c89e0f?s=96&d=mm&r=g\",\"caption\":\"Kuali Staff\"},\"url\":\"https:\\\/\\\/kuali.com.mx\\\/web\\\/author\\\/lagarto\\\/\"}]}<\/script>\n<!-- \/ Yoast SEO plugin. -->","yoast_head_json":{"title":"DENUNCIAN NEGLIGENCIA M\u00c9DICA EN EL ISSSTE DE LE\u00d3N - Kuali","robots":{"index":"index","follow":"follow","max-snippet":"max-snippet:-1","max-image-preview":"max-image-preview:large","max-video-preview":"max-video-preview:-1"},"canonical":"https:\/\/kuali.com.mx\/web\/2025\/07\/05\/denuncian-negligencia-medica-en-el-issste-de-leon\/","og_locale":"es_MX","og_type":"article","og_title":"DENUNCIAN NEGLIGENCIA M\u00c9DICA EN EL ISSSTE DE LE\u00d3N - Kuali","og_description":"Carlos Garc\u00eda\/Le\u00f3n, Gto.-\u00a0Martha Patricia Alcocer Granados lleg\u00f3 al Hospital del ISSSTE en Le\u00f3n para una operaci\u00f3n ambulatoria de dos meniscos, pero en la operaci\u00f3n se infect\u00f3 con una bacteria que provoc\u00f3 que, en un lapso de dos meses, ingresara 13 veces al quir\u00f3fano y tuvieran que reconstruirle la rodilla. El cuatro de febrero ingres\u00f3 al [&hellip;]","og_url":"https:\/\/kuali.com.mx\/web\/2025\/07\/05\/denuncian-negligencia-medica-en-el-issste-de-leon\/","og_site_name":"Kuali","article_publisher":"https:\/\/kuali.com.mx\/web\/wp-content\/uploads\/2018\/04\/cropped-kuali_logo-1-1.png","article_published_time":"2025-07-05T19:08:31+00:00","article_modified_time":"2025-07-05T19:08:34+00:00","og_image":[{"width":1928,"height":750,"url":"https:\/\/kuali.com.mx\/web\/wp-content\/uploads\/2025\/07\/Martha-3.jpeg","type":"image\/jpeg"}],"author":"Kuali Staff","twitter_card":"summary_large_image","twitter_creator":"@kuali_noticias","twitter_site":"@kuali_noticias","twitter_misc":{"Escrito por":"Kuali Staff","Tiempo de lectura":"3 minutos"},"schema":{"@context":"https:\/\/schema.org","@graph":[{"@type":"Article","@id":"https:\/\/kuali.com.mx\/web\/2025\/07\/05\/denuncian-negligencia-medica-en-el-issste-de-leon\/#article","isPartOf":{"@id":"https:\/\/kuali.com.mx\/web\/2025\/07\/05\/denuncian-negligencia-medica-en-el-issste-de-leon\/"},"author":{"name":"Kuali Staff","@id":"https:\/\/kuali.com.mx\/web\/#\/schema\/person\/6f89ffa8ecba9dae50662357923c5289"},"headline":"DENUNCIAN NEGLIGENCIA M\u00c9DICA EN EL ISSSTE DE LE\u00d3N","datePublished":"2025-07-05T19:08:31+00:00","dateModified":"2025-07-05T19:08:34+00:00","mainEntityOfPage":{"@id":"https:\/\/kuali.com.mx\/web\/2025\/07\/05\/denuncian-negligencia-medica-en-el-issste-de-leon\/"},"wordCount":626,"commentCount":1,"image":{"@id":"https:\/\/kuali.com.mx\/web\/2025\/07\/05\/denuncian-negligencia-medica-en-el-issste-de-leon\/#primaryimage"},"thumbnailUrl":"https:\/\/kuali.com.mx\/web\/wp-content\/uploads\/2025\/07\/Martha-3.jpeg","articleSection":["Salud","slider"],"inLanguage":"es","potentialAction":[{"@type":"CommentAction","name":"Comment","target":["https:\/\/kuali.com.mx\/web\/2025\/07\/05\/denuncian-negligencia-medica-en-el-issste-de-leon\/#respond"]}]},{"@type":"WebPage","@id":"https:\/\/kuali.com.mx\/web\/2025\/07\/05\/denuncian-negligencia-medica-en-el-issste-de-leon\/","url":"https:\/\/kuali.com.mx\/web\/2025\/07\/05\/denuncian-negligencia-medica-en-el-issste-de-leon\/","name":"DENUNCIAN NEGLIGENCIA M\u00c9DICA EN EL ISSSTE DE LE\u00d3N - Kuali","isPartOf":{"@id":"https:\/\/kuali.com.mx\/web\/#website"},"primaryImageOfPage":{"@id":"https:\/\/kuali.com.mx\/web\/2025\/07\/05\/denuncian-negligencia-medica-en-el-issste-de-leon\/#primaryimage"},"image":{"@id":"https:\/\/kuali.com.mx\/web\/2025\/07\/05\/denuncian-negligencia-medica-en-el-issste-de-leon\/#primaryimage"},"thumbnailUrl":"https:\/\/kuali.com.mx\/web\/wp-content\/uploads\/2025\/07\/Martha-3.jpeg","datePublished":"2025-07-05T19:08:31+00:00","dateModified":"2025-07-05T19:08:34+00:00","author":{"@id":"https:\/\/kuali.com.mx\/web\/#\/schema\/person\/6f89ffa8ecba9dae50662357923c5289"},"breadcrumb":{"@id":"https:\/\/kuali.com.mx\/web\/2025\/07\/05\/denuncian-negligencia-medica-en-el-issste-de-leon\/#breadcrumb"},"inLanguage":"es","potentialAction":[{"@type":"ReadAction","target":["https:\/\/kuali.com.mx\/web\/2025\/07\/05\/denuncian-negligencia-medica-en-el-issste-de-leon\/"]}]},{"@type":"ImageObject","inLanguage":"es","@id":"https:\/\/kuali.com.mx\/web\/2025\/07\/05\/denuncian-negligencia-medica-en-el-issste-de-leon\/#primaryimage","url":"https:\/\/kuali.com.mx\/web\/wp-content\/uploads\/2025\/07\/Martha-3.jpeg","contentUrl":"https:\/\/kuali.com.mx\/web\/wp-content\/uploads\/2025\/07\/Martha-3.jpeg","width":1928,"height":750},{"@type":"BreadcrumbList","@id":"https:\/\/kuali.com.mx\/web\/2025\/07\/05\/denuncian-negligencia-medica-en-el-issste-de-leon\/#breadcrumb","itemListElement":[{"@type":"ListItem","position":1,"name":"Inicio","item":"https:\/\/kuali.com.mx\/web\/"},{"@type":"ListItem","position":2,"name":"DENUNCIAN NEGLIGENCIA M\u00c9DICA EN EL ISSSTE DE LE\u00d3N"}]},{"@type":"WebSite","@id":"https:\/\/kuali.com.mx\/web\/#website","url":"https:\/\/kuali.com.mx\/web\/","name":"Kuali","description":"","potentialAction":[{"@type":"SearchAction","target":{"@type":"EntryPoint","urlTemplate":"https:\/\/kuali.com.mx\/web\/?s={search_term_string}"},"query-input":{"@type":"PropertyValueSpecification","valueRequired":true,"valueName":"search_term_string"}}],"inLanguage":"es"},{"@type":"Person","@id":"https:\/\/kuali.com.mx\/web\/#\/schema\/person\/6f89ffa8ecba9dae50662357923c5289","name":"Kuali Staff","image":{"@type":"ImageObject","inLanguage":"es","@id":"https:\/\/secure.gravatar.com\/avatar\/f917ad82e5ab71227a733c78b6e60715476f69ee6be59feee4eb5d9920c89e0f?s=96&d=mm&r=g","url":"https:\/\/secure.gravatar.com\/avatar\/f917ad82e5ab71227a733c78b6e60715476f69ee6be59feee4eb5d9920c89e0f?s=96&d=mm&r=g","contentUrl":"https:\/\/secure.gravatar.com\/avatar\/f917ad82e5ab71227a733c78b6e60715476f69ee6be59feee4eb5d9920c89e0f?s=96&d=mm&r=g","caption":"Kuali Staff"},"url":"https:\/\/kuali.com.mx\/web\/author\/lagarto\/"}]}},"_links":{"self":[{"href":"https:\/\/kuali.com.mx\/web\/wp-json\/wp\/v2\/posts\/179601","targetHints":{"allow":["GET"]}}],"collection":[{"href":"https:\/\/kuali.com.mx\/web\/wp-json\/wp\/v2\/posts"}],"about":[{"href":"https:\/\/kuali.com.mx\/web\/wp-json\/wp\/v2\/types\/post"}],"author":[{"embeddable":true,"href":"https:\/\/kuali.com.mx\/web\/wp-json\/wp\/v2\/users\/2"}],"replies":[{"embeddable":true,"href":"https:\/\/kuali.com.mx\/web\/wp-json\/wp\/v2\/comments?post=179601"}],"version-history":[{"count":1,"href":"https:\/\/kuali.com.mx\/web\/wp-json\/wp\/v2\/posts\/179601\/revisions"}],"predecessor-version":[{"id":179609,"href":"https:\/\/kuali.com.mx\/web\/wp-json\/wp\/v2\/posts\/179601\/revisions\/179609"}],"wp:featuredmedia":[{"embeddable":true,"href":"https:\/\/kuali.com.mx\/web\/wp-json\/wp\/v2\/media\/179604"}],"wp:attachment":[{"href":"https:\/\/kuali.com.mx\/web\/wp-json\/wp\/v2\/media?parent=179601"}],"wp:term":[{"taxonomy":"category","embeddable":true,"href":"https:\/\/kuali.com.mx\/web\/wp-json\/wp\/v2\/categories?post=179601"},{"taxonomy":"post_tag","embeddable":true,"href":"https:\/\/kuali.com.mx\/web\/wp-json\/wp\/v2\/tags?post=179601"}],"curies":[{"name":"wp","href":"https:\/\/api.w.org\/{rel}","templated":true}]}}