{"id":179585,"date":"2025-07-04T20:06:17","date_gmt":"2025-07-05T02:06:17","guid":{"rendered":"https:\/\/kuali.com.mx\/web\/?p=179585"},"modified":"2025-07-04T20:06:19","modified_gmt":"2025-07-05T02:06:19","slug":"regresara-el-calor-en-la-segunda-quincena-de-julio","status":"publish","type":"post","link":"https:\/\/kuali.com.mx\/web\/2025\/07\/04\/regresara-el-calor-en-la-segunda-quincena-de-julio\/","title":{"rendered":"REGRESAR\u00c1 EL CALOR EN LA SEGUNDA QUINCENA DE JULIO"},"content":{"rendered":"\n<p><strong><em>Kuali\/Guanajuato, Gto.- <\/em><\/strong>A partir de la segunda quincena de julio podr\u00eda iniciar la can\u00edcula, un periodo clim\u00e1tico caracterizado por temperaturas elevadas, escasez de lluvias, pronostic\u00f3 Marcos Irineo Esquivel Longoria, responsable del \u00c1rea de Ciencias Atmosf\u00e9ricas y del Observatorio Meteorol\u00f3gico de la Universidad de Guanajuato (UG).<\/p>\n\n\n\n<p>Este fen\u00f3meno, que tiene una duraci\u00f3n aproximada de 40 d\u00edas, se debe a la presencia de un sistema de alta presi\u00f3n que inhibe la formaci\u00f3n de nubes, mantiene cielos despejados y provoca un considerable aumento en el calor. Durante este lapso, es com\u00fan que se presenten condiciones de sequ\u00eda y un ambiente particularmente caluroso, lo que puede tener implicaciones tanto en la salud de la poblaci\u00f3n como en las actividades productivas del estado.<\/p>\n\n\n\n<p>Antes del inicio de este fen\u00f3meno, los pron\u00f3sticos meteorol\u00f3gicos apuntan a una fase de alta actividad cicl\u00f3nica. Entre los primeros siete d\u00edas de julio existe entre un 20 y un 30 por ciento de probabilidad de que se forme un hurac\u00e1n o tormenta tropical en el oc\u00e9ano Pac\u00edfico, espec\u00edficamente cerca del golfo de Tehuantepec, en las costas de Oaxaca. De confirmarse esta formaci\u00f3n, se esperar\u00eda que dicho sistema contin\u00fae su desarrollo y actividad hasta mediados del mes.<\/p>\n\n\n\n<p>Por otra parte, en el oc\u00e9ano Atl\u00e1ntico, particularmente en el golfo de M\u00e9xico y el mar Caribe, tambi\u00e9n se prev\u00e9 un escenario propicio para la formaci\u00f3n de otro cicl\u00f3n tropical que podr\u00eda afectar directamente a territorio mexicano. Asimismo, el maestro Esquivel Longoria destac\u00f3 la influencia de las ondas tropicales, flujos de aire h\u00famedo que se originan en las costas del \u00c1frica, cruzan el Atl\u00e1ntico y suelen traer consigo precipitaciones importantes en el centro y sur del pa\u00eds.<\/p>\n\n\n\n<p>Estos fen\u00f3menos no solo estar\u00e1n acompa\u00f1ados de lluvias, sino tambi\u00e9n de un incremento en la velocidad del viento. En el caso particular de Guanajuato, se esperan r\u00e1fagas con velocidades m\u00e1ximas de hasta 50 kil\u00f3metros por hora en los pr\u00f3ximos d\u00edas.<\/p>\n\n\n\n<p>Ante este panorama, el especialista recomend\u00f3 tomar precauciones, especialmente a quienes planeen vacacionar en zonas costeras durante este periodo, ya que los efectos de los fen\u00f3menos meteorol\u00f3gicos pueden generar oleajes intensos, lluvias torrenciales y otros impactos adversos.<\/p>\n\n\n\n<p>La Universidad de Guanajuato, a trav\u00e9s de su Observatorio Meteorol\u00f3gico, continuar\u00e1 realizando un seguimiento puntual de las condiciones atmosf\u00e9ricas y difundiendo informaci\u00f3n oportuna para contribuir a la prevenci\u00f3n y al cuidado de la poblaci\u00f3n.<\/p>\n\n\n\n<p>Para mantenerse al tanto sobre el estado del tiempo en la entidad, la Universidad de Guanajuato pone a disposici\u00f3n del p\u00fablico el sitio web&nbsp;<a rel=\"noreferrer noopener\" target=\"_blank\" href=\"http:\/\/www.acaug.ugto.mx\/\">www.acaug.ugto.mx<\/a>.<\/p>\n","protected":false},"excerpt":{"rendered":"Kuali\/Guanajuato, Gto.- A partir de la segunda quincena de julio podr\u00eda iniciar la can\u00edcula, un periodo clim\u00e1tico caracterizado por temperaturas elevadas, escasez de lluvias, pronostic\u00f3 Marcos Irineo Esquivel Longoria, responsable del \u00c1rea de Ciencias Atmosf\u00e9ricas y del Observatorio Meteorol\u00f3gico de la Universidad de Guanajuato (UG). Este fen\u00f3meno, que tiene una duraci\u00f3n aproximada de 40 d\u00edas, [&hellip;]","protected":false},"author":2,"featured_media":174933,"comment_status":"open","ping_status":"open","sticky":false,"template":"","format":"standard","meta":{"_seopress_robots_primary_cat":"none","_seopress_titles_title":"","_seopress_titles_desc":"","_seopress_robots_index":"","_monsterinsights_skip_tracking":false,"_monsterinsights_sitenote_active":false,"_monsterinsights_sitenote_note":"","_monsterinsights_sitenote_category":0,"footnotes":""},"categories":[17],"tags":[],"class_list":["post-179585","post","type-post","status-publish","format-standard","has-post-thumbnail","hentry","category-ecologia"],"yoast_head":"<!-- This site is optimized with the Yoast SEO plugin v27.4 - https:\/\/yoast.com\/product\/yoast-seo-wordpress\/ -->\n<title>REGRESAR\u00c1 EL CALOR EN LA SEGUNDA QUINCENA DE JULIO - Kuali<\/title>\n<meta name=\"robots\" content=\"index, follow, max-snippet:-1, max-image-preview:large, max-video-preview:-1\" \/>\n<link rel=\"canonical\" href=\"https:\/\/kuali.com.mx\/web\/2025\/07\/04\/regresara-el-calor-en-la-segunda-quincena-de-julio\/\" \/>\n<meta property=\"og:locale\" content=\"es_MX\" \/>\n<meta property=\"og:type\" content=\"article\" \/>\n<meta property=\"og:title\" content=\"REGRESAR\u00c1 EL CALOR EN LA SEGUNDA QUINCENA DE JULIO - Kuali\" \/>\n<meta property=\"og:description\" content=\"Kuali\/Guanajuato, Gto.- A partir de la segunda quincena de julio podr\u00eda iniciar la can\u00edcula, un periodo clim\u00e1tico caracterizado por temperaturas elevadas, escasez de lluvias, pronostic\u00f3 Marcos Irineo Esquivel Longoria, responsable del \u00c1rea de Ciencias Atmosf\u00e9ricas y del Observatorio Meteorol\u00f3gico de la Universidad de Guanajuato (UG). Este fen\u00f3meno, que tiene una duraci\u00f3n aproximada de 40 d\u00edas, [&hellip;]\" \/>\n<meta property=\"og:url\" content=\"https:\/\/kuali.com.mx\/web\/2025\/07\/04\/regresara-el-calor-en-la-segunda-quincena-de-julio\/\" \/>\n<meta property=\"og:site_name\" content=\"Kuali\" \/>\n<meta property=\"article:publisher\" content=\"https:\/\/kuali.com.mx\/web\/wp-content\/uploads\/2018\/04\/cropped-kuali_logo-1-1.png\" \/>\n<meta property=\"article:published_time\" content=\"2025-07-05T02:06:17+00:00\" \/>\n<meta property=\"article:modified_time\" content=\"2025-07-05T02:06:19+00:00\" \/>\n<meta property=\"og:image\" content=\"https:\/\/kuali.com.mx\/web\/wp-content\/uploads\/2025\/05\/golpe-de-calor-02.jpeg\" \/>\n\t<meta property=\"og:image:width\" content=\"1280\" \/>\n\t<meta property=\"og:image:height\" content=\"853\" \/>\n\t<meta property=\"og:image:type\" content=\"image\/jpeg\" \/>\n<meta name=\"author\" content=\"Kuali Staff\" \/>\n<meta name=\"twitter:card\" content=\"summary_large_image\" \/>\n<meta name=\"twitter:creator\" content=\"@kuali_noticias\" \/>\n<meta name=\"twitter:site\" content=\"@kuali_noticias\" \/>\n<meta name=\"twitter:label1\" content=\"Escrito por\" \/>\n\t<meta name=\"twitter:data1\" content=\"Kuali Staff\" \/>\n\t<meta name=\"twitter:label2\" content=\"Tiempo de lectura\" \/>\n\t<meta name=\"twitter:data2\" content=\"2 minutos\" \/>\n<script type=\"application\/ld+json\" class=\"yoast-schema-graph\">{\"@context\":\"https:\\\/\\\/schema.org\",\"@graph\":[{\"@type\":\"Article\",\"@id\":\"https:\\\/\\\/kuali.com.mx\\\/web\\\/2025\\\/07\\\/04\\\/regresara-el-calor-en-la-segunda-quincena-de-julio\\\/#article\",\"isPartOf\":{\"@id\":\"https:\\\/\\\/kuali.com.mx\\\/web\\\/2025\\\/07\\\/04\\\/regresara-el-calor-en-la-segunda-quincena-de-julio\\\/\"},\"author\":{\"name\":\"Kuali Staff\",\"@id\":\"https:\\\/\\\/kuali.com.mx\\\/web\\\/#\\\/schema\\\/person\\\/6f89ffa8ecba9dae50662357923c5289\"},\"headline\":\"REGRESAR\u00c1 EL CALOR EN LA SEGUNDA QUINCENA DE JULIO\",\"datePublished\":\"2025-07-05T02:06:17+00:00\",\"dateModified\":\"2025-07-05T02:06:19+00:00\",\"mainEntityOfPage\":{\"@id\":\"https:\\\/\\\/kuali.com.mx\\\/web\\\/2025\\\/07\\\/04\\\/regresara-el-calor-en-la-segunda-quincena-de-julio\\\/\"},\"wordCount\":473,\"commentCount\":0,\"image\":{\"@id\":\"https:\\\/\\\/kuali.com.mx\\\/web\\\/2025\\\/07\\\/04\\\/regresara-el-calor-en-la-segunda-quincena-de-julio\\\/#primaryimage\"},\"thumbnailUrl\":\"https:\\\/\\\/kuali.com.mx\\\/web\\\/wp-content\\\/uploads\\\/2025\\\/05\\\/golpe-de-calor-02.jpeg\",\"articleSection\":[\"Ecolog\u00eda\"],\"inLanguage\":\"es\",\"potentialAction\":[{\"@type\":\"CommentAction\",\"name\":\"Comment\",\"target\":[\"https:\\\/\\\/kuali.com.mx\\\/web\\\/2025\\\/07\\\/04\\\/regresara-el-calor-en-la-segunda-quincena-de-julio\\\/#respond\"]}]},{\"@type\":\"WebPage\",\"@id\":\"https:\\\/\\\/kuali.com.mx\\\/web\\\/2025\\\/07\\\/04\\\/regresara-el-calor-en-la-segunda-quincena-de-julio\\\/\",\"url\":\"https:\\\/\\\/kuali.com.mx\\\/web\\\/2025\\\/07\\\/04\\\/regresara-el-calor-en-la-segunda-quincena-de-julio\\\/\",\"name\":\"REGRESAR\u00c1 EL CALOR EN LA SEGUNDA QUINCENA DE JULIO - Kuali\",\"isPartOf\":{\"@id\":\"https:\\\/\\\/kuali.com.mx\\\/web\\\/#website\"},\"primaryImageOfPage\":{\"@id\":\"https:\\\/\\\/kuali.com.mx\\\/web\\\/2025\\\/07\\\/04\\\/regresara-el-calor-en-la-segunda-quincena-de-julio\\\/#primaryimage\"},\"image\":{\"@id\":\"https:\\\/\\\/kuali.com.mx\\\/web\\\/2025\\\/07\\\/04\\\/regresara-el-calor-en-la-segunda-quincena-de-julio\\\/#primaryimage\"},\"thumbnailUrl\":\"https:\\\/\\\/kuali.com.mx\\\/web\\\/wp-content\\\/uploads\\\/2025\\\/05\\\/golpe-de-calor-02.jpeg\",\"datePublished\":\"2025-07-05T02:06:17+00:00\",\"dateModified\":\"2025-07-05T02:06:19+00:00\",\"author\":{\"@id\":\"https:\\\/\\\/kuali.com.mx\\\/web\\\/#\\\/schema\\\/person\\\/6f89ffa8ecba9dae50662357923c5289\"},\"breadcrumb\":{\"@id\":\"https:\\\/\\\/kuali.com.mx\\\/web\\\/2025\\\/07\\\/04\\\/regresara-el-calor-en-la-segunda-quincena-de-julio\\\/#breadcrumb\"},\"inLanguage\":\"es\",\"potentialAction\":[{\"@type\":\"ReadAction\",\"target\":[\"https:\\\/\\\/kuali.com.mx\\\/web\\\/2025\\\/07\\\/04\\\/regresara-el-calor-en-la-segunda-quincena-de-julio\\\/\"]}]},{\"@type\":\"ImageObject\",\"inLanguage\":\"es\",\"@id\":\"https:\\\/\\\/kuali.com.mx\\\/web\\\/2025\\\/07\\\/04\\\/regresara-el-calor-en-la-segunda-quincena-de-julio\\\/#primaryimage\",\"url\":\"https:\\\/\\\/kuali.com.mx\\\/web\\\/wp-content\\\/uploads\\\/2025\\\/05\\\/golpe-de-calor-02.jpeg\",\"contentUrl\":\"https:\\\/\\\/kuali.com.mx\\\/web\\\/wp-content\\\/uploads\\\/2025\\\/05\\\/golpe-de-calor-02.jpeg\",\"width\":1280,\"height\":853},{\"@type\":\"BreadcrumbList\",\"@id\":\"https:\\\/\\\/kuali.com.mx\\\/web\\\/2025\\\/07\\\/04\\\/regresara-el-calor-en-la-segunda-quincena-de-julio\\\/#breadcrumb\",\"itemListElement\":[{\"@type\":\"ListItem\",\"position\":1,\"name\":\"Inicio\",\"item\":\"https:\\\/\\\/kuali.com.mx\\\/web\\\/\"},{\"@type\":\"ListItem\",\"position\":2,\"name\":\"REGRESAR\u00c1 EL CALOR EN LA SEGUNDA QUINCENA DE JULIO\"}]},{\"@type\":\"WebSite\",\"@id\":\"https:\\\/\\\/kuali.com.mx\\\/web\\\/#website\",\"url\":\"https:\\\/\\\/kuali.com.mx\\\/web\\\/\",\"name\":\"Kuali\",\"description\":\"\",\"potentialAction\":[{\"@type\":\"SearchAction\",\"target\":{\"@type\":\"EntryPoint\",\"urlTemplate\":\"https:\\\/\\\/kuali.com.mx\\\/web\\\/?s={search_term_string}\"},\"query-input\":{\"@type\":\"PropertyValueSpecification\",\"valueRequired\":true,\"valueName\":\"search_term_string\"}}],\"inLanguage\":\"es\"},{\"@type\":\"Person\",\"@id\":\"https:\\\/\\\/kuali.com.mx\\\/web\\\/#\\\/schema\\\/person\\\/6f89ffa8ecba9dae50662357923c5289\",\"name\":\"Kuali Staff\",\"image\":{\"@type\":\"ImageObject\",\"inLanguage\":\"es\",\"@id\":\"https:\\\/\\\/secure.gravatar.com\\\/avatar\\\/f917ad82e5ab71227a733c78b6e60715476f69ee6be59feee4eb5d9920c89e0f?s=96&d=mm&r=g\",\"url\":\"https:\\\/\\\/secure.gravatar.com\\\/avatar\\\/f917ad82e5ab71227a733c78b6e60715476f69ee6be59feee4eb5d9920c89e0f?s=96&d=mm&r=g\",\"contentUrl\":\"https:\\\/\\\/secure.gravatar.com\\\/avatar\\\/f917ad82e5ab71227a733c78b6e60715476f69ee6be59feee4eb5d9920c89e0f?s=96&d=mm&r=g\",\"caption\":\"Kuali Staff\"},\"url\":\"https:\\\/\\\/kuali.com.mx\\\/web\\\/author\\\/lagarto\\\/\"}]}<\/script>\n<!-- \/ Yoast SEO plugin. -->","yoast_head_json":{"title":"REGRESAR\u00c1 EL CALOR EN LA SEGUNDA QUINCENA DE JULIO - Kuali","robots":{"index":"index","follow":"follow","max-snippet":"max-snippet:-1","max-image-preview":"max-image-preview:large","max-video-preview":"max-video-preview:-1"},"canonical":"https:\/\/kuali.com.mx\/web\/2025\/07\/04\/regresara-el-calor-en-la-segunda-quincena-de-julio\/","og_locale":"es_MX","og_type":"article","og_title":"REGRESAR\u00c1 EL CALOR EN LA SEGUNDA QUINCENA DE JULIO - Kuali","og_description":"Kuali\/Guanajuato, Gto.- A partir de la segunda quincena de julio podr\u00eda iniciar la can\u00edcula, un periodo clim\u00e1tico caracterizado por temperaturas elevadas, escasez de lluvias, pronostic\u00f3 Marcos Irineo Esquivel Longoria, responsable del \u00c1rea de Ciencias Atmosf\u00e9ricas y del Observatorio Meteorol\u00f3gico de la Universidad de Guanajuato (UG). Este fen\u00f3meno, que tiene una duraci\u00f3n aproximada de 40 d\u00edas, [&hellip;]","og_url":"https:\/\/kuali.com.mx\/web\/2025\/07\/04\/regresara-el-calor-en-la-segunda-quincena-de-julio\/","og_site_name":"Kuali","article_publisher":"https:\/\/kuali.com.mx\/web\/wp-content\/uploads\/2018\/04\/cropped-kuali_logo-1-1.png","article_published_time":"2025-07-05T02:06:17+00:00","article_modified_time":"2025-07-05T02:06:19+00:00","og_image":[{"width":1280,"height":853,"url":"https:\/\/kuali.com.mx\/web\/wp-content\/uploads\/2025\/05\/golpe-de-calor-02.jpeg","type":"image\/jpeg"}],"author":"Kuali Staff","twitter_card":"summary_large_image","twitter_creator":"@kuali_noticias","twitter_site":"@kuali_noticias","twitter_misc":{"Escrito por":"Kuali Staff","Tiempo de lectura":"2 minutos"},"schema":{"@context":"https:\/\/schema.org","@graph":[{"@type":"Article","@id":"https:\/\/kuali.com.mx\/web\/2025\/07\/04\/regresara-el-calor-en-la-segunda-quincena-de-julio\/#article","isPartOf":{"@id":"https:\/\/kuali.com.mx\/web\/2025\/07\/04\/regresara-el-calor-en-la-segunda-quincena-de-julio\/"},"author":{"name":"Kuali Staff","@id":"https:\/\/kuali.com.mx\/web\/#\/schema\/person\/6f89ffa8ecba9dae50662357923c5289"},"headline":"REGRESAR\u00c1 EL CALOR EN LA SEGUNDA QUINCENA DE JULIO","datePublished":"2025-07-05T02:06:17+00:00","dateModified":"2025-07-05T02:06:19+00:00","mainEntityOfPage":{"@id":"https:\/\/kuali.com.mx\/web\/2025\/07\/04\/regresara-el-calor-en-la-segunda-quincena-de-julio\/"},"wordCount":473,"commentCount":0,"image":{"@id":"https:\/\/kuali.com.mx\/web\/2025\/07\/04\/regresara-el-calor-en-la-segunda-quincena-de-julio\/#primaryimage"},"thumbnailUrl":"https:\/\/kuali.com.mx\/web\/wp-content\/uploads\/2025\/05\/golpe-de-calor-02.jpeg","articleSection":["Ecolog\u00eda"],"inLanguage":"es","potentialAction":[{"@type":"CommentAction","name":"Comment","target":["https:\/\/kuali.com.mx\/web\/2025\/07\/04\/regresara-el-calor-en-la-segunda-quincena-de-julio\/#respond"]}]},{"@type":"WebPage","@id":"https:\/\/kuali.com.mx\/web\/2025\/07\/04\/regresara-el-calor-en-la-segunda-quincena-de-julio\/","url":"https:\/\/kuali.com.mx\/web\/2025\/07\/04\/regresara-el-calor-en-la-segunda-quincena-de-julio\/","name":"REGRESAR\u00c1 EL CALOR EN LA SEGUNDA QUINCENA DE JULIO - Kuali","isPartOf":{"@id":"https:\/\/kuali.com.mx\/web\/#website"},"primaryImageOfPage":{"@id":"https:\/\/kuali.com.mx\/web\/2025\/07\/04\/regresara-el-calor-en-la-segunda-quincena-de-julio\/#primaryimage"},"image":{"@id":"https:\/\/kuali.com.mx\/web\/2025\/07\/04\/regresara-el-calor-en-la-segunda-quincena-de-julio\/#primaryimage"},"thumbnailUrl":"https:\/\/kuali.com.mx\/web\/wp-content\/uploads\/2025\/05\/golpe-de-calor-02.jpeg","datePublished":"2025-07-05T02:06:17+00:00","dateModified":"2025-07-05T02:06:19+00:00","author":{"@id":"https:\/\/kuali.com.mx\/web\/#\/schema\/person\/6f89ffa8ecba9dae50662357923c5289"},"breadcrumb":{"@id":"https:\/\/kuali.com.mx\/web\/2025\/07\/04\/regresara-el-calor-en-la-segunda-quincena-de-julio\/#breadcrumb"},"inLanguage":"es","potentialAction":[{"@type":"ReadAction","target":["https:\/\/kuali.com.mx\/web\/2025\/07\/04\/regresara-el-calor-en-la-segunda-quincena-de-julio\/"]}]},{"@type":"ImageObject","inLanguage":"es","@id":"https:\/\/kuali.com.mx\/web\/2025\/07\/04\/regresara-el-calor-en-la-segunda-quincena-de-julio\/#primaryimage","url":"https:\/\/kuali.com.mx\/web\/wp-content\/uploads\/2025\/05\/golpe-de-calor-02.jpeg","contentUrl":"https:\/\/kuali.com.mx\/web\/wp-content\/uploads\/2025\/05\/golpe-de-calor-02.jpeg","width":1280,"height":853},{"@type":"BreadcrumbList","@id":"https:\/\/kuali.com.mx\/web\/2025\/07\/04\/regresara-el-calor-en-la-segunda-quincena-de-julio\/#breadcrumb","itemListElement":[{"@type":"ListItem","position":1,"name":"Inicio","item":"https:\/\/kuali.com.mx\/web\/"},{"@type":"ListItem","position":2,"name":"REGRESAR\u00c1 EL CALOR EN LA SEGUNDA QUINCENA DE JULIO"}]},{"@type":"WebSite","@id":"https:\/\/kuali.com.mx\/web\/#website","url":"https:\/\/kuali.com.mx\/web\/","name":"Kuali","description":"","potentialAction":[{"@type":"SearchAction","target":{"@type":"EntryPoint","urlTemplate":"https:\/\/kuali.com.mx\/web\/?s={search_term_string}"},"query-input":{"@type":"PropertyValueSpecification","valueRequired":true,"valueName":"search_term_string"}}],"inLanguage":"es"},{"@type":"Person","@id":"https:\/\/kuali.com.mx\/web\/#\/schema\/person\/6f89ffa8ecba9dae50662357923c5289","name":"Kuali Staff","image":{"@type":"ImageObject","inLanguage":"es","@id":"https:\/\/secure.gravatar.com\/avatar\/f917ad82e5ab71227a733c78b6e60715476f69ee6be59feee4eb5d9920c89e0f?s=96&d=mm&r=g","url":"https:\/\/secure.gravatar.com\/avatar\/f917ad82e5ab71227a733c78b6e60715476f69ee6be59feee4eb5d9920c89e0f?s=96&d=mm&r=g","contentUrl":"https:\/\/secure.gravatar.com\/avatar\/f917ad82e5ab71227a733c78b6e60715476f69ee6be59feee4eb5d9920c89e0f?s=96&d=mm&r=g","caption":"Kuali Staff"},"url":"https:\/\/kuali.com.mx\/web\/author\/lagarto\/"}]}},"_links":{"self":[{"href":"https:\/\/kuali.com.mx\/web\/wp-json\/wp\/v2\/posts\/179585","targetHints":{"allow":["GET"]}}],"collection":[{"href":"https:\/\/kuali.com.mx\/web\/wp-json\/wp\/v2\/posts"}],"about":[{"href":"https:\/\/kuali.com.mx\/web\/wp-json\/wp\/v2\/types\/post"}],"author":[{"embeddable":true,"href":"https:\/\/kuali.com.mx\/web\/wp-json\/wp\/v2\/users\/2"}],"replies":[{"embeddable":true,"href":"https:\/\/kuali.com.mx\/web\/wp-json\/wp\/v2\/comments?post=179585"}],"version-history":[{"count":1,"href":"https:\/\/kuali.com.mx\/web\/wp-json\/wp\/v2\/posts\/179585\/revisions"}],"predecessor-version":[{"id":179588,"href":"https:\/\/kuali.com.mx\/web\/wp-json\/wp\/v2\/posts\/179585\/revisions\/179588"}],"wp:featuredmedia":[{"embeddable":true,"href":"https:\/\/kuali.com.mx\/web\/wp-json\/wp\/v2\/media\/174933"}],"wp:attachment":[{"href":"https:\/\/kuali.com.mx\/web\/wp-json\/wp\/v2\/media?parent=179585"}],"wp:term":[{"taxonomy":"category","embeddable":true,"href":"https:\/\/kuali.com.mx\/web\/wp-json\/wp\/v2\/categories?post=179585"},{"taxonomy":"post_tag","embeddable":true,"href":"https:\/\/kuali.com.mx\/web\/wp-json\/wp\/v2\/tags?post=179585"}],"curies":[{"name":"wp","href":"https:\/\/api.w.org\/{rel}","templated":true}]}}