{"id":179575,"date":"2025-07-04T19:38:26","date_gmt":"2025-07-05T01:38:26","guid":{"rendered":"https:\/\/kuali.com.mx\/web\/?p=179575"},"modified":"2025-07-04T19:38:28","modified_gmt":"2025-07-05T01:38:28","slug":"recorta-estado-100-mdp-a-san-jose-iturbide-alcalde","status":"publish","type":"post","link":"https:\/\/kuali.com.mx\/web\/2025\/07\/04\/recorta-estado-100-mdp-a-san-jose-iturbide-alcalde\/","title":{"rendered":"RECORTA ESTADO 100 MDP A SAN JOS\u00c9 ITURBIDE: ALCALDE"},"content":{"rendered":"\n<p><strong>Jeshael Rivera Villal\u00f3n<\/strong>\/<strong>San Jos\u00e9 de Iturbide, Gto. \u2013 <\/strong>El alcalde de San Jos\u00e9 de Iturbide, Edgar Manuel Montes de la Vega, denunci\u00f3 que el apoyo del gobierno estatal al municipio se est\u00e1 politizando y se ha convertido en un \u201cabuso\u201d, pues aparte de un recorte de cerca de 100 millones de pesos, actualmente empresarios le han reportado que les est\u00e1n condicionando permisos ambientales a costa de que realicen obras en otros municipios de la regi\u00f3n.<\/p>\n\n\n\n<p>\u00a0\u201cMe denuncian es que esta MIA, Manifestaci\u00f3n de Impacto Ambiental es un permiso que otorga el gobierno estatal, a nuestras empresas iturbidenses se los esta otorgando condicionado a cambio de que las empresas iturbidenses hagan obra en los municipios vecinos de nuestros hermanos de San Luis De La Paz o Tierra blanca\u201d<\/p>\n\n\n\n<p>\u201cBasta ya, todo se ha manejado con tintes pol\u00edticos, no podemos seguir permitiendo esto, entendemos que en estos municipios est\u00e1 gobernando Acci\u00f3n Nacional, pero hoy ya no estamos hablando de pol\u00edtica, estamos hablando de administraci\u00f3n de seres humanos\u201d, se\u00f1al\u00f3.<\/p>\n\n\n\n<p>Previamente, Montes de la Vega ha declarado que este a\u00f1o el municipio recibi\u00f3 un recorte presupuestal de cerca de 100 millones de pesos comparado con el \u00faltimo a\u00f1o del gobierno panista que lo antecedi\u00f3.<\/p>\n\n\n\n<p>En ese contexto \u2014dijo\u2014, est\u00e1 buscando una reuni\u00f3n con la gobernadora del estado para abordar estos y otros temas que, aunque le prometieron apoyar\u00edan al municipio en materia de obra p\u00fablica, no se ha visto reflejado y siguen trabados.<\/p>\n\n\n\n<p>D\u00edas atr\u00e1s, 9 de los 10 integrantes del Ayuntamiento local votaron en contra de suscribir un convenio de colaboraci\u00f3n fiscal con el Sistema de Administraci\u00f3n Tributaria del Estado de Guanajuato (SATEG), al considerar que pon\u00eda en desventaja al municipio y se corr\u00eda el \u201criesgo\u201d de que en alg\u00fan momento el gobierno estatal pudiera acceder al cobro de impuestos municipales.<\/p>\n\n\n\n<p>Poco despu\u00e9s, la titular del SATEG acudi\u00f3 al municipio y, de acuerdo con el alcalde, pidi\u00f3 que se firmara el convenio porque, al no hacerlo, tambi\u00e9n se afectaba al gobierno estatal.<\/p>\n\n\n\n<p>Se acord\u00f3 que el Ayuntamiento iturbidense y funcionarios locales tendr\u00edan una reuni\u00f3n con personal del SATEG, pero no se han dado a conocer los resultados de la misma.<\/p>\n\n\n\n<p>Montes de la Vega dijo que esta situaci\u00f3n es un \u201cabuso\u201d que no se puede permitir y se mostr\u00f3 confiado en que, si no se resuelve de \u201cmanera diplom\u00e1tica\u201d, la gente del municipio apoyar\u00e1.<\/p>\n\n\n\n<p>&nbsp;\u201cDesde aqu\u00ed hago esta denuncia; ya tendr\u00e9 la reuni\u00f3n con la Secretar\u00eda del Medio Ambiente y Ordenamiento Territorial de Guanajuato, para pedirles que esto lo frenen. Esto es un abuso y no lo vamos a permitir\u201d.<\/p>\n\n\n\n<p>&nbsp;\u201cLos iturbidenses somos una ciudadan\u00eda valiente y comprometida y estoy seguro de que, de no ser as\u00ed, la ciudadan\u00eda me ayudar\u00e1 a manifestar en otras instancias y de otra manera, siempre de forma pac\u00edfica, pero haci\u00e9ndonos escuchar, porque ya basta de este abuso\u201d, reiter\u00f3.<\/p>\n","protected":false},"excerpt":{"rendered":"Jeshael Rivera Villal\u00f3n\/San Jos\u00e9 de Iturbide, Gto. \u2013 El alcalde de San Jos\u00e9 de Iturbide, Edgar Manuel Montes de la Vega, denunci\u00f3 que el apoyo del gobierno estatal al municipio se est\u00e1 politizando y se ha convertido en un \u201cabuso\u201d, pues aparte de un recorte de cerca de 100 millones de pesos, actualmente empresarios le [&hellip;]","protected":false},"author":2,"featured_media":179578,"comment_status":"open","ping_status":"open","sticky":false,"template":"","format":"standard","meta":{"_seopress_robots_primary_cat":"none","_seopress_titles_title":"","_seopress_titles_desc":"","_seopress_robots_index":"","_monsterinsights_skip_tracking":false,"_monsterinsights_sitenote_active":false,"_monsterinsights_sitenote_note":"","_monsterinsights_sitenote_category":0,"footnotes":""},"categories":[3,69],"tags":[],"class_list":["post-179575","post","type-post","status-publish","format-standard","has-post-thumbnail","hentry","category-politica","category-slider"],"yoast_head":"<!-- This site is optimized with the Yoast SEO plugin v27.4 - https:\/\/yoast.com\/product\/yoast-seo-wordpress\/ -->\n<title>RECORTA ESTADO 100 MDP A SAN JOS\u00c9 ITURBIDE: ALCALDE - Kuali<\/title>\n<meta name=\"robots\" content=\"index, follow, max-snippet:-1, max-image-preview:large, max-video-preview:-1\" \/>\n<link rel=\"canonical\" href=\"https:\/\/kuali.com.mx\/web\/2025\/07\/04\/recorta-estado-100-mdp-a-san-jose-iturbide-alcalde\/\" \/>\n<meta property=\"og:locale\" content=\"es_MX\" \/>\n<meta property=\"og:type\" content=\"article\" \/>\n<meta property=\"og:title\" content=\"RECORTA ESTADO 100 MDP A SAN JOS\u00c9 ITURBIDE: ALCALDE - Kuali\" \/>\n<meta property=\"og:description\" content=\"Jeshael Rivera Villal\u00f3n\/San Jos\u00e9 de Iturbide, Gto. \u2013 El alcalde de San Jos\u00e9 de Iturbide, Edgar Manuel Montes de la Vega, denunci\u00f3 que el apoyo del gobierno estatal al municipio se est\u00e1 politizando y se ha convertido en un \u201cabuso\u201d, pues aparte de un recorte de cerca de 100 millones de pesos, actualmente empresarios le [&hellip;]\" \/>\n<meta property=\"og:url\" content=\"https:\/\/kuali.com.mx\/web\/2025\/07\/04\/recorta-estado-100-mdp-a-san-jose-iturbide-alcalde\/\" \/>\n<meta property=\"og:site_name\" content=\"Kuali\" \/>\n<meta property=\"article:publisher\" content=\"https:\/\/kuali.com.mx\/web\/wp-content\/uploads\/2018\/04\/cropped-kuali_logo-1-1.png\" \/>\n<meta property=\"article:published_time\" content=\"2025-07-05T01:38:26+00:00\" \/>\n<meta property=\"article:modified_time\" content=\"2025-07-05T01:38:28+00:00\" \/>\n<meta property=\"og:image\" content=\"https:\/\/kuali.com.mx\/web\/wp-content\/uploads\/2025\/07\/Alcalde-de-San-Jose-de-Iturbide-Edgar-Manuel-Montes-de-la-Vega.jpeg\" \/>\n\t<meta property=\"og:image:width\" content=\"1812\" \/>\n\t<meta property=\"og:image:height\" content=\"750\" \/>\n\t<meta property=\"og:image:type\" content=\"image\/jpeg\" \/>\n<meta name=\"author\" content=\"Kuali Staff\" \/>\n<meta name=\"twitter:card\" content=\"summary_large_image\" \/>\n<meta name=\"twitter:creator\" content=\"@kuali_noticias\" \/>\n<meta name=\"twitter:site\" content=\"@kuali_noticias\" \/>\n<meta name=\"twitter:label1\" content=\"Escrito por\" \/>\n\t<meta name=\"twitter:data1\" content=\"Kuali Staff\" \/>\n\t<meta name=\"twitter:label2\" content=\"Tiempo de lectura\" \/>\n\t<meta name=\"twitter:data2\" content=\"3 minutos\" \/>\n<script type=\"application\/ld+json\" class=\"yoast-schema-graph\">{\"@context\":\"https:\\\/\\\/schema.org\",\"@graph\":[{\"@type\":\"Article\",\"@id\":\"https:\\\/\\\/kuali.com.mx\\\/web\\\/2025\\\/07\\\/04\\\/recorta-estado-100-mdp-a-san-jose-iturbide-alcalde\\\/#article\",\"isPartOf\":{\"@id\":\"https:\\\/\\\/kuali.com.mx\\\/web\\\/2025\\\/07\\\/04\\\/recorta-estado-100-mdp-a-san-jose-iturbide-alcalde\\\/\"},\"author\":{\"name\":\"Kuali Staff\",\"@id\":\"https:\\\/\\\/kuali.com.mx\\\/web\\\/#\\\/schema\\\/person\\\/6f89ffa8ecba9dae50662357923c5289\"},\"headline\":\"RECORTA ESTADO 100 MDP A SAN JOS\u00c9 ITURBIDE: ALCALDE\",\"datePublished\":\"2025-07-05T01:38:26+00:00\",\"dateModified\":\"2025-07-05T01:38:28+00:00\",\"mainEntityOfPage\":{\"@id\":\"https:\\\/\\\/kuali.com.mx\\\/web\\\/2025\\\/07\\\/04\\\/recorta-estado-100-mdp-a-san-jose-iturbide-alcalde\\\/\"},\"wordCount\":510,\"commentCount\":0,\"image\":{\"@id\":\"https:\\\/\\\/kuali.com.mx\\\/web\\\/2025\\\/07\\\/04\\\/recorta-estado-100-mdp-a-san-jose-iturbide-alcalde\\\/#primaryimage\"},\"thumbnailUrl\":\"https:\\\/\\\/kuali.com.mx\\\/web\\\/wp-content\\\/uploads\\\/2025\\\/07\\\/Alcalde-de-San-Jose-de-Iturbide-Edgar-Manuel-Montes-de-la-Vega.jpeg\",\"articleSection\":[\"Pol\u00edtica\",\"slider\"],\"inLanguage\":\"es\",\"potentialAction\":[{\"@type\":\"CommentAction\",\"name\":\"Comment\",\"target\":[\"https:\\\/\\\/kuali.com.mx\\\/web\\\/2025\\\/07\\\/04\\\/recorta-estado-100-mdp-a-san-jose-iturbide-alcalde\\\/#respond\"]}]},{\"@type\":\"WebPage\",\"@id\":\"https:\\\/\\\/kuali.com.mx\\\/web\\\/2025\\\/07\\\/04\\\/recorta-estado-100-mdp-a-san-jose-iturbide-alcalde\\\/\",\"url\":\"https:\\\/\\\/kuali.com.mx\\\/web\\\/2025\\\/07\\\/04\\\/recorta-estado-100-mdp-a-san-jose-iturbide-alcalde\\\/\",\"name\":\"RECORTA ESTADO 100 MDP A SAN JOS\u00c9 ITURBIDE: ALCALDE - Kuali\",\"isPartOf\":{\"@id\":\"https:\\\/\\\/kuali.com.mx\\\/web\\\/#website\"},\"primaryImageOfPage\":{\"@id\":\"https:\\\/\\\/kuali.com.mx\\\/web\\\/2025\\\/07\\\/04\\\/recorta-estado-100-mdp-a-san-jose-iturbide-alcalde\\\/#primaryimage\"},\"image\":{\"@id\":\"https:\\\/\\\/kuali.com.mx\\\/web\\\/2025\\\/07\\\/04\\\/recorta-estado-100-mdp-a-san-jose-iturbide-alcalde\\\/#primaryimage\"},\"thumbnailUrl\":\"https:\\\/\\\/kuali.com.mx\\\/web\\\/wp-content\\\/uploads\\\/2025\\\/07\\\/Alcalde-de-San-Jose-de-Iturbide-Edgar-Manuel-Montes-de-la-Vega.jpeg\",\"datePublished\":\"2025-07-05T01:38:26+00:00\",\"dateModified\":\"2025-07-05T01:38:28+00:00\",\"author\":{\"@id\":\"https:\\\/\\\/kuali.com.mx\\\/web\\\/#\\\/schema\\\/person\\\/6f89ffa8ecba9dae50662357923c5289\"},\"breadcrumb\":{\"@id\":\"https:\\\/\\\/kuali.com.mx\\\/web\\\/2025\\\/07\\\/04\\\/recorta-estado-100-mdp-a-san-jose-iturbide-alcalde\\\/#breadcrumb\"},\"inLanguage\":\"es\",\"potentialAction\":[{\"@type\":\"ReadAction\",\"target\":[\"https:\\\/\\\/kuali.com.mx\\\/web\\\/2025\\\/07\\\/04\\\/recorta-estado-100-mdp-a-san-jose-iturbide-alcalde\\\/\"]}]},{\"@type\":\"ImageObject\",\"inLanguage\":\"es\",\"@id\":\"https:\\\/\\\/kuali.com.mx\\\/web\\\/2025\\\/07\\\/04\\\/recorta-estado-100-mdp-a-san-jose-iturbide-alcalde\\\/#primaryimage\",\"url\":\"https:\\\/\\\/kuali.com.mx\\\/web\\\/wp-content\\\/uploads\\\/2025\\\/07\\\/Alcalde-de-San-Jose-de-Iturbide-Edgar-Manuel-Montes-de-la-Vega.jpeg\",\"contentUrl\":\"https:\\\/\\\/kuali.com.mx\\\/web\\\/wp-content\\\/uploads\\\/2025\\\/07\\\/Alcalde-de-San-Jose-de-Iturbide-Edgar-Manuel-Montes-de-la-Vega.jpeg\",\"width\":1812,\"height\":750},{\"@type\":\"BreadcrumbList\",\"@id\":\"https:\\\/\\\/kuali.com.mx\\\/web\\\/2025\\\/07\\\/04\\\/recorta-estado-100-mdp-a-san-jose-iturbide-alcalde\\\/#breadcrumb\",\"itemListElement\":[{\"@type\":\"ListItem\",\"position\":1,\"name\":\"Inicio\",\"item\":\"https:\\\/\\\/kuali.com.mx\\\/web\\\/\"},{\"@type\":\"ListItem\",\"position\":2,\"name\":\"RECORTA ESTADO 100 MDP A SAN JOS\u00c9 ITURBIDE: ALCALDE\"}]},{\"@type\":\"WebSite\",\"@id\":\"https:\\\/\\\/kuali.com.mx\\\/web\\\/#website\",\"url\":\"https:\\\/\\\/kuali.com.mx\\\/web\\\/\",\"name\":\"Kuali\",\"description\":\"\",\"potentialAction\":[{\"@type\":\"SearchAction\",\"target\":{\"@type\":\"EntryPoint\",\"urlTemplate\":\"https:\\\/\\\/kuali.com.mx\\\/web\\\/?s={search_term_string}\"},\"query-input\":{\"@type\":\"PropertyValueSpecification\",\"valueRequired\":true,\"valueName\":\"search_term_string\"}}],\"inLanguage\":\"es\"},{\"@type\":\"Person\",\"@id\":\"https:\\\/\\\/kuali.com.mx\\\/web\\\/#\\\/schema\\\/person\\\/6f89ffa8ecba9dae50662357923c5289\",\"name\":\"Kuali Staff\",\"image\":{\"@type\":\"ImageObject\",\"inLanguage\":\"es\",\"@id\":\"https:\\\/\\\/secure.gravatar.com\\\/avatar\\\/f917ad82e5ab71227a733c78b6e60715476f69ee6be59feee4eb5d9920c89e0f?s=96&d=mm&r=g\",\"url\":\"https:\\\/\\\/secure.gravatar.com\\\/avatar\\\/f917ad82e5ab71227a733c78b6e60715476f69ee6be59feee4eb5d9920c89e0f?s=96&d=mm&r=g\",\"contentUrl\":\"https:\\\/\\\/secure.gravatar.com\\\/avatar\\\/f917ad82e5ab71227a733c78b6e60715476f69ee6be59feee4eb5d9920c89e0f?s=96&d=mm&r=g\",\"caption\":\"Kuali Staff\"},\"url\":\"https:\\\/\\\/kuali.com.mx\\\/web\\\/author\\\/lagarto\\\/\"}]}<\/script>\n<!-- \/ Yoast SEO plugin. -->","yoast_head_json":{"title":"RECORTA ESTADO 100 MDP A SAN JOS\u00c9 ITURBIDE: ALCALDE - Kuali","robots":{"index":"index","follow":"follow","max-snippet":"max-snippet:-1","max-image-preview":"max-image-preview:large","max-video-preview":"max-video-preview:-1"},"canonical":"https:\/\/kuali.com.mx\/web\/2025\/07\/04\/recorta-estado-100-mdp-a-san-jose-iturbide-alcalde\/","og_locale":"es_MX","og_type":"article","og_title":"RECORTA ESTADO 100 MDP A SAN JOS\u00c9 ITURBIDE: ALCALDE - Kuali","og_description":"Jeshael Rivera Villal\u00f3n\/San Jos\u00e9 de Iturbide, Gto. \u2013 El alcalde de San Jos\u00e9 de Iturbide, Edgar Manuel Montes de la Vega, denunci\u00f3 que el apoyo del gobierno estatal al municipio se est\u00e1 politizando y se ha convertido en un \u201cabuso\u201d, pues aparte de un recorte de cerca de 100 millones de pesos, actualmente empresarios le [&hellip;]","og_url":"https:\/\/kuali.com.mx\/web\/2025\/07\/04\/recorta-estado-100-mdp-a-san-jose-iturbide-alcalde\/","og_site_name":"Kuali","article_publisher":"https:\/\/kuali.com.mx\/web\/wp-content\/uploads\/2018\/04\/cropped-kuali_logo-1-1.png","article_published_time":"2025-07-05T01:38:26+00:00","article_modified_time":"2025-07-05T01:38:28+00:00","og_image":[{"width":1812,"height":750,"url":"https:\/\/kuali.com.mx\/web\/wp-content\/uploads\/2025\/07\/Alcalde-de-San-Jose-de-Iturbide-Edgar-Manuel-Montes-de-la-Vega.jpeg","type":"image\/jpeg"}],"author":"Kuali Staff","twitter_card":"summary_large_image","twitter_creator":"@kuali_noticias","twitter_site":"@kuali_noticias","twitter_misc":{"Escrito por":"Kuali Staff","Tiempo de lectura":"3 minutos"},"schema":{"@context":"https:\/\/schema.org","@graph":[{"@type":"Article","@id":"https:\/\/kuali.com.mx\/web\/2025\/07\/04\/recorta-estado-100-mdp-a-san-jose-iturbide-alcalde\/#article","isPartOf":{"@id":"https:\/\/kuali.com.mx\/web\/2025\/07\/04\/recorta-estado-100-mdp-a-san-jose-iturbide-alcalde\/"},"author":{"name":"Kuali Staff","@id":"https:\/\/kuali.com.mx\/web\/#\/schema\/person\/6f89ffa8ecba9dae50662357923c5289"},"headline":"RECORTA ESTADO 100 MDP A SAN JOS\u00c9 ITURBIDE: ALCALDE","datePublished":"2025-07-05T01:38:26+00:00","dateModified":"2025-07-05T01:38:28+00:00","mainEntityOfPage":{"@id":"https:\/\/kuali.com.mx\/web\/2025\/07\/04\/recorta-estado-100-mdp-a-san-jose-iturbide-alcalde\/"},"wordCount":510,"commentCount":0,"image":{"@id":"https:\/\/kuali.com.mx\/web\/2025\/07\/04\/recorta-estado-100-mdp-a-san-jose-iturbide-alcalde\/#primaryimage"},"thumbnailUrl":"https:\/\/kuali.com.mx\/web\/wp-content\/uploads\/2025\/07\/Alcalde-de-San-Jose-de-Iturbide-Edgar-Manuel-Montes-de-la-Vega.jpeg","articleSection":["Pol\u00edtica","slider"],"inLanguage":"es","potentialAction":[{"@type":"CommentAction","name":"Comment","target":["https:\/\/kuali.com.mx\/web\/2025\/07\/04\/recorta-estado-100-mdp-a-san-jose-iturbide-alcalde\/#respond"]}]},{"@type":"WebPage","@id":"https:\/\/kuali.com.mx\/web\/2025\/07\/04\/recorta-estado-100-mdp-a-san-jose-iturbide-alcalde\/","url":"https:\/\/kuali.com.mx\/web\/2025\/07\/04\/recorta-estado-100-mdp-a-san-jose-iturbide-alcalde\/","name":"RECORTA ESTADO 100 MDP A SAN JOS\u00c9 ITURBIDE: ALCALDE - Kuali","isPartOf":{"@id":"https:\/\/kuali.com.mx\/web\/#website"},"primaryImageOfPage":{"@id":"https:\/\/kuali.com.mx\/web\/2025\/07\/04\/recorta-estado-100-mdp-a-san-jose-iturbide-alcalde\/#primaryimage"},"image":{"@id":"https:\/\/kuali.com.mx\/web\/2025\/07\/04\/recorta-estado-100-mdp-a-san-jose-iturbide-alcalde\/#primaryimage"},"thumbnailUrl":"https:\/\/kuali.com.mx\/web\/wp-content\/uploads\/2025\/07\/Alcalde-de-San-Jose-de-Iturbide-Edgar-Manuel-Montes-de-la-Vega.jpeg","datePublished":"2025-07-05T01:38:26+00:00","dateModified":"2025-07-05T01:38:28+00:00","author":{"@id":"https:\/\/kuali.com.mx\/web\/#\/schema\/person\/6f89ffa8ecba9dae50662357923c5289"},"breadcrumb":{"@id":"https:\/\/kuali.com.mx\/web\/2025\/07\/04\/recorta-estado-100-mdp-a-san-jose-iturbide-alcalde\/#breadcrumb"},"inLanguage":"es","potentialAction":[{"@type":"ReadAction","target":["https:\/\/kuali.com.mx\/web\/2025\/07\/04\/recorta-estado-100-mdp-a-san-jose-iturbide-alcalde\/"]}]},{"@type":"ImageObject","inLanguage":"es","@id":"https:\/\/kuali.com.mx\/web\/2025\/07\/04\/recorta-estado-100-mdp-a-san-jose-iturbide-alcalde\/#primaryimage","url":"https:\/\/kuali.com.mx\/web\/wp-content\/uploads\/2025\/07\/Alcalde-de-San-Jose-de-Iturbide-Edgar-Manuel-Montes-de-la-Vega.jpeg","contentUrl":"https:\/\/kuali.com.mx\/web\/wp-content\/uploads\/2025\/07\/Alcalde-de-San-Jose-de-Iturbide-Edgar-Manuel-Montes-de-la-Vega.jpeg","width":1812,"height":750},{"@type":"BreadcrumbList","@id":"https:\/\/kuali.com.mx\/web\/2025\/07\/04\/recorta-estado-100-mdp-a-san-jose-iturbide-alcalde\/#breadcrumb","itemListElement":[{"@type":"ListItem","position":1,"name":"Inicio","item":"https:\/\/kuali.com.mx\/web\/"},{"@type":"ListItem","position":2,"name":"RECORTA ESTADO 100 MDP A SAN JOS\u00c9 ITURBIDE: ALCALDE"}]},{"@type":"WebSite","@id":"https:\/\/kuali.com.mx\/web\/#website","url":"https:\/\/kuali.com.mx\/web\/","name":"Kuali","description":"","potentialAction":[{"@type":"SearchAction","target":{"@type":"EntryPoint","urlTemplate":"https:\/\/kuali.com.mx\/web\/?s={search_term_string}"},"query-input":{"@type":"PropertyValueSpecification","valueRequired":true,"valueName":"search_term_string"}}],"inLanguage":"es"},{"@type":"Person","@id":"https:\/\/kuali.com.mx\/web\/#\/schema\/person\/6f89ffa8ecba9dae50662357923c5289","name":"Kuali Staff","image":{"@type":"ImageObject","inLanguage":"es","@id":"https:\/\/secure.gravatar.com\/avatar\/f917ad82e5ab71227a733c78b6e60715476f69ee6be59feee4eb5d9920c89e0f?s=96&d=mm&r=g","url":"https:\/\/secure.gravatar.com\/avatar\/f917ad82e5ab71227a733c78b6e60715476f69ee6be59feee4eb5d9920c89e0f?s=96&d=mm&r=g","contentUrl":"https:\/\/secure.gravatar.com\/avatar\/f917ad82e5ab71227a733c78b6e60715476f69ee6be59feee4eb5d9920c89e0f?s=96&d=mm&r=g","caption":"Kuali Staff"},"url":"https:\/\/kuali.com.mx\/web\/author\/lagarto\/"}]}},"_links":{"self":[{"href":"https:\/\/kuali.com.mx\/web\/wp-json\/wp\/v2\/posts\/179575","targetHints":{"allow":["GET"]}}],"collection":[{"href":"https:\/\/kuali.com.mx\/web\/wp-json\/wp\/v2\/posts"}],"about":[{"href":"https:\/\/kuali.com.mx\/web\/wp-json\/wp\/v2\/types\/post"}],"author":[{"embeddable":true,"href":"https:\/\/kuali.com.mx\/web\/wp-json\/wp\/v2\/users\/2"}],"replies":[{"embeddable":true,"href":"https:\/\/kuali.com.mx\/web\/wp-json\/wp\/v2\/comments?post=179575"}],"version-history":[{"count":1,"href":"https:\/\/kuali.com.mx\/web\/wp-json\/wp\/v2\/posts\/179575\/revisions"}],"predecessor-version":[{"id":179579,"href":"https:\/\/kuali.com.mx\/web\/wp-json\/wp\/v2\/posts\/179575\/revisions\/179579"}],"wp:featuredmedia":[{"embeddable":true,"href":"https:\/\/kuali.com.mx\/web\/wp-json\/wp\/v2\/media\/179578"}],"wp:attachment":[{"href":"https:\/\/kuali.com.mx\/web\/wp-json\/wp\/v2\/media?parent=179575"}],"wp:term":[{"taxonomy":"category","embeddable":true,"href":"https:\/\/kuali.com.mx\/web\/wp-json\/wp\/v2\/categories?post=179575"},{"taxonomy":"post_tag","embeddable":true,"href":"https:\/\/kuali.com.mx\/web\/wp-json\/wp\/v2\/tags?post=179575"}],"curies":[{"name":"wp","href":"https:\/\/api.w.org\/{rel}","templated":true}]}}